{"id":85355,"date":"2016-02-29T09:52:05","date_gmt":"2016-02-29T08:52:05","guid":{"rendered":"http:\/\/www.cinevox.be\/?p=85355"},"modified":"2016-02-29T09:52:15","modified_gmt":"2016-02-29T08:52:15","slug":"koen-de-bouw-dans-the-last-tycoon-de-amazon-studios","status":"publish","type":"post","link":"https:\/\/welovecinema.be\/fr\/koen-de-bouw-dans-the-last-tycoon-de-amazon-studios\/","title":{"rendered":"Koen De Bouw dans The Last Tycoon de Amazon Studios"},"content":{"rendered":"<p>L\u2019excellent acteur belge <strong>Koen De Bouw<\/strong> (<em>La m\u00e9moire du tueur, Indinger, Loft, Le verdict<\/em>) est actuellement \u00e0 Hollywood pour le tournage de l\u2019\u00e9pisode pilote de <em>The Last Tycoon<\/em> pour, entre autres, Sony Pictures Television et Amazon Studios.<\/p>\n<p>Inspir\u00e9e du dernier roman inachev\u00e9 de F. Scott Fitzgerald, l\u2019intrigue se situe dans le Hollywood des ann\u00e9es 30 et retrace l\u2019ascension fulgurante du producteur de cin\u00e9ma Irving Thalberg. Billy Ray r\u00e9alise le pilote de ce qui devrait devenir une s\u00e9rie en 10 \u00e9pisodes que Amazon.com proposera en exclusivit\u00e9 via ses services de streaming.<!--more--><\/p>\n<p>&nbsp;<\/p>\n<p><a href=\"http:\/\/www.cinevox.be\/wp-content\/uploads\/sites\/2\/2016\/02\/KDB-4.jpg\"><img loading=\"lazy\" decoding=\"async\" class=\"aligncenter size-full wp-image-85356\" src=\"http:\/\/www.cinevox.be\/wp-content\/uploads\/sites\/2\/2016\/02\/KDB-4.jpg\" alt=\"\" width=\"728\" height=\"410\" srcset=\"https:\/\/welovecinema.be\/wp-content\/uploads\/sites\/2\/2016\/02\/KDB-4.jpg 728w, https:\/\/welovecinema.be\/wp-content\/uploads\/sites\/2\/2016\/02\/KDB-4-200x113.jpg 200w, https:\/\/welovecinema.be\/wp-content\/uploads\/sites\/2\/2016\/02\/KDB-4-480x270.jpg 480w, https:\/\/welovecinema.be\/wp-content\/uploads\/sites\/2\/2016\/02\/KDB-4-300x169.jpg 300w, https:\/\/welovecinema.be\/wp-content\/uploads\/sites\/2\/2016\/02\/KDB-4-620x350.jpg 620w\" sizes=\"auto, (max-width: 728px) 100vw, 728px\" \/><\/a><\/p>\n<p>&nbsp;<\/p>\n<p><em>The Last Tycoon<\/em> est une plong\u00e9e dans la violence, le sexe et les ambitions d\u00e9mesur\u00e9es des premi\u00e8res ann\u00e9es de Hollywood. Matt Bomer (<em>White Collar, Magic Mike, American Horror Story: Hotel<\/em>) se glisse dans la peau de l\u2019ambitieux Monroe Stahr (Thalberg), un homme aux origines modestes qui va gravir les \u00e9chelons pour devenir dans les ann\u00e9es 30 l\u2019un des plus influents nababs que Hollywood ait jamais connus. Il y est parvenu en grande partie aux d\u00e9pends de son mentor et patron de studio, le charmant mais vaniteux Pat Brady (Louis B. Mayer dans la r\u00e9alit\u00e9).<\/p>\n<p>&nbsp;<\/p>\n<p>Aux c\u00f4t\u00e9s de Bomer, on retrouvera Kelsey Grammer (<em>Frasier, Boss<\/em>) dans le r\u00f4le de Brady, Lily Collins (<em>The Blind Side<\/em>) et Rosemarie DeWitt (<em>La La Land, Mad Men, Poltergeist<\/em>). De Bouw interpr\u00e8te le r\u00f4le de Tomas Szep, le fid\u00e8le chef de la s\u00e9curit\u00e9 de Brady.<\/p>\n<p>&nbsp;<\/p>\n<p><a href=\"http:\/\/www.cinevox.be\/wp-content\/uploads\/sites\/2\/2016\/02\/KDB-3.jpg\"><img loading=\"lazy\" decoding=\"async\" class=\"aligncenter size-large wp-image-85357\" src=\"http:\/\/www.cinevox.be\/wp-content\/uploads\/sites\/2\/2016\/02\/KDB-3-800x529.jpg\" alt=\"\" width=\"640\" height=\"423\" srcset=\"https:\/\/welovecinema.be\/wp-content\/uploads\/sites\/2\/2016\/02\/KDB-3-800x529.jpg 800w, https:\/\/welovecinema.be\/wp-content\/uploads\/sites\/2\/2016\/02\/KDB-3-407x270.jpg 407w, https:\/\/welovecinema.be\/wp-content\/uploads\/sites\/2\/2016\/02\/KDB-3.jpg 1000w\" sizes=\"auto, (max-width: 640px) 100vw, 640px\" \/><\/a><\/p>\n<p>&nbsp;<\/p>\n<p>Sharon Bialy et Gohar Gazazyan ont assembl\u00e9 le casting de The Last Tycoon comme ils l\u2019ont d\u00e9j\u00e0 fait notamment pour <em>The Walking Dead<\/em>. Kris Vinck de Vinck &amp; Partners s\u2019est occup\u00e9 des n\u00e9gociations pour De Bouw.<\/p>\n<p>&nbsp;<\/p>\n<p>En plus de la r\u00e9alisation du pilote, Billy Ray est \u00e9galement producteur ex\u00e9cutif de la s\u00e9rie tout comme le showrunner Chris Keyser qui a d\u00e9velopp\u00e9 Party of Five, ainsi que Perri Kipperman, Josh Maurer, David Stern et Alix Witlin. Ray a r\u00e9alis\u00e9 r\u00e9cemment un remake du thriller oscaris\u00e9 <em>El secreto de sus ojos,<\/em> et cosc\u00e9naris\u00e9 <em>The Hunger Games<\/em> (2012). Il a \u00e9galement particip\u00e9 au sc\u00e9nario de <em>The Last Tycoon.<\/em><\/p>\n<p>&nbsp;<\/p>\n<p><a href=\"http:\/\/www.cinevox.be\/wp-content\/uploads\/sites\/2\/2016\/02\/KDB-2.jpg\"><img loading=\"lazy\" decoding=\"async\" class=\"aligncenter size-large wp-image-85358\" src=\"http:\/\/www.cinevox.be\/wp-content\/uploads\/sites\/2\/2016\/02\/KDB-2-800x533.jpg\" alt=\"\" width=\"640\" height=\"426\" srcset=\"https:\/\/welovecinema.be\/wp-content\/uploads\/sites\/2\/2016\/02\/KDB-2-800x533.jpg 800w, https:\/\/welovecinema.be\/wp-content\/uploads\/sites\/2\/2016\/02\/KDB-2-404x270.jpg 404w, https:\/\/welovecinema.be\/wp-content\/uploads\/sites\/2\/2016\/02\/KDB-2.jpg 1600w\" sizes=\"auto, (max-width: 640px) 100vw, 640px\" \/><\/a><\/p>\n<p>&nbsp;<\/p>\n<p><em>The Last Tycoon<\/em> est une production de Amazon Studios, City Entertainment, KippSter Entertainment et Sony Pictures Television. L\u2019id\u00e9e est que la s\u00e9rie soit diffus\u00e9e aux Etats-Unis en exclusivit\u00e9 via le canal de streaming de Amazon, Amazon Prime, qui a pr\u00e9sent\u00e9 r\u00e9cemment les s\u00e9ries <em>Bosch<\/em>, <em>Mozart in the Jungle, Transparent <\/em>et <em>Mad Dogs.<\/em> Amazon, qui s\u2019attaque avec Amazon Prime aux autres services de streaming tels que Netflix, Hulu ou HBO Now, a de nombreux autre projets de films et de s\u00e9ries avec des cin\u00e9astes tels que Woody Allen, Spike Lee ou Nicolas Winding Refn.<\/p>\n<p>&nbsp;<\/p>\n<p>Le roman inachev\u00e9 de F. Scott Fitzgerald a d\u00e9j\u00e0 \u00e9t\u00e9 port\u00e9 \u00e0 l\u2019\u00e9cran en 1976 par Harold Pinter avec Elia Kazan \u00e0 la mise en sc\u00e8ne de <em>The Last Tycoon<\/em>. Robert De Niro et Robert Mitchum y interpr\u00e9taient les r\u00f4les principaux de Stahr et Brady.<\/p>\n<p>&nbsp;<\/p>\n<p><a href=\"http:\/\/www.cinevox.be\/wp-content\/uploads\/sites\/2\/2016\/02\/KDB-5.jpg\"><img loading=\"lazy\" decoding=\"async\" class=\"aligncenter size-full wp-image-85359\" src=\"http:\/\/www.cinevox.be\/wp-content\/uploads\/sites\/2\/2016\/02\/KDB-5.jpg\" alt=\"\" width=\"674\" height=\"449\" srcset=\"https:\/\/welovecinema.be\/wp-content\/uploads\/sites\/2\/2016\/02\/KDB-5.jpg 674w, https:\/\/welovecinema.be\/wp-content\/uploads\/sites\/2\/2016\/02\/KDB-5-405x270.jpg 405w\" sizes=\"auto, (max-width: 674px) 100vw, 674px\" \/><\/a><\/p>\n<p>&nbsp;<\/p>\n<p>Apr\u00e8s le tournage de <em>The Last Tycoon,<\/em> Koen De Bouw est attendu en Belgique d\u00e9but mars pour le r\u00f4le principal dans le nouveau film de Erik Van Looy, <em>De premier<\/em>. Plus tard dans l\u2019ann\u00e9e, il reprendra son r\u00f4le de Eric Vincke dans <em>Het tweede gelaat<\/em>, la suite de La m\u00e9moire du tueur (<em>De zaak Alzheimer<\/em>) et <em>Dossier K.,<\/em> r\u00e9alis\u00e9e par Jan Verheyen. On peut encore voir De Bouw actuellement au cin\u00e9ma dans <em>Broer,<\/em> le dernier film de Geoffrey Enthoven.<\/p>\n<p>&nbsp;<\/p>\n<p>&nbsp;<\/p>\n<p>Les photos de Koen De Bouw sont tir\u00e9es de haut en bas de <em>Het Vonnis\/Le verdict, De Indringer, La m\u00e9moire du tueur,Brasserie Romantiek<\/em> et <em>Loft<\/em><\/p>\n","protected":false},"excerpt":{"rendered":"<p>L\u2019excellent acteur belge Koen De Bouw (La m\u00e9moire du tueur, Indinger, Loft, Le verdict) est actuellement \u00e0 Hollywood pour le tournage de l\u2019\u00e9pisode pilote de The Last Tycoon pour, entre autres, Sony Pictures Television et Amazon Studios. Inspir\u00e9e du dernier roman inachev\u00e9 de F. Scott Fitzgerald, l\u2019intrigue se situe dans le Hollywood des ann\u00e9es 30 &hellip;<\/p>\n","protected":false},"author":7,"featured_media":85361,"comment_status":"closed","ping_status":"closed","sticky":false,"template":"","format":"standard","meta":{"ngg_post_thumbnail":0,"footnotes":""},"categories":[53,11],"tags":[],"class_list":["post-85355","post","type-post","status-publish","format-standard","has-post-thumbnail","","category-coming-soon","category-tournages"],"yoast_head":"<!-- This site is optimized with the Yoast SEO plugin v20.4 - https:\/\/yoast.com\/wordpress\/plugins\/seo\/ -->\n<title>Koen De Bouw dans The Last Tycoon de Amazon Studios - We Love Cinema<\/title>\n<meta name=\"robots\" content=\"index, follow, max-snippet:-1, max-image-preview:large, max-video-preview:-1\" \/>\n<link rel=\"canonical\" href=\"https:\/\/welovecinema.be\/fr\/koen-de-bouw-dans-the-last-tycoon-de-amazon-studios\/\" \/>\n<meta property=\"og:locale\" content=\"fr_FR\" \/>\n<meta property=\"og:type\" content=\"article\" \/>\n<meta property=\"og:title\" content=\"Koen De Bouw dans The Last Tycoon de Amazon Studios - We Love Cinema\" \/>\n<meta property=\"og:description\" content=\"L\u2019excellent acteur belge Koen De Bouw (La m\u00e9moire du tueur, Indinger, Loft, Le verdict) est actuellement \u00e0 Hollywood pour le tournage de l\u2019\u00e9pisode pilote de The Last Tycoon pour, entre autres, Sony Pictures Television et Amazon Studios. Inspir\u00e9e du dernier roman inachev\u00e9 de F. Scott Fitzgerald, l\u2019intrigue se situe dans le Hollywood des ann\u00e9es 30 &hellip;\" \/>\n<meta property=\"og:url\" content=\"https:\/\/welovecinema.be\/fr\/koen-de-bouw-dans-the-last-tycoon-de-amazon-studios\/\" \/>\n<meta property=\"og:site_name\" content=\"We Love Cinema\" \/>\n<meta property=\"article:publisher\" content=\"https:\/\/www.facebook.com\/welovecinema.be\" \/>\n<meta property=\"article:published_time\" content=\"2016-02-29T08:52:05+00:00\" \/>\n<meta property=\"article:modified_time\" content=\"2016-02-29T08:52:15+00:00\" \/>\n<meta property=\"og:image\" content=\"https:\/\/welovecinema.be\/wp-content\/uploads\/sites\/2\/2016\/02\/KDB.jpg\" \/>\n\t<meta property=\"og:image:width\" content=\"660\" \/>\n\t<meta property=\"og:image:height\" content=\"380\" \/>\n\t<meta property=\"og:image:type\" content=\"image\/jpeg\" \/>\n<meta name=\"author\" content=\"Philippe.Pierquin\" \/>\n<meta name=\"twitter:card\" content=\"summary_large_image\" \/>\n<meta name=\"twitter:label1\" content=\"\u00c9crit par\" \/>\n\t<meta name=\"twitter:data1\" content=\"Philippe.Pierquin\" \/>\n\t<meta name=\"twitter:label2\" content=\"Dur\u00e9e de lecture estim\u00e9e\" \/>\n\t<meta name=\"twitter:data2\" content=\"3 minutes\" \/>\n<script type=\"application\/ld+json\" class=\"yoast-schema-graph\">{\"@context\":\"https:\/\/schema.org\",\"@graph\":[{\"@type\":\"Article\",\"@id\":\"https:\/\/welovecinema.be\/fr\/koen-de-bouw-dans-the-last-tycoon-de-amazon-studios\/#article\",\"isPartOf\":{\"@id\":\"https:\/\/welovecinema.be\/fr\/koen-de-bouw-dans-the-last-tycoon-de-amazon-studios\/\"},\"author\":{\"name\":\"Philippe.Pierquin\",\"@id\":\"https:\/\/welovecinema.be\/nl\/#\/schema\/person\/4b9b1d857f0943453a38a7c2859ef756\"},\"headline\":\"Koen De Bouw dans The Last Tycoon de Amazon Studios\",\"datePublished\":\"2016-02-29T08:52:05+00:00\",\"dateModified\":\"2016-02-29T08:52:15+00:00\",\"mainEntityOfPage\":{\"@id\":\"https:\/\/welovecinema.be\/fr\/koen-de-bouw-dans-the-last-tycoon-de-amazon-studios\/\"},\"wordCount\":660,\"publisher\":{\"@id\":\"https:\/\/welovecinema.be\/nl\/#organization\"},\"articleSection\":[\"Coming soon\",\"Tournages\"],\"inLanguage\":\"fr-FR\"},{\"@type\":\"WebPage\",\"@id\":\"https:\/\/welovecinema.be\/fr\/koen-de-bouw-dans-the-last-tycoon-de-amazon-studios\/\",\"url\":\"https:\/\/welovecinema.be\/fr\/koen-de-bouw-dans-the-last-tycoon-de-amazon-studios\/\",\"name\":\"Koen De Bouw dans The Last Tycoon de Amazon Studios - We Love Cinema\",\"isPartOf\":{\"@id\":\"https:\/\/welovecinema.be\/nl\/#website\"},\"datePublished\":\"2016-02-29T08:52:05+00:00\",\"dateModified\":\"2016-02-29T08:52:15+00:00\",\"breadcrumb\":{\"@id\":\"https:\/\/welovecinema.be\/fr\/koen-de-bouw-dans-the-last-tycoon-de-amazon-studios\/#breadcrumb\"},\"inLanguage\":\"fr-FR\",\"potentialAction\":[{\"@type\":\"ReadAction\",\"target\":[\"https:\/\/welovecinema.be\/fr\/koen-de-bouw-dans-the-last-tycoon-de-amazon-studios\/\"]}]},{\"@type\":\"BreadcrumbList\",\"@id\":\"https:\/\/welovecinema.be\/fr\/koen-de-bouw-dans-the-last-tycoon-de-amazon-studios\/#breadcrumb\",\"itemListElement\":[{\"@type\":\"ListItem\",\"position\":1,\"name\":\"Accueil\",\"item\":\"https:\/\/welovecinema.be\/fr\/\"},{\"@type\":\"ListItem\",\"position\":2,\"name\":\"Koen De Bouw dans The Last Tycoon de Amazon Studios\"}]},{\"@type\":\"WebSite\",\"@id\":\"https:\/\/welovecinema.be\/nl\/#website\",\"url\":\"https:\/\/welovecinema.be\/nl\/\",\"name\":\"We Love Cinema\",\"description\":\"Toute l\u2019information du cin\u00e9ma en Belgique\",\"publisher\":{\"@id\":\"https:\/\/welovecinema.be\/nl\/#organization\"},\"potentialAction\":[{\"@type\":\"SearchAction\",\"target\":{\"@type\":\"EntryPoint\",\"urlTemplate\":\"https:\/\/welovecinema.be\/nl\/?s={search_term_string}\"},\"query-input\":\"required name=search_term_string\"}],\"inLanguage\":\"fr-FR\"},{\"@type\":\"Organization\",\"@id\":\"https:\/\/welovecinema.be\/nl\/#organization\",\"name\":\"We Love Cinema\",\"url\":\"https:\/\/welovecinema.be\/nl\/\",\"logo\":{\"@type\":\"ImageObject\",\"inLanguage\":\"fr-FR\",\"@id\":\"https:\/\/welovecinema.be\/nl\/#\/schema\/logo\/image\/\",\"url\":\"https:\/\/welovecinema.be\/wp-content\/uploads\/sites\/2\/2023\/03\/Logo-We-Love-Cinema305x128.jpg\",\"contentUrl\":\"https:\/\/welovecinema.be\/wp-content\/uploads\/sites\/2\/2023\/03\/Logo-We-Love-Cinema305x128.jpg\",\"width\":305,\"height\":128,\"caption\":\"We Love Cinema\"},\"image\":{\"@id\":\"https:\/\/welovecinema.be\/nl\/#\/schema\/logo\/image\/\"},\"sameAs\":[\"https:\/\/www.facebook.com\/welovecinema.be\",\"https:\/\/www.youtube.com\/channel\/UCX5LYGVhnKvYauW4Nta4HJA\",\"https:\/\/www.instagram.com\/welovecinema.be\/\"]},{\"@type\":\"Person\",\"@id\":\"https:\/\/welovecinema.be\/nl\/#\/schema\/person\/4b9b1d857f0943453a38a7c2859ef756\",\"name\":\"Philippe.Pierquin\",\"url\":\"https:\/\/welovecinema.be\/fr\/author\/philippe-pierquin\/\"}]}<\/script>\n<!-- \/ Yoast SEO plugin. -->","yoast_head_json":{"title":"Koen De Bouw dans The Last Tycoon de Amazon Studios - We Love Cinema","robots":{"index":"index","follow":"follow","max-snippet":"max-snippet:-1","max-image-preview":"max-image-preview:large","max-video-preview":"max-video-preview:-1"},"canonical":"https:\/\/welovecinema.be\/fr\/koen-de-bouw-dans-the-last-tycoon-de-amazon-studios\/","og_locale":"fr_FR","og_type":"article","og_title":"Koen De Bouw dans The Last Tycoon de Amazon Studios - We Love Cinema","og_description":"L\u2019excellent acteur belge Koen De Bouw (La m\u00e9moire du tueur, Indinger, Loft, Le verdict) est actuellement \u00e0 Hollywood pour le tournage de l\u2019\u00e9pisode pilote de The Last Tycoon pour, entre autres, Sony Pictures Television et Amazon Studios. Inspir\u00e9e du dernier roman inachev\u00e9 de F. Scott Fitzgerald, l\u2019intrigue se situe dans le Hollywood des ann\u00e9es 30 &hellip;","og_url":"https:\/\/welovecinema.be\/fr\/koen-de-bouw-dans-the-last-tycoon-de-amazon-studios\/","og_site_name":"We Love Cinema","article_publisher":"https:\/\/www.facebook.com\/welovecinema.be","article_published_time":"2016-02-29T08:52:05+00:00","article_modified_time":"2016-02-29T08:52:15+00:00","og_image":[{"width":660,"height":380,"url":"https:\/\/welovecinema.be\/wp-content\/uploads\/sites\/2\/2016\/02\/KDB.jpg","type":"image\/jpeg"}],"author":"Philippe.Pierquin","twitter_card":"summary_large_image","twitter_misc":{"\u00c9crit par":"Philippe.Pierquin","Dur\u00e9e de lecture estim\u00e9e":"3 minutes"},"schema":{"@context":"https:\/\/schema.org","@graph":[{"@type":"Article","@id":"https:\/\/welovecinema.be\/fr\/koen-de-bouw-dans-the-last-tycoon-de-amazon-studios\/#article","isPartOf":{"@id":"https:\/\/welovecinema.be\/fr\/koen-de-bouw-dans-the-last-tycoon-de-amazon-studios\/"},"author":{"name":"Philippe.Pierquin","@id":"https:\/\/welovecinema.be\/nl\/#\/schema\/person\/4b9b1d857f0943453a38a7c2859ef756"},"headline":"Koen De Bouw dans The Last Tycoon de Amazon Studios","datePublished":"2016-02-29T08:52:05+00:00","dateModified":"2016-02-29T08:52:15+00:00","mainEntityOfPage":{"@id":"https:\/\/welovecinema.be\/fr\/koen-de-bouw-dans-the-last-tycoon-de-amazon-studios\/"},"wordCount":660,"publisher":{"@id":"https:\/\/welovecinema.be\/nl\/#organization"},"articleSection":["Coming soon","Tournages"],"inLanguage":"fr-FR"},{"@type":"WebPage","@id":"https:\/\/welovecinema.be\/fr\/koen-de-bouw-dans-the-last-tycoon-de-amazon-studios\/","url":"https:\/\/welovecinema.be\/fr\/koen-de-bouw-dans-the-last-tycoon-de-amazon-studios\/","name":"Koen De Bouw dans The Last Tycoon de Amazon Studios - We Love Cinema","isPartOf":{"@id":"https:\/\/welovecinema.be\/nl\/#website"},"datePublished":"2016-02-29T08:52:05+00:00","dateModified":"2016-02-29T08:52:15+00:00","breadcrumb":{"@id":"https:\/\/welovecinema.be\/fr\/koen-de-bouw-dans-the-last-tycoon-de-amazon-studios\/#breadcrumb"},"inLanguage":"fr-FR","potentialAction":[{"@type":"ReadAction","target":["https:\/\/welovecinema.be\/fr\/koen-de-bouw-dans-the-last-tycoon-de-amazon-studios\/"]}]},{"@type":"BreadcrumbList","@id":"https:\/\/welovecinema.be\/fr\/koen-de-bouw-dans-the-last-tycoon-de-amazon-studios\/#breadcrumb","itemListElement":[{"@type":"ListItem","position":1,"name":"Accueil","item":"https:\/\/welovecinema.be\/fr\/"},{"@type":"ListItem","position":2,"name":"Koen De Bouw dans The Last Tycoon de Amazon Studios"}]},{"@type":"WebSite","@id":"https:\/\/welovecinema.be\/nl\/#website","url":"https:\/\/welovecinema.be\/nl\/","name":"We Love Cinema","description":"Toute l\u2019information du cin\u00e9ma en Belgique","publisher":{"@id":"https:\/\/welovecinema.be\/nl\/#organization"},"potentialAction":[{"@type":"SearchAction","target":{"@type":"EntryPoint","urlTemplate":"https:\/\/welovecinema.be\/nl\/?s={search_term_string}"},"query-input":"required name=search_term_string"}],"inLanguage":"fr-FR"},{"@type":"Organization","@id":"https:\/\/welovecinema.be\/nl\/#organization","name":"We Love Cinema","url":"https:\/\/welovecinema.be\/nl\/","logo":{"@type":"ImageObject","inLanguage":"fr-FR","@id":"https:\/\/welovecinema.be\/nl\/#\/schema\/logo\/image\/","url":"https:\/\/welovecinema.be\/wp-content\/uploads\/sites\/2\/2023\/03\/Logo-We-Love-Cinema305x128.jpg","contentUrl":"https:\/\/welovecinema.be\/wp-content\/uploads\/sites\/2\/2023\/03\/Logo-We-Love-Cinema305x128.jpg","width":305,"height":128,"caption":"We Love Cinema"},"image":{"@id":"https:\/\/welovecinema.be\/nl\/#\/schema\/logo\/image\/"},"sameAs":["https:\/\/www.facebook.com\/welovecinema.be","https:\/\/www.youtube.com\/channel\/UCX5LYGVhnKvYauW4Nta4HJA","https:\/\/www.instagram.com\/welovecinema.be\/"]},{"@type":"Person","@id":"https:\/\/welovecinema.be\/nl\/#\/schema\/person\/4b9b1d857f0943453a38a7c2859ef756","name":"Philippe.Pierquin","url":"https:\/\/welovecinema.be\/fr\/author\/philippe-pierquin\/"}]}},"_links":{"self":[{"href":"https:\/\/welovecinema.be\/fr\/wp-json\/wp\/v2\/posts\/85355","targetHints":{"allow":["GET"]}}],"collection":[{"href":"https:\/\/welovecinema.be\/fr\/wp-json\/wp\/v2\/posts"}],"about":[{"href":"https:\/\/welovecinema.be\/fr\/wp-json\/wp\/v2\/types\/post"}],"author":[{"embeddable":true,"href":"https:\/\/welovecinema.be\/fr\/wp-json\/wp\/v2\/users\/7"}],"replies":[{"embeddable":true,"href":"https:\/\/welovecinema.be\/fr\/wp-json\/wp\/v2\/comments?post=85355"}],"version-history":[{"count":0,"href":"https:\/\/welovecinema.be\/fr\/wp-json\/wp\/v2\/posts\/85355\/revisions"}],"wp:featuredmedia":[{"embeddable":true,"href":"https:\/\/welovecinema.be\/fr\/wp-json\/wp\/v2\/media\/85361"}],"wp:attachment":[{"href":"https:\/\/welovecinema.be\/fr\/wp-json\/wp\/v2\/media?parent=85355"}],"wp:term":[{"taxonomy":"category","embeddable":true,"href":"https:\/\/welovecinema.be\/fr\/wp-json\/wp\/v2\/categories?post=85355"},{"taxonomy":"post_tag","embeddable":true,"href":"https:\/\/welovecinema.be\/fr\/wp-json\/wp\/v2\/tags?post=85355"}],"curies":[{"name":"wp","href":"https:\/\/api.w.org\/{rel}","templated":true}]}}