{"id":85305,"date":"2016-02-25T17:35:55","date_gmt":"2016-02-25T16:35:55","guid":{"rendered":"http:\/\/www.cinevox.be\/?p=85305"},"modified":"2016-02-25T17:38:54","modified_gmt":"2016-02-25T16:38:54","slug":"signature-dun-accord-de-coproduction-cinematographique-avec-les-pays-bas","status":"publish","type":"post","link":"https:\/\/welovecinema.be\/fr\/signature-dun-accord-de-coproduction-cinematographique-avec-les-pays-bas\/","title":{"rendered":"La F\u00e9d\u00e9ration Wallonie-Bruxelles conclut un accord de coproduction cin\u00e9matographique avec les Pays-Bas"},"content":{"rendered":"<p>Jo\u00eblle MILQUET, Vice-Pr\u00e9sidente du Gouvernement de la F\u00e9d\u00e9ration Wallonie-Bruxelles et Ministre de la Culture, et Dr. Jet BUSSEMAKER, Ministre de la Culture des Pays-Bas, ont sign\u00e9 ce jour un accord de coproduction cin\u00e9matographique.<\/p>\n<p>Compte tenu des multiples marques d\u2019int\u00e9r\u00eat pos\u00e9es par les professionnels en vue d\u2019une coop\u00e9ration accrue entre la F\u00e9d\u00e9ration et les Pays-Bas, la signature de cet accord de coproduction s\u2019impose comme une opportunit\u00e9 essentielle pour les deux parties.<\/p>\n<p>La F\u00e9d\u00e9ration Wallonie-Bruxelles a conclu des accords avec la plupart des pays europ\u00e9ens via la Convention europ\u00e9enne de coproduction (Trait\u00e9 147 du Conseil de l\u2019Europe) et des accords bilat\u00e9raux sp\u00e9cifiques avec les pays consid\u00e9r\u00e9s comme prioritaires en la mati\u00e8re, comme la France ou la Suisse. La volont\u00e9 de d\u00e9velopper la diversit\u00e9 culturelle a pouss\u00e9 la F\u00e9d\u00e9ration \u00e0 rechercher de nouveaux pays partenaires en la mati\u00e8re.<br \/>\nD\u2019autres accords de coproduction sont ainsi actuellement en n\u00e9gociation avec le Chili, le Mexique, le Br\u00e9sil et l\u2019Uruguay.<\/p>\n","protected":false},"excerpt":{"rendered":"<p>Jo\u00eblle MILQUET, Vice-Pr\u00e9sidente du Gouvernement de la F\u00e9d\u00e9ration Wallonie-Bruxelles et Ministre de la Culture, et Dr. Jet BUSSEMAKER, Ministre de la Culture des Pays-Bas, ont sign\u00e9 ce jour un accord de coproduction cin\u00e9matographique. Compte tenu des multiples marques d\u2019int\u00e9r\u00eat pos\u00e9es par les professionnels en vue d\u2019une coop\u00e9ration accrue entre la F\u00e9d\u00e9ration et les Pays-Bas, la &hellip;<\/p>\n","protected":false},"author":7,"featured_media":85307,"comment_status":"closed","ping_status":"closed","sticky":false,"template":"","format":"standard","meta":{"ngg_post_thumbnail":0,"footnotes":""},"categories":[1923],"tags":[],"class_list":["post-85305","post","type-post","status-publish","format-standard","has-post-thumbnail","","category-en-bref"],"yoast_head":"<!-- This site is optimized with the Yoast SEO plugin v20.4 - https:\/\/yoast.com\/wordpress\/plugins\/seo\/ -->\n<title>La F\u00e9d\u00e9ration Wallonie-Bruxelles conclut un accord de coproduction cin\u00e9matographique avec les Pays-Bas - We Love Cinema<\/title>\n<meta name=\"robots\" content=\"index, follow, max-snippet:-1, max-image-preview:large, max-video-preview:-1\" \/>\n<link rel=\"canonical\" href=\"https:\/\/welovecinema.be\/fr\/signature-dun-accord-de-coproduction-cinematographique-avec-les-pays-bas\/\" \/>\n<meta property=\"og:locale\" content=\"fr_FR\" \/>\n<meta property=\"og:type\" content=\"article\" \/>\n<meta property=\"og:title\" content=\"La F\u00e9d\u00e9ration Wallonie-Bruxelles conclut un accord de coproduction cin\u00e9matographique avec les Pays-Bas - We Love Cinema\" \/>\n<meta property=\"og:description\" content=\"Jo\u00eblle MILQUET, Vice-Pr\u00e9sidente du Gouvernement de la F\u00e9d\u00e9ration Wallonie-Bruxelles et Ministre de la Culture, et Dr. Jet BUSSEMAKER, Ministre de la Culture des Pays-Bas, ont sign\u00e9 ce jour un accord de coproduction cin\u00e9matographique. Compte tenu des multiples marques d\u2019int\u00e9r\u00eat pos\u00e9es par les professionnels en vue d\u2019une coop\u00e9ration accrue entre la F\u00e9d\u00e9ration et les Pays-Bas, la &hellip;\" \/>\n<meta property=\"og:url\" content=\"https:\/\/welovecinema.be\/fr\/signature-dun-accord-de-coproduction-cinematographique-avec-les-pays-bas\/\" \/>\n<meta property=\"og:site_name\" content=\"We Love Cinema\" \/>\n<meta property=\"article:publisher\" content=\"https:\/\/www.facebook.com\/welovecinema.be\" \/>\n<meta property=\"article:published_time\" content=\"2016-02-25T16:35:55+00:00\" \/>\n<meta property=\"article:modified_time\" content=\"2016-02-25T16:38:54+00:00\" \/>\n<meta property=\"og:image\" content=\"https:\/\/welovecinema.be\/wp-content\/uploads\/sites\/2\/2016\/02\/e0cb20a4-92c3-41aa-85a6-564754cb006a.jpg\" \/>\n\t<meta property=\"og:image:width\" content=\"2418\" \/>\n\t<meta property=\"og:image:height\" content=\"1722\" \/>\n\t<meta property=\"og:image:type\" content=\"image\/jpeg\" \/>\n<meta name=\"author\" content=\"Philippe.Pierquin\" \/>\n<meta name=\"twitter:card\" content=\"summary_large_image\" \/>\n<meta name=\"twitter:label1\" content=\"\u00c9crit par\" \/>\n\t<meta name=\"twitter:data1\" content=\"Philippe.Pierquin\" \/>\n\t<meta name=\"twitter:label2\" content=\"Dur\u00e9e de lecture estim\u00e9e\" \/>\n\t<meta name=\"twitter:data2\" content=\"1 minute\" \/>\n<script type=\"application\/ld+json\" class=\"yoast-schema-graph\">{\"@context\":\"https:\/\/schema.org\",\"@graph\":[{\"@type\":\"Article\",\"@id\":\"https:\/\/welovecinema.be\/fr\/signature-dun-accord-de-coproduction-cinematographique-avec-les-pays-bas\/#article\",\"isPartOf\":{\"@id\":\"https:\/\/welovecinema.be\/fr\/signature-dun-accord-de-coproduction-cinematographique-avec-les-pays-bas\/\"},\"author\":{\"name\":\"Philippe.Pierquin\",\"@id\":\"https:\/\/welovecinema.be\/nl\/#\/schema\/person\/4b9b1d857f0943453a38a7c2859ef756\"},\"headline\":\"La F\u00e9d\u00e9ration Wallonie-Bruxelles conclut un accord de coproduction cin\u00e9matographique avec les Pays-Bas\",\"datePublished\":\"2016-02-25T16:35:55+00:00\",\"dateModified\":\"2016-02-25T16:38:54+00:00\",\"mainEntityOfPage\":{\"@id\":\"https:\/\/welovecinema.be\/fr\/signature-dun-accord-de-coproduction-cinematographique-avec-les-pays-bas\/\"},\"wordCount\":198,\"publisher\":{\"@id\":\"https:\/\/welovecinema.be\/nl\/#organization\"},\"articleSection\":[\"En bref\"],\"inLanguage\":\"fr-FR\"},{\"@type\":\"WebPage\",\"@id\":\"https:\/\/welovecinema.be\/fr\/signature-dun-accord-de-coproduction-cinematographique-avec-les-pays-bas\/\",\"url\":\"https:\/\/welovecinema.be\/fr\/signature-dun-accord-de-coproduction-cinematographique-avec-les-pays-bas\/\",\"name\":\"La F\u00e9d\u00e9ration Wallonie-Bruxelles conclut un accord de coproduction cin\u00e9matographique avec les Pays-Bas - We Love Cinema\",\"isPartOf\":{\"@id\":\"https:\/\/welovecinema.be\/nl\/#website\"},\"datePublished\":\"2016-02-25T16:35:55+00:00\",\"dateModified\":\"2016-02-25T16:38:54+00:00\",\"breadcrumb\":{\"@id\":\"https:\/\/welovecinema.be\/fr\/signature-dun-accord-de-coproduction-cinematographique-avec-les-pays-bas\/#breadcrumb\"},\"inLanguage\":\"fr-FR\",\"potentialAction\":[{\"@type\":\"ReadAction\",\"target\":[\"https:\/\/welovecinema.be\/fr\/signature-dun-accord-de-coproduction-cinematographique-avec-les-pays-bas\/\"]}]},{\"@type\":\"BreadcrumbList\",\"@id\":\"https:\/\/welovecinema.be\/fr\/signature-dun-accord-de-coproduction-cinematographique-avec-les-pays-bas\/#breadcrumb\",\"itemListElement\":[{\"@type\":\"ListItem\",\"position\":1,\"name\":\"Accueil\",\"item\":\"https:\/\/welovecinema.be\/fr\/\"},{\"@type\":\"ListItem\",\"position\":2,\"name\":\"La F\u00e9d\u00e9ration Wallonie-Bruxelles conclut un accord de coproduction cin\u00e9matographique avec les Pays-Bas\"}]},{\"@type\":\"WebSite\",\"@id\":\"https:\/\/welovecinema.be\/nl\/#website\",\"url\":\"https:\/\/welovecinema.be\/nl\/\",\"name\":\"We Love Cinema\",\"description\":\"Toute l\u2019information du cin\u00e9ma en Belgique\",\"publisher\":{\"@id\":\"https:\/\/welovecinema.be\/nl\/#organization\"},\"potentialAction\":[{\"@type\":\"SearchAction\",\"target\":{\"@type\":\"EntryPoint\",\"urlTemplate\":\"https:\/\/welovecinema.be\/nl\/?s={search_term_string}\"},\"query-input\":\"required name=search_term_string\"}],\"inLanguage\":\"fr-FR\"},{\"@type\":\"Organization\",\"@id\":\"https:\/\/welovecinema.be\/nl\/#organization\",\"name\":\"We Love Cinema\",\"url\":\"https:\/\/welovecinema.be\/nl\/\",\"logo\":{\"@type\":\"ImageObject\",\"inLanguage\":\"fr-FR\",\"@id\":\"https:\/\/welovecinema.be\/nl\/#\/schema\/logo\/image\/\",\"url\":\"https:\/\/welovecinema.be\/wp-content\/uploads\/sites\/2\/2023\/03\/Logo-We-Love-Cinema305x128.jpg\",\"contentUrl\":\"https:\/\/welovecinema.be\/wp-content\/uploads\/sites\/2\/2023\/03\/Logo-We-Love-Cinema305x128.jpg\",\"width\":305,\"height\":128,\"caption\":\"We Love Cinema\"},\"image\":{\"@id\":\"https:\/\/welovecinema.be\/nl\/#\/schema\/logo\/image\/\"},\"sameAs\":[\"https:\/\/www.facebook.com\/welovecinema.be\",\"https:\/\/www.youtube.com\/channel\/UCX5LYGVhnKvYauW4Nta4HJA\",\"https:\/\/www.instagram.com\/welovecinema.be\/\"]},{\"@type\":\"Person\",\"@id\":\"https:\/\/welovecinema.be\/nl\/#\/schema\/person\/4b9b1d857f0943453a38a7c2859ef756\",\"name\":\"Philippe.Pierquin\",\"url\":\"https:\/\/welovecinema.be\/fr\/author\/philippe-pierquin\/\"}]}<\/script>\n<!-- \/ Yoast SEO plugin. -->","yoast_head_json":{"title":"La F\u00e9d\u00e9ration Wallonie-Bruxelles conclut un accord de coproduction cin\u00e9matographique avec les Pays-Bas - We Love Cinema","robots":{"index":"index","follow":"follow","max-snippet":"max-snippet:-1","max-image-preview":"max-image-preview:large","max-video-preview":"max-video-preview:-1"},"canonical":"https:\/\/welovecinema.be\/fr\/signature-dun-accord-de-coproduction-cinematographique-avec-les-pays-bas\/","og_locale":"fr_FR","og_type":"article","og_title":"La F\u00e9d\u00e9ration Wallonie-Bruxelles conclut un accord de coproduction cin\u00e9matographique avec les Pays-Bas - We Love Cinema","og_description":"Jo\u00eblle MILQUET, Vice-Pr\u00e9sidente du Gouvernement de la F\u00e9d\u00e9ration Wallonie-Bruxelles et Ministre de la Culture, et Dr. Jet BUSSEMAKER, Ministre de la Culture des Pays-Bas, ont sign\u00e9 ce jour un accord de coproduction cin\u00e9matographique. Compte tenu des multiples marques d\u2019int\u00e9r\u00eat pos\u00e9es par les professionnels en vue d\u2019une coop\u00e9ration accrue entre la F\u00e9d\u00e9ration et les Pays-Bas, la &hellip;","og_url":"https:\/\/welovecinema.be\/fr\/signature-dun-accord-de-coproduction-cinematographique-avec-les-pays-bas\/","og_site_name":"We Love Cinema","article_publisher":"https:\/\/www.facebook.com\/welovecinema.be","article_published_time":"2016-02-25T16:35:55+00:00","article_modified_time":"2016-02-25T16:38:54+00:00","og_image":[{"width":2418,"height":1722,"url":"https:\/\/welovecinema.be\/wp-content\/uploads\/sites\/2\/2016\/02\/e0cb20a4-92c3-41aa-85a6-564754cb006a.jpg","type":"image\/jpeg"}],"author":"Philippe.Pierquin","twitter_card":"summary_large_image","twitter_misc":{"\u00c9crit par":"Philippe.Pierquin","Dur\u00e9e de lecture estim\u00e9e":"1 minute"},"schema":{"@context":"https:\/\/schema.org","@graph":[{"@type":"Article","@id":"https:\/\/welovecinema.be\/fr\/signature-dun-accord-de-coproduction-cinematographique-avec-les-pays-bas\/#article","isPartOf":{"@id":"https:\/\/welovecinema.be\/fr\/signature-dun-accord-de-coproduction-cinematographique-avec-les-pays-bas\/"},"author":{"name":"Philippe.Pierquin","@id":"https:\/\/welovecinema.be\/nl\/#\/schema\/person\/4b9b1d857f0943453a38a7c2859ef756"},"headline":"La F\u00e9d\u00e9ration Wallonie-Bruxelles conclut un accord de coproduction cin\u00e9matographique avec les Pays-Bas","datePublished":"2016-02-25T16:35:55+00:00","dateModified":"2016-02-25T16:38:54+00:00","mainEntityOfPage":{"@id":"https:\/\/welovecinema.be\/fr\/signature-dun-accord-de-coproduction-cinematographique-avec-les-pays-bas\/"},"wordCount":198,"publisher":{"@id":"https:\/\/welovecinema.be\/nl\/#organization"},"articleSection":["En bref"],"inLanguage":"fr-FR"},{"@type":"WebPage","@id":"https:\/\/welovecinema.be\/fr\/signature-dun-accord-de-coproduction-cinematographique-avec-les-pays-bas\/","url":"https:\/\/welovecinema.be\/fr\/signature-dun-accord-de-coproduction-cinematographique-avec-les-pays-bas\/","name":"La F\u00e9d\u00e9ration Wallonie-Bruxelles conclut un accord de coproduction cin\u00e9matographique avec les Pays-Bas - We Love Cinema","isPartOf":{"@id":"https:\/\/welovecinema.be\/nl\/#website"},"datePublished":"2016-02-25T16:35:55+00:00","dateModified":"2016-02-25T16:38:54+00:00","breadcrumb":{"@id":"https:\/\/welovecinema.be\/fr\/signature-dun-accord-de-coproduction-cinematographique-avec-les-pays-bas\/#breadcrumb"},"inLanguage":"fr-FR","potentialAction":[{"@type":"ReadAction","target":["https:\/\/welovecinema.be\/fr\/signature-dun-accord-de-coproduction-cinematographique-avec-les-pays-bas\/"]}]},{"@type":"BreadcrumbList","@id":"https:\/\/welovecinema.be\/fr\/signature-dun-accord-de-coproduction-cinematographique-avec-les-pays-bas\/#breadcrumb","itemListElement":[{"@type":"ListItem","position":1,"name":"Accueil","item":"https:\/\/welovecinema.be\/fr\/"},{"@type":"ListItem","position":2,"name":"La F\u00e9d\u00e9ration Wallonie-Bruxelles conclut un accord de coproduction cin\u00e9matographique avec les Pays-Bas"}]},{"@type":"WebSite","@id":"https:\/\/welovecinema.be\/nl\/#website","url":"https:\/\/welovecinema.be\/nl\/","name":"We Love Cinema","description":"Toute l\u2019information du cin\u00e9ma en Belgique","publisher":{"@id":"https:\/\/welovecinema.be\/nl\/#organization"},"potentialAction":[{"@type":"SearchAction","target":{"@type":"EntryPoint","urlTemplate":"https:\/\/welovecinema.be\/nl\/?s={search_term_string}"},"query-input":"required name=search_term_string"}],"inLanguage":"fr-FR"},{"@type":"Organization","@id":"https:\/\/welovecinema.be\/nl\/#organization","name":"We Love Cinema","url":"https:\/\/welovecinema.be\/nl\/","logo":{"@type":"ImageObject","inLanguage":"fr-FR","@id":"https:\/\/welovecinema.be\/nl\/#\/schema\/logo\/image\/","url":"https:\/\/welovecinema.be\/wp-content\/uploads\/sites\/2\/2023\/03\/Logo-We-Love-Cinema305x128.jpg","contentUrl":"https:\/\/welovecinema.be\/wp-content\/uploads\/sites\/2\/2023\/03\/Logo-We-Love-Cinema305x128.jpg","width":305,"height":128,"caption":"We Love Cinema"},"image":{"@id":"https:\/\/welovecinema.be\/nl\/#\/schema\/logo\/image\/"},"sameAs":["https:\/\/www.facebook.com\/welovecinema.be","https:\/\/www.youtube.com\/channel\/UCX5LYGVhnKvYauW4Nta4HJA","https:\/\/www.instagram.com\/welovecinema.be\/"]},{"@type":"Person","@id":"https:\/\/welovecinema.be\/nl\/#\/schema\/person\/4b9b1d857f0943453a38a7c2859ef756","name":"Philippe.Pierquin","url":"https:\/\/welovecinema.be\/fr\/author\/philippe-pierquin\/"}]}},"_links":{"self":[{"href":"https:\/\/welovecinema.be\/fr\/wp-json\/wp\/v2\/posts\/85305","targetHints":{"allow":["GET"]}}],"collection":[{"href":"https:\/\/welovecinema.be\/fr\/wp-json\/wp\/v2\/posts"}],"about":[{"href":"https:\/\/welovecinema.be\/fr\/wp-json\/wp\/v2\/types\/post"}],"author":[{"embeddable":true,"href":"https:\/\/welovecinema.be\/fr\/wp-json\/wp\/v2\/users\/7"}],"replies":[{"embeddable":true,"href":"https:\/\/welovecinema.be\/fr\/wp-json\/wp\/v2\/comments?post=85305"}],"version-history":[{"count":0,"href":"https:\/\/welovecinema.be\/fr\/wp-json\/wp\/v2\/posts\/85305\/revisions"}],"wp:featuredmedia":[{"embeddable":true,"href":"https:\/\/welovecinema.be\/fr\/wp-json\/wp\/v2\/media\/85307"}],"wp:attachment":[{"href":"https:\/\/welovecinema.be\/fr\/wp-json\/wp\/v2\/media?parent=85305"}],"wp:term":[{"taxonomy":"category","embeddable":true,"href":"https:\/\/welovecinema.be\/fr\/wp-json\/wp\/v2\/categories?post=85305"},{"taxonomy":"post_tag","embeddable":true,"href":"https:\/\/welovecinema.be\/fr\/wp-json\/wp\/v2\/tags?post=85305"}],"curies":[{"name":"wp","href":"https:\/\/api.w.org\/{rel}","templated":true}]}}