{"id":85177,"date":"2016-02-25T07:53:59","date_gmt":"2016-02-25T06:53:59","guid":{"rendered":"http:\/\/www.cinevox.be\/?p=85177"},"modified":"2016-02-25T12:33:29","modified_gmt":"2016-02-25T11:33:29","slug":"85177","status":"publish","type":"post","link":"https:\/\/welovecinema.be\/fr\/85177\/","title":{"rendered":"Vendredi soir, les C\u00e9sars"},"content":{"rendered":"<p>Vendredi soir, L\u2019Acad\u00e9mie des C\u00e9sar du cin\u00e9ma fran\u00e7ais remettra ses troph\u00e9es 2016. Comme chaque ann\u00e9e, quelques films et talents belges sont impliqu\u00e9s dans cette distribution de prix. Avec quelle chance de s\u2019imposer\u00a0?<!--more--><\/p>\n<p>Cette ann\u00e9e, DEUX\u00a0films belges\u00a0figurent\u00a0dans la cat\u00e9gorie Meilleur film \u00e9tranger.<\/p>\n<p>Il s\u2019agit du\u00a0<em>Tout Nouveau Testament\u00a0<\/em>de\u00a0<strong>Jaco Van Dormael<\/strong><em>,<\/em>\u00a0mais aussi de\u00a0<em>Je suis mort, mais j\u2019ai des amis<\/em>, le film euphorisant des fr\u00e8res\u00a0<strong>Malandrin.<\/strong><\/p>\n<p>&nbsp;<\/p>\n<p>&nbsp;<\/p>\n<p><a href=\"http:\/\/www.cinevox.be\/wp-content\/uploads\/sites\/2\/2016\/02\/le_tout_nouveau_testament_copyright_-Climax-Films-2.jpg\"><img loading=\"lazy\" decoding=\"async\" class=\"aligncenter size-large wp-image-85179\" src=\"http:\/\/www.cinevox.be\/wp-content\/uploads\/sites\/2\/2016\/02\/le_tout_nouveau_testament_copyright_-Climax-Films-2-800x532.jpg\" alt=\"\" width=\"640\" height=\"425\" srcset=\"https:\/\/welovecinema.be\/wp-content\/uploads\/sites\/2\/2016\/02\/le_tout_nouveau_testament_copyright_-Climax-Films-2-800x532.jpg 800w, https:\/\/welovecinema.be\/wp-content\/uploads\/sites\/2\/2016\/02\/le_tout_nouveau_testament_copyright_-Climax-Films-2-406x270.jpg 406w, https:\/\/welovecinema.be\/wp-content\/uploads\/sites\/2\/2016\/02\/le_tout_nouveau_testament_copyright_-Climax-Films-2.jpg 1200w\" sizes=\"auto, (max-width: 640px) 100vw, 640px\" \/><\/a><\/p>\n<p>&nbsp;<\/p>\n<p>Le tandem belge sera oppos\u00e9 \u00e0 des longs m\u00e9trages internationaux\u00a0assez exceptionnels\u00a0<em>: Birdman, Le Fils de Saul, Mia Madre, Taxi Teheran<\/em>\u00a0et \u00a0<em>Youth.\u00a0<\/em>Rien de moins\u2026<\/p>\n<p>Cette double nomination n&rsquo;est pas une premi\u00e8re puisqu&rsquo;en 2014,\u00a0<em>The Broken Circle Breakdown<\/em>\u00a0qui remporta le troph\u00e9e ET\u00a0<em>Dead Man Talking<\/em>\u00a0avaient \u00e9t\u00e9 nomin\u00e9s de concert. On se rappellera d\u2019ailleurs que cette d\u00e9cision nous avait valu un article assez hallucinant dans un quotidien vesp\u00e9ral, accusant en gros Nexus Factory d\u2019avoir foment\u00e9 un complot pour que \u00ab\u00a0l\u2019inf\u00e2me film de Patrick Ridremont\u00a0\u00bb puisse avoir l\u2019honneur de figurer parmi les nomin\u00e9s. On caricature \u00e0 peine.<\/p>\n<p>&nbsp;<\/p>\n<p><a href=\"http:\/\/www.cinevox.be\/wp-content\/uploads\/sites\/2\/2016\/02\/10397210_874693075923299_2674333623188979915_o.jpg\"><img loading=\"lazy\" decoding=\"async\" class=\"aligncenter size-large wp-image-85180\" src=\"http:\/\/www.cinevox.be\/wp-content\/uploads\/sites\/2\/2016\/02\/10397210_874693075923299_2674333623188979915_o-800x390.jpg\" alt=\"\" width=\"640\" height=\"312\" srcset=\"https:\/\/welovecinema.be\/wp-content\/uploads\/sites\/2\/2016\/02\/10397210_874693075923299_2674333623188979915_o-800x390.jpg 800w, https:\/\/welovecinema.be\/wp-content\/uploads\/sites\/2\/2016\/02\/10397210_874693075923299_2674333623188979915_o-480x234.jpg 480w, https:\/\/welovecinema.be\/wp-content\/uploads\/sites\/2\/2016\/02\/10397210_874693075923299_2674333623188979915_o.jpg 1535w\" sizes=\"auto, (max-width: 640px) 100vw, 640px\" \/><\/a><\/p>\n<p>&nbsp;<\/p>\n<p>Heureusement les temps changent et les mentalit\u00e9s \u00e9voluent un peu, personne cette ann\u00e9e ne s\u2019est demand\u00e9 combien Versus et ses acolytes fran\u00e7ais avaient d\u00fb verser pour voir <em>Je suis mort mais j\u2019ai des amis<\/em> figurer en si bonne compagnie. Serait-on entr\u00e9 dans l\u2019aire de la sagesse, dans une \u00e9poque positive ou on prend d\u2019abord la peine de se r\u00e9jouir d\u2019un tel honneur avant de se demander \u00e0 quelle sauce le petit film sympa va \u00eatre d\u00e9vor\u00e9 face \u00e0 des monstres du cin\u00e9ma mondial.<\/p>\n<p>&nbsp;<\/p>\n<p>Car c\u2019est bien de cela qu\u2019il s\u2019agit\u00a0: on sait d\u2019avance que le film des fr\u00e8res (Malandrin, faut suivre) n\u2019a quasi aucune chance face au monstrueux <em>Fils de Saul,<\/em>\u00a0un monument de cin\u00e9ma tant pour son sujet que pour sa forme, mais franchement, quelle importance\u00a0? On se r\u00e9jouit de voir les fac\u00e9tieux brothers et leur staff enfiler le smoking pour aller profiter d&rsquo;une soir\u00e9e parisienne \u00e0 laquelle il ne s\u2019attendait peut-\u00eatre pas, mais qu\u2019ils vont forc\u00e9ment d\u00e9vorer \u00e0 pleines dents.<\/p>\n<p><em>Le fils de Saul<\/em> qui accumule les prix un peu partout \u00e0 travers le monde est donc incontestablement le vrai grand favori de la section, mais n\u2019oublions pas qu\u2019en 2014, c\u2019est un des deux films belges qui a d\u00e9jou\u00e9 les pronostics en battant de grandes pointures internationales. Avec ses 800.000 spectateurs et son casting \u00e9tincelant, <em>Le Tout Nouveau Testament<\/em> peut-il r\u00e9\u00e9diter cet exploit\u00a0? Rien n\u2019est moins s\u00fbr, mais l\u2019espoir subsiste. On\u00a0croise les doigts \u00e0 s&rsquo;en faire p\u00eater les phalanges .<\/p>\n<p>&nbsp;<\/p>\n<p><a href=\"http:\/\/www.cinevox.be\/wp-content\/uploads\/sites\/2\/2016\/02\/049865.jpg-r_640_600-b_1_D6D6D6-f_jpg-q_x-xxyxx.jpg\"><img loading=\"lazy\" decoding=\"async\" class=\"aligncenter size-full wp-image-85181\" src=\"http:\/\/www.cinevox.be\/wp-content\/uploads\/sites\/2\/2016\/02\/049865.jpg-r_640_600-b_1_D6D6D6-f_jpg-q_x-xxyxx.jpg\" alt=\"\" width=\"640\" height=\"426\" srcset=\"https:\/\/welovecinema.be\/wp-content\/uploads\/sites\/2\/2016\/02\/049865.jpg-r_640_600-b_1_D6D6D6-f_jpg-q_x-xxyxx.jpg 640w, https:\/\/welovecinema.be\/wp-content\/uploads\/sites\/2\/2016\/02\/049865.jpg-r_640_600-b_1_D6D6D6-f_jpg-q_x-xxyxx-405x270.jpg 405w\" sizes=\"auto, (max-width: 640px) 100vw, 640px\" \/><\/a><\/p>\n<p>&nbsp;<\/p>\n<p>Dans la cat\u00e9gorie Meilleur acteur,\u00a0<strong>Fran\u00e7ois Damiens<\/strong>\u00a0est fort logiquement nomin\u00e9 pour\u00a0<em>Les Cowboys<\/em>. Il sera oppos\u00e9 \u00e0\u00a0Jean-Pierre Bacri (<em>La vie tr\u00e8s priv\u00e9e de Monsieur Sim)<\/em>,\u00a0Vincent Cassel (<em>Mon Roi<\/em>),\u00a0G\u00e9rard Depardieu (<em>Valley of Love<\/em>),\u00a0Vincent Lindon (<em>La loi du march\u00e9<\/em>) et Fabrice Luchini (<em>L\u2019Hermine<\/em>).<\/p>\n<p>A-t-il ses chances\u00a0? Bien \u00e9videmment, mais Vincent Lindon, le Leonardo Di Caprio fran\u00e7ais reste le grand favori. Toujours nomm\u00e9, jamais r\u00e9compens\u00e9, il a cette fois pris sa revanche \u00e0 Cannes et remportant le prix d\u2019interpr\u00e9tation et a r\u00e9cemment re\u00e7u un Magritte d\u2019honneur pour son \u00e9blouissante carri\u00e8re. <em>La loi du march\u00e9<\/em> semble le film de sa vie, celui qui lui vaut enfin la cons\u00e9cration qu&rsquo;il m\u00e9ritait depuis si longtemps.<\/p>\n<p>D\u00e9j\u00e0 nomm\u00e9 l\u2019an dernier pour La famille B\u00e9lier, Fran\u00e7ois Damiens reste donc un outsider dans cette course aux C\u00e9sar, mais sa seule pr\u00e9sence pour un film o\u00f9 il dispara\u00eet quand m\u00eame \u00e0 mi-parcours est significative de son incroyablement audace et de l\u2019affection que lui porte les professionnels du cin\u00e9ma fran\u00e7ais.<\/p>\n<p>&nbsp;<\/p>\n<p><a href=\"http:\/\/www.cinevox.be\/wp-content\/uploads\/sites\/2\/2016\/02\/240670.jpg\"><img loading=\"lazy\" decoding=\"async\" class=\"aligncenter size-large wp-image-85182\" src=\"http:\/\/www.cinevox.be\/wp-content\/uploads\/sites\/2\/2016\/02\/240670-800x531.jpg\" alt=\"\" width=\"640\" height=\"424\" srcset=\"https:\/\/welovecinema.be\/wp-content\/uploads\/sites\/2\/2016\/02\/240670-800x531.jpg 800w, https:\/\/welovecinema.be\/wp-content\/uploads\/sites\/2\/2016\/02\/240670-406x270.jpg 406w, https:\/\/welovecinema.be\/wp-content\/uploads\/sites\/2\/2016\/02\/240670.jpg 1181w\" sizes=\"auto, (max-width: 640px) 100vw, 640px\" \/><\/a><\/p>\n<p>&nbsp;<\/p>\n<p>Chez les dames,\u00a0<strong>C\u00e9cile de France<\/strong> est, elle aussi, nomin\u00e9e pour\u00a0<em>La Belle Saison,\u00a0<\/em>face \u00e0\u00a0Loubna Abidar (<em>Much Loved<\/em>), Catherine Deneuve (<em>La t\u00eate haute)<\/em>,\u00a0Emmanuelle Bercot (<em>Mon Roi<\/em>),\u00a0Catherine Frot (<em>Marguerite<\/em>),\u00a0Isabelle Huppert (<em>Valley of Love<\/em>) et Soria Zeroua\u00a0<em>(Fatima). <\/em><\/p>\n<p>La course ici est tr\u00e8s ouverte avec des propositions assez h\u00e9t\u00e9roclites\u00a0dans des films fort diff\u00e9rents. A l\u2019occasion des prix Lumi\u00e8res (en gros les Golden Globes fran\u00e7ais), c\u2019est Catherine Frot qui s\u2019\u00e9tait impos\u00e9e. On ne la pointera pas forc\u00e9ment comme favorite ici, mais elle est \u00e9videmment bien plac\u00e9e\u00a0dans ce peloton fort regroup\u00e9 qui va s&rsquo;offrir un sprint serr\u00e9. Les paris sont ouverts<\/p>\n<p>&nbsp;<\/p>\n<p><a href=\"http:\/\/www.cinevox.be\/wp-content\/uploads\/sites\/2\/2016\/02\/2015-10-26_10h36_32.jpg\"><img loading=\"lazy\" decoding=\"async\" class=\"aligncenter size-full wp-image-85183\" src=\"http:\/\/www.cinevox.be\/wp-content\/uploads\/sites\/2\/2016\/02\/2015-10-26_10h36_32.jpg\" alt=\"\" width=\"793\" height=\"591\" srcset=\"https:\/\/welovecinema.be\/wp-content\/uploads\/sites\/2\/2016\/02\/2015-10-26_10h36_32.jpg 793w, https:\/\/welovecinema.be\/wp-content\/uploads\/sites\/2\/2016\/02\/2015-10-26_10h36_32-362x270.jpg 362w, https:\/\/welovecinema.be\/wp-content\/uploads\/sites\/2\/2016\/02\/2015-10-26_10h36_32-300x225.jpg 300w\" sizes=\"auto, (max-width: 793px) 100vw, 793px\" \/><\/a><\/p>\n<p>&nbsp;<\/p>\n<p><em>Dheepan<\/em>,<em>\u00a0Fatima<\/em>,<em>\u00a0La Loi du march\u00e9<\/em>,<em>\u00a0Marguerite<\/em>,<em>\u00a0Mon Roi<\/em>,<em>\u00a0Mustang<\/em>,<em>\u00a0La T\u00eate haute<\/em>, et\u00a0<em>Trois souvenirs de ma jeunesse<\/em>\u00a0se disputeront le C\u00e9sar du meilleur film tandis que\u00a0<em>Les Cow Boys<\/em>,\u00a0<em>Mustang\u00a0<\/em>(qui fait donc coup double),\u00a0<em>Ni le ciel ni la terre\u00a0<\/em>(avec J\u00e9r\u00e9mie Renier)\u00a0et\u00a0<em>Nous trois ou rien\u00a0<\/em>sont en lice pour le C\u00e9sar de la meilleure\u00a0premi\u00e8re\u00a0\u0153uvre.<\/p>\n<p>On notera encore qu&rsquo;<em>Avril et le monde truqu\u00e9,<\/em>\u00a0coproduction belge en partie r\u00e9alis\u00e9e chez nous est en course\u00a0pour\u00a0le C\u00e9sar du meilleur film d&rsquo;animation face \u00e0<em>\u00a0Adama et au<\/em>\u00a0<em>Petit Prince <\/em>qui part sans doute l\u00e9g\u00e8rement favori.<\/p>\n<p>&nbsp;<\/p>\n<p><a href=\"http:\/\/www.cinevox.be\/wp-content\/uploads\/sites\/2\/2016\/02\/glynn-dop.jpg\"><img loading=\"lazy\" decoding=\"async\" class=\"aligncenter  wp-image-85184\" src=\"http:\/\/www.cinevox.be\/wp-content\/uploads\/sites\/2\/2016\/02\/glynn-dop.jpg\" alt=\"\" width=\"622\" height=\"413\" srcset=\"https:\/\/welovecinema.be\/wp-content\/uploads\/sites\/2\/2016\/02\/glynn-dop.jpg 550w, https:\/\/welovecinema.be\/wp-content\/uploads\/sites\/2\/2016\/02\/glynn-dop-406x270.jpg 406w\" sizes=\"auto, (max-width: 622px) 100vw, 622px\" \/><\/a><\/p>\n<p>&nbsp;<\/p>\n<p>On trouve aussi un petit Belge dans une des cat\u00e9gories techniques puisque <strong>Glynn Speeckaert<\/strong> est nomin\u00e9 pour la deuxi\u00e8me fois de sa carri\u00e8re. Le chef op\u00e9rateur est ici distingu\u00e9 pour son travail sur Marguerite.<\/p>\n<p>&nbsp;<\/p>\n<p><a href=\"http:\/\/www.cinevox.be\/wp-content\/uploads\/sites\/2\/2016\/02\/FF.jpg\"><img loading=\"lazy\" decoding=\"async\" class=\"aligncenter size-full wp-image-85185\" src=\"http:\/\/www.cinevox.be\/wp-content\/uploads\/sites\/2\/2016\/02\/FF.jpg\" alt=\"\" width=\"700\" height=\"347\" srcset=\"https:\/\/welovecinema.be\/wp-content\/uploads\/sites\/2\/2016\/02\/FF.jpg 700w, https:\/\/welovecinema.be\/wp-content\/uploads\/sites\/2\/2016\/02\/FF-480x237.jpg 480w\" sizes=\"auto, (max-width: 700px) 100vw, 700px\" \/><\/a><\/p>\n<p>&nbsp;<\/p>\n<p>Apr\u00e8s le premier tour de scrutin,<em>\u00a0Trois souvenirs de ma jeunesse<\/em>\u00a0d\u2019Arnaud Desplechin et\u00a0<em>Marguerite<\/em>\u00a0de Xavier Giannoli menaient la danse avec onze nominations.<\/p>\n<p><em>Dheepan<\/em>, la Palme d\u2019or du dernier Festival de Cannes, sign\u00e9 par Jacques Audiard, arrive ensuite avec neuf nominations. Ex-aequo avec\u00a0<em>Mustang<\/em>, qui repr\u00e9sente la France aux Oscars.<\/p>\n<p>Egalement remarqu\u00e9s\u00a0\u00e0 Cannes,\u00a0<em>Mon roi<\/em>\u00a0et\u00a0<em>La t\u00eate haute<\/em>, comptent chacun huit nominations.<\/p>\n<p><em>La Loi du march\u00e9<\/em>, qui a valu un prix d\u2019interpr\u00e9tation \u00e0 Vincent Lindon sur la Croisette doit par contre se contenter de trois nominations.<\/p>\n<p>&nbsp;<\/p>\n<p>Les r\u00e9compenses seront donc remises vendredi soir.<em>\u00a0<\/em>Florence Foresti sera la ma\u00eetresse de c\u00e9r\u00e9monie de cette soir\u00e9e avec la mission de la rendre plus dynamique et palpitante que celle de l\u2019an dernier qui flirta parfois avec le soporifique.<\/p>\n<p>En Belgique, les abonn\u00e9s de Voo pourront la suivre sur BeTV \u00e0 partir de 21h. S&rsquo;il se passe quelque chose de tr\u00e8s bien pour nos belges, on vous tiendra bien s\u00fbr inform\u00e9s sur la page Facebook de Cinevox.<\/p>\n<p>&nbsp;<\/p>\n<p>&nbsp;<\/p>\n<h2><span id=\"Nominations\" class=\"mw-headline\">Nominations<\/span><\/h2>\n<h3><\/h3>\n<h3><strong><span id=\"Meilleur_film\" class=\"mw-headline\">Meilleur film<\/span><\/strong><\/h3>\n<ul>\n<li><i>Dheepan<\/i> de Jacques Audiard, <small>produit par Pascal Caucheteux et Gr\u00e9goire Sorlat<\/small><\/li>\n<li><i>Fatima<\/i> de Philippe Faucon, <small>produit par Yasmina Nini-Faucon et Philippe Faucon<\/small><\/li>\n<li><i>La Loi du march\u00e9<\/i> de St\u00e9phane Briz\u00e9, <small>produit par Christophe Rossignon et Philip Bo\u00ebffard<\/small><\/li>\n<li><i>Marguerite<\/i> de Xavier Giannoli, <small>produit par Olivier Delbosc et Marc Missonnier<\/small><\/li>\n<li><i>Mon roi<\/i> de Ma\u00efwenn, <small>produit par Alain Attal<\/small><\/li>\n<li><i>Mustang<\/i> de Deniz Gamze Erg\u00fcven, <small>produit par Charles Gillibert<\/small><\/li>\n<li><i>La T\u00eate haute<\/i> d&rsquo;Emmanuelle Bercot, <small>produit par Fran\u00e7ois Kraus et Denis Pineau-Valencienne<\/small><\/li>\n<li><i>Trois souvenirs de ma jeunesse<\/i> d&rsquo;Arnaud Desplechin, <small>produit par Pascal Caucheteux et Gr\u00e9goire Sorlat<\/small><\/li>\n<\/ul>\n<h3><\/h3>\n<h3><strong><span id=\"Meilleur_r.C3.A9alisateur\" class=\"mw-headline\">Meilleur r\u00e9alisateur<\/span><\/strong><\/h3>\n<ul>\n<li>Jacques Audiard pour <i>Dheepan<\/i><\/li>\n<li>St\u00e9phane Briz\u00e9 pour <i>La Loi du march\u00e9<\/i><\/li>\n<li>Xavier Giannoli pour <i>Marguerite<\/i><\/li>\n<li>Ma\u00efwenn pour <i>Mon roi<\/i><\/li>\n<li>Deniz Gamze Erg\u00fcven pour <i>Mustang<\/i><\/li>\n<li>Emmanuelle Bercot pour <i>La T\u00eate haute<\/i><\/li>\n<li>Arnaud Desplechin pour <i>Trois souvenirs de ma jeunesse<\/i><\/li>\n<\/ul>\n<h3><\/h3>\n<h3><strong><span id=\"Meilleur_acteur\" class=\"mw-headline\">Meilleur acteur<\/span><\/strong><\/h3>\n<ul>\n<li>Jean-Pierre Bacri pour le r\u00f4le de Fran\u00e7ois Sim dans <i>La Vie tr\u00e8s priv\u00e9e de Monsieur Sim<\/i><\/li>\n<li>Vincent Cassel pour le r\u00f4le de Georgio dans <i>Mon roi<\/i><\/li>\n<li>Fran\u00e7ois Damiens pour le r\u00f4le de Fran\u00e7ois dans <i>Les Cowboys<\/i><\/li>\n<li>G\u00e9rard Depardieu pour le r\u00f4le de G\u00e9rard dans <i>Valley of Love<\/i><\/li>\n<li>Antonythasan Jesuthasan pour le r\u00f4le de Dheepan dans <i>Dheepan<\/i><\/li>\n<li>Vincent Lindon pour le r\u00f4le de Thierry dans <i>La Loi du march\u00e9<\/i><\/li>\n<li>Fabrice Luchini pour le r\u00f4le de Michel Racine dans <i>L&rsquo;Hermine<\/i><\/li>\n<\/ul>\n<h3><\/h3>\n<h3><strong><span id=\"Meilleure_actrice\" class=\"mw-headline\">Meilleure actrice<\/span><\/strong><\/h3>\n<ul>\n<li>Loubna Abidar pour le r\u00f4le de Noha dans <i>Much Loved<\/i><\/li>\n<li>Emmanuelle Bercot pour le r\u00f4le de Tony dans <i>Mon roi<\/i><\/li>\n<li>C\u00e9cile de France pour le r\u00f4le de Carole dans <i>La Belle Saison<\/i><\/li>\n<li>Catherine Deneuve pour le r\u00f4le de Florence Blaque dans <i>La T\u00eate haute<\/i><\/li>\n<li>Catherine Frot pour le r\u00f4le de Marguerite dans <i>Marguerite<\/i><\/li>\n<li>Isabelle Huppert pour le r\u00f4le d&rsquo;Isabelle dans <i>Valley of Love<\/i><\/li>\n<li>Soria Zeroual pour le r\u00f4le de Fatima dans <i>Fatima<\/i><\/li>\n<\/ul>\n<h3><\/h3>\n<h3><strong><span id=\"Meilleur_acteur_dans_un_second_r.C3.B4le\" class=\"mw-headline\">Meilleur acteur dans un second r\u00f4le<\/span><\/strong><\/h3>\n<ul>\n<li>Michel Fau pour le r\u00f4le de Atos Pezzini \/ Divo dans <i>Marguerite<\/i><\/li>\n<li>Louis Garrel pour le r\u00f4le de Solal dans <i>Mon roi<\/i><\/li>\n<li>Beno\u00eet Magimel pour le r\u00f4le de Yann dans <i>La T\u00eate haute<\/i><\/li>\n<li>Andr\u00e9 Marcon pour le r\u00f4le de Georges Dumont dans <i>Marguerite<\/i><\/li>\n<li>Vincent Rottiers pour le r\u00f4le de Brahim dans <i>Dheepan<\/i><\/li>\n<\/ul>\n<h3><\/h3>\n<h3><strong><span id=\"Meilleure_actrice_dans_un_second_r.C3.B4le\" class=\"mw-headline\">Meilleure actrice dans un second r\u00f4le<\/span><\/strong><\/h3>\n<ul>\n<li>Sara Forestier pour le r\u00f4le de S\u00e9verine dans <i>La T\u00eate haute<\/i><\/li>\n<li>Agn\u00e8s Jaoui pour le r\u00f4le de Laetitia dans <i>Comme un avion<\/i><\/li>\n<li>Sidse Babett Knudsen pour le r\u00f4le de Ditte Lorensen-Coteret dans <i>L&rsquo;Hermine<\/i><\/li>\n<li>No\u00e9mie Lvovsky pour le r\u00f4le de Monique dans <i>La Belle Saison<\/i><\/li>\n<li>Karin Viard pour le r\u00f4le de Pattie dans <i>21 nuits avec Pattie<\/i><\/li>\n<\/ul>\n<h3><\/h3>\n<h3><strong><span id=\"Meilleur_espoir_masculin\" class=\"mw-headline\">Meilleur espoir masculin<\/span><\/strong><\/h3>\n<ul>\n<li>Rod Paradot pour le r\u00f4le de Malony dans <i>La T\u00eate haute<\/i><\/li>\n<li>Swann Arlaud pour le r\u00f4le d&rsquo;Elis\u00e9e dans <i>Les Anarchistes<\/i><\/li>\n<li>Quentin Dolmaire pour le r\u00f4le de Paul D\u00e9dalus dans <i>Trois souvenirs de ma jeunesse<\/i><\/li>\n<li>F\u00e9lix Moati pour le r\u00f4le de Micha dans <i>\u00c0 trois on y va<\/i><\/li>\n<li>Finnegan Oldfield pour le r\u00f4le de Kid dans <i>Les Cowboys<\/i><\/li>\n<\/ul>\n<h3><\/h3>\n<h3><strong><span id=\"Meilleur_espoir_f.C3.A9minin\" class=\"mw-headline\">Meilleur espoir f\u00e9minin<\/span><\/strong><\/h3>\n<ul>\n<li>Lou Roy-Lecollinet pour le r\u00f4le d&rsquo;Esther dans <i>Trois souvenirs de ma jeunesse<\/i><\/li>\n<li>Zita Hanrot pour le r\u00f4le de Nesrine dans <i>Fatima<\/i><\/li>\n<li>Diane Rouxel pour le r\u00f4le de Tess dans <i>La T\u00eate haute<\/i><\/li>\n<li>Sara Giraudeau pour le r\u00f4le de Sonia dans <i>Les B\u00eatises<\/i><\/li>\n<li>Camille Cottin pour le r\u00f4le de Camilla dans <i>Connasse, princesse des c\u0153urs<\/i><\/li>\n<\/ul>\n<h3><\/h3>\n<h3><strong><span id=\"Meilleur_sc.C3.A9nario_original\" class=\"mw-headline\">Meilleur sc\u00e9nario original<\/span><\/strong><\/h3>\n<ul>\n<li><i>Dheepan<\/i> \u2013 Jacques Audiard, Thomas Bidegain et No\u00e9 Debr\u00e9<\/li>\n<li><i>Marguerite<\/i> \u2013 Xavier Giannoli<\/li>\n<li><i>Mustang<\/i> \u2013 Deniz Gamze Erg\u00fcven et Alice Winocour<\/li>\n<li><i>La T\u00eate haute<\/i> \u2013 Emmanuelle Bercot et Marcia Romano<\/li>\n<li><i>Trois souvenirs de ma jeunesse<\/i> \u2013 Arnaud Desplechin et Julie Peyr<\/li>\n<\/ul>\n<h3><\/h3>\n<h3><strong><span id=\"Meilleure_adaptation\" class=\"mw-headline\">Meilleure adaptation<\/span><\/strong><\/h3>\n<ul>\n<li><i>L&rsquo;Affaire SK1<\/i> \u2013 David Oelhoffen et Fr\u00e9d\u00e9ric Tellier <small>adapt\u00e9 de <i>L&rsquo;Affaire SK 1<\/i> de Patricia Tourancheau<\/small><\/li>\n<li><i>Asphalte<\/i> \u2013 Samuel Benchetrit <small>adapt\u00e9 de <i>Les Chroniques de l\u2019Asphalte<\/i>, de Samuel Benchetrit<\/small><\/li>\n<li><i>L&rsquo;Enqu\u00eate<\/i> \u2013 Vincent Garenq et St\u00e9phane Cabel <small>adapt\u00e9 de <i>Clearstream, l&rsquo;enqu\u00eate<\/i> de Denis Robert<\/small><\/li>\n<li><i>Fatima<\/i> \u2013 Philippe Faucon <small>adapt\u00e9 de <i>Pri\u00e8re \u00e0 la lune<\/i> de Fatima Elayoubi<\/small><\/li>\n<li><i>Journal d&rsquo;une femme de chambre<\/i> \u2013 Beno\u00eet Jacquot et H\u00e9l\u00e8ne Zimmer <small>adapt\u00e9 de <i>Le Journal d&rsquo;une femme de chambre<\/i> d&rsquo;Octave Mirbeau<\/small><\/li>\n<\/ul>\n<h3><\/h3>\n<h3><strong><span id=\"Meilleurs_d.C3.A9cors\" class=\"mw-headline\">Meilleurs d\u00e9cors<\/span><\/strong><\/h3>\n<ul>\n<li><i>Dheepan<\/i> \u2013 Michel Barth\u00e9l\u00e9my<\/li>\n<li><i>Journal d&rsquo;une femme de chambre<\/i> \u2013 Katia Wyszkop<\/li>\n<li><i>Marguerite<\/i> \u2013 Martin Kurel<\/li>\n<li><i>L&rsquo;Odeur de la mandarine<\/i> \u2013 Jean Rabasse<\/li>\n<li><i>Trois souvenirs de ma jeunesse<\/i> \u2013 Toma Baqu\u00e9ni<\/li>\n<\/ul>\n<h3><\/h3>\n<h3><strong><span id=\"Meilleurs_costumes\" class=\"mw-headline\">Meilleurs costumes<\/span><\/strong><\/h3>\n<ul>\n<li><i>Journal d&rsquo;une femme de chambre<\/i> \u2013 Ana\u00efs Romand<\/li>\n<li><i>Marguerite<\/i> \u2013 Pierre-Jean Larroque<\/li>\n<li><i>Mustang<\/i> \u2013 Selin S\u00f6zen<\/li>\n<li><i>L&rsquo;Odeur de la mandarine<\/i> \u2013 Catherine Leterrier<\/li>\n<li><i>Trois souvenirs de ma jeunesse<\/i> \u2013 Nathalie Raoul<\/li>\n<\/ul>\n<h3><\/h3>\n<h3><strong><span id=\"Meilleure_photographie\" class=\"mw-headline\">Meilleure photographie<\/span><\/strong><\/h3>\n<ul>\n<li><i>Dheepan<\/i> \u2013 \u00c9ponine Momenceau<\/li>\n<li><i>Marguerite<\/i> \u2013 Glynn Speeckaert<\/li>\n<li><i>Mustang<\/i> \u2013 David Chizallet et Ersin G\u00f6k<\/li>\n<li><i>Trois souvenirs de ma jeunesse<\/i> \u2013 Irina Lubtchansky<\/li>\n<li><i>Valley of Love<\/i> \u2013 Christophe Offenstein<\/li>\n<\/ul>\n<h3><\/h3>\n<h3><strong><span id=\"Meilleur_montage\" class=\"mw-headline\">Meilleur montage<\/span><\/strong><\/h3>\n<ul>\n<li><i>Dheepan<\/i> \u2013 Juliette Welfling<\/li>\n<li><i>Marguerite<\/i> \u2013 Cyril Nakache<\/li>\n<li><i>Mon roi<\/i> \u2013 Simon Jacquet<\/li>\n<li><i>Mustang<\/i> \u2013 Mathilde Van de Moortel<\/li>\n<li><i>Trois souvenirs de ma jeunesse<\/i> \u2013 Laurence Briaud<\/li>\n<\/ul>\n<h3><\/h3>\n<h3><strong><span id=\"Meilleur_son\" class=\"mw-headline\">Meilleur son<\/span><\/strong><\/h3>\n<ul>\n<li><i>Dheepan<\/i> \u2013 Daniel Sobrino, Val\u00e9rie Deloof et Cyril Holtz<\/li>\n<li><i>Marguerite<\/i> \u2013 Fran\u00e7ois Musy et Gabriel Hafner<\/li>\n<li><i>Mon roi<\/i> \u2013 Nicolas Provost, Agn\u00e8s Ravez et Emmanuel Croset<\/li>\n<li><i>Mustang<\/i> \u2013 Ibrahim G\u00f6k, Damien Guillaume et Olivier Goinard<\/li>\n<li><i>Trois souvenirs de ma jeunesse<\/i> \u2013 Nicolas Cantin, Sylvain Malbrant et St\u00e9phane Thi\u00e9baut<\/li>\n<\/ul>\n<h3><\/h3>\n<h3><strong><span id=\"Meilleure_musique\" class=\"mw-headline\">Meilleure musique<\/span><\/strong><\/h3>\n<ul>\n<li><i>Les Cowboys<\/i> \u2013 Raphael<\/li>\n<li><i>En mai, fais ce qu&rsquo;il te pla\u00eet<\/i> \u2013 Ennio Morricone<\/li>\n<li><i>Mon roi<\/i> \u2013 Stephen Warbeck<\/li>\n<li><i>Mustang<\/i> \u2013 Warren Ellis<\/li>\n<li><i>Trois souvenirs de ma jeunesse<\/i> \u2013 Gr\u00e9goire Hetzel<\/li>\n<\/ul>\n<h3><\/h3>\n<h3><strong><span id=\"Meilleur_premier_film\" class=\"mw-headline\">Meilleur premier film<\/span><\/strong><\/h3>\n<ul>\n<li><i>L&rsquo;Affaire SK1<\/i> de Fr\u00e9d\u00e9ric Tellier, <small>produit par Julien Madon et Julien Leclercq<\/small><\/li>\n<li><i>Les Cowboys<\/i> de Thomas Bidegain, <small>produit par Alain Attal<\/small><\/li>\n<li><i>Mustang<\/i> de Deniz Gamze Erg\u00fcven, <small>produit par Charles Gillibert<\/small><\/li>\n<li><i>Ni le ciel ni la terre<\/i> de Cl\u00e9ment Cogitore, <small>produit par Jean-Christophe Reymond et Amaury Ovise<\/small><\/li>\n<li><i>Nous trois ou rien<\/i> de Kheiron Tabib, <small>produit par Simon Istolainen et Sidonie Dumas<\/small><\/li>\n<\/ul>\n<h3><\/h3>\n<h3><strong><span id=\"Meilleur_film_d.27animation\" class=\"mw-headline\">Meilleur film d&rsquo;animation<\/span><\/strong><\/h3>\n<ul>\n<li><i>Adama<\/i> de Simon Rouby, <small>produit par Philippe Aigle, S\u00e9verine Lathuilli\u00e8re, Azmina Goulamaly et Alain S\u00e9raphine<\/small><\/li>\n<li><i>Avril et le Monde truqu\u00e9<\/i> de Christian Desmares et Franck Ekinci, <small>produit par Marc Jousset et Franck Ekinci<\/small><\/li>\n<li><i>Le Petit Prince<\/i> de Mark Osborne, <small>produit par Dimitri Rassam, Aton Soumache et Alexis Vonarb<\/small><\/li>\n<\/ul>\n<h3><\/h3>\n<h3><strong><span id=\"Meilleur_film_documentaire\" class=\"mw-headline\">Meilleur film documentaire<\/span><\/strong><\/h3>\n<ul>\n<li><i>Le Bouton de nacre<\/i> de Patricio Guzm\u00e1n, <small>produit par Renate Sachse<\/small><\/li>\n<li><i>Cavanna jusqu&rsquo;\u00e0 l&rsquo;ultime seconde, j\u2019\u00e9crirai<\/i> de Denis Robert et Nina Robert, <small>produit par Denis Robert, Nina Robert et Bertrand Faivre<\/small><\/li>\n<li><i>Demain<\/i> de Cyril Dion et M\u00e9lanie Laurent, <small>produit par Bruno L\u00e9vy<\/small><\/li>\n<li><i>L&rsquo;Image manquante<\/i> de Rithy Panh, <small>produit par Catherine Dussart<\/small><\/li>\n<li><i>Une jeunesse allemande<\/i> de Jean-Gabriel P\u00e9riot, <small>produit par Nicolas Brevi\u00e8re<\/small><\/li>\n<\/ul>\n<h3><\/h3>\n<h3><strong><span id=\"Meilleur_film_.C3.A9tranger\" class=\"mw-headline\">Meilleur film \u00e9tranger<\/span><\/strong><\/h3>\n<ul>\n<li><i>Birdman<\/i> d&rsquo;Alejandro Gonz\u00e1lez I\u00f1\u00e1rritu \u2022 <span class=\"nowrap\"><span class=\"datasortkey\" data-sort-value=\"Etats unis\"><span class=\"flagicon\"><img loading=\"lazy\" decoding=\"async\" class=\"thumbborder\" src=\"https:\/\/upload.wikimedia.org\/wikipedia\/commons\/thumb\/a\/a4\/Flag_of_the_United_States.svg\/20px-Flag_of_the_United_States.svg.png\" alt=\"Drapeau des \u00c9tats-Unis\" width=\"20\" height=\"11\" data-file-width=\"1235\" data-file-height=\"650\" \/>\u00a0<\/span>\u00c9tats-Unis<\/span><\/span><\/li>\n<li><i>Le Fils de Saul<\/i> de L\u00e1szl\u00f3 Nemes \u2022 <span class=\"datasortkey\" data-sort-value=\"Hongrie\"><span class=\"flagicon\"><img loading=\"lazy\" decoding=\"async\" class=\"thumbborder\" src=\"https:\/\/upload.wikimedia.org\/wikipedia\/commons\/thumb\/c\/c1\/Flag_of_Hungary.svg\/20px-Flag_of_Hungary.svg.png\" alt=\"Drapeau de la Hongrie\" width=\"20\" height=\"10\" data-file-width=\"1200\" data-file-height=\"600\" \/>\u00a0<\/span>Hongrie<\/span><\/li>\n<li><i>Je suis mort mais j&rsquo;ai des amis<\/i> de Guillaume et St\u00e9phane Malandrin \u2022 <span class=\"datasortkey\" data-sort-value=\"Belgique\"><span class=\"flagicon\"><img loading=\"lazy\" decoding=\"async\" class=\"thumbborder\" src=\"https:\/\/upload.wikimedia.org\/wikipedia\/commons\/thumb\/9\/92\/Flag_of_Belgium_%28civil%29.svg\/20px-Flag_of_Belgium_%28civil%29.svg.png\" alt=\"Drapeau de la Belgique\" width=\"20\" height=\"13\" data-file-width=\"450\" data-file-height=\"300\" \/>\u00a0<\/span>Belgique<\/span><\/li>\n<li><i>Mia madre<\/i> de Nanni Moretti \u2022 <span class=\"datasortkey\" data-sort-value=\"Italie\"><span class=\"flagicon\"><img loading=\"lazy\" decoding=\"async\" class=\"thumbborder\" src=\"https:\/\/upload.wikimedia.org\/wikipedia\/commons\/thumb\/0\/03\/Flag_of_Italy.svg\/20px-Flag_of_Italy.svg.png\" alt=\"Drapeau de l'Italie\" width=\"20\" height=\"13\" data-file-width=\"1500\" data-file-height=\"1000\" \/>\u00a0<\/span>Italie<\/span><\/li>\n<li><i>Taxi T\u00e9h\u00e9ran<\/i> de Jafar Panahi \u2022 <span class=\"datasortkey\" data-sort-value=\"Iran\"><span class=\"flagicon\"><img loading=\"lazy\" decoding=\"async\" class=\"thumbborder\" src=\"https:\/\/upload.wikimedia.org\/wikipedia\/commons\/thumb\/c\/ca\/Flag_of_Iran.svg\/20px-Flag_of_Iran.svg.png\" alt=\"Drapeau de l'Iran\" width=\"20\" height=\"11\" data-file-width=\"630\" data-file-height=\"360\" \/>\u00a0<\/span>Iran<\/span><\/li>\n<li><i>Le Tout Nouveau Testament<\/i> de Jaco Van Dormael \u2022 <span class=\"datasortkey\" data-sort-value=\"Belgique\"><span class=\"flagicon\"><img loading=\"lazy\" decoding=\"async\" class=\"thumbborder\" src=\"https:\/\/upload.wikimedia.org\/wikipedia\/commons\/thumb\/9\/92\/Flag_of_Belgium_%28civil%29.svg\/20px-Flag_of_Belgium_%28civil%29.svg.png\" alt=\"Drapeau de la Belgique\" width=\"20\" height=\"13\" data-file-width=\"450\" data-file-height=\"300\" \/>\u00a0<\/span>Belgique<\/span><\/li>\n<li><i>Youth<\/i> de Paolo Sorrentino \u2022 <span class=\"datasortkey\" data-sort-value=\"Italie\"><span class=\"flagicon\"><img loading=\"lazy\" decoding=\"async\" class=\"thumbborder\" src=\"https:\/\/upload.wikimedia.org\/wikipedia\/commons\/thumb\/0\/03\/Flag_of_Italy.svg\/20px-Flag_of_Italy.svg.png\" alt=\"Drapeau de l'Italie\" width=\"20\" height=\"13\" data-file-width=\"1500\" data-file-height=\"1000\" \/>\u00a0<\/span>Italie<\/span><\/li>\n<\/ul>\n<h3><\/h3>\n<h3><strong><span id=\"Meilleur_court_m.C3.A9trage\" class=\"mw-headline\">Meilleur court m\u00e9trage<\/span><\/strong><\/h3>\n<ul>\n<li><i>La Contre-all\u00e9e<\/i> de C\u00e9cile Ducrocq, <small>produit par St\u00e9phane Demoustier et Guillaume Dreyfus<\/small><\/li>\n<li><i>Le Dernier des C\u00e9frans<\/i> de Pierre-Emmanuel Urcun, <small>produit par Pierre-Emmanuel Urcun, Roy Arida, Vincent Le Port et Louis Tardivier<\/small><\/li>\n<li><i>Essaie de mourir jeune<\/i> de Morgan Simon, <small>produit par Jessica Rosselet<\/small><\/li>\n<li><i>Guy M\u00f4quet<\/i> de Demis Herenger, <small>produit par Na\u00efm A\u00eft-Sidhoum, Julien Perrin, Elsa Minisini et \u00c9lisabeth Pawlowski<\/small><\/li>\n<li><i>Mon h\u00e9ros<\/i> de Sylvain Desclous, <small>produit par Florence Borelly<\/small><\/li>\n<li><\/li>\n<\/ul>\n<h3><span id=\"Meilleur_court_m.C3.A9trage_d.27animation\" class=\"mw-headline\">Meilleur court m\u00e9trage d&rsquo;animation<\/span><\/h3>\n<ul>\n<li><i>La Nuit am\u00e9ricaine d&rsquo;Ang\u00e9lique<\/i> de Pierre-Emmanuel Lyet et Joris Clert\u00e9, <small>produit par Maryline Charrier<\/small><\/li>\n<li><i>Le Repas dominical<\/i> de C\u00e9line Devaux, <small>produit par Ron Dyens<\/small><\/li>\n<li><i>Sous tes doigts<\/i> de Marie-Christine Court\u00e8s, <small>produit par Jean-Fran\u00e7ois Le Corre et Marc Faye<\/small><\/li>\n<li><i>Tigres \u00e0 la queue leu leu<\/i> de Beno\u00eet Chieux, <small>produit par Dora Benousilio<\/small><\/li>\n<li><\/li>\n<\/ul>\n<h3><strong><span id=\"C.C3.A9sar_d.27honneur\" class=\"mw-headline\">C\u00e9sar d&rsquo;honneur<\/span><\/strong><\/h3>\n<ul>\n<li>Michael Douglas <small>(seconde fois)<\/small><\/li>\n<\/ul>\n","protected":false},"excerpt":{"rendered":"<p>Vendredi soir, L\u2019Acad\u00e9mie des C\u00e9sar du cin\u00e9ma fran\u00e7ais remettra ses troph\u00e9es 2016. Comme chaque ann\u00e9e, quelques films et talents belges sont impliqu\u00e9s dans cette distribution de prix. Avec quelle chance de s\u2019imposer\u00a0?<\/p>\n","protected":false},"author":7,"featured_media":85187,"comment_status":"closed","ping_status":"closed","sticky":false,"template":"","format":"standard","meta":{"ngg_post_thumbnail":0,"footnotes":""},"categories":[12,7],"tags":[],"class_list":["post-85177","post","type-post","status-publish","format-standard","has-post-thumbnail","","category-awards","category-actualites"],"yoast_head":"<!-- This site is optimized with the Yoast SEO plugin v20.4 - https:\/\/yoast.com\/wordpress\/plugins\/seo\/ -->\n<title>Vendredi soir, les C\u00e9sars - We Love Cinema<\/title>\n<meta name=\"robots\" content=\"index, follow, max-snippet:-1, max-image-preview:large, max-video-preview:-1\" \/>\n<link rel=\"canonical\" href=\"https:\/\/welovecinema.be\/fr\/85177\/\" \/>\n<meta property=\"og:locale\" content=\"fr_FR\" \/>\n<meta property=\"og:type\" content=\"article\" \/>\n<meta property=\"og:title\" content=\"Vendredi soir, les C\u00e9sars - We Love Cinema\" \/>\n<meta property=\"og:description\" content=\"Vendredi soir, L\u2019Acad\u00e9mie des C\u00e9sar du cin\u00e9ma fran\u00e7ais remettra ses troph\u00e9es 2016. Comme chaque ann\u00e9e, quelques films et talents belges sont impliqu\u00e9s dans cette distribution de prix. Avec quelle chance de s\u2019imposer\u00a0?\" \/>\n<meta property=\"og:url\" content=\"https:\/\/welovecinema.be\/fr\/85177\/\" \/>\n<meta property=\"og:site_name\" content=\"We Love Cinema\" \/>\n<meta property=\"article:publisher\" content=\"https:\/\/www.facebook.com\/welovecinema.be\" \/>\n<meta property=\"article:published_time\" content=\"2016-02-25T06:53:59+00:00\" \/>\n<meta property=\"article:modified_time\" content=\"2016-02-25T11:33:29+00:00\" \/>\n<meta property=\"og:image\" content=\"https:\/\/welovecinema.be\/wp-content\/uploads\/sites\/2\/2016\/02\/c\u00e9sar.jpg\" \/>\n\t<meta property=\"og:image:width\" content=\"1000\" \/>\n\t<meta property=\"og:image:height\" content=\"491\" \/>\n\t<meta property=\"og:image:type\" content=\"image\/jpeg\" \/>\n<meta name=\"author\" content=\"Philippe.Pierquin\" \/>\n<meta name=\"twitter:card\" content=\"summary_large_image\" \/>\n<meta name=\"twitter:label1\" content=\"\u00c9crit par\" \/>\n\t<meta name=\"twitter:data1\" content=\"Philippe.Pierquin\" \/>\n\t<meta name=\"twitter:label2\" content=\"Dur\u00e9e de lecture estim\u00e9e\" \/>\n\t<meta name=\"twitter:data2\" content=\"12 minutes\" \/>\n<script type=\"application\/ld+json\" class=\"yoast-schema-graph\">{\"@context\":\"https:\/\/schema.org\",\"@graph\":[{\"@type\":\"Article\",\"@id\":\"https:\/\/welovecinema.be\/fr\/85177\/#article\",\"isPartOf\":{\"@id\":\"https:\/\/welovecinema.be\/fr\/85177\/\"},\"author\":{\"name\":\"Philippe.Pierquin\",\"@id\":\"https:\/\/welovecinema.be\/nl\/#\/schema\/person\/4b9b1d857f0943453a38a7c2859ef756\"},\"headline\":\"Vendredi soir, les C\u00e9sars\",\"datePublished\":\"2016-02-25T06:53:59+00:00\",\"dateModified\":\"2016-02-25T11:33:29+00:00\",\"mainEntityOfPage\":{\"@id\":\"https:\/\/welovecinema.be\/fr\/85177\/\"},\"wordCount\":2464,\"publisher\":{\"@id\":\"https:\/\/welovecinema.be\/nl\/#organization\"},\"articleSection\":[\"Evenements\",\"News\"],\"inLanguage\":\"fr-FR\"},{\"@type\":\"WebPage\",\"@id\":\"https:\/\/welovecinema.be\/fr\/85177\/\",\"url\":\"https:\/\/welovecinema.be\/fr\/85177\/\",\"name\":\"Vendredi soir, les C\u00e9sars - We Love Cinema\",\"isPartOf\":{\"@id\":\"https:\/\/welovecinema.be\/nl\/#website\"},\"datePublished\":\"2016-02-25T06:53:59+00:00\",\"dateModified\":\"2016-02-25T11:33:29+00:00\",\"breadcrumb\":{\"@id\":\"https:\/\/welovecinema.be\/fr\/85177\/#breadcrumb\"},\"inLanguage\":\"fr-FR\",\"potentialAction\":[{\"@type\":\"ReadAction\",\"target\":[\"https:\/\/welovecinema.be\/fr\/85177\/\"]}]},{\"@type\":\"BreadcrumbList\",\"@id\":\"https:\/\/welovecinema.be\/fr\/85177\/#breadcrumb\",\"itemListElement\":[{\"@type\":\"ListItem\",\"position\":1,\"name\":\"Accueil\",\"item\":\"https:\/\/welovecinema.be\/fr\/\"},{\"@type\":\"ListItem\",\"position\":2,\"name\":\"Vendredi soir, les C\u00e9sars\"}]},{\"@type\":\"WebSite\",\"@id\":\"https:\/\/welovecinema.be\/nl\/#website\",\"url\":\"https:\/\/welovecinema.be\/nl\/\",\"name\":\"We Love Cinema\",\"description\":\"Toute l\u2019information du cin\u00e9ma en Belgique\",\"publisher\":{\"@id\":\"https:\/\/welovecinema.be\/nl\/#organization\"},\"potentialAction\":[{\"@type\":\"SearchAction\",\"target\":{\"@type\":\"EntryPoint\",\"urlTemplate\":\"https:\/\/welovecinema.be\/nl\/?s={search_term_string}\"},\"query-input\":\"required name=search_term_string\"}],\"inLanguage\":\"fr-FR\"},{\"@type\":\"Organization\",\"@id\":\"https:\/\/welovecinema.be\/nl\/#organization\",\"name\":\"We Love Cinema\",\"url\":\"https:\/\/welovecinema.be\/nl\/\",\"logo\":{\"@type\":\"ImageObject\",\"inLanguage\":\"fr-FR\",\"@id\":\"https:\/\/welovecinema.be\/nl\/#\/schema\/logo\/image\/\",\"url\":\"https:\/\/welovecinema.be\/wp-content\/uploads\/sites\/2\/2023\/03\/Logo-We-Love-Cinema305x128.jpg\",\"contentUrl\":\"https:\/\/welovecinema.be\/wp-content\/uploads\/sites\/2\/2023\/03\/Logo-We-Love-Cinema305x128.jpg\",\"width\":305,\"height\":128,\"caption\":\"We Love Cinema\"},\"image\":{\"@id\":\"https:\/\/welovecinema.be\/nl\/#\/schema\/logo\/image\/\"},\"sameAs\":[\"https:\/\/www.facebook.com\/welovecinema.be\",\"https:\/\/www.youtube.com\/channel\/UCX5LYGVhnKvYauW4Nta4HJA\",\"https:\/\/www.instagram.com\/welovecinema.be\/\"]},{\"@type\":\"Person\",\"@id\":\"https:\/\/welovecinema.be\/nl\/#\/schema\/person\/4b9b1d857f0943453a38a7c2859ef756\",\"name\":\"Philippe.Pierquin\",\"url\":\"https:\/\/welovecinema.be\/fr\/author\/philippe-pierquin\/\"}]}<\/script>\n<!-- \/ Yoast SEO plugin. -->","yoast_head_json":{"title":"Vendredi soir, les C\u00e9sars - We Love Cinema","robots":{"index":"index","follow":"follow","max-snippet":"max-snippet:-1","max-image-preview":"max-image-preview:large","max-video-preview":"max-video-preview:-1"},"canonical":"https:\/\/welovecinema.be\/fr\/85177\/","og_locale":"fr_FR","og_type":"article","og_title":"Vendredi soir, les C\u00e9sars - We Love Cinema","og_description":"Vendredi soir, L\u2019Acad\u00e9mie des C\u00e9sar du cin\u00e9ma fran\u00e7ais remettra ses troph\u00e9es 2016. Comme chaque ann\u00e9e, quelques films et talents belges sont impliqu\u00e9s dans cette distribution de prix. Avec quelle chance de s\u2019imposer\u00a0?","og_url":"https:\/\/welovecinema.be\/fr\/85177\/","og_site_name":"We Love Cinema","article_publisher":"https:\/\/www.facebook.com\/welovecinema.be","article_published_time":"2016-02-25T06:53:59+00:00","article_modified_time":"2016-02-25T11:33:29+00:00","og_image":[{"width":1000,"height":491,"url":"https:\/\/welovecinema.be\/wp-content\/uploads\/sites\/2\/2016\/02\/c\u00e9sar.jpg","type":"image\/jpeg"}],"author":"Philippe.Pierquin","twitter_card":"summary_large_image","twitter_misc":{"\u00c9crit par":"Philippe.Pierquin","Dur\u00e9e de lecture estim\u00e9e":"12 minutes"},"schema":{"@context":"https:\/\/schema.org","@graph":[{"@type":"Article","@id":"https:\/\/welovecinema.be\/fr\/85177\/#article","isPartOf":{"@id":"https:\/\/welovecinema.be\/fr\/85177\/"},"author":{"name":"Philippe.Pierquin","@id":"https:\/\/welovecinema.be\/nl\/#\/schema\/person\/4b9b1d857f0943453a38a7c2859ef756"},"headline":"Vendredi soir, les C\u00e9sars","datePublished":"2016-02-25T06:53:59+00:00","dateModified":"2016-02-25T11:33:29+00:00","mainEntityOfPage":{"@id":"https:\/\/welovecinema.be\/fr\/85177\/"},"wordCount":2464,"publisher":{"@id":"https:\/\/welovecinema.be\/nl\/#organization"},"articleSection":["Evenements","News"],"inLanguage":"fr-FR"},{"@type":"WebPage","@id":"https:\/\/welovecinema.be\/fr\/85177\/","url":"https:\/\/welovecinema.be\/fr\/85177\/","name":"Vendredi soir, les C\u00e9sars - We Love Cinema","isPartOf":{"@id":"https:\/\/welovecinema.be\/nl\/#website"},"datePublished":"2016-02-25T06:53:59+00:00","dateModified":"2016-02-25T11:33:29+00:00","breadcrumb":{"@id":"https:\/\/welovecinema.be\/fr\/85177\/#breadcrumb"},"inLanguage":"fr-FR","potentialAction":[{"@type":"ReadAction","target":["https:\/\/welovecinema.be\/fr\/85177\/"]}]},{"@type":"BreadcrumbList","@id":"https:\/\/welovecinema.be\/fr\/85177\/#breadcrumb","itemListElement":[{"@type":"ListItem","position":1,"name":"Accueil","item":"https:\/\/welovecinema.be\/fr\/"},{"@type":"ListItem","position":2,"name":"Vendredi soir, les C\u00e9sars"}]},{"@type":"WebSite","@id":"https:\/\/welovecinema.be\/nl\/#website","url":"https:\/\/welovecinema.be\/nl\/","name":"We Love Cinema","description":"Toute l\u2019information du cin\u00e9ma en Belgique","publisher":{"@id":"https:\/\/welovecinema.be\/nl\/#organization"},"potentialAction":[{"@type":"SearchAction","target":{"@type":"EntryPoint","urlTemplate":"https:\/\/welovecinema.be\/nl\/?s={search_term_string}"},"query-input":"required name=search_term_string"}],"inLanguage":"fr-FR"},{"@type":"Organization","@id":"https:\/\/welovecinema.be\/nl\/#organization","name":"We Love Cinema","url":"https:\/\/welovecinema.be\/nl\/","logo":{"@type":"ImageObject","inLanguage":"fr-FR","@id":"https:\/\/welovecinema.be\/nl\/#\/schema\/logo\/image\/","url":"https:\/\/welovecinema.be\/wp-content\/uploads\/sites\/2\/2023\/03\/Logo-We-Love-Cinema305x128.jpg","contentUrl":"https:\/\/welovecinema.be\/wp-content\/uploads\/sites\/2\/2023\/03\/Logo-We-Love-Cinema305x128.jpg","width":305,"height":128,"caption":"We Love Cinema"},"image":{"@id":"https:\/\/welovecinema.be\/nl\/#\/schema\/logo\/image\/"},"sameAs":["https:\/\/www.facebook.com\/welovecinema.be","https:\/\/www.youtube.com\/channel\/UCX5LYGVhnKvYauW4Nta4HJA","https:\/\/www.instagram.com\/welovecinema.be\/"]},{"@type":"Person","@id":"https:\/\/welovecinema.be\/nl\/#\/schema\/person\/4b9b1d857f0943453a38a7c2859ef756","name":"Philippe.Pierquin","url":"https:\/\/welovecinema.be\/fr\/author\/philippe-pierquin\/"}]}},"_links":{"self":[{"href":"https:\/\/welovecinema.be\/fr\/wp-json\/wp\/v2\/posts\/85177","targetHints":{"allow":["GET"]}}],"collection":[{"href":"https:\/\/welovecinema.be\/fr\/wp-json\/wp\/v2\/posts"}],"about":[{"href":"https:\/\/welovecinema.be\/fr\/wp-json\/wp\/v2\/types\/post"}],"author":[{"embeddable":true,"href":"https:\/\/welovecinema.be\/fr\/wp-json\/wp\/v2\/users\/7"}],"replies":[{"embeddable":true,"href":"https:\/\/welovecinema.be\/fr\/wp-json\/wp\/v2\/comments?post=85177"}],"version-history":[{"count":0,"href":"https:\/\/welovecinema.be\/fr\/wp-json\/wp\/v2\/posts\/85177\/revisions"}],"wp:featuredmedia":[{"embeddable":true,"href":"https:\/\/welovecinema.be\/fr\/wp-json\/wp\/v2\/media\/85187"}],"wp:attachment":[{"href":"https:\/\/welovecinema.be\/fr\/wp-json\/wp\/v2\/media?parent=85177"}],"wp:term":[{"taxonomy":"category","embeddable":true,"href":"https:\/\/welovecinema.be\/fr\/wp-json\/wp\/v2\/categories?post=85177"},{"taxonomy":"post_tag","embeddable":true,"href":"https:\/\/welovecinema.be\/fr\/wp-json\/wp\/v2\/tags?post=85177"}],"curies":[{"name":"wp","href":"https:\/\/api.w.org\/{rel}","templated":true}]}}