{"id":85109,"date":"2016-02-26T08:03:23","date_gmt":"2016-02-26T07:03:23","guid":{"rendered":"http:\/\/www.cinevox.be\/?p=85109"},"modified":"2016-02-23T14:50:28","modified_gmt":"2016-02-23T13:50:28","slug":"les-trois-scenaristes-de-la-treve-nous-presentent-les-coulisses-de-la-serie","status":"publish","type":"post","link":"https:\/\/welovecinema.be\/fr\/les-trois-scenaristes-de-la-treve-nous-presentent-les-coulisses-de-la-serie\/","title":{"rendered":"La tr\u00eave : interrogatoire des principaux suspects"},"content":{"rendered":"<p>Ils sont trois, des amis\u00a0: Matthieu Donck, Benjamin D\u2019Aoust et St\u00e9phane Bergmans.<\/p>\n<p>Ensemble, ils ont imagin\u00e9 <em>La Tr\u00eave,<\/em> l\u2019ont patiemment construite, \u00e9crite et l\u2019ont port\u00e9e jusqu\u2019\u00e0 terme. Pour un r\u00e9sultat surprenant, cautionn\u00e9 par les \u00e9chos tr\u00e8s positifs recueillis apr\u00e8s la diffusion des deux premiers \u00e9pisodes sur la Une \u00e0 laquelle ont assist\u00e9 477.000 spectateurs.<\/p>\n<p>Avec eux, p\u00e9n\u00e9trons dans les coulisses de la plus belle r\u00e9ussite fictionnelle du petit \u00e9cran belge et d\u00e9couvrons quelques secrets de fabrication de la s\u00e9rie qui risque \u00e0 terme de faire un bien fou au\u2026 cin\u00e9ma belge.<!--more--><\/p>\n<p><strong>\u00a0<\/strong><\/p>\n<p><a href=\"http:\/\/www.cinevox.be\/wp-content\/uploads\/sites\/2\/2016\/02\/EP01_LA-TREVE_BRUME.jpg\"><img loading=\"lazy\" decoding=\"async\" class=\"aligncenter size-large wp-image-85110\" src=\"http:\/\/www.cinevox.be\/wp-content\/uploads\/sites\/2\/2016\/02\/EP01_LA-TREVE_BRUME-800x450.jpg\" alt=\"\" width=\"640\" height=\"360\" srcset=\"https:\/\/welovecinema.be\/wp-content\/uploads\/sites\/2\/2016\/02\/EP01_LA-TREVE_BRUME-800x450.jpg 800w, https:\/\/welovecinema.be\/wp-content\/uploads\/sites\/2\/2016\/02\/EP01_LA-TREVE_BRUME-200x113.jpg 200w, https:\/\/welovecinema.be\/wp-content\/uploads\/sites\/2\/2016\/02\/EP01_LA-TREVE_BRUME-480x270.jpg 480w, https:\/\/welovecinema.be\/wp-content\/uploads\/sites\/2\/2016\/02\/EP01_LA-TREVE_BRUME-300x169.jpg 300w, https:\/\/welovecinema.be\/wp-content\/uploads\/sites\/2\/2016\/02\/EP01_LA-TREVE_BRUME-620x350.jpg 620w, https:\/\/welovecinema.be\/wp-content\/uploads\/sites\/2\/2016\/02\/EP01_LA-TREVE_BRUME.jpg 1024w\" sizes=\"auto, (max-width: 640px) 100vw, 640px\" \/><\/a><\/p>\n<p><strong>\u00a0<\/strong><\/p>\n<p><strong>D\u2019o\u00f9 vient l\u2019id\u00e9e de La Tr\u00eave? Quelle est la gen\u00e8se du projet?<\/strong><\/p>\n<p>Nous sommes tous les trois sc\u00e9naristes et r\u00e9alisateurs et nous partageons le m\u00eame espace de travail depuis plusieurs ann\u00e9es. Nous travaillons respectivement sur nos projets de documentaires, de courts ou de longs-m\u00e9trages. On se fait r\u00e9guli\u00e8rement lire nos sc\u00e9narios, on collabore sur les projets des uns et des autres&#8230; Matthieu et Benjamin ont \u00e9crit deux albums de bandes dessin\u00e9e publi\u00e9s chez Dargaud et St\u00e9phane a particip\u00e9 \u00e0 l\u2019\u00e9criture de la plupart des films de Matthieu et r\u00e9ciproquement. On avait envie de travailler \u00e0 trois, restait \u00e0 trouver le projet.<\/p>\n<p>Du coup quand on a appris que le Centre du Cin\u00e9ma de la F\u00e9d\u00e9ration Wallonie-Bruxelles et la RTBF lan\u00e7aient un grand appel \u00e0 s\u00e9ries, on a bondi sur l\u2019occasion. Au bout de deux jours, on s\u2019est pris au jeu. Au bout d\u2019une semaine, on \u00e9tait \u00e0 fond dedans. On ne savait pas trop ce que la RTBF attendait, mais nous avions une id\u00e9e claire : faire du cin\u00e9ma \u00e0 la t\u00e9l\u00e9 et \u00e9crire la s\u00e9rie que nous r\u00eavions de voir. On ne s\u2019est donc pas brid\u00e9s et on a \u00e9crit quelque chose qui nous ressemble. La chance, c\u2019est que c\u2019\u00e9tait exactement ce que la RTBF recherchait.<\/p>\n<p>&nbsp;<\/p>\n<p><a href=\"http:\/\/www.cinevox.be\/wp-content\/uploads\/sites\/2\/2016\/02\/EP01_LA-TREVE_PONT.jpg\"><img loading=\"lazy\" decoding=\"async\" class=\"aligncenter size-large wp-image-85120\" src=\"http:\/\/www.cinevox.be\/wp-content\/uploads\/sites\/2\/2016\/02\/EP01_LA-TREVE_PONT-800x450.jpg\" alt=\"\" width=\"640\" height=\"360\" srcset=\"https:\/\/welovecinema.be\/wp-content\/uploads\/sites\/2\/2016\/02\/EP01_LA-TREVE_PONT-800x450.jpg 800w, https:\/\/welovecinema.be\/wp-content\/uploads\/sites\/2\/2016\/02\/EP01_LA-TREVE_PONT-200x113.jpg 200w, https:\/\/welovecinema.be\/wp-content\/uploads\/sites\/2\/2016\/02\/EP01_LA-TREVE_PONT-480x270.jpg 480w, https:\/\/welovecinema.be\/wp-content\/uploads\/sites\/2\/2016\/02\/EP01_LA-TREVE_PONT-300x169.jpg 300w, https:\/\/welovecinema.be\/wp-content\/uploads\/sites\/2\/2016\/02\/EP01_LA-TREVE_PONT-620x350.jpg 620w, https:\/\/welovecinema.be\/wp-content\/uploads\/sites\/2\/2016\/02\/EP01_LA-TREVE_PONT.jpg 1024w\" sizes=\"auto, (max-width: 640px) 100vw, 640px\" \/><\/a><\/p>\n<p>&nbsp;<\/p>\n<p><strong>Pour r\u00e9sumer\u00a0: l\u2019histoire de la tr\u00eave, c\u2019est quoi? <\/strong><\/p>\n<p>La trame est simple : on retrouve un mort dans un petit village et il faut trouver qui a tu\u00e9. On a choisi cette trame classique parce qu\u2019elle nous laissait de la place pour d\u00e9velopper les personnages et les travailler en profondeur. On voulait cr\u00e9er une \u00ab ar\u00e8ne \u00bb et la radiographier, avec une id\u00e9e au c\u0153ur du processus : dans ce petit village tout le monde est un suspect potentiel. Un Cluedo grandeur nature o\u00f9 la culpabilit\u00e9 d\u2019un seul n\u2019exclut pas la responsabilit\u00e9 des autres. C\u2019est ce r\u00e9seau de personnages et d\u2019histoires connexes qui est au c\u0153ur des enjeux (moraux) de la s\u00e9rie.<\/p>\n<p>Notre personnage principal, Yoann, am\u00e8ne d\u00e9j\u00e0 pas mal de lignes secondaires. Il a un pass\u00e9 complexe. Il a v\u00e9cu \u00e0 Heiderfeld quand il \u00e9tait ado. Il connait les lieux, l\u2019ambiance. Il va renouer avec une partie de lui-m\u00eame, retrouver des gens, notamment In\u00e8s (Anne Coesens). Et puis il y a son pass\u00e9 plus r\u00e9cent. Il vient de perdre sa femme dans des circonstances particuli\u00e8res. Il a une fille de 17 ans, Camille (Sophie Breyer)&#8230;<\/p>\n<p>Apr\u00e8s, il y a la ligne du village, incarn\u00e9e par sa bourgmestre, Brigitte Fischer (Catherine Sal\u00e9e). Elle veut faire construire un barrage dans la r\u00e9gion. Il y a de gros enjeux politiques et financiers qui sous-tendent l\u2019entreprise. Il y aussi la vie du commissariat, la ligne du club de foot&#8230; Et enfin la personnalit\u00e9 de la victime, de Driss Assani, qui est un des \u00e9l\u00e9ments auxquels on tenait beaucoup.<\/p>\n<p>&nbsp;<\/p>\n<p><a href=\"http:\/\/www.cinevox.be\/wp-content\/uploads\/sites\/2\/2016\/02\/EP10_LA-TREVE_DRISS.jpg\"><img loading=\"lazy\" decoding=\"async\" class=\"aligncenter size-large wp-image-85111\" src=\"http:\/\/www.cinevox.be\/wp-content\/uploads\/sites\/2\/2016\/02\/EP10_LA-TREVE_DRISS-800x450.jpg\" alt=\"\" width=\"640\" height=\"360\" srcset=\"https:\/\/welovecinema.be\/wp-content\/uploads\/sites\/2\/2016\/02\/EP10_LA-TREVE_DRISS-800x450.jpg 800w, https:\/\/welovecinema.be\/wp-content\/uploads\/sites\/2\/2016\/02\/EP10_LA-TREVE_DRISS-200x113.jpg 200w, https:\/\/welovecinema.be\/wp-content\/uploads\/sites\/2\/2016\/02\/EP10_LA-TREVE_DRISS-480x270.jpg 480w, https:\/\/welovecinema.be\/wp-content\/uploads\/sites\/2\/2016\/02\/EP10_LA-TREVE_DRISS-300x169.jpg 300w, https:\/\/welovecinema.be\/wp-content\/uploads\/sites\/2\/2016\/02\/EP10_LA-TREVE_DRISS-620x350.jpg 620w, https:\/\/welovecinema.be\/wp-content\/uploads\/sites\/2\/2016\/02\/EP10_LA-TREVE_DRISS.jpg 1024w\" sizes=\"auto, (max-width: 640px) 100vw, 640px\" \/><\/a><\/p>\n<p><strong>A quel titre? <\/strong><\/p>\n<p>On aimait bien l\u2019id\u00e9e de d\u00e9caler le principe d\u2019empathie que ce type d\u2019intrigue sous-tend. En g\u00e9n\u00e9ral, la victime est la fille ador\u00e9e du village, un enfant ch\u00e9ri, quelqu\u2019un pour qui l\u2019empathie des gens qui l\u2019entourent est imm\u00e9diate. Dans <em>La Tr\u00eave<\/em>, le mort est un \u00e9tranger qui a r\u00e9cemment emm\u00e9nag\u00e9 sur place. Il n\u2019est pas n\u00e9 dans le village. Les gens ne le pleurent pas spontan\u00e9ment et \u00e7a am\u00e8ne pas mal de questions. Driss sert de r\u00e9v\u00e9lateur par rapport \u00e0 ce qu\u2019ils sont. Un r\u00e9v\u00e9lateur qui nous permet de tisser des liens avec le r\u00e9el, avec l\u2019actualit\u00e9. <em>La Tr\u00eave<\/em> n\u2019est pas une s\u00e9rie politique, mais il y a un fond qui nous touche derri\u00e8re, quelque chose de contemporain qui nous concerne tous, et nous interpelle.<\/p>\n<p>&nbsp;<\/p>\n<p><a href=\"http:\/\/www.cinevox.be\/wp-content\/uploads\/sites\/2\/2016\/02\/EP05_LA-TREVE_PSYLARGE.jpg\"><img loading=\"lazy\" decoding=\"async\" class=\"aligncenter size-large wp-image-85112\" src=\"http:\/\/www.cinevox.be\/wp-content\/uploads\/sites\/2\/2016\/02\/EP05_LA-TREVE_PSYLARGE-800x450.jpg\" alt=\"\" width=\"640\" height=\"360\" srcset=\"https:\/\/welovecinema.be\/wp-content\/uploads\/sites\/2\/2016\/02\/EP05_LA-TREVE_PSYLARGE-800x450.jpg 800w, https:\/\/welovecinema.be\/wp-content\/uploads\/sites\/2\/2016\/02\/EP05_LA-TREVE_PSYLARGE-200x113.jpg 200w, https:\/\/welovecinema.be\/wp-content\/uploads\/sites\/2\/2016\/02\/EP05_LA-TREVE_PSYLARGE-480x270.jpg 480w, https:\/\/welovecinema.be\/wp-content\/uploads\/sites\/2\/2016\/02\/EP05_LA-TREVE_PSYLARGE-300x169.jpg 300w, https:\/\/welovecinema.be\/wp-content\/uploads\/sites\/2\/2016\/02\/EP05_LA-TREVE_PSYLARGE-620x350.jpg 620w, https:\/\/welovecinema.be\/wp-content\/uploads\/sites\/2\/2016\/02\/EP05_LA-TREVE_PSYLARGE.jpg 1024w\" sizes=\"auto, (max-width: 640px) 100vw, 640px\" \/><\/a><\/p>\n<p>&nbsp;<\/p>\n<p><strong>Il y a aussi une ligne psy?<\/strong><\/p>\n<p>Oui. Notre r\u00e9cit est un r\u00e9cit encadr\u00e9. Quand la s\u00e9rie commence on retrouve Yoann face \u00e0 une expert-psychiatre. Il est incarc\u00e9r\u00e9. Quelque chose s\u2019est pass\u00e9 durant l\u2019enqu\u00eate \u00e0 Heiderfeld. Yoann doit en r\u00e9pondre. On a beaucoup travaill\u00e9 sur ce r\u00e9cit encadr\u00e9. Pour nous, c\u2019\u00e9tait un des grands enjeux de la dramaturgie de jouer sur cette double temporalit\u00e9 qui finit par se rejoindre dans le dernier \u00e9pisode. \u00c7a nous permettait de complexifier le rapport qui existe entre nous et Yoann Peeters.<\/p>\n<p>&nbsp;<\/p>\n<p><a href=\"http:\/\/www.cinevox.be\/wp-content\/uploads\/sites\/2\/2016\/02\/EP05_LA-TREVE_YOANNPSY.jpg\"><img loading=\"lazy\" decoding=\"async\" class=\"aligncenter size-large wp-image-85113\" src=\"http:\/\/www.cinevox.be\/wp-content\/uploads\/sites\/2\/2016\/02\/EP05_LA-TREVE_YOANNPSY-800x450.jpg\" alt=\"\" width=\"640\" height=\"360\" srcset=\"https:\/\/welovecinema.be\/wp-content\/uploads\/sites\/2\/2016\/02\/EP05_LA-TREVE_YOANNPSY-800x450.jpg 800w, https:\/\/welovecinema.be\/wp-content\/uploads\/sites\/2\/2016\/02\/EP05_LA-TREVE_YOANNPSY-200x113.jpg 200w, https:\/\/welovecinema.be\/wp-content\/uploads\/sites\/2\/2016\/02\/EP05_LA-TREVE_YOANNPSY-480x270.jpg 480w, https:\/\/welovecinema.be\/wp-content\/uploads\/sites\/2\/2016\/02\/EP05_LA-TREVE_YOANNPSY-300x169.jpg 300w, https:\/\/welovecinema.be\/wp-content\/uploads\/sites\/2\/2016\/02\/EP05_LA-TREVE_YOANNPSY-620x350.jpg 620w, https:\/\/welovecinema.be\/wp-content\/uploads\/sites\/2\/2016\/02\/EP05_LA-TREVE_YOANNPSY.jpg 1024w\" sizes=\"auto, (max-width: 640px) 100vw, 640px\" \/><\/a><\/p>\n<p><strong>Vous pouvez nous parler de Yoann Blanc,\u00a0 le com\u00e9dien qui endosse le r\u00f4le principal?<\/strong><\/p>\n<p>Au centre de notre ar\u00e8ne, il nous fallait un personnage fort et intriguant, avec des failles, un pass\u00e9&#8230; une sorte de colosse aux pieds d\u2019argile. C\u2019est de cette volont\u00e9 qu\u2019est n\u00e9 l\u2019inspecteur Peeters. Nous avons pens\u00e9 \u00e0 Yoann Blanc d\u00e8s les pr\u00e9mices&#8230; En fait, c\u2019est en trouvant l\u2019acteur, qu\u2019on a dessin\u00e9 l\u2019histoire. Matthieu, qui a d\u00e9j\u00e0 tourn\u00e9 plusieurs fois avec Yoann et le connait bien, \u00e9tait en train de mixer un de ses films (<em>Partouze<\/em>) quand il a eu l\u2019id\u00e9e. Il voyait Yoann passer devant lui sans cesse sur l\u2019\u00e9cran de la salle de mix quand le franc est tomb\u00e9. On en \u00e9tait aux balbutiements de l\u2019intrigue. On a tous les trois plong\u00e9s. C\u2019\u00e9tait exactement le genre de com\u00e9dien qu\u2019on avait envie de voir \u00e0 l\u2019\u00e9cran. A la fois \u00e9nigmatique, intense et captivant&#8230; il a une part d\u2019ombre qui nous int\u00e9ressait. Il am\u00e8ne un ton, une couleur. Yoann a compl\u00e8tement endoss\u00e9 le r\u00f4le et a amen\u00e9 bien plus que ce qu\u2019on cherchait.<\/p>\n<p>&nbsp;<\/p>\n<p><a href=\"http:\/\/www.cinevox.be\/wp-content\/uploads\/sites\/2\/2016\/02\/EP08_LA-TREVE_FISCHER.jpg\"><img loading=\"lazy\" decoding=\"async\" class=\"aligncenter size-large wp-image-85121\" src=\"http:\/\/www.cinevox.be\/wp-content\/uploads\/sites\/2\/2016\/02\/EP08_LA-TREVE_FISCHER-800x450.jpg\" alt=\"\" width=\"640\" height=\"360\" srcset=\"https:\/\/welovecinema.be\/wp-content\/uploads\/sites\/2\/2016\/02\/EP08_LA-TREVE_FISCHER-800x450.jpg 800w, https:\/\/welovecinema.be\/wp-content\/uploads\/sites\/2\/2016\/02\/EP08_LA-TREVE_FISCHER-200x113.jpg 200w, https:\/\/welovecinema.be\/wp-content\/uploads\/sites\/2\/2016\/02\/EP08_LA-TREVE_FISCHER-480x270.jpg 480w, https:\/\/welovecinema.be\/wp-content\/uploads\/sites\/2\/2016\/02\/EP08_LA-TREVE_FISCHER-300x169.jpg 300w, https:\/\/welovecinema.be\/wp-content\/uploads\/sites\/2\/2016\/02\/EP08_LA-TREVE_FISCHER-620x350.jpg 620w, https:\/\/welovecinema.be\/wp-content\/uploads\/sites\/2\/2016\/02\/EP08_LA-TREVE_FISCHER.jpg 1024w\" sizes=\"auto, (max-width: 640px) 100vw, 640px\" \/><\/a><\/p>\n<p>&nbsp;<\/p>\n<p>&nbsp;<\/p>\n<p><strong>Comment avez-vous choisi le reste du casting?<\/strong><\/p>\n<p>On vient tous les trois du cin\u00e9ma, nous sommes tous les trois r\u00e9alisateurs et \u00e0 ce titre, on suit avec beaucoup d\u2019attention les com\u00e9diens belges. Il y a beaucoup de r\u00f4les de <em>La Tr\u00eave <\/em>qui sont des \u00ab sur mesure \u00bb ou presque, \u00e9crit pour des com\u00e9diens avec lesquels on a d\u00e9j\u00e0 tourn\u00e9 ou avec qui on avait envie de tourner. Matthieu en particulier avait d\u00e9j\u00e0 tourn\u00e9 avec beaucoup des com\u00e9diens qui composent la galaxie des visages de <em>La Tr\u00eave.<\/em><\/p>\n<p>&nbsp;<\/p>\n<p><a href=\"http:\/\/www.cinevox.be\/wp-content\/uploads\/sites\/2\/2016\/02\/EP04_LA-TREVE_COMMISSARIAT2.jpg\"><img loading=\"lazy\" decoding=\"async\" class=\"aligncenter size-large wp-image-85123\" src=\"http:\/\/www.cinevox.be\/wp-content\/uploads\/sites\/2\/2016\/02\/EP04_LA-TREVE_COMMISSARIAT2-800x450.jpg\" alt=\"\" width=\"640\" height=\"360\" srcset=\"https:\/\/welovecinema.be\/wp-content\/uploads\/sites\/2\/2016\/02\/EP04_LA-TREVE_COMMISSARIAT2-800x450.jpg 800w, https:\/\/welovecinema.be\/wp-content\/uploads\/sites\/2\/2016\/02\/EP04_LA-TREVE_COMMISSARIAT2-200x113.jpg 200w, https:\/\/welovecinema.be\/wp-content\/uploads\/sites\/2\/2016\/02\/EP04_LA-TREVE_COMMISSARIAT2-480x270.jpg 480w, https:\/\/welovecinema.be\/wp-content\/uploads\/sites\/2\/2016\/02\/EP04_LA-TREVE_COMMISSARIAT2-300x169.jpg 300w, https:\/\/welovecinema.be\/wp-content\/uploads\/sites\/2\/2016\/02\/EP04_LA-TREVE_COMMISSARIAT2-620x350.jpg 620w, https:\/\/welovecinema.be\/wp-content\/uploads\/sites\/2\/2016\/02\/EP04_LA-TREVE_COMMISSARIAT2.jpg 1024w\" sizes=\"auto, (max-width: 640px) 100vw, 640px\" \/><\/a><\/p>\n<p>&nbsp;<\/p>\n<p><strong>Comment avez-vous travaill\u00e9 \u00e0 trois?<\/strong><\/p>\n<p>C\u2019\u00e9tait la premi\u00e8re fois qu\u2019on \u00e9crivait \u00e0 trois. On a pris le temps d\u2019organiser cela et de trouver nos marques et tout s\u2019est fait assez naturellement. Nous avons d\u00e9cid\u00e9 de travailler \u00e0 l\u2019am\u00e9ricaine, avec un showrunner. Rapidement, Matthieu (qui avait d\u00e9j\u00e0 travaill\u00e9 avec chacun de nous) a pris le lead en \u00e9criture et puis ensuite sur le plateau. L\u2019id\u00e9e premi\u00e8re \u00e9tait de simplifier la prise de d\u00e9cision en la concentrant sur une seule personne, d\u2019\u00eatre le plus efficace possible. Dans notre bureau d\u2019\u00e9criture, c\u2019\u00e9tait le laboratoire permanent. On brainstormait sans cesse. On travaillait debout, au tableau, les murs \u00e9taient couverts de Post-it. C\u2019\u00e9tait tr\u00e8s excitant d\u2019inventer cet univers et tous ces personnages. Chaque matin, on avait l\u2019impression d\u2019aller \u00e0 Heiderfeld. On s\u2019est vraiment bien amus\u00e9s, malgr\u00e9 l\u2019ampleur de la t\u00e2che. Entre nous on utilisait des expressions comme \u00ab en cord\u00e9e \u00bb, le premier d\u00e9friche, le deuxi\u00e8me affine et le dernier fait voiture balai pour \u00eatre certain qu\u2019on a rien laiss\u00e9 derri\u00e8re. Et puis au final, Matthieu r\u00e9cup\u00e9rait la mati\u00e8re et dialoguait les \u00e9pisodes. C\u2019\u00e9tait aussi une mani\u00e8re pour lui de d\u00e9j\u00e0 travailler le jeu.<\/p>\n<p>&nbsp;<\/p>\n<p><a href=\"http:\/\/www.cinevox.be\/wp-content\/uploads\/sites\/2\/2016\/02\/EP03_LA-TREVE_DRUMMER1.jpg\"><img loading=\"lazy\" decoding=\"async\" class=\"aligncenter size-large wp-image-85122\" src=\"http:\/\/www.cinevox.be\/wp-content\/uploads\/sites\/2\/2016\/02\/EP03_LA-TREVE_DRUMMER1-800x450.jpg\" alt=\"\" width=\"640\" height=\"360\" srcset=\"https:\/\/welovecinema.be\/wp-content\/uploads\/sites\/2\/2016\/02\/EP03_LA-TREVE_DRUMMER1-800x450.jpg 800w, https:\/\/welovecinema.be\/wp-content\/uploads\/sites\/2\/2016\/02\/EP03_LA-TREVE_DRUMMER1-200x113.jpg 200w, https:\/\/welovecinema.be\/wp-content\/uploads\/sites\/2\/2016\/02\/EP03_LA-TREVE_DRUMMER1-480x270.jpg 480w, https:\/\/welovecinema.be\/wp-content\/uploads\/sites\/2\/2016\/02\/EP03_LA-TREVE_DRUMMER1-300x169.jpg 300w, https:\/\/welovecinema.be\/wp-content\/uploads\/sites\/2\/2016\/02\/EP03_LA-TREVE_DRUMMER1-620x350.jpg 620w, https:\/\/welovecinema.be\/wp-content\/uploads\/sites\/2\/2016\/02\/EP03_LA-TREVE_DRUMMER1.jpg 1024w\" sizes=\"auto, (max-width: 640px) 100vw, 640px\" \/><\/a><\/p>\n<p>&nbsp;<\/p>\n<p>&nbsp;<\/p>\n<p><strong>Quel est le ton que vous recherchiez?<\/strong><\/p>\n<p>Notre premi\u00e8re ambition \u00e9tait d\u2019\u00eatre cr\u00e9dible. Le gros challenge, c\u2019est que les gens y croient. Le public belge francophone n\u2019est pas habitu\u00e9 \u00e0 regarder de la fiction qui se passe pr\u00e8s de chez lui. Il connait mieux la proc\u00e9dure d\u2019une enqu\u00eate en Californie qu\u2019en Wallonie. Ensuite, on tenait absolument \u00e0 mettre de la lumi\u00e8re. <em>La Tr\u00eave<\/em> n\u2019est pas une histoire l\u00e9g\u00e8re, le fond est m\u00eame plut\u00f4t noir, il nous paraissait essentiel de jouer le contraste en y ins\u00e9rant un maximum d\u2019ouverture, de soleil, de couleurs, de lumi\u00e8re. Et enfin, une fois que l\u2019univers \u00e9tait en place, on tenait \u00e0 mettre des touches d\u2019humour, un peu \u00e0 la mani\u00e8re des fr\u00e8res Coen, pour all\u00e9ger la noirceur du r\u00e9cit. De l\u2019humour souvent noir.<\/p>\n<p>&nbsp;<\/p>\n<p><a href=\"http:\/\/www.cinevox.be\/wp-content\/uploads\/sites\/2\/2016\/02\/EP07_LA-TREVE_SANG.jpg\"><img loading=\"lazy\" decoding=\"async\" class=\"aligncenter size-large wp-image-85124\" src=\"http:\/\/www.cinevox.be\/wp-content\/uploads\/sites\/2\/2016\/02\/EP07_LA-TREVE_SANG-800x450.jpg\" alt=\"\" width=\"640\" height=\"360\" srcset=\"https:\/\/welovecinema.be\/wp-content\/uploads\/sites\/2\/2016\/02\/EP07_LA-TREVE_SANG-800x450.jpg 800w, https:\/\/welovecinema.be\/wp-content\/uploads\/sites\/2\/2016\/02\/EP07_LA-TREVE_SANG-200x113.jpg 200w, https:\/\/welovecinema.be\/wp-content\/uploads\/sites\/2\/2016\/02\/EP07_LA-TREVE_SANG-480x270.jpg 480w, https:\/\/welovecinema.be\/wp-content\/uploads\/sites\/2\/2016\/02\/EP07_LA-TREVE_SANG-300x169.jpg 300w, https:\/\/welovecinema.be\/wp-content\/uploads\/sites\/2\/2016\/02\/EP07_LA-TREVE_SANG-620x350.jpg 620w, https:\/\/welovecinema.be\/wp-content\/uploads\/sites\/2\/2016\/02\/EP07_LA-TREVE_SANG.jpg 1024w\" sizes=\"auto, (max-width: 640px) 100vw, 640px\" \/><\/a><\/p>\n<p>&nbsp;<\/p>\n<p><strong>Quelles sont vos r\u00e9f\u00e9rences? Vos sources d\u2019inspiration?<\/strong><\/p>\n<p>On est tr\u00e8s inspir\u00e9s par ce qui se fait en Angleterre, aux \u00c9tats-Unis, dans les pays scandinaves aussi. On aime la profondeur des intrigues qu\u2019ils proposent et leur mani\u00e8re tr\u00e8s assum\u00e9e de les ancrer dans des r\u00e9alit\u00e9s locales. Il y a les classiques <em>Twin Peaks,<\/em> mais aussi les plus r\u00e9centes <em>Broadchurch, True Detective, Fargo<\/em> (le film et la s\u00e9rie), <em>The Killing&#8230;<\/em> Il y a quelque chose de tr\u00e8s fort dans chacune de ces s\u00e9ries. Elles radiographient toutes \u00e0 leur mani\u00e8re un milieu, une r\u00e9alit\u00e9, un lieu, en travaillant \u00e0 la fois le fond et la forme de mani\u00e8re tr\u00e8s cin\u00e9matographique. Je crois que c\u2019est \u00e7a notre influence principale. Essayer d\u2019inscrire <em>La Tr\u00eave,<\/em> ses personnages, son environnement, son ar\u00e8ne dans cette veine.<\/p>\n<p>&nbsp;<\/p>\n<p><a href=\"http:\/\/www.cinevox.be\/wp-content\/uploads\/sites\/2\/2016\/02\/EP03_LA-TREVE_HEIDERFELD.jpg\"><img loading=\"lazy\" decoding=\"async\" class=\"aligncenter size-large wp-image-85116\" src=\"http:\/\/www.cinevox.be\/wp-content\/uploads\/sites\/2\/2016\/02\/EP03_LA-TREVE_HEIDERFELD-800x450.jpg\" alt=\"\" width=\"640\" height=\"360\" srcset=\"https:\/\/welovecinema.be\/wp-content\/uploads\/sites\/2\/2016\/02\/EP03_LA-TREVE_HEIDERFELD-800x450.jpg 800w, https:\/\/welovecinema.be\/wp-content\/uploads\/sites\/2\/2016\/02\/EP03_LA-TREVE_HEIDERFELD-200x113.jpg 200w, https:\/\/welovecinema.be\/wp-content\/uploads\/sites\/2\/2016\/02\/EP03_LA-TREVE_HEIDERFELD-480x270.jpg 480w, https:\/\/welovecinema.be\/wp-content\/uploads\/sites\/2\/2016\/02\/EP03_LA-TREVE_HEIDERFELD-300x169.jpg 300w, https:\/\/welovecinema.be\/wp-content\/uploads\/sites\/2\/2016\/02\/EP03_LA-TREVE_HEIDERFELD-620x350.jpg 620w, https:\/\/welovecinema.be\/wp-content\/uploads\/sites\/2\/2016\/02\/EP03_LA-TREVE_HEIDERFELD.jpg 1024w\" sizes=\"auto, (max-width: 640px) 100vw, 640px\" \/><\/a><\/p>\n<p><strong>Vous cherchiez une identit\u00e9 cin\u00e9matographique? <\/strong><\/p>\n<p>C\u2019\u00e9tait l\u2019ambition de d\u00e9part, faire du cin\u00e9ma \u00e0 la t\u00e9l\u00e9vision. On voulait mettre le jeu des com\u00e9diens au centre et on voulait un look cin\u00e9ma. On voulait que ce soit beau, c\u2019\u00e9tait tr\u00e8s important pour nous. A nouveau, on a essay\u00e9 d\u2019\u00eatre le plus inventif possible, d\u2019une part en demandant majoritairement \u00e0 des gens qu\u2019on connaissaient et qui venaient du cin\u00e9ma, de travailler avec nous ; de l\u2019autre en utilisant le d\u00e9cor \u2013 les Ardennes \u2013 et les moyens techniques actuels, notamment les drones, qui nous ont permis d\u2019avoir des images assez incroyables sans n\u00e9cessiter une logistique hors budget. On entend souvent dire que le centre de gravit\u00e9 de la cr\u00e9ation cin\u00e9matographique aux \u00c9tats-Unis s\u2019est d\u00e9plac\u00e9 vers les s\u00e9ries t\u00e9l\u00e9, surtout depuis que des cha\u00eenes comme HBO, Showtime et maintenant Netflix existent. Ce n\u2019est plus du tout la m\u00eame t\u00e9l\u00e9vision que nous regardions quand nous \u00e9tions petits. C\u2019est du cin\u00e9ma. Et c\u2019est ce qu\u2019on voulait faire nous aussi. D\u00e9placer le centre de gravit\u00e9. Ou en tout cas essayer de le d\u00e9placer.<\/p>\n<p>&nbsp;<\/p>\n<p><a href=\"http:\/\/www.cinevox.be\/wp-content\/uploads\/sites\/2\/2016\/02\/EP05_LA-TREVE_FORETCHEFDECORPS.jpg\"><img loading=\"lazy\" decoding=\"async\" class=\"aligncenter size-large wp-image-85118\" src=\"http:\/\/www.cinevox.be\/wp-content\/uploads\/sites\/2\/2016\/02\/EP05_LA-TREVE_FORETCHEFDECORPS-800x450.jpg\" alt=\"\" width=\"640\" height=\"360\" srcset=\"https:\/\/welovecinema.be\/wp-content\/uploads\/sites\/2\/2016\/02\/EP05_LA-TREVE_FORETCHEFDECORPS-800x450.jpg 800w, https:\/\/welovecinema.be\/wp-content\/uploads\/sites\/2\/2016\/02\/EP05_LA-TREVE_FORETCHEFDECORPS-200x113.jpg 200w, https:\/\/welovecinema.be\/wp-content\/uploads\/sites\/2\/2016\/02\/EP05_LA-TREVE_FORETCHEFDECORPS-480x270.jpg 480w, https:\/\/welovecinema.be\/wp-content\/uploads\/sites\/2\/2016\/02\/EP05_LA-TREVE_FORETCHEFDECORPS-300x169.jpg 300w, https:\/\/welovecinema.be\/wp-content\/uploads\/sites\/2\/2016\/02\/EP05_LA-TREVE_FORETCHEFDECORPS-620x350.jpg 620w, https:\/\/welovecinema.be\/wp-content\/uploads\/sites\/2\/2016\/02\/EP05_LA-TREVE_FORETCHEFDECORPS.jpg 1024w\" sizes=\"auto, (max-width: 640px) 100vw, 640px\" \/><\/a><\/p>\n<p>&nbsp;<\/p>\n<p><strong>C\u2019est pour \u00e7a que vous avez choisi de situer l\u2019action dans les Ardennes belges?<\/strong><\/p>\n<p>Quand on a commenc\u00e9 \u00e0 discuter de la s\u00e9rie qu\u2019on voulait \u00e9crire, le deuxi\u00e8me mot a \u00e9t\u00e9 Ardenne. On voulait des sapins, des rivi\u00e8res. On a un d\u00e9cor incroyablement cin\u00e9matographique en Belgique, en Wallonie, qui est tr\u00e8s peu exploit\u00e9. Comme les am\u00e9ricains ont cr\u00e9\u00e9 leur imaginaire en filmant le Far West, une de nos ambitions \u00e9tait d\u2019utiliser les Ardennes pour cr\u00e9er un imaginaire belge et y ancrer notre histoire. Pour les int\u00e9rieurs, l\u2019id\u00e9e \u00e9tait d\u2019inscrire ces d\u00e9cors dans la m\u00eame ligne que les ext\u00e9rieurs, de les rendre organiques, de les marquer. On a travaill\u00e9 avec Catherine Cosme, avec qui on avait d\u00e9j\u00e0 collabor\u00e9 sur de pr\u00e9c\u00e9dents projets. Elle a trouv\u00e9 un h\u00f4pital vide \u00e0 St-Ode dans lequel elle a pu recr\u00e9er beaucoup de lieux, le commissariat notamment&#8230; \u00c7a a \u00e9t\u00e9 un \u00e9norme coup de chance, un v\u00e9ritable studio g\u00e9ant o\u00f9 nous avons eu la paix pour tourner notre s\u00e9rie.<\/p>\n<p>&nbsp;<\/p>\n<p><a href=\"http:\/\/www.cinevox.be\/wp-content\/uploads\/sites\/2\/2016\/02\/EP06_LA-TREVE_ZOE.jpg\"><img loading=\"lazy\" decoding=\"async\" class=\"aligncenter size-large wp-image-85117\" src=\"http:\/\/www.cinevox.be\/wp-content\/uploads\/sites\/2\/2016\/02\/EP06_LA-TREVE_ZOE-800x450.jpg\" alt=\"\" width=\"640\" height=\"360\" srcset=\"https:\/\/welovecinema.be\/wp-content\/uploads\/sites\/2\/2016\/02\/EP06_LA-TREVE_ZOE-800x450.jpg 800w, https:\/\/welovecinema.be\/wp-content\/uploads\/sites\/2\/2016\/02\/EP06_LA-TREVE_ZOE-200x113.jpg 200w, https:\/\/welovecinema.be\/wp-content\/uploads\/sites\/2\/2016\/02\/EP06_LA-TREVE_ZOE-480x270.jpg 480w, https:\/\/welovecinema.be\/wp-content\/uploads\/sites\/2\/2016\/02\/EP06_LA-TREVE_ZOE-300x169.jpg 300w, https:\/\/welovecinema.be\/wp-content\/uploads\/sites\/2\/2016\/02\/EP06_LA-TREVE_ZOE-620x350.jpg 620w, https:\/\/welovecinema.be\/wp-content\/uploads\/sites\/2\/2016\/02\/EP06_LA-TREVE_ZOE.jpg 1024w\" sizes=\"auto, (max-width: 640px) 100vw, 640px\" \/><\/a><\/p>\n<p>&nbsp;<\/p>\n<p><strong>Comment s\u2019est pass\u00e9 le tournage?<\/strong><\/p>\n<p>C\u2019\u00e9tait intense. 7 jours de tournage par \u00e9pisode, c\u2019est tr\u00e8s peu de temps. Le budget \u00e9tant tr\u00e8s serr\u00e9, on a d\u00fb \u00eatre inventifs. On a d\u00e9cid\u00e9 de r\u00e9duire au maximum les moyens techniques pour laisser le plus de place possible au jeu. Une s\u00e9rie c\u2019est avant tout des com\u00e9diens qui interpr\u00e8tent une histoire. C\u2019est \u00e7a que les gens veulent voir et c\u2019est ce qu\u2019on a mis en avant. On a donc r\u00e9fl\u00e9chi avec Olivier Boonjing, le chef op\u00e9rateur, pour que le dispositif soit le plus simple possible sans que cela compromette la qualit\u00e9 du projet. Olivier \u00e9tait la personne parfaite pour ce genre de d\u00e9fi. C\u2019est un chef op bricoleur et tr\u00e8s inventif. Il a construit deux petites cam\u00e9ras tr\u00e8s l\u00e9g\u00e8res pens\u00e9es sp\u00e9cialement pour le tournage. Ces cam\u00e9ras nous ont rendus extr\u00eamement mobiles et donc tr\u00e8s rapides. Ce qui a permis \u00e0 Matthieu de se concentrer sur la mise en sc\u00e8ne, sans jamais se brider, malgr\u00e9 l\u2019urgence. On a pu essayer des choses, exp\u00e9rimenter, ce qui dans ce type de contexte est un miracle.<\/p>\n<p>&nbsp;<\/p>\n<p><a href=\"http:\/\/www.cinevox.be\/wp-content\/uploads\/sites\/2\/2016\/02\/EP02_LA-TREVE_INESJOEFFREY.jpg\"><img loading=\"lazy\" decoding=\"async\" class=\"aligncenter size-large wp-image-85114\" src=\"http:\/\/www.cinevox.be\/wp-content\/uploads\/sites\/2\/2016\/02\/EP02_LA-TREVE_INESJOEFFREY-800x450.jpg\" alt=\"\" width=\"640\" height=\"360\" srcset=\"https:\/\/welovecinema.be\/wp-content\/uploads\/sites\/2\/2016\/02\/EP02_LA-TREVE_INESJOEFFREY-800x450.jpg 800w, https:\/\/welovecinema.be\/wp-content\/uploads\/sites\/2\/2016\/02\/EP02_LA-TREVE_INESJOEFFREY-200x113.jpg 200w, https:\/\/welovecinema.be\/wp-content\/uploads\/sites\/2\/2016\/02\/EP02_LA-TREVE_INESJOEFFREY-480x270.jpg 480w, https:\/\/welovecinema.be\/wp-content\/uploads\/sites\/2\/2016\/02\/EP02_LA-TREVE_INESJOEFFREY-300x169.jpg 300w, https:\/\/welovecinema.be\/wp-content\/uploads\/sites\/2\/2016\/02\/EP02_LA-TREVE_INESJOEFFREY-620x350.jpg 620w, https:\/\/welovecinema.be\/wp-content\/uploads\/sites\/2\/2016\/02\/EP02_LA-TREVE_INESJOEFFREY.jpg 1024w\" sizes=\"auto, (max-width: 640px) 100vw, 640px\" \/><\/a><\/p>\n<p>&nbsp;<\/p>\n<p><strong>Pour les acteurs aussi, c\u2019\u00e9tait un gros challenge? Matthieu tu peux nous en parler?<\/strong><\/p>\n<p>Bien s\u00fbr. C\u2019est certain. Aborder un tournage de 70 jours et 520 pages de sc\u00e9narios est une exp\u00e9rience tr\u00e8s particuli\u00e8re. C\u2019est une course de fond, il faut bien g\u00e9rer son \u00e9nergie. Nous avons fait une bonne pr\u00e9paration en amont. Nous avons beaucoup r\u00e9p\u00e9t\u00e9, discut\u00e9. J\u2019ai pu passer les sc\u00e8nes en revue avec chaque com\u00e9dien, d\u00e9finir ensemble les personnages et \u00e9vacuer un maximum de questions avant d\u2019\u00eatre sur le plateau. \u00c7a nous a fait gagner pas mal de temps. Le fait de bien se conna\u00eetre avec la plupart des com\u00e9diens a aussi \u00e9t\u00e9 un vrai plus, \u00e7a acc\u00e9l\u00e8re la confiance que l\u2019on doit obligatoirement se faire sur un plateau. J\u2019adore travailler avec les acteurs et l\u00e0, j\u2019ai vraiment pris mon pied sur ce projet.<\/p>\n<p>&nbsp;<\/p>\n<p><a href=\"http:\/\/www.cinevox.be\/wp-content\/uploads\/sites\/2\/2016\/02\/EP04_LA-TREVE_YOANN.jpg\"><img loading=\"lazy\" decoding=\"async\" class=\"aligncenter size-large wp-image-85125\" src=\"http:\/\/www.cinevox.be\/wp-content\/uploads\/sites\/2\/2016\/02\/EP04_LA-TREVE_YOANN-800x450.jpg\" alt=\"\" width=\"640\" height=\"360\" srcset=\"https:\/\/welovecinema.be\/wp-content\/uploads\/sites\/2\/2016\/02\/EP04_LA-TREVE_YOANN-800x450.jpg 800w, https:\/\/welovecinema.be\/wp-content\/uploads\/sites\/2\/2016\/02\/EP04_LA-TREVE_YOANN-200x113.jpg 200w, https:\/\/welovecinema.be\/wp-content\/uploads\/sites\/2\/2016\/02\/EP04_LA-TREVE_YOANN-480x270.jpg 480w, https:\/\/welovecinema.be\/wp-content\/uploads\/sites\/2\/2016\/02\/EP04_LA-TREVE_YOANN-300x169.jpg 300w, https:\/\/welovecinema.be\/wp-content\/uploads\/sites\/2\/2016\/02\/EP04_LA-TREVE_YOANN-620x350.jpg 620w, https:\/\/welovecinema.be\/wp-content\/uploads\/sites\/2\/2016\/02\/EP04_LA-TREVE_YOANN.jpg 1024w\" sizes=\"auto, (max-width: 640px) 100vw, 640px\" \/><\/a><\/p>\n<p>&nbsp;<\/p>\n<p><strong>Vous \u00e9tiez tous les trois sur le plateau?<\/strong><\/p>\n<p>Oui. On a tourn\u00e9 70 jours en tout, et c\u2019\u00e9tait tr\u00e8s intense. On n\u2019avait pas droit \u00e0 l\u2019erreur. La chance pour moi en tant que r\u00e9alisateur, c\u2019\u00e9tait d\u2019avoir mes co-sc\u00e9naristes sur le plateau, puisque Benjamin cadrait la deuxi\u00e8me cam\u00e9ra et que St\u00e9phane \u00e9tait scripte. C\u2019\u00e9tait tr\u00e8s rassurant d\u2019avoir leurs regards et je pense que \u00e7a a \u00e9galement motiv\u00e9 l\u2019\u00e9quipe de voir les sc\u00e9naristes mouiller leurs chemises avec eux. L\u2019\u00e9quipe \u00e9tait super motiv\u00e9e, c\u2019\u00e9tait tr\u00e8s agr\u00e9able de se sentir port\u00e9 par ce groupe soud\u00e9. C\u2019est une exp\u00e9rience humaine d\u2019une rare intensit\u00e9.<\/p>\n<p>&nbsp;<\/p>\n<p><a href=\"http:\/\/www.cinevox.be\/wp-content\/uploads\/sites\/2\/2016\/02\/EP04_LA-TREVE_FORET.jpg\"><img loading=\"lazy\" decoding=\"async\" class=\"aligncenter size-large wp-image-85126\" src=\"http:\/\/www.cinevox.be\/wp-content\/uploads\/sites\/2\/2016\/02\/EP04_LA-TREVE_FORET-800x450.jpg\" alt=\"\" width=\"640\" height=\"360\" srcset=\"https:\/\/welovecinema.be\/wp-content\/uploads\/sites\/2\/2016\/02\/EP04_LA-TREVE_FORET-800x450.jpg 800w, https:\/\/welovecinema.be\/wp-content\/uploads\/sites\/2\/2016\/02\/EP04_LA-TREVE_FORET-200x113.jpg 200w, https:\/\/welovecinema.be\/wp-content\/uploads\/sites\/2\/2016\/02\/EP04_LA-TREVE_FORET-480x270.jpg 480w, https:\/\/welovecinema.be\/wp-content\/uploads\/sites\/2\/2016\/02\/EP04_LA-TREVE_FORET-300x169.jpg 300w, https:\/\/welovecinema.be\/wp-content\/uploads\/sites\/2\/2016\/02\/EP04_LA-TREVE_FORET-620x350.jpg 620w, https:\/\/welovecinema.be\/wp-content\/uploads\/sites\/2\/2016\/02\/EP04_LA-TREVE_FORET.jpg 1024w\" sizes=\"auto, (max-width: 640px) 100vw, 640px\" \/><\/a><\/p>\n<p>&nbsp;<\/p>\n<p><strong>C\u2019\u00e9tait un challenge de produire \u00e7a en Belgique ?<\/strong><\/p>\n<p>Oui un vrai challenge car c\u2019\u00e9tait une premi\u00e8re en Belgique francophone ! La Tr\u00eave a un tout petit budget compar\u00e9 aux \u00ab blockbusters \u00bb scandinaves, anglais, fran\u00e7ais, et \u00e9videmment am\u00e9ricains.<em> La Tr\u00eave,<\/em> c\u2019est de l\u2019artisanat. Nous l\u2019avons fait \u00e0 l\u2019huile de coude et \u00e0 l\u2019\u00e9nergie, aid\u00e9s par une \u00e9quipe soud\u00e9e et motiv\u00e9e. C\u2019est cette \u00e9nergie incroyable qui, on l\u2019esp\u00e8re, passe \u00e0 l\u2019\u00e9cran.<\/p>\n<p>&nbsp;<\/p>\n<p>&nbsp;<\/p>\n<p>&nbsp;<\/p>\n<p>&nbsp;<\/p>\n","protected":false},"excerpt":{"rendered":"<p>Ils sont trois, des amis\u00a0: Matthieu Donck, Benjamin D\u2019Aoust et St\u00e9phane Bergmans. Ensemble, ils ont imagin\u00e9 La Tr\u00eave, l\u2019ont patiemment construite, \u00e9crite et l\u2019ont port\u00e9e jusqu\u2019\u00e0 terme. Pour un r\u00e9sultat surprenant, cautionn\u00e9 par les \u00e9chos tr\u00e8s positifs recueillis apr\u00e8s la diffusion des deux premiers \u00e9pisodes sur la Une \u00e0 laquelle ont assist\u00e9 477.000 spectateurs. Avec &hellip;<\/p>\n","protected":false},"author":7,"featured_media":85128,"comment_status":"closed","ping_status":"closed","sticky":false,"template":"","format":"standard","meta":{"ngg_post_thumbnail":0,"footnotes":""},"categories":[14],"tags":[],"class_list":["post-85109","post","type-post","status-publish","format-standard","has-post-thumbnail","","category-home-cinema"],"yoast_head":"<!-- This site is optimized with the Yoast SEO plugin v20.4 - https:\/\/yoast.com\/wordpress\/plugins\/seo\/ -->\n<title>La tr\u00eave : interrogatoire des principaux suspects  - We Love Cinema<\/title>\n<meta name=\"robots\" content=\"index, follow, max-snippet:-1, max-image-preview:large, max-video-preview:-1\" \/>\n<link rel=\"canonical\" href=\"https:\/\/welovecinema.be\/fr\/les-trois-scenaristes-de-la-treve-nous-presentent-les-coulisses-de-la-serie\/\" \/>\n<meta property=\"og:locale\" content=\"fr_FR\" \/>\n<meta property=\"og:type\" content=\"article\" \/>\n<meta property=\"og:title\" content=\"La tr\u00eave : interrogatoire des principaux suspects  - We Love Cinema\" \/>\n<meta property=\"og:description\" content=\"Ils sont trois, des amis\u00a0: Matthieu Donck, Benjamin D\u2019Aoust et St\u00e9phane Bergmans. Ensemble, ils ont imagin\u00e9 La Tr\u00eave, l\u2019ont patiemment construite, \u00e9crite et l\u2019ont port\u00e9e jusqu\u2019\u00e0 terme. Pour un r\u00e9sultat surprenant, cautionn\u00e9 par les \u00e9chos tr\u00e8s positifs recueillis apr\u00e8s la diffusion des deux premiers \u00e9pisodes sur la Une \u00e0 laquelle ont assist\u00e9 477.000 spectateurs. Avec &hellip;\" \/>\n<meta property=\"og:url\" content=\"https:\/\/welovecinema.be\/fr\/les-trois-scenaristes-de-la-treve-nous-presentent-les-coulisses-de-la-serie\/\" \/>\n<meta property=\"og:site_name\" content=\"We Love Cinema\" \/>\n<meta property=\"article:publisher\" content=\"https:\/\/www.facebook.com\/welovecinema.be\" \/>\n<meta property=\"article:published_time\" content=\"2016-02-26T07:03:23+00:00\" \/>\n<meta property=\"article:modified_time\" content=\"2016-02-23T13:50:28+00:00\" \/>\n<meta property=\"og:image\" content=\"https:\/\/welovecinema.be\/wp-content\/uploads\/sites\/2\/2010\/02\/000_LA_TREVE.jpg\" \/>\n\t<meta property=\"og:image:width\" content=\"1024\" \/>\n\t<meta property=\"og:image:height\" content=\"576\" \/>\n\t<meta property=\"og:image:type\" content=\"image\/jpeg\" \/>\n<meta name=\"author\" content=\"Philippe.Pierquin\" \/>\n<meta name=\"twitter:card\" content=\"summary_large_image\" \/>\n<meta name=\"twitter:label1\" content=\"\u00c9crit par\" \/>\n\t<meta name=\"twitter:data1\" content=\"Philippe.Pierquin\" \/>\n\t<meta name=\"twitter:label2\" content=\"Dur\u00e9e de lecture estim\u00e9e\" \/>\n\t<meta name=\"twitter:data2\" content=\"13 minutes\" \/>\n<script type=\"application\/ld+json\" class=\"yoast-schema-graph\">{\"@context\":\"https:\/\/schema.org\",\"@graph\":[{\"@type\":\"Article\",\"@id\":\"https:\/\/welovecinema.be\/fr\/les-trois-scenaristes-de-la-treve-nous-presentent-les-coulisses-de-la-serie\/#article\",\"isPartOf\":{\"@id\":\"https:\/\/welovecinema.be\/fr\/les-trois-scenaristes-de-la-treve-nous-presentent-les-coulisses-de-la-serie\/\"},\"author\":{\"name\":\"Philippe.Pierquin\",\"@id\":\"https:\/\/welovecinema.be\/nl\/#\/schema\/person\/4b9b1d857f0943453a38a7c2859ef756\"},\"headline\":\"La tr\u00eave : interrogatoire des principaux suspects\",\"datePublished\":\"2016-02-26T07:03:23+00:00\",\"dateModified\":\"2016-02-23T13:50:28+00:00\",\"mainEntityOfPage\":{\"@id\":\"https:\/\/welovecinema.be\/fr\/les-trois-scenaristes-de-la-treve-nous-presentent-les-coulisses-de-la-serie\/\"},\"wordCount\":2691,\"publisher\":{\"@id\":\"https:\/\/welovecinema.be\/nl\/#organization\"},\"articleSection\":[\"Plateau t\u00e9l\u00e9\"],\"inLanguage\":\"fr-FR\"},{\"@type\":\"WebPage\",\"@id\":\"https:\/\/welovecinema.be\/fr\/les-trois-scenaristes-de-la-treve-nous-presentent-les-coulisses-de-la-serie\/\",\"url\":\"https:\/\/welovecinema.be\/fr\/les-trois-scenaristes-de-la-treve-nous-presentent-les-coulisses-de-la-serie\/\",\"name\":\"La tr\u00eave : interrogatoire des principaux suspects - We Love Cinema\",\"isPartOf\":{\"@id\":\"https:\/\/welovecinema.be\/nl\/#website\"},\"datePublished\":\"2016-02-26T07:03:23+00:00\",\"dateModified\":\"2016-02-23T13:50:28+00:00\",\"breadcrumb\":{\"@id\":\"https:\/\/welovecinema.be\/fr\/les-trois-scenaristes-de-la-treve-nous-presentent-les-coulisses-de-la-serie\/#breadcrumb\"},\"inLanguage\":\"fr-FR\",\"potentialAction\":[{\"@type\":\"ReadAction\",\"target\":[\"https:\/\/welovecinema.be\/fr\/les-trois-scenaristes-de-la-treve-nous-presentent-les-coulisses-de-la-serie\/\"]}]},{\"@type\":\"BreadcrumbList\",\"@id\":\"https:\/\/welovecinema.be\/fr\/les-trois-scenaristes-de-la-treve-nous-presentent-les-coulisses-de-la-serie\/#breadcrumb\",\"itemListElement\":[{\"@type\":\"ListItem\",\"position\":1,\"name\":\"Accueil\",\"item\":\"https:\/\/welovecinema.be\/fr\/\"},{\"@type\":\"ListItem\",\"position\":2,\"name\":\"La tr\u00eave : interrogatoire des principaux suspects\"}]},{\"@type\":\"WebSite\",\"@id\":\"https:\/\/welovecinema.be\/nl\/#website\",\"url\":\"https:\/\/welovecinema.be\/nl\/\",\"name\":\"We Love Cinema\",\"description\":\"Toute l\u2019information du cin\u00e9ma en Belgique\",\"publisher\":{\"@id\":\"https:\/\/welovecinema.be\/nl\/#organization\"},\"potentialAction\":[{\"@type\":\"SearchAction\",\"target\":{\"@type\":\"EntryPoint\",\"urlTemplate\":\"https:\/\/welovecinema.be\/nl\/?s={search_term_string}\"},\"query-input\":\"required name=search_term_string\"}],\"inLanguage\":\"fr-FR\"},{\"@type\":\"Organization\",\"@id\":\"https:\/\/welovecinema.be\/nl\/#organization\",\"name\":\"We Love Cinema\",\"url\":\"https:\/\/welovecinema.be\/nl\/\",\"logo\":{\"@type\":\"ImageObject\",\"inLanguage\":\"fr-FR\",\"@id\":\"https:\/\/welovecinema.be\/nl\/#\/schema\/logo\/image\/\",\"url\":\"https:\/\/welovecinema.be\/wp-content\/uploads\/sites\/2\/2023\/03\/Logo-We-Love-Cinema305x128.jpg\",\"contentUrl\":\"https:\/\/welovecinema.be\/wp-content\/uploads\/sites\/2\/2023\/03\/Logo-We-Love-Cinema305x128.jpg\",\"width\":305,\"height\":128,\"caption\":\"We Love Cinema\"},\"image\":{\"@id\":\"https:\/\/welovecinema.be\/nl\/#\/schema\/logo\/image\/\"},\"sameAs\":[\"https:\/\/www.facebook.com\/welovecinema.be\",\"https:\/\/www.youtube.com\/channel\/UCX5LYGVhnKvYauW4Nta4HJA\",\"https:\/\/www.instagram.com\/welovecinema.be\/\"]},{\"@type\":\"Person\",\"@id\":\"https:\/\/welovecinema.be\/nl\/#\/schema\/person\/4b9b1d857f0943453a38a7c2859ef756\",\"name\":\"Philippe.Pierquin\",\"url\":\"https:\/\/welovecinema.be\/fr\/author\/philippe-pierquin\/\"}]}<\/script>\n<!-- \/ Yoast SEO plugin. -->","yoast_head_json":{"title":"La tr\u00eave : interrogatoire des principaux suspects  - We Love Cinema","robots":{"index":"index","follow":"follow","max-snippet":"max-snippet:-1","max-image-preview":"max-image-preview:large","max-video-preview":"max-video-preview:-1"},"canonical":"https:\/\/welovecinema.be\/fr\/les-trois-scenaristes-de-la-treve-nous-presentent-les-coulisses-de-la-serie\/","og_locale":"fr_FR","og_type":"article","og_title":"La tr\u00eave : interrogatoire des principaux suspects  - We Love Cinema","og_description":"Ils sont trois, des amis\u00a0: Matthieu Donck, Benjamin D\u2019Aoust et St\u00e9phane Bergmans. Ensemble, ils ont imagin\u00e9 La Tr\u00eave, l\u2019ont patiemment construite, \u00e9crite et l\u2019ont port\u00e9e jusqu\u2019\u00e0 terme. Pour un r\u00e9sultat surprenant, cautionn\u00e9 par les \u00e9chos tr\u00e8s positifs recueillis apr\u00e8s la diffusion des deux premiers \u00e9pisodes sur la Une \u00e0 laquelle ont assist\u00e9 477.000 spectateurs. Avec &hellip;","og_url":"https:\/\/welovecinema.be\/fr\/les-trois-scenaristes-de-la-treve-nous-presentent-les-coulisses-de-la-serie\/","og_site_name":"We Love Cinema","article_publisher":"https:\/\/www.facebook.com\/welovecinema.be","article_published_time":"2016-02-26T07:03:23+00:00","article_modified_time":"2016-02-23T13:50:28+00:00","og_image":[{"width":1024,"height":576,"url":"https:\/\/welovecinema.be\/wp-content\/uploads\/sites\/2\/2010\/02\/000_LA_TREVE.jpg","type":"image\/jpeg"}],"author":"Philippe.Pierquin","twitter_card":"summary_large_image","twitter_misc":{"\u00c9crit par":"Philippe.Pierquin","Dur\u00e9e de lecture estim\u00e9e":"13 minutes"},"schema":{"@context":"https:\/\/schema.org","@graph":[{"@type":"Article","@id":"https:\/\/welovecinema.be\/fr\/les-trois-scenaristes-de-la-treve-nous-presentent-les-coulisses-de-la-serie\/#article","isPartOf":{"@id":"https:\/\/welovecinema.be\/fr\/les-trois-scenaristes-de-la-treve-nous-presentent-les-coulisses-de-la-serie\/"},"author":{"name":"Philippe.Pierquin","@id":"https:\/\/welovecinema.be\/nl\/#\/schema\/person\/4b9b1d857f0943453a38a7c2859ef756"},"headline":"La tr\u00eave : interrogatoire des principaux suspects","datePublished":"2016-02-26T07:03:23+00:00","dateModified":"2016-02-23T13:50:28+00:00","mainEntityOfPage":{"@id":"https:\/\/welovecinema.be\/fr\/les-trois-scenaristes-de-la-treve-nous-presentent-les-coulisses-de-la-serie\/"},"wordCount":2691,"publisher":{"@id":"https:\/\/welovecinema.be\/nl\/#organization"},"articleSection":["Plateau t\u00e9l\u00e9"],"inLanguage":"fr-FR"},{"@type":"WebPage","@id":"https:\/\/welovecinema.be\/fr\/les-trois-scenaristes-de-la-treve-nous-presentent-les-coulisses-de-la-serie\/","url":"https:\/\/welovecinema.be\/fr\/les-trois-scenaristes-de-la-treve-nous-presentent-les-coulisses-de-la-serie\/","name":"La tr\u00eave : interrogatoire des principaux suspects - We Love Cinema","isPartOf":{"@id":"https:\/\/welovecinema.be\/nl\/#website"},"datePublished":"2016-02-26T07:03:23+00:00","dateModified":"2016-02-23T13:50:28+00:00","breadcrumb":{"@id":"https:\/\/welovecinema.be\/fr\/les-trois-scenaristes-de-la-treve-nous-presentent-les-coulisses-de-la-serie\/#breadcrumb"},"inLanguage":"fr-FR","potentialAction":[{"@type":"ReadAction","target":["https:\/\/welovecinema.be\/fr\/les-trois-scenaristes-de-la-treve-nous-presentent-les-coulisses-de-la-serie\/"]}]},{"@type":"BreadcrumbList","@id":"https:\/\/welovecinema.be\/fr\/les-trois-scenaristes-de-la-treve-nous-presentent-les-coulisses-de-la-serie\/#breadcrumb","itemListElement":[{"@type":"ListItem","position":1,"name":"Accueil","item":"https:\/\/welovecinema.be\/fr\/"},{"@type":"ListItem","position":2,"name":"La tr\u00eave : interrogatoire des principaux suspects"}]},{"@type":"WebSite","@id":"https:\/\/welovecinema.be\/nl\/#website","url":"https:\/\/welovecinema.be\/nl\/","name":"We Love Cinema","description":"Toute l\u2019information du cin\u00e9ma en Belgique","publisher":{"@id":"https:\/\/welovecinema.be\/nl\/#organization"},"potentialAction":[{"@type":"SearchAction","target":{"@type":"EntryPoint","urlTemplate":"https:\/\/welovecinema.be\/nl\/?s={search_term_string}"},"query-input":"required name=search_term_string"}],"inLanguage":"fr-FR"},{"@type":"Organization","@id":"https:\/\/welovecinema.be\/nl\/#organization","name":"We Love Cinema","url":"https:\/\/welovecinema.be\/nl\/","logo":{"@type":"ImageObject","inLanguage":"fr-FR","@id":"https:\/\/welovecinema.be\/nl\/#\/schema\/logo\/image\/","url":"https:\/\/welovecinema.be\/wp-content\/uploads\/sites\/2\/2023\/03\/Logo-We-Love-Cinema305x128.jpg","contentUrl":"https:\/\/welovecinema.be\/wp-content\/uploads\/sites\/2\/2023\/03\/Logo-We-Love-Cinema305x128.jpg","width":305,"height":128,"caption":"We Love Cinema"},"image":{"@id":"https:\/\/welovecinema.be\/nl\/#\/schema\/logo\/image\/"},"sameAs":["https:\/\/www.facebook.com\/welovecinema.be","https:\/\/www.youtube.com\/channel\/UCX5LYGVhnKvYauW4Nta4HJA","https:\/\/www.instagram.com\/welovecinema.be\/"]},{"@type":"Person","@id":"https:\/\/welovecinema.be\/nl\/#\/schema\/person\/4b9b1d857f0943453a38a7c2859ef756","name":"Philippe.Pierquin","url":"https:\/\/welovecinema.be\/fr\/author\/philippe-pierquin\/"}]}},"_links":{"self":[{"href":"https:\/\/welovecinema.be\/fr\/wp-json\/wp\/v2\/posts\/85109","targetHints":{"allow":["GET"]}}],"collection":[{"href":"https:\/\/welovecinema.be\/fr\/wp-json\/wp\/v2\/posts"}],"about":[{"href":"https:\/\/welovecinema.be\/fr\/wp-json\/wp\/v2\/types\/post"}],"author":[{"embeddable":true,"href":"https:\/\/welovecinema.be\/fr\/wp-json\/wp\/v2\/users\/7"}],"replies":[{"embeddable":true,"href":"https:\/\/welovecinema.be\/fr\/wp-json\/wp\/v2\/comments?post=85109"}],"version-history":[{"count":0,"href":"https:\/\/welovecinema.be\/fr\/wp-json\/wp\/v2\/posts\/85109\/revisions"}],"wp:featuredmedia":[{"embeddable":true,"href":"https:\/\/welovecinema.be\/fr\/wp-json\/wp\/v2\/media\/85128"}],"wp:attachment":[{"href":"https:\/\/welovecinema.be\/fr\/wp-json\/wp\/v2\/media?parent=85109"}],"wp:term":[{"taxonomy":"category","embeddable":true,"href":"https:\/\/welovecinema.be\/fr\/wp-json\/wp\/v2\/categories?post=85109"},{"taxonomy":"post_tag","embeddable":true,"href":"https:\/\/welovecinema.be\/fr\/wp-json\/wp\/v2\/tags?post=85109"}],"curies":[{"name":"wp","href":"https:\/\/api.w.org\/{rel}","templated":true}]}}