{"id":84861,"date":"2016-02-16T09:48:04","date_gmt":"2016-02-16T08:48:04","guid":{"rendered":"http:\/\/www.cinevox.be\/?p=84861"},"modified":"2016-02-16T09:48:04","modified_gmt":"2016-02-16T08:48:04","slug":"84861","status":"publish","type":"post","link":"https:\/\/welovecinema.be\/fr\/84861\/","title":{"rendered":"Quatre courts \u00e0 vous conseiller"},"content":{"rendered":"<p>Il est actuellement \u00e0 l&rsquo;affiche de&#8230; <em>The revenant<\/em> avec Leonardo Di Caprio. On le croisera bient\u00f4t dans la s\u00e9rie La Tr\u00eave. Mais depuis Eldorado, <strong>Fabrice Adde<\/strong> a aussi jou\u00e9 dans des courts m\u00e9trages. Comme cet excellent<em> Conseiller <\/em>d&rsquo;Elisabeth Llado o\u00f9 il se d\u00e9bat pour essayer de sauver son domaine agricole face \u00e0 un banquier pragmatique.<br \/>\nPour conserver\u00a0l&rsquo;affaire familiale, il pourrait tout aussi bien\u00a0vendre sa famille, lancer un sort au monde de la finance ou s&rsquo;asseoir sur un banc. Prrre\u00fcte, alors !<br \/>\nLe rendez-vous des courts, c&rsquo;est toujours le mercredi sur la Trois. Pas d&rsquo;in\u00e9dit en vue, mais du solide pour entamer la nuit.<!--more--><\/p>\n<p>&nbsp;<\/p>\n<p>&nbsp;<\/p>\n<p><a href=\"http:\/\/www.cinevox.be\/wp-content\/uploads\/sites\/2\/2015\/09\/conseiller-3.jpg\"><img loading=\"lazy\" decoding=\"async\" class=\"aligncenter size-large wp-image-78753\" src=\"http:\/\/www.cinevox.be\/wp-content\/uploads\/sites\/2\/2015\/09\/conseiller-3-800x331.jpg\" alt=\"\" width=\"640\" height=\"264\" srcset=\"https:\/\/welovecinema.be\/wp-content\/uploads\/sites\/2\/2015\/09\/conseiller-3-800x331.jpg 800w, https:\/\/welovecinema.be\/wp-content\/uploads\/sites\/2\/2015\/09\/conseiller-3-480x198.jpg 480w, https:\/\/welovecinema.be\/wp-content\/uploads\/sites\/2\/2015\/09\/conseiller-3.jpg 1263w\" sizes=\"auto, (max-width: 640px) 100vw, 640px\" \/><\/a><\/p>\n<p>&nbsp;<\/p>\n<h2>23 : 55\u00a0&#8211; <strong>Le conseiller<\/strong><\/h2>\n<ul>\n<li><strong>Dur\u00e9e\u00a0:<\/strong>\u00a000:18<\/li>\n<\/ul>\n<p>Christophe, banquier comp\u00e9titif et ambitieux, \u00e9tudie le dossier d\u2019Arthur, jeune agriculteur d\u00e9sireux de reprendre la ferme familiale.<br \/>\nLeur ambition et un syst\u00e8me \u00e9conomique qui incite \u00e0 la croissance vont les pousser \u00e0 s\u2019embarquer dans ce projet.<br \/>\nTout est vou\u00e9 au changement, \u00e0 une \u00e9volution certaine, mais pas toujours rassurante.<\/p>\n<ul>\n<li><strong>R\u00e9alisateur\u00a0:\u00a0<\/strong>Elisabeth Llado<\/li>\n<li><strong>Sc\u00e9nariste\u00a0:\u00a0<\/strong>Elisabeth Llado<\/li>\n<li><strong>Acteur\/Actrice\u00a0:\u00a0<\/strong>Benoit Piret, Fabrice Adde, Jean-Benoit Ugeux<\/li>\n<\/ul>\n<p>&nbsp;<\/p>\n<p><a href=\"http:\/\/www.cinevox.be\/wp-content\/uploads\/sites\/2\/2016\/02\/famille-\u00e0-vendre-1.jpg\"><img loading=\"lazy\" decoding=\"async\" class=\"aligncenter size-large wp-image-84862\" src=\"http:\/\/www.cinevox.be\/wp-content\/uploads\/sites\/2\/2016\/02\/famille-\u00e0-vendre-1-800x440.jpg\" alt=\"\" width=\"640\" height=\"352\" srcset=\"https:\/\/welovecinema.be\/wp-content\/uploads\/sites\/2\/2016\/02\/famille-\u00e0-vendre-1-800x440.jpg 800w, https:\/\/welovecinema.be\/wp-content\/uploads\/sites\/2\/2016\/02\/famille-\u00e0-vendre-1-480x264.jpg 480w, https:\/\/welovecinema.be\/wp-content\/uploads\/sites\/2\/2016\/02\/famille-\u00e0-vendre-1.jpg 1000w\" sizes=\"auto, (max-width: 640px) 100vw, 640px\" \/><\/a><\/p>\n<p>&nbsp;<\/p>\n<h2>00:15\u00a0&#8211; <strong>Famille \u00e0 vendre<\/strong><\/h2>\n<ul>\n<li><strong>Dur\u00e9e\u00a0:<\/strong>\u00a000:14<\/li>\n<\/ul>\n<p>Coinc\u00e9 entre Oscar, son p\u00e8re propri\u00e9taire d&rsquo;un sex-shop, Petra, la ma\u00eetresse de celui-ci, et Typhaine sa m\u00e8re suicidaire, Xavier, apr\u00e8s dix neuf ans de gal\u00e8re nous livre de mani\u00e8re \u00e9trangement d\u00e9tach\u00e9e, voire d\u00e9sabus\u00e9e, les moments forts de sa vie. Il n&rsquo;a qu&rsquo;une envie : partir&#8230; Mais est-il possible d&rsquo;\u00e9chapper \u00e0 ses origines ?<\/p>\n<ul>\n<li><strong>R\u00e9alisateur\u00a0:\u00a0<\/strong>S\u00e9bastien Petretti<\/li>\n<li><strong>Auteur\u00a0:\u00a0<\/strong>S\u00e9bastien Petretti<\/li>\n<li><strong>Acteur\/Actrice\u00a0:\u00a0<\/strong>Aur\u00e9lien Ringelheim, Fran\u00e7ois-Michel Van der Rest, Fran\u00e7oise Berlanger, Chlo\u00e9 De Grom, Jules Brunet<\/li>\n<\/ul>\n<p>&nbsp;<\/p>\n<p>&nbsp;<\/p>\n<p><a href=\"http:\/\/www.cinevox.be\/wp-content\/uploads\/sites\/2\/2015\/05\/chazam-1.jpg\"><img loading=\"lazy\" decoding=\"async\" class=\"aligncenter size-full wp-image-73528\" src=\"http:\/\/www.cinevox.be\/wp-content\/uploads\/sites\/2\/2015\/05\/chazam-1.jpg\" alt=\"\" width=\"640\" height=\"366\" srcset=\"https:\/\/welovecinema.be\/wp-content\/uploads\/sites\/2\/2015\/05\/chazam-1.jpg 640w, https:\/\/welovecinema.be\/wp-content\/uploads\/sites\/2\/2015\/05\/chazam-1-200x113.jpg 200w, https:\/\/welovecinema.be\/wp-content\/uploads\/sites\/2\/2015\/05\/chazam-1-472x270.jpg 472w\" sizes=\"auto, (max-width: 640px) 100vw, 640px\" \/><\/a><\/p>\n<p>&nbsp;<\/p>\n<h2>00:30\u00a0&#8211; <strong>Chazam !<\/strong><\/h2>\n<ul>\n<li><strong>Dur\u00e9e\u00a0:<\/strong>\u00a000:19<\/li>\n<\/ul>\n<p>Odile est une vieille femme marginale et acari\u00e2tre. Pour les enfants du quartier, elle est \u00abla sorci\u00e8re\u00bb. Lorsqu&rsquo;elle surprend Max, sept ans, dans son appartement, celui-ci, apeur\u00e9, s&rsquo;enferme dans les toilettes. Afin de le faire sortir de sa cachette, elle lui propose de le rendre invisible. Un pacte \u00abmagique\u00bb qui am\u00e8nera ces deux solitaires \u00e0 s&rsquo;apprivoiser mutuellement. Mais les illusions sont fragiles, et la r\u00e9alit\u00e9 risque \u00e0 tout moment de reprendre le dessus&#8230;<\/p>\n<ul>\n<li><strong>R\u00e9alisateur\u00a0:\u00a0<\/strong>Jean-Fran\u00e7ois Metz<\/li>\n<li><strong>Sc\u00e9nariste\u00a0:\u00a0<\/strong>Jean-Fran\u00e7ois Metz, Gr\u00e9gory Lecocq<\/li>\n<li><strong>Compositeur\u00a0:\u00a0<\/strong>Fran\u00e7ois Willemaers<\/li>\n<li><strong>Acteur\/Actrice\u00a0:\u00a0<\/strong>Janine Godinas, Antoine Khorsand, Kailen Derauw, Clo\u00e9 Goebeert, Th\u00e9odora Mytakis<\/li>\n<\/ul>\n<p>&nbsp;<\/p>\n<p><a href=\"http:\/\/www.cinevox.be\/quest-ce-quon-attend-le-degel\/preute_poster-2\/\" rel=\"attachment wp-att-67106\"><img loading=\"lazy\" decoding=\"async\" class=\"aligncenter size-large wp-image-67106\" src=\"http:\/\/www.cinevox.be\/wp-content\/uploads\/sites\/2\/2014\/12\/preute_poster-546x600.jpg\" alt=\"\" width=\"546\" height=\"600\" srcset=\"https:\/\/welovecinema.be\/wp-content\/uploads\/sites\/2\/2014\/12\/preute_poster-546x600.jpg 546w, https:\/\/welovecinema.be\/wp-content\/uploads\/sites\/2\/2014\/12\/preute_poster-245x270.jpg 245w, https:\/\/welovecinema.be\/wp-content\/uploads\/sites\/2\/2014\/12\/preute_poster.jpg 728w\" sizes=\"auto, (max-width: 546px) 100vw, 546px\" \/><\/a><\/p>\n<p>&nbsp;<\/p>\n<h1>00:50 &#8211; <strong>Prrre\u00fcte<\/strong><\/h1>\n<ul>\n<li><strong>Dur\u00e9e\u00a0:<\/strong>\u00a000:05<\/li>\n<\/ul>\n<p>Un banc en un lieu suspendu sous les \u00e9toiles: Elle coud sagement sous l&rsquo;oeil bienveillant d&rsquo;une poule. Il arrive et lui offre des fraises. Un \u00e9change surr\u00e9aliste s&rsquo;amorce &#8230;.<\/p>\n<ul>\n<li><strong>R\u00e9alisateur\u00a0:\u00a0<\/strong>Thierry de Coster<\/li>\n<li><strong>Sc\u00e9nariste\u00a0:\u00a0<\/strong>Thierry de Coster<\/li>\n<li><strong>Acteur\/Actrice\u00a0:\u00a0<\/strong>St\u00e9phanie Van Vyve, Steve Driesen<\/li>\n<\/ul>\n","protected":false},"excerpt":{"rendered":"<p>Il est actuellement \u00e0 l&rsquo;affiche de&#8230; The revenant avec Leonardo Di Caprio. On le croisera bient\u00f4t dans la s\u00e9rie La Tr\u00eave. Mais depuis Eldorado, Fabrice Adde a aussi jou\u00e9 dans des courts m\u00e9trages. Comme cet excellent Conseiller d&rsquo;Elisabeth Llado o\u00f9 il se d\u00e9bat pour essayer de sauver son domaine agricole face \u00e0 un banquier pragmatique. &hellip;<\/p>\n","protected":false},"author":7,"featured_media":84864,"comment_status":"closed","ping_status":"closed","sticky":false,"template":"","format":"standard","meta":{"ngg_post_thumbnail":0,"footnotes":""},"categories":[14],"tags":[],"class_list":["post-84861","post","type-post","status-publish","format-standard","has-post-thumbnail","","category-home-cinema"],"yoast_head":"<!-- This site is optimized with the Yoast SEO plugin v20.4 - https:\/\/yoast.com\/wordpress\/plugins\/seo\/ -->\n<title>Quatre courts \u00e0 vous conseiller - We Love Cinema<\/title>\n<meta name=\"robots\" content=\"index, follow, max-snippet:-1, max-image-preview:large, max-video-preview:-1\" \/>\n<link rel=\"canonical\" href=\"https:\/\/welovecinema.be\/fr\/84861\/\" \/>\n<meta property=\"og:locale\" content=\"fr_FR\" \/>\n<meta property=\"og:type\" content=\"article\" \/>\n<meta property=\"og:title\" content=\"Quatre courts \u00e0 vous conseiller - We Love Cinema\" \/>\n<meta property=\"og:description\" content=\"Il est actuellement \u00e0 l&rsquo;affiche de&#8230; The revenant avec Leonardo Di Caprio. On le croisera bient\u00f4t dans la s\u00e9rie La Tr\u00eave. Mais depuis Eldorado, Fabrice Adde a aussi jou\u00e9 dans des courts m\u00e9trages. Comme cet excellent Conseiller d&rsquo;Elisabeth Llado o\u00f9 il se d\u00e9bat pour essayer de sauver son domaine agricole face \u00e0 un banquier pragmatique. &hellip;\" \/>\n<meta property=\"og:url\" content=\"https:\/\/welovecinema.be\/fr\/84861\/\" \/>\n<meta property=\"og:site_name\" content=\"We Love Cinema\" \/>\n<meta property=\"article:publisher\" content=\"https:\/\/www.facebook.com\/welovecinema.be\" \/>\n<meta property=\"article:published_time\" content=\"2016-02-16T08:48:04+00:00\" \/>\n<meta property=\"og:image\" content=\"https:\/\/welovecinema.be\/wp-content\/uploads\/sites\/2\/2016\/02\/conseiller.jpg\" \/>\n\t<meta property=\"og:image:width\" content=\"600\" \/>\n\t<meta property=\"og:image:height\" content=\"360\" \/>\n\t<meta property=\"og:image:type\" content=\"image\/jpeg\" \/>\n<meta name=\"author\" content=\"Philippe.Pierquin\" \/>\n<meta name=\"twitter:card\" content=\"summary_large_image\" \/>\n<meta name=\"twitter:label1\" content=\"\u00c9crit par\" \/>\n\t<meta name=\"twitter:data1\" content=\"Philippe.Pierquin\" \/>\n\t<meta name=\"twitter:label2\" content=\"Dur\u00e9e de lecture estim\u00e9e\" \/>\n\t<meta name=\"twitter:data2\" content=\"2 minutes\" \/>\n<script type=\"application\/ld+json\" class=\"yoast-schema-graph\">{\"@context\":\"https:\/\/schema.org\",\"@graph\":[{\"@type\":\"Article\",\"@id\":\"https:\/\/welovecinema.be\/fr\/84861\/#article\",\"isPartOf\":{\"@id\":\"https:\/\/welovecinema.be\/fr\/84861\/\"},\"author\":{\"name\":\"Philippe.Pierquin\",\"@id\":\"https:\/\/welovecinema.be\/nl\/#\/schema\/person\/4b9b1d857f0943453a38a7c2859ef756\"},\"headline\":\"Quatre courts \u00e0 vous conseiller\",\"datePublished\":\"2016-02-16T08:48:04+00:00\",\"dateModified\":\"2016-02-16T08:48:04+00:00\",\"mainEntityOfPage\":{\"@id\":\"https:\/\/welovecinema.be\/fr\/84861\/\"},\"wordCount\":465,\"publisher\":{\"@id\":\"https:\/\/welovecinema.be\/nl\/#organization\"},\"articleSection\":[\"Plateau t\u00e9l\u00e9\"],\"inLanguage\":\"fr-FR\"},{\"@type\":\"WebPage\",\"@id\":\"https:\/\/welovecinema.be\/fr\/84861\/\",\"url\":\"https:\/\/welovecinema.be\/fr\/84861\/\",\"name\":\"Quatre courts \u00e0 vous conseiller - We Love Cinema\",\"isPartOf\":{\"@id\":\"https:\/\/welovecinema.be\/nl\/#website\"},\"datePublished\":\"2016-02-16T08:48:04+00:00\",\"dateModified\":\"2016-02-16T08:48:04+00:00\",\"breadcrumb\":{\"@id\":\"https:\/\/welovecinema.be\/fr\/84861\/#breadcrumb\"},\"inLanguage\":\"fr-FR\",\"potentialAction\":[{\"@type\":\"ReadAction\",\"target\":[\"https:\/\/welovecinema.be\/fr\/84861\/\"]}]},{\"@type\":\"BreadcrumbList\",\"@id\":\"https:\/\/welovecinema.be\/fr\/84861\/#breadcrumb\",\"itemListElement\":[{\"@type\":\"ListItem\",\"position\":1,\"name\":\"Accueil\",\"item\":\"https:\/\/welovecinema.be\/fr\/\"},{\"@type\":\"ListItem\",\"position\":2,\"name\":\"Quatre courts \u00e0 vous conseiller\"}]},{\"@type\":\"WebSite\",\"@id\":\"https:\/\/welovecinema.be\/nl\/#website\",\"url\":\"https:\/\/welovecinema.be\/nl\/\",\"name\":\"We Love Cinema\",\"description\":\"Toute l\u2019information du cin\u00e9ma en Belgique\",\"publisher\":{\"@id\":\"https:\/\/welovecinema.be\/nl\/#organization\"},\"potentialAction\":[{\"@type\":\"SearchAction\",\"target\":{\"@type\":\"EntryPoint\",\"urlTemplate\":\"https:\/\/welovecinema.be\/nl\/?s={search_term_string}\"},\"query-input\":\"required name=search_term_string\"}],\"inLanguage\":\"fr-FR\"},{\"@type\":\"Organization\",\"@id\":\"https:\/\/welovecinema.be\/nl\/#organization\",\"name\":\"We Love Cinema\",\"url\":\"https:\/\/welovecinema.be\/nl\/\",\"logo\":{\"@type\":\"ImageObject\",\"inLanguage\":\"fr-FR\",\"@id\":\"https:\/\/welovecinema.be\/nl\/#\/schema\/logo\/image\/\",\"url\":\"https:\/\/welovecinema.be\/wp-content\/uploads\/sites\/2\/2023\/03\/Logo-We-Love-Cinema305x128.jpg\",\"contentUrl\":\"https:\/\/welovecinema.be\/wp-content\/uploads\/sites\/2\/2023\/03\/Logo-We-Love-Cinema305x128.jpg\",\"width\":305,\"height\":128,\"caption\":\"We Love Cinema\"},\"image\":{\"@id\":\"https:\/\/welovecinema.be\/nl\/#\/schema\/logo\/image\/\"},\"sameAs\":[\"https:\/\/www.facebook.com\/welovecinema.be\",\"https:\/\/www.youtube.com\/channel\/UCX5LYGVhnKvYauW4Nta4HJA\",\"https:\/\/www.instagram.com\/welovecinema.be\/\"]},{\"@type\":\"Person\",\"@id\":\"https:\/\/welovecinema.be\/nl\/#\/schema\/person\/4b9b1d857f0943453a38a7c2859ef756\",\"name\":\"Philippe.Pierquin\",\"url\":\"https:\/\/welovecinema.be\/fr\/author\/philippe-pierquin\/\"}]}<\/script>\n<!-- \/ Yoast SEO plugin. -->","yoast_head_json":{"title":"Quatre courts \u00e0 vous conseiller - We Love Cinema","robots":{"index":"index","follow":"follow","max-snippet":"max-snippet:-1","max-image-preview":"max-image-preview:large","max-video-preview":"max-video-preview:-1"},"canonical":"https:\/\/welovecinema.be\/fr\/84861\/","og_locale":"fr_FR","og_type":"article","og_title":"Quatre courts \u00e0 vous conseiller - We Love Cinema","og_description":"Il est actuellement \u00e0 l&rsquo;affiche de&#8230; The revenant avec Leonardo Di Caprio. On le croisera bient\u00f4t dans la s\u00e9rie La Tr\u00eave. Mais depuis Eldorado, Fabrice Adde a aussi jou\u00e9 dans des courts m\u00e9trages. Comme cet excellent Conseiller d&rsquo;Elisabeth Llado o\u00f9 il se d\u00e9bat pour essayer de sauver son domaine agricole face \u00e0 un banquier pragmatique. &hellip;","og_url":"https:\/\/welovecinema.be\/fr\/84861\/","og_site_name":"We Love Cinema","article_publisher":"https:\/\/www.facebook.com\/welovecinema.be","article_published_time":"2016-02-16T08:48:04+00:00","og_image":[{"width":600,"height":360,"url":"https:\/\/welovecinema.be\/wp-content\/uploads\/sites\/2\/2016\/02\/conseiller.jpg","type":"image\/jpeg"}],"author":"Philippe.Pierquin","twitter_card":"summary_large_image","twitter_misc":{"\u00c9crit par":"Philippe.Pierquin","Dur\u00e9e de lecture estim\u00e9e":"2 minutes"},"schema":{"@context":"https:\/\/schema.org","@graph":[{"@type":"Article","@id":"https:\/\/welovecinema.be\/fr\/84861\/#article","isPartOf":{"@id":"https:\/\/welovecinema.be\/fr\/84861\/"},"author":{"name":"Philippe.Pierquin","@id":"https:\/\/welovecinema.be\/nl\/#\/schema\/person\/4b9b1d857f0943453a38a7c2859ef756"},"headline":"Quatre courts \u00e0 vous conseiller","datePublished":"2016-02-16T08:48:04+00:00","dateModified":"2016-02-16T08:48:04+00:00","mainEntityOfPage":{"@id":"https:\/\/welovecinema.be\/fr\/84861\/"},"wordCount":465,"publisher":{"@id":"https:\/\/welovecinema.be\/nl\/#organization"},"articleSection":["Plateau t\u00e9l\u00e9"],"inLanguage":"fr-FR"},{"@type":"WebPage","@id":"https:\/\/welovecinema.be\/fr\/84861\/","url":"https:\/\/welovecinema.be\/fr\/84861\/","name":"Quatre courts \u00e0 vous conseiller - We Love Cinema","isPartOf":{"@id":"https:\/\/welovecinema.be\/nl\/#website"},"datePublished":"2016-02-16T08:48:04+00:00","dateModified":"2016-02-16T08:48:04+00:00","breadcrumb":{"@id":"https:\/\/welovecinema.be\/fr\/84861\/#breadcrumb"},"inLanguage":"fr-FR","potentialAction":[{"@type":"ReadAction","target":["https:\/\/welovecinema.be\/fr\/84861\/"]}]},{"@type":"BreadcrumbList","@id":"https:\/\/welovecinema.be\/fr\/84861\/#breadcrumb","itemListElement":[{"@type":"ListItem","position":1,"name":"Accueil","item":"https:\/\/welovecinema.be\/fr\/"},{"@type":"ListItem","position":2,"name":"Quatre courts \u00e0 vous conseiller"}]},{"@type":"WebSite","@id":"https:\/\/welovecinema.be\/nl\/#website","url":"https:\/\/welovecinema.be\/nl\/","name":"We Love Cinema","description":"Toute l\u2019information du cin\u00e9ma en Belgique","publisher":{"@id":"https:\/\/welovecinema.be\/nl\/#organization"},"potentialAction":[{"@type":"SearchAction","target":{"@type":"EntryPoint","urlTemplate":"https:\/\/welovecinema.be\/nl\/?s={search_term_string}"},"query-input":"required name=search_term_string"}],"inLanguage":"fr-FR"},{"@type":"Organization","@id":"https:\/\/welovecinema.be\/nl\/#organization","name":"We Love Cinema","url":"https:\/\/welovecinema.be\/nl\/","logo":{"@type":"ImageObject","inLanguage":"fr-FR","@id":"https:\/\/welovecinema.be\/nl\/#\/schema\/logo\/image\/","url":"https:\/\/welovecinema.be\/wp-content\/uploads\/sites\/2\/2023\/03\/Logo-We-Love-Cinema305x128.jpg","contentUrl":"https:\/\/welovecinema.be\/wp-content\/uploads\/sites\/2\/2023\/03\/Logo-We-Love-Cinema305x128.jpg","width":305,"height":128,"caption":"We Love Cinema"},"image":{"@id":"https:\/\/welovecinema.be\/nl\/#\/schema\/logo\/image\/"},"sameAs":["https:\/\/www.facebook.com\/welovecinema.be","https:\/\/www.youtube.com\/channel\/UCX5LYGVhnKvYauW4Nta4HJA","https:\/\/www.instagram.com\/welovecinema.be\/"]},{"@type":"Person","@id":"https:\/\/welovecinema.be\/nl\/#\/schema\/person\/4b9b1d857f0943453a38a7c2859ef756","name":"Philippe.Pierquin","url":"https:\/\/welovecinema.be\/fr\/author\/philippe-pierquin\/"}]}},"_links":{"self":[{"href":"https:\/\/welovecinema.be\/fr\/wp-json\/wp\/v2\/posts\/84861","targetHints":{"allow":["GET"]}}],"collection":[{"href":"https:\/\/welovecinema.be\/fr\/wp-json\/wp\/v2\/posts"}],"about":[{"href":"https:\/\/welovecinema.be\/fr\/wp-json\/wp\/v2\/types\/post"}],"author":[{"embeddable":true,"href":"https:\/\/welovecinema.be\/fr\/wp-json\/wp\/v2\/users\/7"}],"replies":[{"embeddable":true,"href":"https:\/\/welovecinema.be\/fr\/wp-json\/wp\/v2\/comments?post=84861"}],"version-history":[{"count":0,"href":"https:\/\/welovecinema.be\/fr\/wp-json\/wp\/v2\/posts\/84861\/revisions"}],"wp:featuredmedia":[{"embeddable":true,"href":"https:\/\/welovecinema.be\/fr\/wp-json\/wp\/v2\/media\/84864"}],"wp:attachment":[{"href":"https:\/\/welovecinema.be\/fr\/wp-json\/wp\/v2\/media?parent=84861"}],"wp:term":[{"taxonomy":"category","embeddable":true,"href":"https:\/\/welovecinema.be\/fr\/wp-json\/wp\/v2\/categories?post=84861"},{"taxonomy":"post_tag","embeddable":true,"href":"https:\/\/welovecinema.be\/fr\/wp-json\/wp\/v2\/tags?post=84861"}],"curies":[{"name":"wp","href":"https:\/\/api.w.org\/{rel}","templated":true}]}}