{"id":84855,"date":"2016-02-16T08:12:42","date_gmt":"2016-02-16T07:12:42","guid":{"rendered":"http:\/\/www.cinevox.be\/?p=84855"},"modified":"2016-02-16T09:20:56","modified_gmt":"2016-02-16T08:20:56","slug":"84855","status":"publish","type":"post","link":"https:\/\/welovecinema.be\/fr\/84855\/","title":{"rendered":"Virginie Efira rencontre Jean Dujardin dans Un homme \u00e0 la hauteur"},"content":{"rendered":"<p>Diane est pr\u00eate \u00e0 refaire sa vie.<\/p>\n<p>La brillante avocate a tourn\u00e9 il y a quelques ann\u00e9es la derni\u00e8re page de son mariage en d\u00e9posant sa signature en bas des papiers du divorce. Depuis personne dans sa vie. Aucun homme n&rsquo;est apparemment \u00e0 la hauteur.Le destin doit s&rsquo;en m\u00ealer. Ou le hasard des rencontres.<\/p>\n<p>\u00c7a tombe bien, Diane vient de perdre son t\u00e9l\u00e9phone portable. Et c&rsquo;est un homme qui lui parle au bout du fil. T\u00e9l\u00e9phone retrouv\u00e9. En plus, il semble charmant et il s&rsquo;appelle Alexandre. Il ne faudrait pas se priver d&rsquo;un coup du sort si favorable&#8230;.<\/p>\n<p><!--more--><\/p>\n<p>&nbsp;<\/p>\n<p>Dans cette com\u00e9die romantique r\u00e9alis\u00e9\u00e9 par Laurent Tirard (<em>Le petit Nicolas<\/em> et sa suite, \u00a0<em>Ast\u00e9rix et Ob\u00e9lix : au service de Sa Majest\u00e9)<\/em>, Virginie Efira rencontre Jean Dujardin. Et la surprise est au rendez-vous&#8230;<br \/>\nEn plus du teaser bien sympa, l&rsquo;affiche vient d&rsquo;\u00eatre r\u00e9v\u00e9l\u00e9e<\/p>\n<p>&nbsp;<\/p>\n<p><a href=\"http:\/\/www.cinevox.be\/wp-content\/uploads\/sites\/2\/2016\/02\/12736127_995602190510283_1353963356_n.jpg\"><img loading=\"lazy\" decoding=\"async\" class=\"aligncenter  wp-image-84856\" src=\"http:\/\/www.cinevox.be\/wp-content\/uploads\/sites\/2\/2016\/02\/12736127_995602190510283_1353963356_n-441x600.jpg\" alt=\"\" width=\"595\" height=\"810\" srcset=\"https:\/\/welovecinema.be\/wp-content\/uploads\/sites\/2\/2016\/02\/12736127_995602190510283_1353963356_n-441x600.jpg 441w, https:\/\/welovecinema.be\/wp-content\/uploads\/sites\/2\/2016\/02\/12736127_995602190510283_1353963356_n-198x270.jpg 198w, https:\/\/welovecinema.be\/wp-content\/uploads\/sites\/2\/2016\/02\/12736127_995602190510283_1353963356_n.jpg 515w\" sizes=\"auto, (max-width: 595px) 100vw, 595px\" \/><\/a><\/p>\n<p>&nbsp;<\/p>\n<p>Sortie belge le 4 mai<\/p>\n<p>&nbsp;<\/p>\n","protected":false},"excerpt":{"rendered":"<p>Diane est pr\u00eate \u00e0 refaire sa vie. La brillante avocate a tourn\u00e9 il y a quelques ann\u00e9es la derni\u00e8re page de son mariage en d\u00e9posant sa signature en bas des papiers du divorce. Depuis personne dans sa vie. Aucun homme n&rsquo;est apparemment \u00e0 la hauteur.Le destin doit s&rsquo;en m\u00ealer. Ou le hasard des rencontres. \u00c7a &hellip;<\/p>\n","protected":false},"author":7,"featured_media":84857,"comment_status":"closed","ping_status":"closed","sticky":false,"template":"","format":"standard","meta":{"ngg_post_thumbnail":0,"footnotes":""},"categories":[53],"tags":[],"class_list":["post-84855","post","type-post","status-publish","format-standard","has-post-thumbnail","","category-coming-soon"],"yoast_head":"<!-- This site is optimized with the Yoast SEO plugin v20.4 - https:\/\/yoast.com\/wordpress\/plugins\/seo\/ -->\n<title>Virginie Efira rencontre Jean Dujardin dans Un homme \u00e0 la hauteur - We Love Cinema<\/title>\n<meta name=\"robots\" content=\"index, follow, max-snippet:-1, max-image-preview:large, max-video-preview:-1\" \/>\n<link rel=\"canonical\" href=\"https:\/\/welovecinema.be\/fr\/84855\/\" \/>\n<meta property=\"og:locale\" content=\"fr_FR\" \/>\n<meta property=\"og:type\" content=\"article\" \/>\n<meta property=\"og:title\" content=\"Virginie Efira rencontre Jean Dujardin dans Un homme \u00e0 la hauteur - We Love Cinema\" \/>\n<meta property=\"og:description\" content=\"Diane est pr\u00eate \u00e0 refaire sa vie. La brillante avocate a tourn\u00e9 il y a quelques ann\u00e9es la derni\u00e8re page de son mariage en d\u00e9posant sa signature en bas des papiers du divorce. Depuis personne dans sa vie. Aucun homme n&rsquo;est apparemment \u00e0 la hauteur.Le destin doit s&rsquo;en m\u00ealer. Ou le hasard des rencontres. \u00c7a &hellip;\" \/>\n<meta property=\"og:url\" content=\"https:\/\/welovecinema.be\/fr\/84855\/\" \/>\n<meta property=\"og:site_name\" content=\"We Love Cinema\" \/>\n<meta property=\"article:publisher\" content=\"https:\/\/www.facebook.com\/welovecinema.be\" \/>\n<meta property=\"article:published_time\" content=\"2016-02-16T07:12:42+00:00\" \/>\n<meta property=\"article:modified_time\" content=\"2016-02-16T08:20:56+00:00\" \/>\n<meta property=\"og:image\" content=\"https:\/\/welovecinema.be\/wp-content\/uploads\/sites\/2\/2016\/02\/2016-02-16_08h12_04.jpg\" \/>\n\t<meta property=\"og:image:width\" content=\"1275\" \/>\n\t<meta property=\"og:image:height\" content=\"534\" \/>\n\t<meta property=\"og:image:type\" content=\"image\/jpeg\" \/>\n<meta name=\"author\" content=\"Philippe.Pierquin\" \/>\n<meta name=\"twitter:card\" content=\"summary_large_image\" \/>\n<meta name=\"twitter:label1\" content=\"\u00c9crit par\" \/>\n\t<meta name=\"twitter:data1\" content=\"Philippe.Pierquin\" \/>\n\t<meta name=\"twitter:label2\" content=\"Dur\u00e9e de lecture estim\u00e9e\" \/>\n\t<meta name=\"twitter:data2\" content=\"1 minute\" \/>\n<script type=\"application\/ld+json\" class=\"yoast-schema-graph\">{\"@context\":\"https:\/\/schema.org\",\"@graph\":[{\"@type\":\"Article\",\"@id\":\"https:\/\/welovecinema.be\/fr\/84855\/#article\",\"isPartOf\":{\"@id\":\"https:\/\/welovecinema.be\/fr\/84855\/\"},\"author\":{\"name\":\"Philippe.Pierquin\",\"@id\":\"https:\/\/welovecinema.be\/nl\/#\/schema\/person\/4b9b1d857f0943453a38a7c2859ef756\"},\"headline\":\"Virginie Efira rencontre Jean Dujardin dans Un homme \u00e0 la hauteur\",\"datePublished\":\"2016-02-16T07:12:42+00:00\",\"dateModified\":\"2016-02-16T08:20:56+00:00\",\"mainEntityOfPage\":{\"@id\":\"https:\/\/welovecinema.be\/fr\/84855\/\"},\"wordCount\":181,\"publisher\":{\"@id\":\"https:\/\/welovecinema.be\/nl\/#organization\"},\"articleSection\":[\"Coming soon\"],\"inLanguage\":\"fr-FR\"},{\"@type\":\"WebPage\",\"@id\":\"https:\/\/welovecinema.be\/fr\/84855\/\",\"url\":\"https:\/\/welovecinema.be\/fr\/84855\/\",\"name\":\"Virginie Efira rencontre Jean Dujardin dans Un homme \u00e0 la hauteur - We Love Cinema\",\"isPartOf\":{\"@id\":\"https:\/\/welovecinema.be\/nl\/#website\"},\"datePublished\":\"2016-02-16T07:12:42+00:00\",\"dateModified\":\"2016-02-16T08:20:56+00:00\",\"breadcrumb\":{\"@id\":\"https:\/\/welovecinema.be\/fr\/84855\/#breadcrumb\"},\"inLanguage\":\"fr-FR\",\"potentialAction\":[{\"@type\":\"ReadAction\",\"target\":[\"https:\/\/welovecinema.be\/fr\/84855\/\"]}]},{\"@type\":\"BreadcrumbList\",\"@id\":\"https:\/\/welovecinema.be\/fr\/84855\/#breadcrumb\",\"itemListElement\":[{\"@type\":\"ListItem\",\"position\":1,\"name\":\"Accueil\",\"item\":\"https:\/\/welovecinema.be\/fr\/\"},{\"@type\":\"ListItem\",\"position\":2,\"name\":\"Virginie Efira rencontre Jean Dujardin dans Un homme \u00e0 la hauteur\"}]},{\"@type\":\"WebSite\",\"@id\":\"https:\/\/welovecinema.be\/nl\/#website\",\"url\":\"https:\/\/welovecinema.be\/nl\/\",\"name\":\"We Love Cinema\",\"description\":\"Toute l\u2019information du cin\u00e9ma en Belgique\",\"publisher\":{\"@id\":\"https:\/\/welovecinema.be\/nl\/#organization\"},\"potentialAction\":[{\"@type\":\"SearchAction\",\"target\":{\"@type\":\"EntryPoint\",\"urlTemplate\":\"https:\/\/welovecinema.be\/nl\/?s={search_term_string}\"},\"query-input\":\"required name=search_term_string\"}],\"inLanguage\":\"fr-FR\"},{\"@type\":\"Organization\",\"@id\":\"https:\/\/welovecinema.be\/nl\/#organization\",\"name\":\"We Love Cinema\",\"url\":\"https:\/\/welovecinema.be\/nl\/\",\"logo\":{\"@type\":\"ImageObject\",\"inLanguage\":\"fr-FR\",\"@id\":\"https:\/\/welovecinema.be\/nl\/#\/schema\/logo\/image\/\",\"url\":\"https:\/\/welovecinema.be\/wp-content\/uploads\/sites\/2\/2023\/03\/Logo-We-Love-Cinema305x128.jpg\",\"contentUrl\":\"https:\/\/welovecinema.be\/wp-content\/uploads\/sites\/2\/2023\/03\/Logo-We-Love-Cinema305x128.jpg\",\"width\":305,\"height\":128,\"caption\":\"We Love Cinema\"},\"image\":{\"@id\":\"https:\/\/welovecinema.be\/nl\/#\/schema\/logo\/image\/\"},\"sameAs\":[\"https:\/\/www.facebook.com\/welovecinema.be\",\"https:\/\/www.youtube.com\/channel\/UCX5LYGVhnKvYauW4Nta4HJA\",\"https:\/\/www.instagram.com\/welovecinema.be\/\"]},{\"@type\":\"Person\",\"@id\":\"https:\/\/welovecinema.be\/nl\/#\/schema\/person\/4b9b1d857f0943453a38a7c2859ef756\",\"name\":\"Philippe.Pierquin\",\"url\":\"https:\/\/welovecinema.be\/fr\/author\/philippe-pierquin\/\"}]}<\/script>\n<!-- \/ Yoast SEO plugin. -->","yoast_head_json":{"title":"Virginie Efira rencontre Jean Dujardin dans Un homme \u00e0 la hauteur - We Love Cinema","robots":{"index":"index","follow":"follow","max-snippet":"max-snippet:-1","max-image-preview":"max-image-preview:large","max-video-preview":"max-video-preview:-1"},"canonical":"https:\/\/welovecinema.be\/fr\/84855\/","og_locale":"fr_FR","og_type":"article","og_title":"Virginie Efira rencontre Jean Dujardin dans Un homme \u00e0 la hauteur - We Love Cinema","og_description":"Diane est pr\u00eate \u00e0 refaire sa vie. La brillante avocate a tourn\u00e9 il y a quelques ann\u00e9es la derni\u00e8re page de son mariage en d\u00e9posant sa signature en bas des papiers du divorce. Depuis personne dans sa vie. Aucun homme n&rsquo;est apparemment \u00e0 la hauteur.Le destin doit s&rsquo;en m\u00ealer. Ou le hasard des rencontres. \u00c7a &hellip;","og_url":"https:\/\/welovecinema.be\/fr\/84855\/","og_site_name":"We Love Cinema","article_publisher":"https:\/\/www.facebook.com\/welovecinema.be","article_published_time":"2016-02-16T07:12:42+00:00","article_modified_time":"2016-02-16T08:20:56+00:00","og_image":[{"width":1275,"height":534,"url":"https:\/\/welovecinema.be\/wp-content\/uploads\/sites\/2\/2016\/02\/2016-02-16_08h12_04.jpg","type":"image\/jpeg"}],"author":"Philippe.Pierquin","twitter_card":"summary_large_image","twitter_misc":{"\u00c9crit par":"Philippe.Pierquin","Dur\u00e9e de lecture estim\u00e9e":"1 minute"},"schema":{"@context":"https:\/\/schema.org","@graph":[{"@type":"Article","@id":"https:\/\/welovecinema.be\/fr\/84855\/#article","isPartOf":{"@id":"https:\/\/welovecinema.be\/fr\/84855\/"},"author":{"name":"Philippe.Pierquin","@id":"https:\/\/welovecinema.be\/nl\/#\/schema\/person\/4b9b1d857f0943453a38a7c2859ef756"},"headline":"Virginie Efira rencontre Jean Dujardin dans Un homme \u00e0 la hauteur","datePublished":"2016-02-16T07:12:42+00:00","dateModified":"2016-02-16T08:20:56+00:00","mainEntityOfPage":{"@id":"https:\/\/welovecinema.be\/fr\/84855\/"},"wordCount":181,"publisher":{"@id":"https:\/\/welovecinema.be\/nl\/#organization"},"articleSection":["Coming soon"],"inLanguage":"fr-FR"},{"@type":"WebPage","@id":"https:\/\/welovecinema.be\/fr\/84855\/","url":"https:\/\/welovecinema.be\/fr\/84855\/","name":"Virginie Efira rencontre Jean Dujardin dans Un homme \u00e0 la hauteur - We Love Cinema","isPartOf":{"@id":"https:\/\/welovecinema.be\/nl\/#website"},"datePublished":"2016-02-16T07:12:42+00:00","dateModified":"2016-02-16T08:20:56+00:00","breadcrumb":{"@id":"https:\/\/welovecinema.be\/fr\/84855\/#breadcrumb"},"inLanguage":"fr-FR","potentialAction":[{"@type":"ReadAction","target":["https:\/\/welovecinema.be\/fr\/84855\/"]}]},{"@type":"BreadcrumbList","@id":"https:\/\/welovecinema.be\/fr\/84855\/#breadcrumb","itemListElement":[{"@type":"ListItem","position":1,"name":"Accueil","item":"https:\/\/welovecinema.be\/fr\/"},{"@type":"ListItem","position":2,"name":"Virginie Efira rencontre Jean Dujardin dans Un homme \u00e0 la hauteur"}]},{"@type":"WebSite","@id":"https:\/\/welovecinema.be\/nl\/#website","url":"https:\/\/welovecinema.be\/nl\/","name":"We Love Cinema","description":"Toute l\u2019information du cin\u00e9ma en Belgique","publisher":{"@id":"https:\/\/welovecinema.be\/nl\/#organization"},"potentialAction":[{"@type":"SearchAction","target":{"@type":"EntryPoint","urlTemplate":"https:\/\/welovecinema.be\/nl\/?s={search_term_string}"},"query-input":"required name=search_term_string"}],"inLanguage":"fr-FR"},{"@type":"Organization","@id":"https:\/\/welovecinema.be\/nl\/#organization","name":"We Love Cinema","url":"https:\/\/welovecinema.be\/nl\/","logo":{"@type":"ImageObject","inLanguage":"fr-FR","@id":"https:\/\/welovecinema.be\/nl\/#\/schema\/logo\/image\/","url":"https:\/\/welovecinema.be\/wp-content\/uploads\/sites\/2\/2023\/03\/Logo-We-Love-Cinema305x128.jpg","contentUrl":"https:\/\/welovecinema.be\/wp-content\/uploads\/sites\/2\/2023\/03\/Logo-We-Love-Cinema305x128.jpg","width":305,"height":128,"caption":"We Love Cinema"},"image":{"@id":"https:\/\/welovecinema.be\/nl\/#\/schema\/logo\/image\/"},"sameAs":["https:\/\/www.facebook.com\/welovecinema.be","https:\/\/www.youtube.com\/channel\/UCX5LYGVhnKvYauW4Nta4HJA","https:\/\/www.instagram.com\/welovecinema.be\/"]},{"@type":"Person","@id":"https:\/\/welovecinema.be\/nl\/#\/schema\/person\/4b9b1d857f0943453a38a7c2859ef756","name":"Philippe.Pierquin","url":"https:\/\/welovecinema.be\/fr\/author\/philippe-pierquin\/"}]}},"_links":{"self":[{"href":"https:\/\/welovecinema.be\/fr\/wp-json\/wp\/v2\/posts\/84855","targetHints":{"allow":["GET"]}}],"collection":[{"href":"https:\/\/welovecinema.be\/fr\/wp-json\/wp\/v2\/posts"}],"about":[{"href":"https:\/\/welovecinema.be\/fr\/wp-json\/wp\/v2\/types\/post"}],"author":[{"embeddable":true,"href":"https:\/\/welovecinema.be\/fr\/wp-json\/wp\/v2\/users\/7"}],"replies":[{"embeddable":true,"href":"https:\/\/welovecinema.be\/fr\/wp-json\/wp\/v2\/comments?post=84855"}],"version-history":[{"count":0,"href":"https:\/\/welovecinema.be\/fr\/wp-json\/wp\/v2\/posts\/84855\/revisions"}],"wp:featuredmedia":[{"embeddable":true,"href":"https:\/\/welovecinema.be\/fr\/wp-json\/wp\/v2\/media\/84857"}],"wp:attachment":[{"href":"https:\/\/welovecinema.be\/fr\/wp-json\/wp\/v2\/media?parent=84855"}],"wp:term":[{"taxonomy":"category","embeddable":true,"href":"https:\/\/welovecinema.be\/fr\/wp-json\/wp\/v2\/categories?post=84855"},{"taxonomy":"post_tag","embeddable":true,"href":"https:\/\/welovecinema.be\/fr\/wp-json\/wp\/v2\/tags?post=84855"}],"curies":[{"name":"wp","href":"https:\/\/api.w.org\/{rel}","templated":true}]}}