{"id":8482,"date":"2011-09-23T10:37:19","date_gmt":"2011-09-23T10:37:19","guid":{"rendered":"http:\/\/www.cinevox.be\/?p=8482"},"modified":"2011-09-23T15:54:41","modified_gmt":"2011-09-23T15:54:41","slug":"bnp-paribas-fortis-film-days-rondo-concentre-demotions","status":"publish","type":"post","link":"https:\/\/welovecinema.be\/fr\/bnp-paribas-fortis-film-days-rondo-concentre-demotions\/","title":{"rendered":"BNP Paribas Fortis Film Days  <br> Rondo, concentr\u00e9 d&rsquo;\u00e9motions"},"content":{"rendered":"<p>Rien que dans la partie francophone du pays, les Cinevox Happenings frappaient trois fois jeudi soir. <a href=\"http:\/\/www.cinevox.be\/monsieur-papa-%E2%80%93-bxlusa-un-grand-moment-de-bonheur\/\">L&rsquo;\u00e9quipe de <em>BXL\/USA<\/em> illuminait l&rsquo;UGC de Brouck\u00e8re<\/a> , <a href=\"http:\/\/www.cinevox.be\/bnp-paribas-fortis-film-days-la-fee-enchante-lacinapolis\/\">Abel et Gordon visitaient l&rsquo;Acinapolis de Jambes<\/a>, et l&rsquo;\u00e9quipe de Rondo s&rsquo;offrait un bain de jouvence \u00e0 l&rsquo;occasion d&rsquo;une s\u00e9ance charg\u00e9e d&rsquo;enthousiasme et de frissons \u00e0 l&rsquo;UGC Toison d&rsquo;Or.<!--more--><\/p>\n<p>&nbsp;<\/p>\n<p><strong><a rel=\"attachment wp-att-8508\" href=\"http:\/\/www.cinevox.be\/bnp-paribas-fortis-film-days-rondo-concentre-demotions\/_mg09390-2\/\"><img loading=\"lazy\" decoding=\"async\" class=\"alignright size-medium wp-image-8508\" title=\"_MG09390\" src=\"http:\/\/www.cinevox.be\/wp-content\/uploads\/sites\/2\/2011\/09\/MG093901-179x270.jpg\" alt=\"\" width=\"179\" height=\"270\" srcset=\"https:\/\/welovecinema.be\/wp-content\/uploads\/sites\/2\/2011\/09\/MG093901-179x270.jpg 179w, https:\/\/welovecinema.be\/wp-content\/uploads\/sites\/2\/2011\/09\/MG093901-399x600.jpg 399w, https:\/\/welovecinema.be\/wp-content\/uploads\/sites\/2\/2011\/09\/MG093901.jpg 665w\" sizes=\"auto, (max-width: 179px) 100vw, 179px\" \/><\/a>Olivier Van Malderghem<\/strong>, le r\u00e9alisateur de ce long m\u00e9trage \u00e9tait notamment accompagn\u00e9 de <strong>Julien Frison<\/strong>, jeune acteur principal du film, mais \u00e9galement d&rsquo;une l\u00e9gende vivante: le toujours tr\u00e8s \u00e9l\u00e9gant <strong>Jean-Pierre Marielle<\/strong>. Et si on rappelle qu&rsquo;il a aujourd&rsquo;hui 79 ans c&rsquo;est pour souligner que : oui, bon sang, qu&rsquo;est-ce qu&rsquo;on aimerait porter aussi beau \u00e0 son \u00e2ge. La dame \u00e0 c\u00f4t\u00e9 d&rsquo;Olivier n&rsquo;est autre que l&rsquo;actrice <strong>Agathe Natanson<\/strong>, \u00e9pouse de Jean-Pierre.<\/p>\n<p>&nbsp;<\/p>\n<p>&nbsp;<\/p>\n<p>&nbsp;<\/p>\n<p><a rel=\"attachment wp-att-8497\" href=\"http:\/\/www.cinevox.be\/bnp-paribas-fortis-film-days-rondo-concentre-demotions\/_mg09314-2\/\"><img loading=\"lazy\" decoding=\"async\" class=\"aligncenter size-full wp-image-8497\" title=\"_MG09314\" src=\"http:\/\/www.cinevox.be\/wp-content\/uploads\/sites\/2\/2011\/09\/MG093141.jpg\" alt=\"\" width=\"1000\" height=\"665\" srcset=\"https:\/\/welovecinema.be\/wp-content\/uploads\/sites\/2\/2011\/09\/MG093141.jpg 1000w, https:\/\/welovecinema.be\/wp-content\/uploads\/sites\/2\/2011\/09\/MG093141-406x270.jpg 406w, https:\/\/welovecinema.be\/wp-content\/uploads\/sites\/2\/2011\/09\/MG093141-800x532.jpg 800w\" sizes=\"auto, (max-width: 1000px) 100vw, 1000px\" \/><\/a><\/p>\n<p>&nbsp;<\/p>\n<p><a rel=\"attachment wp-att-8491\" href=\"http:\/\/www.cinevox.be\/bnp-paribas-fortis-film-days-rondo-concentre-demotions\/_mg09345\/\"><img loading=\"lazy\" decoding=\"async\" class=\"aligncenter size-full wp-image-8491\" title=\"_MG09345\" src=\"http:\/\/www.cinevox.be\/wp-content\/uploads\/sites\/2\/2011\/09\/MG09345.jpg\" alt=\"\" width=\"1000\" height=\"665\" srcset=\"https:\/\/welovecinema.be\/wp-content\/uploads\/sites\/2\/2011\/09\/MG09345.jpg 1000w, https:\/\/welovecinema.be\/wp-content\/uploads\/sites\/2\/2011\/09\/MG09345-406x270.jpg 406w, https:\/\/welovecinema.be\/wp-content\/uploads\/sites\/2\/2011\/09\/MG09345-800x532.jpg 800w\" sizes=\"auto, (max-width: 1000px) 100vw, 1000px\" \/><\/a><\/p>\n<p>&nbsp;<\/p>\n<p>Comme vous le d\u00e9couvez sur ce t\u00e9moignage sign\u00e9 Marianne Grimont, la salle \u00e9tait bien remplie et le final tr\u00e8s \u00e9mouvant avec Jean-Pierre Marielle, qui en a pourtant vu d&rsquo;autres, tombant dans les bras d&rsquo;Olivier Van Malderghem.<\/p>\n<p>Encore un moment magique.<\/p>\n<p>&nbsp;<\/p>\n<p><a rel=\"attachment wp-att-8484\" href=\"http:\/\/www.cinevox.be\/bnp-paribas-fortis-film-days-rondo-concentre-demotions\/_mg09316\/\"><img loading=\"lazy\" decoding=\"async\" class=\"aligncenter size-full wp-image-8484\" title=\"_MG09316\" src=\"http:\/\/www.cinevox.be\/wp-content\/uploads\/sites\/2\/2011\/09\/MG09316.jpg\" alt=\"\" width=\"1000\" height=\"665\" srcset=\"https:\/\/welovecinema.be\/wp-content\/uploads\/sites\/2\/2011\/09\/MG09316.jpg 1000w, https:\/\/welovecinema.be\/wp-content\/uploads\/sites\/2\/2011\/09\/MG09316-406x270.jpg 406w, https:\/\/welovecinema.be\/wp-content\/uploads\/sites\/2\/2011\/09\/MG09316-800x532.jpg 800w\" sizes=\"auto, (max-width: 1000px) 100vw, 1000px\" \/><\/a><\/p>\n<p>&nbsp;<\/p>\n<p><a rel=\"attachment wp-att-8485\" href=\"http:\/\/www.cinevox.be\/bnp-paribas-fortis-film-days-rondo-concentre-demotions\/_mg09322\/\"><img loading=\"lazy\" decoding=\"async\" class=\"aligncenter size-full wp-image-8485\" title=\"_MG09322\" src=\"http:\/\/www.cinevox.be\/wp-content\/uploads\/sites\/2\/2011\/09\/MG09322.jpg\" alt=\"\" width=\"1000\" height=\"665\" srcset=\"https:\/\/welovecinema.be\/wp-content\/uploads\/sites\/2\/2011\/09\/MG09322.jpg 1000w, https:\/\/welovecinema.be\/wp-content\/uploads\/sites\/2\/2011\/09\/MG09322-406x270.jpg 406w, https:\/\/welovecinema.be\/wp-content\/uploads\/sites\/2\/2011\/09\/MG09322-800x532.jpg 800w\" sizes=\"auto, (max-width: 1000px) 100vw, 1000px\" \/><\/a><\/p>\n<p>&nbsp;<\/p>\n<p><a rel=\"attachment wp-att-8487\" href=\"http:\/\/www.cinevox.be\/bnp-paribas-fortis-film-days-rondo-concentre-demotions\/_mg09329-3\/\"><img loading=\"lazy\" decoding=\"async\" class=\"aligncenter size-full wp-image-8487\" title=\"_MG09329\" src=\"http:\/\/www.cinevox.be\/wp-content\/uploads\/sites\/2\/2011\/09\/MG093291.jpg\" alt=\"\" width=\"1000\" height=\"665\" srcset=\"https:\/\/welovecinema.be\/wp-content\/uploads\/sites\/2\/2011\/09\/MG093291.jpg 1000w, https:\/\/welovecinema.be\/wp-content\/uploads\/sites\/2\/2011\/09\/MG093291-406x270.jpg 406w, https:\/\/welovecinema.be\/wp-content\/uploads\/sites\/2\/2011\/09\/MG093291-800x532.jpg 800w\" sizes=\"auto, (max-width: 1000px) 100vw, 1000px\" \/><\/a><\/p>\n<p>&nbsp;<\/p>\n<p>Profitant de la promotion des BNP Paribas Fortis Film Days qui, c&rsquo;est vrai, n&rsquo;ont pas fait les choses \u00e0 moiti\u00e9, Rondo, qui avait un peu de mal \u00e0 trouver un cr\u00e9neau, sortira en salles d\u00e8s la semaine prochaine. De quoi faire sourire son producteur, Hubert Toint. Si les Cinevox Happenings n&rsquo;avaient servi qu&rsquo;\u00e0 cela, ce serait d\u00e9j\u00e0 beaucoup.<\/p>\n<p>&nbsp;<\/p>\n<p><a rel=\"attachment wp-att-8486\" href=\"http:\/\/www.cinevox.be\/bnp-paribas-fortis-film-days-rondo-concentre-demotions\/_mg09371\/\"><img loading=\"lazy\" decoding=\"async\" class=\"aligncenter size-full wp-image-8486\" title=\"_MG09371\" src=\"http:\/\/www.cinevox.be\/wp-content\/uploads\/sites\/2\/2011\/09\/MG09371.jpg\" alt=\"\" width=\"1000\" height=\"665\" srcset=\"https:\/\/welovecinema.be\/wp-content\/uploads\/sites\/2\/2011\/09\/MG09371.jpg 1000w, https:\/\/welovecinema.be\/wp-content\/uploads\/sites\/2\/2011\/09\/MG09371-406x270.jpg 406w, https:\/\/welovecinema.be\/wp-content\/uploads\/sites\/2\/2011\/09\/MG09371-800x532.jpg 800w\" sizes=\"auto, (max-width: 1000px) 100vw, 1000px\" \/><\/a><\/p>\n<p>&nbsp;<\/p>\n<p>Et pour ponctuer la soir\u00e9e, quoi de mieux qu&rsquo;une petite s\u00e9ance de pose. \u00a0Beaux souvenirs. Oui, magique !<\/p>\n<p>&nbsp;<\/p>\n<p><a rel=\"attachment wp-att-8498\" href=\"http:\/\/www.cinevox.be\/bnp-paribas-fortis-film-days-rondo-concentre-demotions\/_mg09346\/\"><img loading=\"lazy\" decoding=\"async\" class=\"aligncenter size-large wp-image-8498\" title=\"_MG09346\" src=\"http:\/\/www.cinevox.be\/wp-content\/uploads\/sites\/2\/2011\/09\/MG09346-399x600.jpg\" alt=\"\" width=\"399\" height=\"600\" srcset=\"https:\/\/welovecinema.be\/wp-content\/uploads\/sites\/2\/2011\/09\/MG09346-399x600.jpg 399w, https:\/\/welovecinema.be\/wp-content\/uploads\/sites\/2\/2011\/09\/MG09346-179x270.jpg 179w, https:\/\/welovecinema.be\/wp-content\/uploads\/sites\/2\/2011\/09\/MG09346.jpg 665w\" sizes=\"auto, (max-width: 399px) 100vw, 399px\" \/><\/a><\/p>\n<p>&nbsp;<\/p>\n<p>&nbsp;<\/p>\n<p><a rel=\"attachment wp-att-8490\" href=\"http:\/\/www.cinevox.be\/bnp-paribas-fortis-film-days-rondo-concentre-demotions\/_mg09378\/\"><img loading=\"lazy\" decoding=\"async\" class=\"aligncenter size-full wp-image-8490\" title=\"_MG09378\" src=\"http:\/\/www.cinevox.be\/wp-content\/uploads\/sites\/2\/2011\/09\/MG09378.jpg\" alt=\"\" width=\"1000\" height=\"665\" srcset=\"https:\/\/welovecinema.be\/wp-content\/uploads\/sites\/2\/2011\/09\/MG09378.jpg 1000w, https:\/\/welovecinema.be\/wp-content\/uploads\/sites\/2\/2011\/09\/MG09378-406x270.jpg 406w, https:\/\/welovecinema.be\/wp-content\/uploads\/sites\/2\/2011\/09\/MG09378-800x532.jpg 800w\" sizes=\"auto, (max-width: 1000px) 100vw, 1000px\" \/><\/a><\/p>\n<p>&nbsp;<\/p>\n<p>&nbsp;<\/p>\n","protected":false},"excerpt":{"rendered":"<p>Rien que dans la partie francophone du pays, les Cinevox Happenings frappaient trois fois jeudi soir. L&rsquo;\u00e9quipe de BXL\/USA illuminait l&rsquo;UGC de Brouck\u00e8re , Abel et Gordon visitaient l&rsquo;Acinapolis de Jambes, et l&rsquo;\u00e9quipe de Rondo s&rsquo;offrait un bain de jouvence \u00e0 l&rsquo;occasion d&rsquo;une s\u00e9ance charg\u00e9e d&rsquo;enthousiasme et de frissons \u00e0 l&rsquo;UGC Toison d&rsquo;Or.<\/p>\n","protected":false},"author":7,"featured_media":8493,"comment_status":"closed","ping_status":"closed","sticky":false,"template":"","format":"standard","meta":{"ngg_post_thumbnail":0,"footnotes":""},"categories":[1923,7],"tags":[],"class_list":["post-8482","post","type-post","status-publish","format-standard","has-post-thumbnail","","category-en-bref","category-actualites"],"yoast_head":"<!-- This site is optimized with the Yoast SEO plugin v20.4 - https:\/\/yoast.com\/wordpress\/plugins\/seo\/ -->\n<title>BNP Paribas Fortis Film Days  Rondo, concentr\u00e9 d&#039;\u00e9motions - We Love Cinema<\/title>\n<meta name=\"robots\" content=\"index, follow, max-snippet:-1, max-image-preview:large, max-video-preview:-1\" \/>\n<link rel=\"canonical\" href=\"https:\/\/welovecinema.be\/fr\/bnp-paribas-fortis-film-days-rondo-concentre-demotions\/\" \/>\n<meta property=\"og:locale\" content=\"fr_FR\" \/>\n<meta property=\"og:type\" content=\"article\" \/>\n<meta property=\"og:title\" content=\"BNP Paribas Fortis Film Days  Rondo, concentr\u00e9 d&#039;\u00e9motions - We Love Cinema\" \/>\n<meta property=\"og:description\" content=\"Rien que dans la partie francophone du pays, les Cinevox Happenings frappaient trois fois jeudi soir. L&rsquo;\u00e9quipe de BXL\/USA illuminait l&rsquo;UGC de Brouck\u00e8re , Abel et Gordon visitaient l&rsquo;Acinapolis de Jambes, et l&rsquo;\u00e9quipe de Rondo s&rsquo;offrait un bain de jouvence \u00e0 l&rsquo;occasion d&rsquo;une s\u00e9ance charg\u00e9e d&rsquo;enthousiasme et de frissons \u00e0 l&rsquo;UGC Toison d&rsquo;Or.\" \/>\n<meta property=\"og:url\" content=\"https:\/\/welovecinema.be\/fr\/bnp-paribas-fortis-film-days-rondo-concentre-demotions\/\" \/>\n<meta property=\"og:site_name\" content=\"We Love Cinema\" \/>\n<meta property=\"article:publisher\" content=\"https:\/\/www.facebook.com\/welovecinema.be\" \/>\n<meta property=\"article:published_time\" content=\"2011-09-23T10:37:19+00:00\" \/>\n<meta property=\"article:modified_time\" content=\"2011-09-23T15:54:41+00:00\" \/>\n<meta property=\"og:image\" content=\"https:\/\/welovecinema.be\/wp-content\/uploads\/sites\/2\/2011\/09\/MG093411.jpg\" \/>\n\t<meta property=\"og:image:width\" content=\"1000\" \/>\n\t<meta property=\"og:image:height\" content=\"665\" \/>\n\t<meta property=\"og:image:type\" content=\"image\/jpeg\" \/>\n<meta name=\"author\" content=\"Philippe.Pierquin\" \/>\n<meta name=\"twitter:card\" content=\"summary_large_image\" \/>\n<meta name=\"twitter:label1\" content=\"\u00c9crit par\" \/>\n\t<meta name=\"twitter:data1\" content=\"Philippe.Pierquin\" \/>\n\t<meta name=\"twitter:label2\" content=\"Dur\u00e9e de lecture estim\u00e9e\" \/>\n\t<meta name=\"twitter:data2\" content=\"1 minute\" \/>\n<script type=\"application\/ld+json\" class=\"yoast-schema-graph\">{\"@context\":\"https:\/\/schema.org\",\"@graph\":[{\"@type\":\"Article\",\"@id\":\"https:\/\/welovecinema.be\/fr\/bnp-paribas-fortis-film-days-rondo-concentre-demotions\/#article\",\"isPartOf\":{\"@id\":\"https:\/\/welovecinema.be\/fr\/bnp-paribas-fortis-film-days-rondo-concentre-demotions\/\"},\"author\":{\"name\":\"Philippe.Pierquin\",\"@id\":\"https:\/\/welovecinema.be\/nl\/#\/schema\/person\/4b9b1d857f0943453a38a7c2859ef756\"},\"headline\":\"BNP Paribas Fortis Film Days Rondo, concentr\u00e9 d&rsquo;\u00e9motions\",\"datePublished\":\"2011-09-23T10:37:19+00:00\",\"dateModified\":\"2011-09-23T15:54:41+00:00\",\"mainEntityOfPage\":{\"@id\":\"https:\/\/welovecinema.be\/fr\/bnp-paribas-fortis-film-days-rondo-concentre-demotions\/\"},\"wordCount\":299,\"publisher\":{\"@id\":\"https:\/\/welovecinema.be\/nl\/#organization\"},\"articleSection\":[\"En bref\",\"News\"],\"inLanguage\":\"fr-FR\"},{\"@type\":\"WebPage\",\"@id\":\"https:\/\/welovecinema.be\/fr\/bnp-paribas-fortis-film-days-rondo-concentre-demotions\/\",\"url\":\"https:\/\/welovecinema.be\/fr\/bnp-paribas-fortis-film-days-rondo-concentre-demotions\/\",\"name\":\"BNP Paribas Fortis Film Days Rondo, concentr\u00e9 d'\u00e9motions - We Love Cinema\",\"isPartOf\":{\"@id\":\"https:\/\/welovecinema.be\/nl\/#website\"},\"datePublished\":\"2011-09-23T10:37:19+00:00\",\"dateModified\":\"2011-09-23T15:54:41+00:00\",\"breadcrumb\":{\"@id\":\"https:\/\/welovecinema.be\/fr\/bnp-paribas-fortis-film-days-rondo-concentre-demotions\/#breadcrumb\"},\"inLanguage\":\"fr-FR\",\"potentialAction\":[{\"@type\":\"ReadAction\",\"target\":[\"https:\/\/welovecinema.be\/fr\/bnp-paribas-fortis-film-days-rondo-concentre-demotions\/\"]}]},{\"@type\":\"BreadcrumbList\",\"@id\":\"https:\/\/welovecinema.be\/fr\/bnp-paribas-fortis-film-days-rondo-concentre-demotions\/#breadcrumb\",\"itemListElement\":[{\"@type\":\"ListItem\",\"position\":1,\"name\":\"Accueil\",\"item\":\"https:\/\/welovecinema.be\/fr\/\"},{\"@type\":\"ListItem\",\"position\":2,\"name\":\"BNP Paribas Fortis Film Days Rondo, concentr\u00e9 d&rsquo;\u00e9motions\"}]},{\"@type\":\"WebSite\",\"@id\":\"https:\/\/welovecinema.be\/nl\/#website\",\"url\":\"https:\/\/welovecinema.be\/nl\/\",\"name\":\"We Love Cinema\",\"description\":\"Toute l\u2019information du cin\u00e9ma en Belgique\",\"publisher\":{\"@id\":\"https:\/\/welovecinema.be\/nl\/#organization\"},\"potentialAction\":[{\"@type\":\"SearchAction\",\"target\":{\"@type\":\"EntryPoint\",\"urlTemplate\":\"https:\/\/welovecinema.be\/nl\/?s={search_term_string}\"},\"query-input\":\"required name=search_term_string\"}],\"inLanguage\":\"fr-FR\"},{\"@type\":\"Organization\",\"@id\":\"https:\/\/welovecinema.be\/nl\/#organization\",\"name\":\"We Love Cinema\",\"url\":\"https:\/\/welovecinema.be\/nl\/\",\"logo\":{\"@type\":\"ImageObject\",\"inLanguage\":\"fr-FR\",\"@id\":\"https:\/\/welovecinema.be\/nl\/#\/schema\/logo\/image\/\",\"url\":\"https:\/\/welovecinema.be\/wp-content\/uploads\/sites\/2\/2023\/03\/Logo-We-Love-Cinema305x128.jpg\",\"contentUrl\":\"https:\/\/welovecinema.be\/wp-content\/uploads\/sites\/2\/2023\/03\/Logo-We-Love-Cinema305x128.jpg\",\"width\":305,\"height\":128,\"caption\":\"We Love Cinema\"},\"image\":{\"@id\":\"https:\/\/welovecinema.be\/nl\/#\/schema\/logo\/image\/\"},\"sameAs\":[\"https:\/\/www.facebook.com\/welovecinema.be\",\"https:\/\/www.youtube.com\/channel\/UCX5LYGVhnKvYauW4Nta4HJA\",\"https:\/\/www.instagram.com\/welovecinema.be\/\"]},{\"@type\":\"Person\",\"@id\":\"https:\/\/welovecinema.be\/nl\/#\/schema\/person\/4b9b1d857f0943453a38a7c2859ef756\",\"name\":\"Philippe.Pierquin\",\"url\":\"https:\/\/welovecinema.be\/fr\/author\/philippe-pierquin\/\"}]}<\/script>\n<!-- \/ Yoast SEO plugin. -->","yoast_head_json":{"title":"BNP Paribas Fortis Film Days  Rondo, concentr\u00e9 d'\u00e9motions - We Love Cinema","robots":{"index":"index","follow":"follow","max-snippet":"max-snippet:-1","max-image-preview":"max-image-preview:large","max-video-preview":"max-video-preview:-1"},"canonical":"https:\/\/welovecinema.be\/fr\/bnp-paribas-fortis-film-days-rondo-concentre-demotions\/","og_locale":"fr_FR","og_type":"article","og_title":"BNP Paribas Fortis Film Days  Rondo, concentr\u00e9 d'\u00e9motions - We Love Cinema","og_description":"Rien que dans la partie francophone du pays, les Cinevox Happenings frappaient trois fois jeudi soir. L&rsquo;\u00e9quipe de BXL\/USA illuminait l&rsquo;UGC de Brouck\u00e8re , Abel et Gordon visitaient l&rsquo;Acinapolis de Jambes, et l&rsquo;\u00e9quipe de Rondo s&rsquo;offrait un bain de jouvence \u00e0 l&rsquo;occasion d&rsquo;une s\u00e9ance charg\u00e9e d&rsquo;enthousiasme et de frissons \u00e0 l&rsquo;UGC Toison d&rsquo;Or.","og_url":"https:\/\/welovecinema.be\/fr\/bnp-paribas-fortis-film-days-rondo-concentre-demotions\/","og_site_name":"We Love Cinema","article_publisher":"https:\/\/www.facebook.com\/welovecinema.be","article_published_time":"2011-09-23T10:37:19+00:00","article_modified_time":"2011-09-23T15:54:41+00:00","og_image":[{"width":"1000","height":"665","url":"https:\/\/welovecinema.be\/wp-content\/uploads\/sites\/2\/2011\/09\/MG093411.jpg","type":"image\/jpeg"}],"author":"Philippe.Pierquin","twitter_card":"summary_large_image","twitter_misc":{"\u00c9crit par":"Philippe.Pierquin","Dur\u00e9e de lecture estim\u00e9e":"1 minute"},"schema":{"@context":"https:\/\/schema.org","@graph":[{"@type":"Article","@id":"https:\/\/welovecinema.be\/fr\/bnp-paribas-fortis-film-days-rondo-concentre-demotions\/#article","isPartOf":{"@id":"https:\/\/welovecinema.be\/fr\/bnp-paribas-fortis-film-days-rondo-concentre-demotions\/"},"author":{"name":"Philippe.Pierquin","@id":"https:\/\/welovecinema.be\/nl\/#\/schema\/person\/4b9b1d857f0943453a38a7c2859ef756"},"headline":"BNP Paribas Fortis Film Days Rondo, concentr\u00e9 d&rsquo;\u00e9motions","datePublished":"2011-09-23T10:37:19+00:00","dateModified":"2011-09-23T15:54:41+00:00","mainEntityOfPage":{"@id":"https:\/\/welovecinema.be\/fr\/bnp-paribas-fortis-film-days-rondo-concentre-demotions\/"},"wordCount":299,"publisher":{"@id":"https:\/\/welovecinema.be\/nl\/#organization"},"articleSection":["En bref","News"],"inLanguage":"fr-FR"},{"@type":"WebPage","@id":"https:\/\/welovecinema.be\/fr\/bnp-paribas-fortis-film-days-rondo-concentre-demotions\/","url":"https:\/\/welovecinema.be\/fr\/bnp-paribas-fortis-film-days-rondo-concentre-demotions\/","name":"BNP Paribas Fortis Film Days Rondo, concentr\u00e9 d'\u00e9motions - We Love Cinema","isPartOf":{"@id":"https:\/\/welovecinema.be\/nl\/#website"},"datePublished":"2011-09-23T10:37:19+00:00","dateModified":"2011-09-23T15:54:41+00:00","breadcrumb":{"@id":"https:\/\/welovecinema.be\/fr\/bnp-paribas-fortis-film-days-rondo-concentre-demotions\/#breadcrumb"},"inLanguage":"fr-FR","potentialAction":[{"@type":"ReadAction","target":["https:\/\/welovecinema.be\/fr\/bnp-paribas-fortis-film-days-rondo-concentre-demotions\/"]}]},{"@type":"BreadcrumbList","@id":"https:\/\/welovecinema.be\/fr\/bnp-paribas-fortis-film-days-rondo-concentre-demotions\/#breadcrumb","itemListElement":[{"@type":"ListItem","position":1,"name":"Accueil","item":"https:\/\/welovecinema.be\/fr\/"},{"@type":"ListItem","position":2,"name":"BNP Paribas Fortis Film Days Rondo, concentr\u00e9 d&rsquo;\u00e9motions"}]},{"@type":"WebSite","@id":"https:\/\/welovecinema.be\/nl\/#website","url":"https:\/\/welovecinema.be\/nl\/","name":"We Love Cinema","description":"Toute l\u2019information du cin\u00e9ma en Belgique","publisher":{"@id":"https:\/\/welovecinema.be\/nl\/#organization"},"potentialAction":[{"@type":"SearchAction","target":{"@type":"EntryPoint","urlTemplate":"https:\/\/welovecinema.be\/nl\/?s={search_term_string}"},"query-input":"required name=search_term_string"}],"inLanguage":"fr-FR"},{"@type":"Organization","@id":"https:\/\/welovecinema.be\/nl\/#organization","name":"We Love Cinema","url":"https:\/\/welovecinema.be\/nl\/","logo":{"@type":"ImageObject","inLanguage":"fr-FR","@id":"https:\/\/welovecinema.be\/nl\/#\/schema\/logo\/image\/","url":"https:\/\/welovecinema.be\/wp-content\/uploads\/sites\/2\/2023\/03\/Logo-We-Love-Cinema305x128.jpg","contentUrl":"https:\/\/welovecinema.be\/wp-content\/uploads\/sites\/2\/2023\/03\/Logo-We-Love-Cinema305x128.jpg","width":305,"height":128,"caption":"We Love Cinema"},"image":{"@id":"https:\/\/welovecinema.be\/nl\/#\/schema\/logo\/image\/"},"sameAs":["https:\/\/www.facebook.com\/welovecinema.be","https:\/\/www.youtube.com\/channel\/UCX5LYGVhnKvYauW4Nta4HJA","https:\/\/www.instagram.com\/welovecinema.be\/"]},{"@type":"Person","@id":"https:\/\/welovecinema.be\/nl\/#\/schema\/person\/4b9b1d857f0943453a38a7c2859ef756","name":"Philippe.Pierquin","url":"https:\/\/welovecinema.be\/fr\/author\/philippe-pierquin\/"}]}},"_links":{"self":[{"href":"https:\/\/welovecinema.be\/fr\/wp-json\/wp\/v2\/posts\/8482","targetHints":{"allow":["GET"]}}],"collection":[{"href":"https:\/\/welovecinema.be\/fr\/wp-json\/wp\/v2\/posts"}],"about":[{"href":"https:\/\/welovecinema.be\/fr\/wp-json\/wp\/v2\/types\/post"}],"author":[{"embeddable":true,"href":"https:\/\/welovecinema.be\/fr\/wp-json\/wp\/v2\/users\/7"}],"replies":[{"embeddable":true,"href":"https:\/\/welovecinema.be\/fr\/wp-json\/wp\/v2\/comments?post=8482"}],"version-history":[{"count":0,"href":"https:\/\/welovecinema.be\/fr\/wp-json\/wp\/v2\/posts\/8482\/revisions"}],"wp:featuredmedia":[{"embeddable":true,"href":"https:\/\/welovecinema.be\/fr\/wp-json\/wp\/v2\/media\/8493"}],"wp:attachment":[{"href":"https:\/\/welovecinema.be\/fr\/wp-json\/wp\/v2\/media?parent=8482"}],"wp:term":[{"taxonomy":"category","embeddable":true,"href":"https:\/\/welovecinema.be\/fr\/wp-json\/wp\/v2\/categories?post=8482"},{"taxonomy":"post_tag","embeddable":true,"href":"https:\/\/welovecinema.be\/fr\/wp-json\/wp\/v2\/tags?post=8482"}],"curies":[{"name":"wp","href":"https:\/\/api.w.org\/{rel}","templated":true}]}}