{"id":84663,"date":"2016-02-12T08:26:10","date_gmt":"2016-02-12T07:26:10","guid":{"rendered":"http:\/\/www.cinevox.be\/?p=84663"},"modified":"2016-02-13T10:02:13","modified_gmt":"2016-02-13T09:02:13","slug":"le-13-fevrier-des-bulles-pour-mirage-damour","status":"publish","type":"post","link":"https:\/\/welovecinema.be\/fr\/le-13-fevrier-des-bulles-pour-mirage-damour\/","title":{"rendered":"Le 13 f\u00e9vrier : des bulles pour Mirage d\u2019amour"},"content":{"rendered":"<p>Ce week-end, on ne vous apprend rien, beaucoup d\u2019amoureux f\u00eateront probablement la St Valentin. Le 14, de nombreux couples se retrouveront les yeux dans les yeux,\u00a0dans la salle tamis\u00e9e d&rsquo;un resto sympa.<br \/>\nNon, non, ce n\u2019est pas un clich\u00e9, essayez de r\u00e9server une table en derni\u00e8re minute, vous risquez d&rsquo;\u00eatre fort d\u00e9\u00e7us\u2026.<!--more--><\/p>\n<p>&nbsp;<\/p>\n<p>&nbsp;<\/p>\n<p>Si vous avez l&rsquo;\u00e2me romantique et que vous n&rsquo;avez pas envie de regarder la pluie tomber sur le pav\u00e9, pourquoi ne pas aussi emmener votre compagne\/on, amoureux\/se, amant\/e voir <em>Mirage d\u2019amour<\/em>, une histoire d\u2019amour tragique dans les ann\u00e9es 20? Une \u00e9pop\u00e9e au c\u0153ur du Chili, avec Marie Gillain, mais \u00e9galement avec le tr\u00e8s bel acteur chilien Edouardo Paxeco (pas de jaloux, donc).<\/p>\n<p>&nbsp;<\/p>\n<p><a href=\"http:\/\/www.cinevox.be\/wp-content\/uploads\/sites\/2\/2010\/02\/ma2.jpg\"><img loading=\"lazy\" decoding=\"async\" class=\"alignright size-full wp-image-84667\" src=\"http:\/\/www.cinevox.be\/wp-content\/uploads\/sites\/2\/2010\/02\/ma2.jpg\" alt=\"\" width=\"620\" height=\"255\" srcset=\"https:\/\/welovecinema.be\/wp-content\/uploads\/sites\/2\/2010\/02\/ma2.jpg 620w, https:\/\/welovecinema.be\/wp-content\/uploads\/sites\/2\/2010\/02\/ma2-480x197.jpg 480w\" sizes=\"auto, (max-width: 620px) 100vw, 620px\" \/><\/a><\/p>\n<p>&nbsp;<\/p>\n<p>Pourquoi ce samedi 13 particuli\u00e8rement\u00a0? Parce que les distributeurs du film ont d\u00e9cid\u00e9 de vous accueillir avec un petit cadeau. En plus du film, et pour le prix d\u2019un ticket classique, vous aurez droit \u00e0 une coupe de Bernard Massard. Et les bulles ne sont \u00e9videmment pas r\u00e9serv\u00e9es aux seuls amoureux\u00a0: si vous venez seuls ou en famille, vous ne serez pas oubli\u00e9s.<\/p>\n<p>Cet \u00e9v\u00e9nement se d\u00e9roulera dans toutes les salles qui programment le film, \u00e0 une s\u00e9ance pr\u00e9cise\u00a0: l\u2019Acinapolis de Jambes (17h), l\u2019UGC Toison d\u2019or \u00e0 Bruxelles (17h15), Imagix Mons (17h30), Imagix Tournai (17H), Cinepointcom Charleroi (18h30), Cinepointcom Verviers (16h) et Kinepolis L\u00e8ge (17h30).<\/p>\n<p>En jonglant, il doit m\u00eame y avoir moyen d\u2019encha\u00eener deux s\u00e9ances (Charleroi et Mons, par exemple)\u00a0\u00a0\ud83d\ude09<\/p>\n<p>&nbsp;<\/p>\n<p>&nbsp;<\/p>\n<p><iframe loading=\"lazy\" src=\"https:\/\/www.youtube.com\/embed\/4sN4GNmwPjM\" width=\"620\" height=\"347\" frameborder=\"0\" allowfullscreen=\"allowfullscreen\"><\/iframe><\/p>\n<p>&nbsp;<\/p>\n","protected":false},"excerpt":{"rendered":"<p>Ce week-end, on ne vous apprend rien, beaucoup d\u2019amoureux f\u00eateront probablement la St Valentin. Le 14, de nombreux couples se retrouveront les yeux dans les yeux,\u00a0dans la salle tamis\u00e9e d&rsquo;un resto sympa. Non, non, ce n\u2019est pas un clich\u00e9, essayez de r\u00e9server une table en derni\u00e8re minute, vous risquez d&rsquo;\u00eatre fort d\u00e9\u00e7us\u2026.<\/p>\n","protected":false},"author":7,"featured_media":84665,"comment_status":"closed","ping_status":"closed","sticky":false,"template":"","format":"standard","meta":{"ngg_post_thumbnail":0,"footnotes":""},"categories":[1923],"tags":[],"class_list":["post-84663","post","type-post","status-publish","format-standard","has-post-thumbnail","","category-en-bref"],"yoast_head":"<!-- This site is optimized with the Yoast SEO plugin v20.4 - https:\/\/yoast.com\/wordpress\/plugins\/seo\/ -->\n<title>Le 13 f\u00e9vrier : des bulles pour Mirage d\u2019amour  - We Love Cinema<\/title>\n<meta name=\"robots\" content=\"index, follow, max-snippet:-1, max-image-preview:large, max-video-preview:-1\" \/>\n<link rel=\"canonical\" href=\"https:\/\/welovecinema.be\/fr\/le-13-fevrier-des-bulles-pour-mirage-damour\/\" \/>\n<meta property=\"og:locale\" content=\"fr_FR\" \/>\n<meta property=\"og:type\" content=\"article\" \/>\n<meta property=\"og:title\" content=\"Le 13 f\u00e9vrier : des bulles pour Mirage d\u2019amour  - We Love Cinema\" \/>\n<meta property=\"og:description\" content=\"Ce week-end, on ne vous apprend rien, beaucoup d\u2019amoureux f\u00eateront probablement la St Valentin. Le 14, de nombreux couples se retrouveront les yeux dans les yeux,\u00a0dans la salle tamis\u00e9e d&rsquo;un resto sympa. Non, non, ce n\u2019est pas un clich\u00e9, essayez de r\u00e9server une table en derni\u00e8re minute, vous risquez d&rsquo;\u00eatre fort d\u00e9\u00e7us\u2026.\" \/>\n<meta property=\"og:url\" content=\"https:\/\/welovecinema.be\/fr\/le-13-fevrier-des-bulles-pour-mirage-damour\/\" \/>\n<meta property=\"og:site_name\" content=\"We Love Cinema\" \/>\n<meta property=\"article:publisher\" content=\"https:\/\/www.facebook.com\/welovecinema.be\" \/>\n<meta property=\"article:published_time\" content=\"2016-02-12T07:26:10+00:00\" \/>\n<meta property=\"article:modified_time\" content=\"2016-02-13T09:02:13+00:00\" \/>\n<meta property=\"og:image\" content=\"https:\/\/welovecinema.be\/wp-content\/uploads\/sites\/2\/2010\/02\/IMG_5490.jpg\" \/>\n\t<meta property=\"og:image:width\" content=\"1632\" \/>\n\t<meta property=\"og:image:height\" content=\"1224\" \/>\n\t<meta property=\"og:image:type\" content=\"image\/jpeg\" \/>\n<meta name=\"author\" content=\"Philippe.Pierquin\" \/>\n<meta name=\"twitter:card\" content=\"summary_large_image\" \/>\n<meta name=\"twitter:label1\" content=\"\u00c9crit par\" \/>\n\t<meta name=\"twitter:data1\" content=\"Philippe.Pierquin\" \/>\n\t<meta name=\"twitter:label2\" content=\"Dur\u00e9e de lecture estim\u00e9e\" \/>\n\t<meta name=\"twitter:data2\" content=\"1 minute\" \/>\n<script type=\"application\/ld+json\" class=\"yoast-schema-graph\">{\"@context\":\"https:\/\/schema.org\",\"@graph\":[{\"@type\":\"Article\",\"@id\":\"https:\/\/welovecinema.be\/fr\/le-13-fevrier-des-bulles-pour-mirage-damour\/#article\",\"isPartOf\":{\"@id\":\"https:\/\/welovecinema.be\/fr\/le-13-fevrier-des-bulles-pour-mirage-damour\/\"},\"author\":{\"name\":\"Philippe.Pierquin\",\"@id\":\"https:\/\/welovecinema.be\/nl\/#\/schema\/person\/4b9b1d857f0943453a38a7c2859ef756\"},\"headline\":\"Le 13 f\u00e9vrier : des bulles pour Mirage d\u2019amour\",\"datePublished\":\"2016-02-12T07:26:10+00:00\",\"dateModified\":\"2016-02-13T09:02:13+00:00\",\"mainEntityOfPage\":{\"@id\":\"https:\/\/welovecinema.be\/fr\/le-13-fevrier-des-bulles-pour-mirage-damour\/\"},\"wordCount\":285,\"publisher\":{\"@id\":\"https:\/\/welovecinema.be\/nl\/#organization\"},\"articleSection\":[\"En bref\"],\"inLanguage\":\"fr-FR\"},{\"@type\":\"WebPage\",\"@id\":\"https:\/\/welovecinema.be\/fr\/le-13-fevrier-des-bulles-pour-mirage-damour\/\",\"url\":\"https:\/\/welovecinema.be\/fr\/le-13-fevrier-des-bulles-pour-mirage-damour\/\",\"name\":\"Le 13 f\u00e9vrier : des bulles pour Mirage d\u2019amour - We Love Cinema\",\"isPartOf\":{\"@id\":\"https:\/\/welovecinema.be\/nl\/#website\"},\"datePublished\":\"2016-02-12T07:26:10+00:00\",\"dateModified\":\"2016-02-13T09:02:13+00:00\",\"breadcrumb\":{\"@id\":\"https:\/\/welovecinema.be\/fr\/le-13-fevrier-des-bulles-pour-mirage-damour\/#breadcrumb\"},\"inLanguage\":\"fr-FR\",\"potentialAction\":[{\"@type\":\"ReadAction\",\"target\":[\"https:\/\/welovecinema.be\/fr\/le-13-fevrier-des-bulles-pour-mirage-damour\/\"]}]},{\"@type\":\"BreadcrumbList\",\"@id\":\"https:\/\/welovecinema.be\/fr\/le-13-fevrier-des-bulles-pour-mirage-damour\/#breadcrumb\",\"itemListElement\":[{\"@type\":\"ListItem\",\"position\":1,\"name\":\"Accueil\",\"item\":\"https:\/\/welovecinema.be\/fr\/\"},{\"@type\":\"ListItem\",\"position\":2,\"name\":\"Le 13 f\u00e9vrier : des bulles pour Mirage d\u2019amour\"}]},{\"@type\":\"WebSite\",\"@id\":\"https:\/\/welovecinema.be\/nl\/#website\",\"url\":\"https:\/\/welovecinema.be\/nl\/\",\"name\":\"We Love Cinema\",\"description\":\"Toute l\u2019information du cin\u00e9ma en Belgique\",\"publisher\":{\"@id\":\"https:\/\/welovecinema.be\/nl\/#organization\"},\"potentialAction\":[{\"@type\":\"SearchAction\",\"target\":{\"@type\":\"EntryPoint\",\"urlTemplate\":\"https:\/\/welovecinema.be\/nl\/?s={search_term_string}\"},\"query-input\":\"required name=search_term_string\"}],\"inLanguage\":\"fr-FR\"},{\"@type\":\"Organization\",\"@id\":\"https:\/\/welovecinema.be\/nl\/#organization\",\"name\":\"We Love Cinema\",\"url\":\"https:\/\/welovecinema.be\/nl\/\",\"logo\":{\"@type\":\"ImageObject\",\"inLanguage\":\"fr-FR\",\"@id\":\"https:\/\/welovecinema.be\/nl\/#\/schema\/logo\/image\/\",\"url\":\"https:\/\/welovecinema.be\/wp-content\/uploads\/sites\/2\/2023\/03\/Logo-We-Love-Cinema305x128.jpg\",\"contentUrl\":\"https:\/\/welovecinema.be\/wp-content\/uploads\/sites\/2\/2023\/03\/Logo-We-Love-Cinema305x128.jpg\",\"width\":305,\"height\":128,\"caption\":\"We Love Cinema\"},\"image\":{\"@id\":\"https:\/\/welovecinema.be\/nl\/#\/schema\/logo\/image\/\"},\"sameAs\":[\"https:\/\/www.facebook.com\/welovecinema.be\",\"https:\/\/www.youtube.com\/channel\/UCX5LYGVhnKvYauW4Nta4HJA\",\"https:\/\/www.instagram.com\/welovecinema.be\/\"]},{\"@type\":\"Person\",\"@id\":\"https:\/\/welovecinema.be\/nl\/#\/schema\/person\/4b9b1d857f0943453a38a7c2859ef756\",\"name\":\"Philippe.Pierquin\",\"url\":\"https:\/\/welovecinema.be\/fr\/author\/philippe-pierquin\/\"}]}<\/script>\n<!-- \/ Yoast SEO plugin. -->","yoast_head_json":{"title":"Le 13 f\u00e9vrier : des bulles pour Mirage d\u2019amour  - We Love Cinema","robots":{"index":"index","follow":"follow","max-snippet":"max-snippet:-1","max-image-preview":"max-image-preview:large","max-video-preview":"max-video-preview:-1"},"canonical":"https:\/\/welovecinema.be\/fr\/le-13-fevrier-des-bulles-pour-mirage-damour\/","og_locale":"fr_FR","og_type":"article","og_title":"Le 13 f\u00e9vrier : des bulles pour Mirage d\u2019amour  - We Love Cinema","og_description":"Ce week-end, on ne vous apprend rien, beaucoup d\u2019amoureux f\u00eateront probablement la St Valentin. Le 14, de nombreux couples se retrouveront les yeux dans les yeux,\u00a0dans la salle tamis\u00e9e d&rsquo;un resto sympa. Non, non, ce n\u2019est pas un clich\u00e9, essayez de r\u00e9server une table en derni\u00e8re minute, vous risquez d&rsquo;\u00eatre fort d\u00e9\u00e7us\u2026.","og_url":"https:\/\/welovecinema.be\/fr\/le-13-fevrier-des-bulles-pour-mirage-damour\/","og_site_name":"We Love Cinema","article_publisher":"https:\/\/www.facebook.com\/welovecinema.be","article_published_time":"2016-02-12T07:26:10+00:00","article_modified_time":"2016-02-13T09:02:13+00:00","og_image":[{"width":1632,"height":1224,"url":"https:\/\/welovecinema.be\/wp-content\/uploads\/sites\/2\/2010\/02\/IMG_5490.jpg","type":"image\/jpeg"}],"author":"Philippe.Pierquin","twitter_card":"summary_large_image","twitter_misc":{"\u00c9crit par":"Philippe.Pierquin","Dur\u00e9e de lecture estim\u00e9e":"1 minute"},"schema":{"@context":"https:\/\/schema.org","@graph":[{"@type":"Article","@id":"https:\/\/welovecinema.be\/fr\/le-13-fevrier-des-bulles-pour-mirage-damour\/#article","isPartOf":{"@id":"https:\/\/welovecinema.be\/fr\/le-13-fevrier-des-bulles-pour-mirage-damour\/"},"author":{"name":"Philippe.Pierquin","@id":"https:\/\/welovecinema.be\/nl\/#\/schema\/person\/4b9b1d857f0943453a38a7c2859ef756"},"headline":"Le 13 f\u00e9vrier : des bulles pour Mirage d\u2019amour","datePublished":"2016-02-12T07:26:10+00:00","dateModified":"2016-02-13T09:02:13+00:00","mainEntityOfPage":{"@id":"https:\/\/welovecinema.be\/fr\/le-13-fevrier-des-bulles-pour-mirage-damour\/"},"wordCount":285,"publisher":{"@id":"https:\/\/welovecinema.be\/nl\/#organization"},"articleSection":["En bref"],"inLanguage":"fr-FR"},{"@type":"WebPage","@id":"https:\/\/welovecinema.be\/fr\/le-13-fevrier-des-bulles-pour-mirage-damour\/","url":"https:\/\/welovecinema.be\/fr\/le-13-fevrier-des-bulles-pour-mirage-damour\/","name":"Le 13 f\u00e9vrier : des bulles pour Mirage d\u2019amour - We Love Cinema","isPartOf":{"@id":"https:\/\/welovecinema.be\/nl\/#website"},"datePublished":"2016-02-12T07:26:10+00:00","dateModified":"2016-02-13T09:02:13+00:00","breadcrumb":{"@id":"https:\/\/welovecinema.be\/fr\/le-13-fevrier-des-bulles-pour-mirage-damour\/#breadcrumb"},"inLanguage":"fr-FR","potentialAction":[{"@type":"ReadAction","target":["https:\/\/welovecinema.be\/fr\/le-13-fevrier-des-bulles-pour-mirage-damour\/"]}]},{"@type":"BreadcrumbList","@id":"https:\/\/welovecinema.be\/fr\/le-13-fevrier-des-bulles-pour-mirage-damour\/#breadcrumb","itemListElement":[{"@type":"ListItem","position":1,"name":"Accueil","item":"https:\/\/welovecinema.be\/fr\/"},{"@type":"ListItem","position":2,"name":"Le 13 f\u00e9vrier : des bulles pour Mirage d\u2019amour"}]},{"@type":"WebSite","@id":"https:\/\/welovecinema.be\/nl\/#website","url":"https:\/\/welovecinema.be\/nl\/","name":"We Love Cinema","description":"Toute l\u2019information du cin\u00e9ma en Belgique","publisher":{"@id":"https:\/\/welovecinema.be\/nl\/#organization"},"potentialAction":[{"@type":"SearchAction","target":{"@type":"EntryPoint","urlTemplate":"https:\/\/welovecinema.be\/nl\/?s={search_term_string}"},"query-input":"required name=search_term_string"}],"inLanguage":"fr-FR"},{"@type":"Organization","@id":"https:\/\/welovecinema.be\/nl\/#organization","name":"We Love Cinema","url":"https:\/\/welovecinema.be\/nl\/","logo":{"@type":"ImageObject","inLanguage":"fr-FR","@id":"https:\/\/welovecinema.be\/nl\/#\/schema\/logo\/image\/","url":"https:\/\/welovecinema.be\/wp-content\/uploads\/sites\/2\/2023\/03\/Logo-We-Love-Cinema305x128.jpg","contentUrl":"https:\/\/welovecinema.be\/wp-content\/uploads\/sites\/2\/2023\/03\/Logo-We-Love-Cinema305x128.jpg","width":305,"height":128,"caption":"We Love Cinema"},"image":{"@id":"https:\/\/welovecinema.be\/nl\/#\/schema\/logo\/image\/"},"sameAs":["https:\/\/www.facebook.com\/welovecinema.be","https:\/\/www.youtube.com\/channel\/UCX5LYGVhnKvYauW4Nta4HJA","https:\/\/www.instagram.com\/welovecinema.be\/"]},{"@type":"Person","@id":"https:\/\/welovecinema.be\/nl\/#\/schema\/person\/4b9b1d857f0943453a38a7c2859ef756","name":"Philippe.Pierquin","url":"https:\/\/welovecinema.be\/fr\/author\/philippe-pierquin\/"}]}},"_links":{"self":[{"href":"https:\/\/welovecinema.be\/fr\/wp-json\/wp\/v2\/posts\/84663","targetHints":{"allow":["GET"]}}],"collection":[{"href":"https:\/\/welovecinema.be\/fr\/wp-json\/wp\/v2\/posts"}],"about":[{"href":"https:\/\/welovecinema.be\/fr\/wp-json\/wp\/v2\/types\/post"}],"author":[{"embeddable":true,"href":"https:\/\/welovecinema.be\/fr\/wp-json\/wp\/v2\/users\/7"}],"replies":[{"embeddable":true,"href":"https:\/\/welovecinema.be\/fr\/wp-json\/wp\/v2\/comments?post=84663"}],"version-history":[{"count":0,"href":"https:\/\/welovecinema.be\/fr\/wp-json\/wp\/v2\/posts\/84663\/revisions"}],"wp:featuredmedia":[{"embeddable":true,"href":"https:\/\/welovecinema.be\/fr\/wp-json\/wp\/v2\/media\/84665"}],"wp:attachment":[{"href":"https:\/\/welovecinema.be\/fr\/wp-json\/wp\/v2\/media?parent=84663"}],"wp:term":[{"taxonomy":"category","embeddable":true,"href":"https:\/\/welovecinema.be\/fr\/wp-json\/wp\/v2\/categories?post=84663"},{"taxonomy":"post_tag","embeddable":true,"href":"https:\/\/welovecinema.be\/fr\/wp-json\/wp\/v2\/tags?post=84663"}],"curies":[{"name":"wp","href":"https:\/\/api.w.org\/{rel}","templated":true}]}}