{"id":84376,"date":"2016-02-07T10:58:52","date_gmt":"2016-02-07T09:58:52","guid":{"rendered":"http:\/\/www.cinevox.be\/?p=84376"},"modified":"2016-02-08T09:50:18","modified_gmt":"2016-02-08T08:50:18","slug":"sur-les-marches-bleues-episode-2","status":"publish","type":"post","link":"https:\/\/welovecinema.be\/fr\/sur-les-marches-bleues-episode-2\/","title":{"rendered":"Sur les marches bleues (\u00e9pisode 2)"},"content":{"rendered":"<p>Aux Magritte on ne monte pas les marches, on les descend.<\/p>\n<p>Et le tapis n&rsquo;est pas rouge, mais bleu. C&rsquo;est comme \u00e7a.<\/p>\n<p>C&rsquo;est unique, c&rsquo;est belge et on adore \u00e7a.<\/p>\n<p>&nbsp;<\/p>\n<p style=\"text-align: right;\"><em>Toutes les photos Philippe Pierquin\/Cinevox 2016<\/em><br \/>\n<!--more--><\/p>\n<p style=\"text-align: left;\"><a href=\"http:\/\/www.cinevox.be\/wp-content\/uploads\/sites\/2\/2016\/02\/IMG_2011.jpg\"><img loading=\"lazy\" decoding=\"async\" class=\"aligncenter size-large wp-image-84377\" src=\"http:\/\/www.cinevox.be\/wp-content\/uploads\/sites\/2\/2016\/02\/IMG_2011-800x533.jpg\" alt=\"\" width=\"640\" height=\"426\" srcset=\"https:\/\/welovecinema.be\/wp-content\/uploads\/sites\/2\/2016\/02\/IMG_2011-800x533.jpg 800w, https:\/\/welovecinema.be\/wp-content\/uploads\/sites\/2\/2016\/02\/IMG_2011-405x270.jpg 405w\" sizes=\"auto, (max-width: 640px) 100vw, 640px\" \/><\/a><\/p>\n<p style=\"text-align: left;\">Tania Garbarski, tout en \u00e9l\u00e9gance et toujours pr\u00eate \u00e0 en d\u00e9coudre<\/p>\n<p style=\"text-align: left;\"><a href=\"http:\/\/www.cinevox.be\/wp-content\/uploads\/sites\/2\/2016\/02\/IMG_2015.jpg\"><img loading=\"lazy\" decoding=\"async\" class=\"aligncenter size-large wp-image-84378\" src=\"http:\/\/www.cinevox.be\/wp-content\/uploads\/sites\/2\/2016\/02\/IMG_2015-800x555.jpg\" alt=\"\" width=\"640\" height=\"444\" srcset=\"https:\/\/welovecinema.be\/wp-content\/uploads\/sites\/2\/2016\/02\/IMG_2015-800x555.jpg 800w, https:\/\/welovecinema.be\/wp-content\/uploads\/sites\/2\/2016\/02\/IMG_2015-389x270.jpg 389w\" sizes=\"auto, (max-width: 640px) 100vw, 640px\" \/><\/a><\/p>\n<p style=\"text-align: left;\">Anne Paulicevich et Fr\u00e9d\u00e9ric Fonteyne : couple \u00e0 la ville et duo derri\u00e8re <em>Tango Libre.\u00a0<\/em><\/p>\n<p style=\"text-align: left;\"><a href=\"http:\/\/www.cinevox.be\/wp-content\/uploads\/sites\/2\/2016\/02\/IMG_2022.jpg\"><img loading=\"lazy\" decoding=\"async\" class=\"aligncenter size-large wp-image-84379\" src=\"http:\/\/www.cinevox.be\/wp-content\/uploads\/sites\/2\/2016\/02\/IMG_2022-800x533.jpg\" alt=\"\" width=\"640\" height=\"426\" srcset=\"https:\/\/welovecinema.be\/wp-content\/uploads\/sites\/2\/2016\/02\/IMG_2022-800x533.jpg 800w, https:\/\/welovecinema.be\/wp-content\/uploads\/sites\/2\/2016\/02\/IMG_2022-405x270.jpg 405w\" sizes=\"auto, (max-width: 640px) 100vw, 640px\" \/><\/a><\/p>\n<p style=\"text-align: left;\">H\u00e9 biloute ! Dany Boon est de la partie !<\/p>\n<p style=\"text-align: left;\"><a href=\"http:\/\/www.cinevox.be\/wp-content\/uploads\/sites\/2\/2016\/02\/IMG_2031.jpg\"><img loading=\"lazy\" decoding=\"async\" class=\"aligncenter size-large wp-image-84380\" src=\"http:\/\/www.cinevox.be\/wp-content\/uploads\/sites\/2\/2016\/02\/IMG_2031-800x437.jpg\" alt=\"\" width=\"640\" height=\"349\" srcset=\"https:\/\/welovecinema.be\/wp-content\/uploads\/sites\/2\/2016\/02\/IMG_2031-800x437.jpg 800w, https:\/\/welovecinema.be\/wp-content\/uploads\/sites\/2\/2016\/02\/IMG_2031-480x262.jpg 480w\" sizes=\"auto, (max-width: 640px) 100vw, 640px\" \/><\/a><\/p>\n<p style=\"text-align: left;\">Bart Van Langendonck, producteur de <em>D&rsquo;Ardennen<\/em>, va, \u00e0 nouveau, ramener un Magritte au nord du pays.<\/p>\n<p style=\"text-align: left;\"><a href=\"http:\/\/www.cinevox.be\/wp-content\/uploads\/sites\/2\/2016\/02\/IMG_2040.jpg\"><img loading=\"lazy\" decoding=\"async\" class=\"aligncenter size-large wp-image-84382\" src=\"http:\/\/www.cinevox.be\/wp-content\/uploads\/sites\/2\/2016\/02\/IMG_2040-800x580.jpg\" alt=\"\" width=\"640\" height=\"464\" srcset=\"https:\/\/welovecinema.be\/wp-content\/uploads\/sites\/2\/2016\/02\/IMG_2040-800x580.jpg 800w, https:\/\/welovecinema.be\/wp-content\/uploads\/sites\/2\/2016\/02\/IMG_2040-372x270.jpg 372w\" sizes=\"auto, (max-width: 640px) 100vw, 640px\" \/><\/a><\/p>\n<p style=\"text-align: left;\">Panique aux Magritte : Vincent Patar vient remettre avec son acolyte St\u00e9phane Aubier (voir ci-dessous) les Magritte des meilleurs courts m\u00e9trages.<\/p>\n<p style=\"text-align: left;\"><a href=\"http:\/\/www.cinevox.be\/wp-content\/uploads\/sites\/2\/2016\/02\/aubier.jpg\"><img loading=\"lazy\" decoding=\"async\" class=\"aligncenter size-large wp-image-84398\" src=\"http:\/\/www.cinevox.be\/wp-content\/uploads\/sites\/2\/2016\/02\/aubier-800x488.jpg\" alt=\"\" width=\"640\" height=\"390\" srcset=\"https:\/\/welovecinema.be\/wp-content\/uploads\/sites\/2\/2016\/02\/aubier-800x488.jpg 800w, https:\/\/welovecinema.be\/wp-content\/uploads\/sites\/2\/2016\/02\/aubier-442x270.jpg 442w, https:\/\/welovecinema.be\/wp-content\/uploads\/sites\/2\/2016\/02\/aubier.jpg 1460w\" sizes=\"auto, (max-width: 640px) 100vw, 640px\" \/><\/a><\/p>\n<p style=\"text-align: left;\">Panique aux Magritte : l&rsquo;hypnotique St\u00e9phane Aubier vient remettre avec son acolyte Vincent Patar (voir ci-dessus) les Magritte des meilleurs courts m\u00e9trages.<\/p>\n<p style=\"text-align: left;\"><a href=\"http:\/\/www.cinevox.be\/wp-content\/uploads\/sites\/2\/2016\/02\/IMG_2048.jpg\"><img loading=\"lazy\" decoding=\"async\" class=\"aligncenter size-large wp-image-84383\" src=\"http:\/\/www.cinevox.be\/wp-content\/uploads\/sites\/2\/2016\/02\/IMG_2048-800x533.jpg\" alt=\"\" width=\"640\" height=\"426\" srcset=\"https:\/\/welovecinema.be\/wp-content\/uploads\/sites\/2\/2016\/02\/IMG_2048-800x533.jpg 800w, https:\/\/welovecinema.be\/wp-content\/uploads\/sites\/2\/2016\/02\/IMG_2048-405x270.jpg 405w\" sizes=\"auto, (max-width: 640px) 100vw, 640px\" \/><\/a><\/p>\n<p style=\"text-align: left;\">Philippe Reynaert, directeur de Wallimage avec son \u00e9pouse, la photographe Myriam Debehault<\/p>\n<p style=\"text-align: left;\"><a href=\"http:\/\/www.cinevox.be\/wp-content\/uploads\/sites\/2\/2016\/02\/IMG_2050.jpg\"><img loading=\"lazy\" decoding=\"async\" class=\"aligncenter size-large wp-image-84384\" src=\"http:\/\/www.cinevox.be\/wp-content\/uploads\/sites\/2\/2016\/02\/IMG_2050-800x533.jpg\" alt=\"\" width=\"640\" height=\"426\" srcset=\"https:\/\/welovecinema.be\/wp-content\/uploads\/sites\/2\/2016\/02\/IMG_2050-800x533.jpg 800w, https:\/\/welovecinema.be\/wp-content\/uploads\/sites\/2\/2016\/02\/IMG_2050-405x270.jpg 405w\" sizes=\"auto, (max-width: 640px) 100vw, 640px\" \/><\/a><\/p>\n<p style=\"text-align: left;\">Marie Gillain, pr\u00e9sidente de Magritte 2016, et sa spectaculaire premi\u00e8re robe de c\u00e9r\u00e9monie<\/p>\n<p style=\"text-align: left;\"><img loading=\"lazy\" decoding=\"async\" class=\"aligncenter size-large wp-image-84386\" src=\"http:\/\/www.cinevox.be\/wp-content\/uploads\/sites\/2\/2016\/02\/IMG_2068-800x533.jpg\" alt=\"\" width=\"640\" height=\"426\" srcset=\"https:\/\/welovecinema.be\/wp-content\/uploads\/sites\/2\/2016\/02\/IMG_2068-800x533.jpg 800w, https:\/\/welovecinema.be\/wp-content\/uploads\/sites\/2\/2016\/02\/IMG_2068-405x270.jpg 405w\" sizes=\"auto, (max-width: 640px) 100vw, 640px\" \/>Un ours sur les marches? Il n&rsquo;y a qu&rsquo;aux Magritte qu&rsquo;on voit \u00e7a. D&rsquo;autant que l&rsquo;\u00e9quipe va d\u00e9crocher le Magritte du meilleur court m\u00e9trage<\/p>\n<p style=\"text-align: left;\"><a href=\"http:\/\/www.cinevox.be\/wp-content\/uploads\/sites\/2\/2016\/02\/IMG_2076.jpg\"><img loading=\"lazy\" decoding=\"async\" class=\"aligncenter size-large wp-image-84387\" src=\"http:\/\/www.cinevox.be\/wp-content\/uploads\/sites\/2\/2016\/02\/IMG_2076-800x533.jpg\" alt=\"\" width=\"640\" height=\"426\" srcset=\"https:\/\/welovecinema.be\/wp-content\/uploads\/sites\/2\/2016\/02\/IMG_2076-800x533.jpg 800w, https:\/\/welovecinema.be\/wp-content\/uploads\/sites\/2\/2016\/02\/IMG_2076-405x270.jpg 405w\" sizes=\"auto, (max-width: 640px) 100vw, 640px\" \/><\/a><\/p>\n<p style=\"text-align: left;\">Non, Elvis Pompilio n&rsquo;a pas pris le melon.<\/p>\n<p style=\"text-align: left;\"><a href=\"http:\/\/www.cinevox.be\/wp-content\/uploads\/sites\/2\/2016\/02\/IMG_2086.jpg\"><img loading=\"lazy\" decoding=\"async\" class=\"aligncenter size-large wp-image-84388\" src=\"http:\/\/www.cinevox.be\/wp-content\/uploads\/sites\/2\/2016\/02\/IMG_2086-800x533.jpg\" alt=\"\" width=\"640\" height=\"426\" srcset=\"https:\/\/welovecinema.be\/wp-content\/uploads\/sites\/2\/2016\/02\/IMG_2086-800x533.jpg 800w, https:\/\/welovecinema.be\/wp-content\/uploads\/sites\/2\/2016\/02\/IMG_2086-405x270.jpg 405w\" sizes=\"auto, (max-width: 640px) 100vw, 640px\" \/><\/a><\/p>\n<p style=\"text-align: left;\">Hande Kodja, nomin\u00e9e l&rsquo;an dernier pour <em>Rosenn<\/em>, bient\u00f4t \u00e0 l&rsquo;affiche d&rsquo;<em>Insoumise<\/em><\/p>\n<p style=\"text-align: left;\"><a href=\"http:\/\/www.cinevox.be\/wp-content\/uploads\/sites\/2\/2016\/02\/IMG_2101.jpg\"><img loading=\"lazy\" decoding=\"async\" class=\"aligncenter size-large wp-image-84389\" src=\"http:\/\/www.cinevox.be\/wp-content\/uploads\/sites\/2\/2016\/02\/IMG_2101-800x458.jpg\" alt=\"\" width=\"640\" height=\"366\" srcset=\"https:\/\/welovecinema.be\/wp-content\/uploads\/sites\/2\/2016\/02\/IMG_2101-800x458.jpg 800w, https:\/\/welovecinema.be\/wp-content\/uploads\/sites\/2\/2016\/02\/IMG_2101-200x113.jpg 200w, https:\/\/welovecinema.be\/wp-content\/uploads\/sites\/2\/2016\/02\/IMG_2101-470x270.jpg 470w\" sizes=\"auto, (max-width: 640px) 100vw, 640px\" \/><\/a><\/p>\n<p style=\"text-align: left;\">Yolande Moreau, nomin\u00e9e deux fois cette ann\u00e9e pour <em>Le Tout Nouveau Testament<\/em> et <em>Voyage en chine<\/em><\/p>\n<p style=\"text-align: left;\"><a href=\"http:\/\/www.cinevox.be\/wp-content\/uploads\/sites\/2\/2016\/02\/IMG_2109.jpg\"><img loading=\"lazy\" decoding=\"async\" class=\"aligncenter size-large wp-image-84390\" src=\"http:\/\/www.cinevox.be\/wp-content\/uploads\/sites\/2\/2016\/02\/IMG_2109-800x533.jpg\" alt=\"\" width=\"640\" height=\"426\" srcset=\"https:\/\/welovecinema.be\/wp-content\/uploads\/sites\/2\/2016\/02\/IMG_2109-800x533.jpg 800w, https:\/\/welovecinema.be\/wp-content\/uploads\/sites\/2\/2016\/02\/IMG_2109-405x270.jpg 405w\" sizes=\"auto, (max-width: 640px) 100vw, 640px\" \/><\/a><\/p>\n<p style=\"text-align: left;\">Luc Jabon, copr\u00e9sident de l&rsquo;Acad\u00e9mie Andr\u00e9 Delvaux et r\u00e9alisateur des <em>Survivants<\/em>, et son \u00e9pouse<\/p>\n<p style=\"text-align: left;\"><a href=\"http:\/\/www.cinevox.be\/wp-content\/uploads\/sites\/2\/2016\/02\/IMG_2111.jpg\"><img loading=\"lazy\" decoding=\"async\" class=\"aligncenter size-large wp-image-84391\" src=\"http:\/\/www.cinevox.be\/wp-content\/uploads\/sites\/2\/2016\/02\/IMG_2111-800x533.jpg\" alt=\"\" width=\"640\" height=\"426\" srcset=\"https:\/\/welovecinema.be\/wp-content\/uploads\/sites\/2\/2016\/02\/IMG_2111-800x533.jpg 800w, https:\/\/welovecinema.be\/wp-content\/uploads\/sites\/2\/2016\/02\/IMG_2111-405x270.jpg 405w\" sizes=\"auto, (max-width: 640px) 100vw, 640px\" \/><\/a><\/p>\n<p style=\"text-align: left;\">Thierry de Coster et son spectaculaire gilet.\u00a0Prrre\u00fcte, quoi&#8230;<\/p>\n<p style=\"text-align: left;\"><a href=\"http:\/\/www.cinevox.be\/wp-content\/uploads\/sites\/2\/2016\/02\/IMG_2123.jpg\"><img loading=\"lazy\" decoding=\"async\" class=\"aligncenter size-large wp-image-84392\" src=\"http:\/\/www.cinevox.be\/wp-content\/uploads\/sites\/2\/2016\/02\/IMG_2123-800x533.jpg\" alt=\"\" width=\"640\" height=\"426\" srcset=\"https:\/\/welovecinema.be\/wp-content\/uploads\/sites\/2\/2016\/02\/IMG_2123-800x533.jpg 800w, https:\/\/welovecinema.be\/wp-content\/uploads\/sites\/2\/2016\/02\/IMG_2123-405x270.jpg 405w\" sizes=\"auto, (max-width: 640px) 100vw, 640px\" \/><\/a><\/p>\n<p style=\"text-align: left;\">Un des personnages-clef dans l&rsquo;ombre du cin\u00e9ma belge: Alain De Greef, responsable du sponsoring chez BNP PAribas Fortis et donc derri\u00e8re Cinevox, les Magritte, le FIFF, Anima ou les Ensors. Avec son \u00e9pouse.<\/p>\n<p style=\"text-align: left;\"><img loading=\"lazy\" decoding=\"async\" class=\"aligncenter size-large wp-image-84393\" src=\"http:\/\/www.cinevox.be\/wp-content\/uploads\/sites\/2\/2016\/02\/IMG_2146-800x533.jpg\" alt=\"\" width=\"640\" height=\"426\" srcset=\"https:\/\/welovecinema.be\/wp-content\/uploads\/sites\/2\/2016\/02\/IMG_2146-800x533.jpg 800w, https:\/\/welovecinema.be\/wp-content\/uploads\/sites\/2\/2016\/02\/IMG_2146-405x270.jpg 405w\" sizes=\"auto, (max-width: 640px) 100vw, 640px\" \/>La tr\u00e8s spectaculaire \u00e9quipe de <em>Je suis mort mais j&rsquo;ai des amis.<\/em><\/p>\n<p style=\"text-align: left;\"><a href=\"http:\/\/www.cinevox.be\/wp-content\/uploads\/sites\/2\/2016\/02\/IMG_2158.jpg\"><img loading=\"lazy\" decoding=\"async\" class=\"aligncenter size-large wp-image-84394\" src=\"http:\/\/www.cinevox.be\/wp-content\/uploads\/sites\/2\/2016\/02\/IMG_2158-800x501.jpg\" alt=\"\" width=\"640\" height=\"400\" srcset=\"https:\/\/welovecinema.be\/wp-content\/uploads\/sites\/2\/2016\/02\/IMG_2158-800x501.jpg 800w, https:\/\/welovecinema.be\/wp-content\/uploads\/sites\/2\/2016\/02\/IMG_2158-430x270.jpg 430w\" sizes=\"auto, (max-width: 640px) 100vw, 640px\" \/><\/a><\/p>\n<p style=\"text-align: left;\">Lucie\u00a0Debay, tout sourire et modestie : elle est la seule avec une invitation VIP \u00e0 entrer du c\u00f4t\u00e9 \u00ab\u00a0tout public\u00a0\u00bb alors qu&rsquo;en g\u00e9n\u00e9ral, c&rsquo;est l&rsquo;inverse qui se produit. Dans quelques minutes, elle va remporter le Magritte du meilleur espoir f\u00e9minin.<\/p>\n<p style=\"text-align: left;\"><img loading=\"lazy\" decoding=\"async\" class=\"aligncenter size-large wp-image-84395\" src=\"http:\/\/www.cinevox.be\/wp-content\/uploads\/sites\/2\/2016\/02\/IMG_2162-800x443.jpg\" alt=\"\" width=\"640\" height=\"354\" srcset=\"https:\/\/welovecinema.be\/wp-content\/uploads\/sites\/2\/2016\/02\/IMG_2162-800x443.jpg 800w, https:\/\/welovecinema.be\/wp-content\/uploads\/sites\/2\/2016\/02\/IMG_2162-480x265.jpg 480w\" sizes=\"auto, (max-width: 640px) 100vw, 640px\" \/>La toujours souriante Kadija Leclere, r\u00e9alisatrice du <em>Sac de farine<\/em>\u00a0et responsable de casting fort pris\u00e9e en Belgique.<\/p>\n<p style=\"text-align: left;\"><img loading=\"lazy\" decoding=\"async\" class=\"aligncenter size-large wp-image-84396\" src=\"http:\/\/www.cinevox.be\/wp-content\/uploads\/sites\/2\/2016\/02\/IMG_2186-800x413.jpg\" alt=\"\" width=\"640\" height=\"330\" srcset=\"https:\/\/welovecinema.be\/wp-content\/uploads\/sites\/2\/2016\/02\/IMG_2186-800x413.jpg 800w, https:\/\/welovecinema.be\/wp-content\/uploads\/sites\/2\/2016\/02\/IMG_2186-480x248.jpg 480w\" sizes=\"auto, (max-width: 640px) 100vw, 640px\" \/>Savina Dellicour et son producteur Joseph Rouschop (Tarantula) : nomin\u00e9 neuf fois, <em>Tous les chats sont gri<\/em>s va remporter deux Magritte.<\/p>\n<p style=\"text-align: left;\"><img loading=\"lazy\" decoding=\"async\" class=\"size-large wp-image-84397\" src=\"http:\/\/www.cinevox.be\/wp-content\/uploads\/sites\/2\/2016\/02\/IMG_2188-800x426.jpg\" alt=\"\" width=\"640\" height=\"340\" srcset=\"https:\/\/welovecinema.be\/wp-content\/uploads\/sites\/2\/2016\/02\/IMG_2188-800x426.jpg 800w, https:\/\/welovecinema.be\/wp-content\/uploads\/sites\/2\/2016\/02\/IMG_2188-480x256.jpg 480w\" sizes=\"auto, (max-width: 640px) 100vw, 640px\" \/>Manon Capelle, jeune r\u00e9v\u00e9lation du formidable <em>Tous les chats sont gris. <\/em>Avec le chef op, Thomas Buelens.<\/p>\n","protected":false},"excerpt":{"rendered":"<p>Aux Magritte on ne monte pas les marches, on les descend. Et le tapis n&rsquo;est pas rouge, mais bleu. C&rsquo;est comme \u00e7a. C&rsquo;est unique, c&rsquo;est belge et on adore \u00e7a. &nbsp; Toutes les photos Philippe Pierquin\/Cinevox 2016<\/p>\n","protected":false},"author":7,"featured_media":84400,"comment_status":"closed","ping_status":"closed","sticky":false,"template":"","format":"standard","meta":{"ngg_post_thumbnail":0,"footnotes":""},"categories":[1923],"tags":[],"class_list":["post-84376","post","type-post","status-publish","format-standard","has-post-thumbnail","","category-en-bref"],"yoast_head":"<!-- This site is optimized with the Yoast SEO plugin v20.4 - https:\/\/yoast.com\/wordpress\/plugins\/seo\/ -->\n<title>Sur les marches bleues (\u00e9pisode 2) - We Love Cinema<\/title>\n<meta name=\"robots\" content=\"index, follow, max-snippet:-1, max-image-preview:large, max-video-preview:-1\" \/>\n<link rel=\"canonical\" href=\"https:\/\/welovecinema.be\/fr\/sur-les-marches-bleues-episode-2\/\" \/>\n<meta property=\"og:locale\" content=\"fr_FR\" \/>\n<meta property=\"og:type\" content=\"article\" \/>\n<meta property=\"og:title\" content=\"Sur les marches bleues (\u00e9pisode 2) - We Love Cinema\" \/>\n<meta property=\"og:description\" content=\"Aux Magritte on ne monte pas les marches, on les descend. Et le tapis n&rsquo;est pas rouge, mais bleu. C&rsquo;est comme \u00e7a. C&rsquo;est unique, c&rsquo;est belge et on adore \u00e7a. &nbsp; Toutes les photos Philippe Pierquin\/Cinevox 2016\" \/>\n<meta property=\"og:url\" content=\"https:\/\/welovecinema.be\/fr\/sur-les-marches-bleues-episode-2\/\" \/>\n<meta property=\"og:site_name\" content=\"We Love Cinema\" \/>\n<meta property=\"article:publisher\" content=\"https:\/\/www.facebook.com\/welovecinema.be\" \/>\n<meta property=\"article:published_time\" content=\"2016-02-07T09:58:52+00:00\" \/>\n<meta property=\"article:modified_time\" content=\"2016-02-08T08:50:18+00:00\" \/>\n<meta property=\"og:image\" content=\"https:\/\/welovecinema.be\/wp-content\/uploads\/sites\/2\/2010\/02\/IMG_2063.jpg\" \/>\n\t<meta property=\"og:image:width\" content=\"5184\" \/>\n\t<meta property=\"og:image:height\" content=\"3456\" \/>\n\t<meta property=\"og:image:type\" content=\"image\/jpeg\" \/>\n<meta name=\"author\" content=\"Philippe.Pierquin\" \/>\n<meta name=\"twitter:card\" content=\"summary_large_image\" \/>\n<meta name=\"twitter:label1\" content=\"\u00c9crit par\" \/>\n\t<meta name=\"twitter:data1\" content=\"Philippe.Pierquin\" \/>\n\t<meta name=\"twitter:label2\" content=\"Dur\u00e9e de lecture estim\u00e9e\" \/>\n\t<meta name=\"twitter:data2\" content=\"2 minutes\" \/>\n<script type=\"application\/ld+json\" class=\"yoast-schema-graph\">{\"@context\":\"https:\/\/schema.org\",\"@graph\":[{\"@type\":\"Article\",\"@id\":\"https:\/\/welovecinema.be\/fr\/sur-les-marches-bleues-episode-2\/#article\",\"isPartOf\":{\"@id\":\"https:\/\/welovecinema.be\/fr\/sur-les-marches-bleues-episode-2\/\"},\"author\":{\"name\":\"Philippe.Pierquin\",\"@id\":\"https:\/\/welovecinema.be\/nl\/#\/schema\/person\/4b9b1d857f0943453a38a7c2859ef756\"},\"headline\":\"Sur les marches bleues (\u00e9pisode 2)\",\"datePublished\":\"2016-02-07T09:58:52+00:00\",\"dateModified\":\"2016-02-08T08:50:18+00:00\",\"mainEntityOfPage\":{\"@id\":\"https:\/\/welovecinema.be\/fr\/sur-les-marches-bleues-episode-2\/\"},\"wordCount\":429,\"publisher\":{\"@id\":\"https:\/\/welovecinema.be\/nl\/#organization\"},\"articleSection\":[\"En bref\"],\"inLanguage\":\"fr-FR\"},{\"@type\":\"WebPage\",\"@id\":\"https:\/\/welovecinema.be\/fr\/sur-les-marches-bleues-episode-2\/\",\"url\":\"https:\/\/welovecinema.be\/fr\/sur-les-marches-bleues-episode-2\/\",\"name\":\"Sur les marches bleues (\u00e9pisode 2) - We Love Cinema\",\"isPartOf\":{\"@id\":\"https:\/\/welovecinema.be\/nl\/#website\"},\"datePublished\":\"2016-02-07T09:58:52+00:00\",\"dateModified\":\"2016-02-08T08:50:18+00:00\",\"breadcrumb\":{\"@id\":\"https:\/\/welovecinema.be\/fr\/sur-les-marches-bleues-episode-2\/#breadcrumb\"},\"inLanguage\":\"fr-FR\",\"potentialAction\":[{\"@type\":\"ReadAction\",\"target\":[\"https:\/\/welovecinema.be\/fr\/sur-les-marches-bleues-episode-2\/\"]}]},{\"@type\":\"BreadcrumbList\",\"@id\":\"https:\/\/welovecinema.be\/fr\/sur-les-marches-bleues-episode-2\/#breadcrumb\",\"itemListElement\":[{\"@type\":\"ListItem\",\"position\":1,\"name\":\"Accueil\",\"item\":\"https:\/\/welovecinema.be\/fr\/\"},{\"@type\":\"ListItem\",\"position\":2,\"name\":\"Sur les marches bleues (\u00e9pisode 2)\"}]},{\"@type\":\"WebSite\",\"@id\":\"https:\/\/welovecinema.be\/nl\/#website\",\"url\":\"https:\/\/welovecinema.be\/nl\/\",\"name\":\"We Love Cinema\",\"description\":\"Toute l\u2019information du cin\u00e9ma en Belgique\",\"publisher\":{\"@id\":\"https:\/\/welovecinema.be\/nl\/#organization\"},\"potentialAction\":[{\"@type\":\"SearchAction\",\"target\":{\"@type\":\"EntryPoint\",\"urlTemplate\":\"https:\/\/welovecinema.be\/nl\/?s={search_term_string}\"},\"query-input\":\"required name=search_term_string\"}],\"inLanguage\":\"fr-FR\"},{\"@type\":\"Organization\",\"@id\":\"https:\/\/welovecinema.be\/nl\/#organization\",\"name\":\"We Love Cinema\",\"url\":\"https:\/\/welovecinema.be\/nl\/\",\"logo\":{\"@type\":\"ImageObject\",\"inLanguage\":\"fr-FR\",\"@id\":\"https:\/\/welovecinema.be\/nl\/#\/schema\/logo\/image\/\",\"url\":\"https:\/\/welovecinema.be\/wp-content\/uploads\/sites\/2\/2023\/03\/Logo-We-Love-Cinema305x128.jpg\",\"contentUrl\":\"https:\/\/welovecinema.be\/wp-content\/uploads\/sites\/2\/2023\/03\/Logo-We-Love-Cinema305x128.jpg\",\"width\":305,\"height\":128,\"caption\":\"We Love Cinema\"},\"image\":{\"@id\":\"https:\/\/welovecinema.be\/nl\/#\/schema\/logo\/image\/\"},\"sameAs\":[\"https:\/\/www.facebook.com\/welovecinema.be\",\"https:\/\/www.youtube.com\/channel\/UCX5LYGVhnKvYauW4Nta4HJA\",\"https:\/\/www.instagram.com\/welovecinema.be\/\"]},{\"@type\":\"Person\",\"@id\":\"https:\/\/welovecinema.be\/nl\/#\/schema\/person\/4b9b1d857f0943453a38a7c2859ef756\",\"name\":\"Philippe.Pierquin\",\"url\":\"https:\/\/welovecinema.be\/fr\/author\/philippe-pierquin\/\"}]}<\/script>\n<!-- \/ Yoast SEO plugin. -->","yoast_head_json":{"title":"Sur les marches bleues (\u00e9pisode 2) - We Love Cinema","robots":{"index":"index","follow":"follow","max-snippet":"max-snippet:-1","max-image-preview":"max-image-preview:large","max-video-preview":"max-video-preview:-1"},"canonical":"https:\/\/welovecinema.be\/fr\/sur-les-marches-bleues-episode-2\/","og_locale":"fr_FR","og_type":"article","og_title":"Sur les marches bleues (\u00e9pisode 2) - We Love Cinema","og_description":"Aux Magritte on ne monte pas les marches, on les descend. Et le tapis n&rsquo;est pas rouge, mais bleu. C&rsquo;est comme \u00e7a. C&rsquo;est unique, c&rsquo;est belge et on adore \u00e7a. &nbsp; Toutes les photos Philippe Pierquin\/Cinevox 2016","og_url":"https:\/\/welovecinema.be\/fr\/sur-les-marches-bleues-episode-2\/","og_site_name":"We Love Cinema","article_publisher":"https:\/\/www.facebook.com\/welovecinema.be","article_published_time":"2016-02-07T09:58:52+00:00","article_modified_time":"2016-02-08T08:50:18+00:00","og_image":[{"width":5184,"height":3456,"url":"https:\/\/welovecinema.be\/wp-content\/uploads\/sites\/2\/2010\/02\/IMG_2063.jpg","type":"image\/jpeg"}],"author":"Philippe.Pierquin","twitter_card":"summary_large_image","twitter_misc":{"\u00c9crit par":"Philippe.Pierquin","Dur\u00e9e de lecture estim\u00e9e":"2 minutes"},"schema":{"@context":"https:\/\/schema.org","@graph":[{"@type":"Article","@id":"https:\/\/welovecinema.be\/fr\/sur-les-marches-bleues-episode-2\/#article","isPartOf":{"@id":"https:\/\/welovecinema.be\/fr\/sur-les-marches-bleues-episode-2\/"},"author":{"name":"Philippe.Pierquin","@id":"https:\/\/welovecinema.be\/nl\/#\/schema\/person\/4b9b1d857f0943453a38a7c2859ef756"},"headline":"Sur les marches bleues (\u00e9pisode 2)","datePublished":"2016-02-07T09:58:52+00:00","dateModified":"2016-02-08T08:50:18+00:00","mainEntityOfPage":{"@id":"https:\/\/welovecinema.be\/fr\/sur-les-marches-bleues-episode-2\/"},"wordCount":429,"publisher":{"@id":"https:\/\/welovecinema.be\/nl\/#organization"},"articleSection":["En bref"],"inLanguage":"fr-FR"},{"@type":"WebPage","@id":"https:\/\/welovecinema.be\/fr\/sur-les-marches-bleues-episode-2\/","url":"https:\/\/welovecinema.be\/fr\/sur-les-marches-bleues-episode-2\/","name":"Sur les marches bleues (\u00e9pisode 2) - We Love Cinema","isPartOf":{"@id":"https:\/\/welovecinema.be\/nl\/#website"},"datePublished":"2016-02-07T09:58:52+00:00","dateModified":"2016-02-08T08:50:18+00:00","breadcrumb":{"@id":"https:\/\/welovecinema.be\/fr\/sur-les-marches-bleues-episode-2\/#breadcrumb"},"inLanguage":"fr-FR","potentialAction":[{"@type":"ReadAction","target":["https:\/\/welovecinema.be\/fr\/sur-les-marches-bleues-episode-2\/"]}]},{"@type":"BreadcrumbList","@id":"https:\/\/welovecinema.be\/fr\/sur-les-marches-bleues-episode-2\/#breadcrumb","itemListElement":[{"@type":"ListItem","position":1,"name":"Accueil","item":"https:\/\/welovecinema.be\/fr\/"},{"@type":"ListItem","position":2,"name":"Sur les marches bleues (\u00e9pisode 2)"}]},{"@type":"WebSite","@id":"https:\/\/welovecinema.be\/nl\/#website","url":"https:\/\/welovecinema.be\/nl\/","name":"We Love Cinema","description":"Toute l\u2019information du cin\u00e9ma en Belgique","publisher":{"@id":"https:\/\/welovecinema.be\/nl\/#organization"},"potentialAction":[{"@type":"SearchAction","target":{"@type":"EntryPoint","urlTemplate":"https:\/\/welovecinema.be\/nl\/?s={search_term_string}"},"query-input":"required name=search_term_string"}],"inLanguage":"fr-FR"},{"@type":"Organization","@id":"https:\/\/welovecinema.be\/nl\/#organization","name":"We Love Cinema","url":"https:\/\/welovecinema.be\/nl\/","logo":{"@type":"ImageObject","inLanguage":"fr-FR","@id":"https:\/\/welovecinema.be\/nl\/#\/schema\/logo\/image\/","url":"https:\/\/welovecinema.be\/wp-content\/uploads\/sites\/2\/2023\/03\/Logo-We-Love-Cinema305x128.jpg","contentUrl":"https:\/\/welovecinema.be\/wp-content\/uploads\/sites\/2\/2023\/03\/Logo-We-Love-Cinema305x128.jpg","width":305,"height":128,"caption":"We Love Cinema"},"image":{"@id":"https:\/\/welovecinema.be\/nl\/#\/schema\/logo\/image\/"},"sameAs":["https:\/\/www.facebook.com\/welovecinema.be","https:\/\/www.youtube.com\/channel\/UCX5LYGVhnKvYauW4Nta4HJA","https:\/\/www.instagram.com\/welovecinema.be\/"]},{"@type":"Person","@id":"https:\/\/welovecinema.be\/nl\/#\/schema\/person\/4b9b1d857f0943453a38a7c2859ef756","name":"Philippe.Pierquin","url":"https:\/\/welovecinema.be\/fr\/author\/philippe-pierquin\/"}]}},"_links":{"self":[{"href":"https:\/\/welovecinema.be\/fr\/wp-json\/wp\/v2\/posts\/84376","targetHints":{"allow":["GET"]}}],"collection":[{"href":"https:\/\/welovecinema.be\/fr\/wp-json\/wp\/v2\/posts"}],"about":[{"href":"https:\/\/welovecinema.be\/fr\/wp-json\/wp\/v2\/types\/post"}],"author":[{"embeddable":true,"href":"https:\/\/welovecinema.be\/fr\/wp-json\/wp\/v2\/users\/7"}],"replies":[{"embeddable":true,"href":"https:\/\/welovecinema.be\/fr\/wp-json\/wp\/v2\/comments?post=84376"}],"version-history":[{"count":0,"href":"https:\/\/welovecinema.be\/fr\/wp-json\/wp\/v2\/posts\/84376\/revisions"}],"wp:featuredmedia":[{"embeddable":true,"href":"https:\/\/welovecinema.be\/fr\/wp-json\/wp\/v2\/media\/84400"}],"wp:attachment":[{"href":"https:\/\/welovecinema.be\/fr\/wp-json\/wp\/v2\/media?parent=84376"}],"wp:term":[{"taxonomy":"category","embeddable":true,"href":"https:\/\/welovecinema.be\/fr\/wp-json\/wp\/v2\/categories?post=84376"},{"taxonomy":"post_tag","embeddable":true,"href":"https:\/\/welovecinema.be\/fr\/wp-json\/wp\/v2\/tags?post=84376"}],"curies":[{"name":"wp","href":"https:\/\/api.w.org\/{rel}","templated":true}]}}