{"id":84348,"date":"2016-02-07T10:15:22","date_gmt":"2016-02-07T09:15:22","guid":{"rendered":"http:\/\/www.cinevox.be\/?p=84348"},"modified":"2016-02-07T12:57:32","modified_gmt":"2016-02-07T11:57:32","slug":"sur-les-marches-bleues-episode-1","status":"publish","type":"post","link":"https:\/\/welovecinema.be\/fr\/sur-les-marches-bleues-episode-1\/","title":{"rendered":"Sur les marches bleues (\u00e9pisode 1)"},"content":{"rendered":"<p>Aux Magritte on ne monte pas les marches, on les descend.<\/p>\n<p>Et le tapis n&rsquo;est pas rouge, mais bleu. C&rsquo;est comme \u00e7a.<\/p>\n<p>C&rsquo;est unique, c&rsquo;est belge et on adore \u00e7a.<\/p>\n<p>&nbsp;<\/p>\n<p style=\"text-align: right;\"><em>Toutes les photos Philippe Pierquin\/Cinevox 2016<\/em><br \/>\n<!--more--><\/p>\n<p>&nbsp;<\/p>\n<p><a href=\"http:\/\/www.cinevox.be\/wp-content\/uploads\/sites\/2\/2016\/02\/IMG_1865.jpg\"><img loading=\"lazy\" decoding=\"async\" class=\"aligncenter size-large wp-image-84349\" src=\"http:\/\/www.cinevox.be\/wp-content\/uploads\/sites\/2\/2016\/02\/IMG_1865-800x533.jpg\" alt=\"\" width=\"640\" height=\"426\" srcset=\"https:\/\/welovecinema.be\/wp-content\/uploads\/sites\/2\/2016\/02\/IMG_1865-800x533.jpg 800w, https:\/\/welovecinema.be\/wp-content\/uploads\/sites\/2\/2016\/02\/IMG_1865-405x270.jpg 405w\" sizes=\"auto, (max-width: 640px) 100vw, 640px\" \/><\/a><\/p>\n<p>Thierry Michel et sa productrice Christine Piraux. Ils vont remporter le Magritte du meilleur film documentaire.<\/p>\n<p>&nbsp;<\/p>\n<p><a href=\"http:\/\/www.cinevox.be\/wp-content\/uploads\/sites\/2\/2016\/02\/IMG_1869.jpg\"><img loading=\"lazy\" decoding=\"async\" class=\"aligncenter size-large wp-image-84350\" src=\"http:\/\/www.cinevox.be\/wp-content\/uploads\/sites\/2\/2016\/02\/IMG_1869-800x533.jpg\" alt=\"\" width=\"640\" height=\"426\" srcset=\"https:\/\/welovecinema.be\/wp-content\/uploads\/sites\/2\/2016\/02\/IMG_1869-800x533.jpg 800w, https:\/\/welovecinema.be\/wp-content\/uploads\/sites\/2\/2016\/02\/IMG_1869-405x270.jpg 405w\" sizes=\"auto, (max-width: 640px) 100vw, 640px\" \/><\/a><\/p>\n<p>Le grand vainqueur des Ensors du cin\u00e9ma flamand va repartir bredouille ce soir: Pieter Van Hees va maintenant r\u00e9aliser un film aux Etats-Unis<\/p>\n<p>&nbsp;<\/p>\n<p><a href=\"http:\/\/www.cinevox.be\/wp-content\/uploads\/sites\/2\/2016\/02\/IMG_1898.jpg\"><img loading=\"lazy\" decoding=\"async\" class=\"aligncenter size-large wp-image-84351\" src=\"http:\/\/www.cinevox.be\/wp-content\/uploads\/sites\/2\/2016\/02\/IMG_1898-800x533.jpg\" alt=\"\" width=\"640\" height=\"426\" srcset=\"https:\/\/welovecinema.be\/wp-content\/uploads\/sites\/2\/2016\/02\/IMG_1898-800x533.jpg 800w, https:\/\/welovecinema.be\/wp-content\/uploads\/sites\/2\/2016\/02\/IMG_1898-405x270.jpg 405w\" sizes=\"auto, (max-width: 640px) 100vw, 640px\" \/><\/a><\/p>\n<p>Erika Sainte et Vincent Solheid. Elle vient remettre le Magritte du meilleur acteur, ils nous pr\u00e9senteront bient\u00f4t leur premier film en commun, <em>Je suis rest\u00e9 dans les bois<\/em><\/p>\n<p>&nbsp;<\/p>\n<p><a href=\"http:\/\/www.cinevox.be\/wp-content\/uploads\/sites\/2\/2016\/02\/IMG_1930.jpg\"><img loading=\"lazy\" decoding=\"async\" class=\"aligncenter size-large wp-image-84353\" src=\"http:\/\/www.cinevox.be\/wp-content\/uploads\/sites\/2\/2016\/02\/IMG_1930-800x533.jpg\" alt=\"\" width=\"640\" height=\"426\" srcset=\"https:\/\/welovecinema.be\/wp-content\/uploads\/sites\/2\/2016\/02\/IMG_1930-800x533.jpg 800w, https:\/\/welovecinema.be\/wp-content\/uploads\/sites\/2\/2016\/02\/IMG_1930-405x270.jpg 405w\" sizes=\"auto, (max-width: 640px) 100vw, 640px\" \/><\/a><\/p>\n<p>Jaco Van Dormael est le favori de la soir\u00e9e. Il va remporter son deuxi\u00e8me Magritte du meilleur r\u00e9alisateur. premier doubl\u00e9 enregistr\u00e9 en six ans !<\/p>\n<p>&nbsp;<\/p>\n<p><a href=\"http:\/\/www.cinevox.be\/wp-content\/uploads\/sites\/2\/2016\/02\/IMG_1934.jpg\"><img loading=\"lazy\" decoding=\"async\" class=\"aligncenter size-large wp-image-84354\" src=\"http:\/\/www.cinevox.be\/wp-content\/uploads\/sites\/2\/2016\/02\/IMG_1934-800x533.jpg\" alt=\"\" width=\"640\" height=\"426\" srcset=\"https:\/\/welovecinema.be\/wp-content\/uploads\/sites\/2\/2016\/02\/IMG_1934-800x533.jpg 800w, https:\/\/welovecinema.be\/wp-content\/uploads\/sites\/2\/2016\/02\/IMG_1934-405x270.jpg 405w\" sizes=\"auto, (max-width: 640px) 100vw, 640px\" \/><\/a><\/p>\n<p>Jean-Luc Couchard toujours bon pied bon oeil.<\/p>\n<p>&nbsp;<\/p>\n<p><a href=\"http:\/\/www.cinevox.be\/wp-content\/uploads\/sites\/2\/2016\/02\/IMG_1938.jpg\"><img loading=\"lazy\" decoding=\"async\" class=\"aligncenter size-large wp-image-84355\" src=\"http:\/\/www.cinevox.be\/wp-content\/uploads\/sites\/2\/2016\/02\/IMG_1938-800x533.jpg\" alt=\"\" width=\"640\" height=\"426\" srcset=\"https:\/\/welovecinema.be\/wp-content\/uploads\/sites\/2\/2016\/02\/IMG_1938-800x533.jpg 800w, https:\/\/welovecinema.be\/wp-content\/uploads\/sites\/2\/2016\/02\/IMG_1938-405x270.jpg 405w\" sizes=\"auto, (max-width: 640px) 100vw, 640px\" \/><\/a><\/p>\n<p>Serge de Poucques et sa compagne Catherine Olaya\u00a0: Nexus factory va remporter le Magritte du meilleur film \u00e9tranger en coproduction. La soci\u00e9t\u00e9 de production bruxelloise permet aussi \u00e0 Veerle Baetens de remporter le Magritte de la meilleure actrice. Joli coup double.<\/p>\n<p>&nbsp;<\/p>\n<p><a href=\"http:\/\/www.cinevox.be\/wp-content\/uploads\/sites\/2\/2016\/02\/IMG_1942.jpg\"><img loading=\"lazy\" decoding=\"async\" class=\"aligncenter size-large wp-image-84356\" src=\"http:\/\/www.cinevox.be\/wp-content\/uploads\/sites\/2\/2016\/02\/IMG_1942-800x533.jpg\" alt=\"\" width=\"640\" height=\"426\" srcset=\"https:\/\/welovecinema.be\/wp-content\/uploads\/sites\/2\/2016\/02\/IMG_1942-800x533.jpg 800w, https:\/\/welovecinema.be\/wp-content\/uploads\/sites\/2\/2016\/02\/IMG_1942-405x270.jpg 405w\" sizes=\"auto, (max-width: 640px) 100vw, 640px\" \/><\/a><\/p>\n<p>Benjamin Ramon: Monsieur Machin remporte le Magritte du meilleur espoir masculin. Encore un des favoris de Cinevox depuis belle lurette qui re\u00e7oit ce prix. C&rsquo;est une habitude (Erika Sainte, Achille Ridolfi, David Murgia pour ne citer qu&rsquo;eux l&rsquo;ont fait avant lui)<\/p>\n<p>&nbsp;<\/p>\n<p><a href=\"http:\/\/www.cinevox.be\/wp-content\/uploads\/sites\/2\/2016\/02\/IMG_1945.jpg\"><img loading=\"lazy\" decoding=\"async\" class=\"aligncenter size-large wp-image-84405\" src=\"http:\/\/www.cinevox.be\/wp-content\/uploads\/sites\/2\/2016\/02\/IMG_1945-800x533.jpg\" alt=\"\" width=\"640\" height=\"426\" srcset=\"https:\/\/welovecinema.be\/wp-content\/uploads\/sites\/2\/2016\/02\/IMG_1945-800x533.jpg 800w, https:\/\/welovecinema.be\/wp-content\/uploads\/sites\/2\/2016\/02\/IMG_1945-405x270.jpg 405w\" sizes=\"auto, (max-width: 640px) 100vw, 640px\" \/><\/a><\/p>\n<p>Mourade Zeguendi, le seul Belgo-Marocain avec un nom&#8230; indien (selon Lubna Abidar )<\/p>\n<p>&nbsp;<\/p>\n<p><a href=\"http:\/\/www.cinevox.be\/wp-content\/uploads\/sites\/2\/2016\/02\/IMG_1946.jpg\"><img loading=\"lazy\" decoding=\"async\" class=\"aligncenter size-large wp-image-84357\" src=\"http:\/\/www.cinevox.be\/wp-content\/uploads\/sites\/2\/2016\/02\/IMG_1946-800x533.jpg\" alt=\"\" width=\"640\" height=\"426\" srcset=\"https:\/\/welovecinema.be\/wp-content\/uploads\/sites\/2\/2016\/02\/IMG_1946-800x533.jpg 800w, https:\/\/welovecinema.be\/wp-content\/uploads\/sites\/2\/2016\/02\/IMG_1946-405x270.jpg 405w\" sizes=\"auto, (max-width: 640px) 100vw, 640px\" \/><\/a><\/p>\n<p>Lubna Azabal, la classe et le charisme incarn\u00e9s.<\/p>\n<p>&nbsp;<\/p>\n<p><a href=\"http:\/\/www.cinevox.be\/wp-content\/uploads\/sites\/2\/2016\/02\/IMG_1949.jpg\"><img loading=\"lazy\" decoding=\"async\" class=\"aligncenter size-large wp-image-84358\" src=\"http:\/\/www.cinevox.be\/wp-content\/uploads\/sites\/2\/2016\/02\/IMG_1949-800x533.jpg\" alt=\"\" width=\"640\" height=\"426\" srcset=\"https:\/\/welovecinema.be\/wp-content\/uploads\/sites\/2\/2016\/02\/IMG_1949-800x533.jpg 800w, https:\/\/welovecinema.be\/wp-content\/uploads\/sites\/2\/2016\/02\/IMG_1949-405x270.jpg 405w\" sizes=\"auto, (max-width: 640px) 100vw, 640px\" \/><\/a><\/p>\n<p>Denis MPunga est l\u00e0 pour remettre un prix: on l&rsquo;a vu dans <em>Dead man Talking<\/em> et dans <em>Au nom du fils<\/em>, deux de nos films culte<\/p>\n<p>&nbsp;<\/p>\n<p><a href=\"http:\/\/www.cinevox.be\/wp-content\/uploads\/sites\/2\/2016\/02\/IMG_1966.jpg\"><img loading=\"lazy\" decoding=\"async\" class=\"aligncenter size-large wp-image-84359\" src=\"http:\/\/www.cinevox.be\/wp-content\/uploads\/sites\/2\/2016\/02\/IMG_1966-800x533.jpg\" alt=\"\" width=\"640\" height=\"426\" srcset=\"https:\/\/welovecinema.be\/wp-content\/uploads\/sites\/2\/2016\/02\/IMG_1966-800x533.jpg 800w, https:\/\/welovecinema.be\/wp-content\/uploads\/sites\/2\/2016\/02\/IMG_1966-405x270.jpg 405w\" sizes=\"auto, (max-width: 640px) 100vw, 640px\" \/><\/a><\/p>\n<p>Jeanne Brunfaut et Eric Franssen, deux des responsables du Centre du cin\u00e9ma.<\/p>\n<p>&nbsp;<\/p>\n<p><a href=\"http:\/\/www.cinevox.be\/wp-content\/uploads\/sites\/2\/2016\/02\/IMG_1969.jpg\"><img loading=\"lazy\" decoding=\"async\" class=\"aligncenter size-large wp-image-84360\" src=\"http:\/\/www.cinevox.be\/wp-content\/uploads\/sites\/2\/2016\/02\/IMG_1969-800x533.jpg\" alt=\"\" width=\"640\" height=\"426\" srcset=\"https:\/\/welovecinema.be\/wp-content\/uploads\/sites\/2\/2016\/02\/IMG_1969-800x533.jpg 800w, https:\/\/welovecinema.be\/wp-content\/uploads\/sites\/2\/2016\/02\/IMG_1969-405x270.jpg 405w\" sizes=\"auto, (max-width: 640px) 100vw, 640px\" \/><\/a><\/p>\n<p>Hubert Toint, r\u00e9alisateur de <em>Mirage d&rsquo;amour<\/em> qui sera pr\u00e9sent\u00e9 dans la foul\u00e9e \u00e0 l&rsquo;UGC de Brouck\u00e8re avec Marie Gillain en invit\u00e9e.<\/p>\n<p><a href=\"http:\/\/www.cinevox.be\/wp-content\/uploads\/sites\/2\/2016\/02\/IMG_1974.jpg\"><img loading=\"lazy\" decoding=\"async\" class=\"aligncenter size-large wp-image-84361\" src=\"http:\/\/www.cinevox.be\/wp-content\/uploads\/sites\/2\/2016\/02\/IMG_1974-800x547.jpg\" alt=\"\" width=\"640\" height=\"437\" srcset=\"https:\/\/welovecinema.be\/wp-content\/uploads\/sites\/2\/2016\/02\/IMG_1974-800x547.jpg 800w, https:\/\/welovecinema.be\/wp-content\/uploads\/sites\/2\/2016\/02\/IMG_1974-394x270.jpg 394w\" sizes=\"auto, (max-width: 640px) 100vw, 640px\" \/><\/a><\/p>\n<p>David Murgia, tout en espi\u00e8glerie, va remettre les deux Magritte des meilleurs espoirs.<\/p>\n<p>&nbsp;<\/p>\n<p><a href=\"http:\/\/www.cinevox.be\/wp-content\/uploads\/sites\/2\/2016\/02\/IMG_1981.jpg\"><img loading=\"lazy\" decoding=\"async\" class=\"aligncenter size-large wp-image-84363\" src=\"http:\/\/www.cinevox.be\/wp-content\/uploads\/sites\/2\/2016\/02\/IMG_1981-800x517.jpg\" alt=\"\" width=\"640\" height=\"413\" srcset=\"https:\/\/welovecinema.be\/wp-content\/uploads\/sites\/2\/2016\/02\/IMG_1981-800x517.jpg 800w, https:\/\/welovecinema.be\/wp-content\/uploads\/sites\/2\/2016\/02\/IMG_1981-417x270.jpg 417w\" sizes=\"auto, (max-width: 640px) 100vw, 640px\" \/><\/a><\/p>\n<p>Bernard Bellefroid et son \u00e9pouse et cosc\u00e9nariste Carine Zimmerlin<\/p>\n<p>&nbsp;<\/p>\n<p><a href=\"http:\/\/www.cinevox.be\/wp-content\/uploads\/sites\/2\/2016\/02\/IMG_1983.jpg\"><img loading=\"lazy\" decoding=\"async\" class=\"aligncenter size-large wp-image-84364\" src=\"http:\/\/www.cinevox.be\/wp-content\/uploads\/sites\/2\/2016\/02\/IMG_1983-800x533.jpg\" alt=\"\" width=\"640\" height=\"426\" srcset=\"https:\/\/welovecinema.be\/wp-content\/uploads\/sites\/2\/2016\/02\/IMG_1983-800x533.jpg 800w, https:\/\/welovecinema.be\/wp-content\/uploads\/sites\/2\/2016\/02\/IMG_1983-405x270.jpg 405w\" sizes=\"auto, (max-width: 640px) 100vw, 640px\" \/><\/a><\/p>\n<p>L&rsquo;autre moiti\u00e9 de Nexus Factory: Sylvain Goldberg avec son fils Elliott qu&rsquo;on va voir bient\u00f4t dans Les Visiteurs 3 (entre autres).<\/p>\n<p>&nbsp;<\/p>\n<p><a href=\"http:\/\/www.cinevox.be\/wp-content\/uploads\/sites\/2\/2016\/02\/IMG_1995.jpg\"><img loading=\"lazy\" decoding=\"async\" class=\"aligncenter size-large wp-image-84365\" src=\"http:\/\/www.cinevox.be\/wp-content\/uploads\/sites\/2\/2016\/02\/IMG_1995-800x533.jpg\" alt=\"\" width=\"640\" height=\"426\" srcset=\"https:\/\/welovecinema.be\/wp-content\/uploads\/sites\/2\/2016\/02\/IMG_1995-800x533.jpg 800w, https:\/\/welovecinema.be\/wp-content\/uploads\/sites\/2\/2016\/02\/IMG_1995-405x270.jpg 405w\" sizes=\"auto, (max-width: 640px) 100vw, 640px\" \/><\/a><\/p>\n<p>Lubna Abidar , sublime actrice de <em>Much Loved.<\/em><\/p>\n<p>&nbsp;<\/p>\n<p><a href=\"http:\/\/www.cinevox.be\/wp-content\/uploads\/sites\/2\/2016\/02\/IMG_2000.jpg\"><img loading=\"lazy\" decoding=\"async\" class=\"aligncenter size-large wp-image-84366\" src=\"http:\/\/www.cinevox.be\/wp-content\/uploads\/sites\/2\/2016\/02\/IMG_2000-800x533.jpg\" alt=\"\" width=\"640\" height=\"426\" srcset=\"https:\/\/welovecinema.be\/wp-content\/uploads\/sites\/2\/2016\/02\/IMG_2000-800x533.jpg 800w, https:\/\/welovecinema.be\/wp-content\/uploads\/sites\/2\/2016\/02\/IMG_2000-405x270.jpg 405w\" sizes=\"auto, (max-width: 640px) 100vw, 640px\" \/><\/a><\/p>\n<p>Kad Merad is in The place<\/p>\n<p>&nbsp;<\/p>\n<p><a href=\"http:\/\/www.cinevox.be\/wp-content\/uploads\/sites\/2\/2016\/02\/IMG_2056.jpg\"><img loading=\"lazy\" decoding=\"async\" class=\"aligncenter size-large wp-image-84368\" src=\"http:\/\/www.cinevox.be\/wp-content\/uploads\/sites\/2\/2016\/02\/IMG_2056-800x533.jpg\" alt=\"\" width=\"640\" height=\"426\" srcset=\"https:\/\/welovecinema.be\/wp-content\/uploads\/sites\/2\/2016\/02\/IMG_2056-800x533.jpg 800w, https:\/\/welovecinema.be\/wp-content\/uploads\/sites\/2\/2016\/02\/IMG_2056-405x270.jpg 405w\" sizes=\"auto, (max-width: 640px) 100vw, 640px\" \/><\/a><\/p>\n<p>Les r\u00e9alisateurs les plus cools du cin\u00e9ma belge? Adil El Arbi et Bilall Fallah, les auteurs de Black vont mettre le feu sur la sc\u00e8ne.<\/p>\n","protected":false},"excerpt":{"rendered":"<p>Aux Magritte on ne monte pas les marches, on les descend. Et le tapis n&rsquo;est pas rouge, mais bleu. C&rsquo;est comme \u00e7a. C&rsquo;est unique, c&rsquo;est belge et on adore \u00e7a. &nbsp; Toutes les photos Philippe Pierquin\/Cinevox 2016<\/p>\n","protected":false},"author":7,"featured_media":84370,"comment_status":"closed","ping_status":"closed","sticky":false,"template":"","format":"standard","meta":{"ngg_post_thumbnail":0,"footnotes":""},"categories":[1923],"tags":[],"class_list":["post-84348","post","type-post","status-publish","format-standard","has-post-thumbnail","","category-en-bref"],"yoast_head":"<!-- This site is optimized with the Yoast SEO plugin v20.4 - https:\/\/yoast.com\/wordpress\/plugins\/seo\/ -->\n<title>Sur les marches bleues (\u00e9pisode 1) - We Love Cinema<\/title>\n<meta name=\"robots\" content=\"index, follow, max-snippet:-1, max-image-preview:large, max-video-preview:-1\" \/>\n<link rel=\"canonical\" href=\"https:\/\/welovecinema.be\/fr\/sur-les-marches-bleues-episode-1\/\" \/>\n<meta property=\"og:locale\" content=\"fr_FR\" \/>\n<meta property=\"og:type\" content=\"article\" \/>\n<meta property=\"og:title\" content=\"Sur les marches bleues (\u00e9pisode 1) - We Love Cinema\" \/>\n<meta property=\"og:description\" content=\"Aux Magritte on ne monte pas les marches, on les descend. Et le tapis n&rsquo;est pas rouge, mais bleu. C&rsquo;est comme \u00e7a. C&rsquo;est unique, c&rsquo;est belge et on adore \u00e7a. &nbsp; Toutes les photos Philippe Pierquin\/Cinevox 2016\" \/>\n<meta property=\"og:url\" content=\"https:\/\/welovecinema.be\/fr\/sur-les-marches-bleues-episode-1\/\" \/>\n<meta property=\"og:site_name\" content=\"We Love Cinema\" \/>\n<meta property=\"article:publisher\" content=\"https:\/\/www.facebook.com\/welovecinema.be\" \/>\n<meta property=\"article:published_time\" content=\"2016-02-07T09:15:22+00:00\" \/>\n<meta property=\"article:modified_time\" content=\"2016-02-07T11:57:32+00:00\" \/>\n<meta property=\"og:image\" content=\"https:\/\/welovecinema.be\/wp-content\/uploads\/sites\/2\/2010\/02\/IMG_2059.jpg\" \/>\n\t<meta property=\"og:image:width\" content=\"5184\" \/>\n\t<meta property=\"og:image:height\" content=\"3456\" \/>\n\t<meta property=\"og:image:type\" content=\"image\/jpeg\" \/>\n<meta name=\"author\" content=\"Philippe.Pierquin\" \/>\n<meta name=\"twitter:card\" content=\"summary_large_image\" \/>\n<meta name=\"twitter:label1\" content=\"\u00c9crit par\" \/>\n\t<meta name=\"twitter:data1\" content=\"Philippe.Pierquin\" \/>\n\t<meta name=\"twitter:label2\" content=\"Dur\u00e9e de lecture estim\u00e9e\" \/>\n\t<meta name=\"twitter:data2\" content=\"2 minutes\" \/>\n<script type=\"application\/ld+json\" class=\"yoast-schema-graph\">{\"@context\":\"https:\/\/schema.org\",\"@graph\":[{\"@type\":\"Article\",\"@id\":\"https:\/\/welovecinema.be\/fr\/sur-les-marches-bleues-episode-1\/#article\",\"isPartOf\":{\"@id\":\"https:\/\/welovecinema.be\/fr\/sur-les-marches-bleues-episode-1\/\"},\"author\":{\"name\":\"Philippe.Pierquin\",\"@id\":\"https:\/\/welovecinema.be\/nl\/#\/schema\/person\/4b9b1d857f0943453a38a7c2859ef756\"},\"headline\":\"Sur les marches bleues (\u00e9pisode 1)\",\"datePublished\":\"2016-02-07T09:15:22+00:00\",\"dateModified\":\"2016-02-07T11:57:32+00:00\",\"mainEntityOfPage\":{\"@id\":\"https:\/\/welovecinema.be\/fr\/sur-les-marches-bleues-episode-1\/\"},\"wordCount\":430,\"publisher\":{\"@id\":\"https:\/\/welovecinema.be\/nl\/#organization\"},\"articleSection\":[\"En bref\"],\"inLanguage\":\"fr-FR\"},{\"@type\":\"WebPage\",\"@id\":\"https:\/\/welovecinema.be\/fr\/sur-les-marches-bleues-episode-1\/\",\"url\":\"https:\/\/welovecinema.be\/fr\/sur-les-marches-bleues-episode-1\/\",\"name\":\"Sur les marches bleues (\u00e9pisode 1) - We Love Cinema\",\"isPartOf\":{\"@id\":\"https:\/\/welovecinema.be\/nl\/#website\"},\"datePublished\":\"2016-02-07T09:15:22+00:00\",\"dateModified\":\"2016-02-07T11:57:32+00:00\",\"breadcrumb\":{\"@id\":\"https:\/\/welovecinema.be\/fr\/sur-les-marches-bleues-episode-1\/#breadcrumb\"},\"inLanguage\":\"fr-FR\",\"potentialAction\":[{\"@type\":\"ReadAction\",\"target\":[\"https:\/\/welovecinema.be\/fr\/sur-les-marches-bleues-episode-1\/\"]}]},{\"@type\":\"BreadcrumbList\",\"@id\":\"https:\/\/welovecinema.be\/fr\/sur-les-marches-bleues-episode-1\/#breadcrumb\",\"itemListElement\":[{\"@type\":\"ListItem\",\"position\":1,\"name\":\"Accueil\",\"item\":\"https:\/\/welovecinema.be\/fr\/\"},{\"@type\":\"ListItem\",\"position\":2,\"name\":\"Sur les marches bleues (\u00e9pisode 1)\"}]},{\"@type\":\"WebSite\",\"@id\":\"https:\/\/welovecinema.be\/nl\/#website\",\"url\":\"https:\/\/welovecinema.be\/nl\/\",\"name\":\"We Love Cinema\",\"description\":\"Toute l\u2019information du cin\u00e9ma en Belgique\",\"publisher\":{\"@id\":\"https:\/\/welovecinema.be\/nl\/#organization\"},\"potentialAction\":[{\"@type\":\"SearchAction\",\"target\":{\"@type\":\"EntryPoint\",\"urlTemplate\":\"https:\/\/welovecinema.be\/nl\/?s={search_term_string}\"},\"query-input\":\"required name=search_term_string\"}],\"inLanguage\":\"fr-FR\"},{\"@type\":\"Organization\",\"@id\":\"https:\/\/welovecinema.be\/nl\/#organization\",\"name\":\"We Love Cinema\",\"url\":\"https:\/\/welovecinema.be\/nl\/\",\"logo\":{\"@type\":\"ImageObject\",\"inLanguage\":\"fr-FR\",\"@id\":\"https:\/\/welovecinema.be\/nl\/#\/schema\/logo\/image\/\",\"url\":\"https:\/\/welovecinema.be\/wp-content\/uploads\/sites\/2\/2023\/03\/Logo-We-Love-Cinema305x128.jpg\",\"contentUrl\":\"https:\/\/welovecinema.be\/wp-content\/uploads\/sites\/2\/2023\/03\/Logo-We-Love-Cinema305x128.jpg\",\"width\":305,\"height\":128,\"caption\":\"We Love Cinema\"},\"image\":{\"@id\":\"https:\/\/welovecinema.be\/nl\/#\/schema\/logo\/image\/\"},\"sameAs\":[\"https:\/\/www.facebook.com\/welovecinema.be\",\"https:\/\/www.youtube.com\/channel\/UCX5LYGVhnKvYauW4Nta4HJA\",\"https:\/\/www.instagram.com\/welovecinema.be\/\"]},{\"@type\":\"Person\",\"@id\":\"https:\/\/welovecinema.be\/nl\/#\/schema\/person\/4b9b1d857f0943453a38a7c2859ef756\",\"name\":\"Philippe.Pierquin\",\"url\":\"https:\/\/welovecinema.be\/fr\/author\/philippe-pierquin\/\"}]}<\/script>\n<!-- \/ Yoast SEO plugin. -->","yoast_head_json":{"title":"Sur les marches bleues (\u00e9pisode 1) - We Love Cinema","robots":{"index":"index","follow":"follow","max-snippet":"max-snippet:-1","max-image-preview":"max-image-preview:large","max-video-preview":"max-video-preview:-1"},"canonical":"https:\/\/welovecinema.be\/fr\/sur-les-marches-bleues-episode-1\/","og_locale":"fr_FR","og_type":"article","og_title":"Sur les marches bleues (\u00e9pisode 1) - We Love Cinema","og_description":"Aux Magritte on ne monte pas les marches, on les descend. Et le tapis n&rsquo;est pas rouge, mais bleu. C&rsquo;est comme \u00e7a. C&rsquo;est unique, c&rsquo;est belge et on adore \u00e7a. &nbsp; Toutes les photos Philippe Pierquin\/Cinevox 2016","og_url":"https:\/\/welovecinema.be\/fr\/sur-les-marches-bleues-episode-1\/","og_site_name":"We Love Cinema","article_publisher":"https:\/\/www.facebook.com\/welovecinema.be","article_published_time":"2016-02-07T09:15:22+00:00","article_modified_time":"2016-02-07T11:57:32+00:00","og_image":[{"width":5184,"height":3456,"url":"https:\/\/welovecinema.be\/wp-content\/uploads\/sites\/2\/2010\/02\/IMG_2059.jpg","type":"image\/jpeg"}],"author":"Philippe.Pierquin","twitter_card":"summary_large_image","twitter_misc":{"\u00c9crit par":"Philippe.Pierquin","Dur\u00e9e de lecture estim\u00e9e":"2 minutes"},"schema":{"@context":"https:\/\/schema.org","@graph":[{"@type":"Article","@id":"https:\/\/welovecinema.be\/fr\/sur-les-marches-bleues-episode-1\/#article","isPartOf":{"@id":"https:\/\/welovecinema.be\/fr\/sur-les-marches-bleues-episode-1\/"},"author":{"name":"Philippe.Pierquin","@id":"https:\/\/welovecinema.be\/nl\/#\/schema\/person\/4b9b1d857f0943453a38a7c2859ef756"},"headline":"Sur les marches bleues (\u00e9pisode 1)","datePublished":"2016-02-07T09:15:22+00:00","dateModified":"2016-02-07T11:57:32+00:00","mainEntityOfPage":{"@id":"https:\/\/welovecinema.be\/fr\/sur-les-marches-bleues-episode-1\/"},"wordCount":430,"publisher":{"@id":"https:\/\/welovecinema.be\/nl\/#organization"},"articleSection":["En bref"],"inLanguage":"fr-FR"},{"@type":"WebPage","@id":"https:\/\/welovecinema.be\/fr\/sur-les-marches-bleues-episode-1\/","url":"https:\/\/welovecinema.be\/fr\/sur-les-marches-bleues-episode-1\/","name":"Sur les marches bleues (\u00e9pisode 1) - We Love Cinema","isPartOf":{"@id":"https:\/\/welovecinema.be\/nl\/#website"},"datePublished":"2016-02-07T09:15:22+00:00","dateModified":"2016-02-07T11:57:32+00:00","breadcrumb":{"@id":"https:\/\/welovecinema.be\/fr\/sur-les-marches-bleues-episode-1\/#breadcrumb"},"inLanguage":"fr-FR","potentialAction":[{"@type":"ReadAction","target":["https:\/\/welovecinema.be\/fr\/sur-les-marches-bleues-episode-1\/"]}]},{"@type":"BreadcrumbList","@id":"https:\/\/welovecinema.be\/fr\/sur-les-marches-bleues-episode-1\/#breadcrumb","itemListElement":[{"@type":"ListItem","position":1,"name":"Accueil","item":"https:\/\/welovecinema.be\/fr\/"},{"@type":"ListItem","position":2,"name":"Sur les marches bleues (\u00e9pisode 1)"}]},{"@type":"WebSite","@id":"https:\/\/welovecinema.be\/nl\/#website","url":"https:\/\/welovecinema.be\/nl\/","name":"We Love Cinema","description":"Toute l\u2019information du cin\u00e9ma en Belgique","publisher":{"@id":"https:\/\/welovecinema.be\/nl\/#organization"},"potentialAction":[{"@type":"SearchAction","target":{"@type":"EntryPoint","urlTemplate":"https:\/\/welovecinema.be\/nl\/?s={search_term_string}"},"query-input":"required name=search_term_string"}],"inLanguage":"fr-FR"},{"@type":"Organization","@id":"https:\/\/welovecinema.be\/nl\/#organization","name":"We Love Cinema","url":"https:\/\/welovecinema.be\/nl\/","logo":{"@type":"ImageObject","inLanguage":"fr-FR","@id":"https:\/\/welovecinema.be\/nl\/#\/schema\/logo\/image\/","url":"https:\/\/welovecinema.be\/wp-content\/uploads\/sites\/2\/2023\/03\/Logo-We-Love-Cinema305x128.jpg","contentUrl":"https:\/\/welovecinema.be\/wp-content\/uploads\/sites\/2\/2023\/03\/Logo-We-Love-Cinema305x128.jpg","width":305,"height":128,"caption":"We Love Cinema"},"image":{"@id":"https:\/\/welovecinema.be\/nl\/#\/schema\/logo\/image\/"},"sameAs":["https:\/\/www.facebook.com\/welovecinema.be","https:\/\/www.youtube.com\/channel\/UCX5LYGVhnKvYauW4Nta4HJA","https:\/\/www.instagram.com\/welovecinema.be\/"]},{"@type":"Person","@id":"https:\/\/welovecinema.be\/nl\/#\/schema\/person\/4b9b1d857f0943453a38a7c2859ef756","name":"Philippe.Pierquin","url":"https:\/\/welovecinema.be\/fr\/author\/philippe-pierquin\/"}]}},"_links":{"self":[{"href":"https:\/\/welovecinema.be\/fr\/wp-json\/wp\/v2\/posts\/84348","targetHints":{"allow":["GET"]}}],"collection":[{"href":"https:\/\/welovecinema.be\/fr\/wp-json\/wp\/v2\/posts"}],"about":[{"href":"https:\/\/welovecinema.be\/fr\/wp-json\/wp\/v2\/types\/post"}],"author":[{"embeddable":true,"href":"https:\/\/welovecinema.be\/fr\/wp-json\/wp\/v2\/users\/7"}],"replies":[{"embeddable":true,"href":"https:\/\/welovecinema.be\/fr\/wp-json\/wp\/v2\/comments?post=84348"}],"version-history":[{"count":0,"href":"https:\/\/welovecinema.be\/fr\/wp-json\/wp\/v2\/posts\/84348\/revisions"}],"wp:featuredmedia":[{"embeddable":true,"href":"https:\/\/welovecinema.be\/fr\/wp-json\/wp\/v2\/media\/84370"}],"wp:attachment":[{"href":"https:\/\/welovecinema.be\/fr\/wp-json\/wp\/v2\/media?parent=84348"}],"wp:term":[{"taxonomy":"category","embeddable":true,"href":"https:\/\/welovecinema.be\/fr\/wp-json\/wp\/v2\/categories?post=84348"},{"taxonomy":"post_tag","embeddable":true,"href":"https:\/\/welovecinema.be\/fr\/wp-json\/wp\/v2\/tags?post=84348"}],"curies":[{"name":"wp","href":"https:\/\/api.w.org\/{rel}","templated":true}]}}