{"id":84134,"date":"2016-02-05T10:01:17","date_gmt":"2016-02-05T09:01:17","guid":{"rendered":"http:\/\/www.cinevox.be\/?p=84134"},"modified":"2016-02-05T14:02:58","modified_gmt":"2016-02-05T13:02:58","slug":"dany-boon-recherche-800-figurants-pour-son-prochain-film","status":"publish","type":"post","link":"https:\/\/welovecinema.be\/fr\/dany-boon-recherche-800-figurants-pour-son-prochain-film\/","title":{"rendered":"Dany Boon recherche 800 figurants pour son prochain film"},"content":{"rendered":"<p>Dany Boon adore la Belgique, ce n\u2019est un secret pour personne. C\u2019est ici qu\u2019il aime travailler avec des techniciens belges. Pour la deuxi\u00e8me fois, apr\u00e8s Supercondriaque, il fait \u00e9quipe avec Artemis production pour une com\u00e9die d\u2019action au titre \u00e9vocateur.<!--more--><\/p>\n<p>&nbsp;<\/p>\n<p>&nbsp;<\/p>\n<p>&nbsp;<\/p>\n<p>&nbsp;<\/p>\n<p>&nbsp;<\/p>\n<p>L\u2019acteur-r\u00e9alisateur fran\u00e7ais a plus pr\u00e9cis\u00e9ment pr\u00e9vu de tourner essentiellement son prochain film en r\u00e9gion namuroise. Un tournage qui d\u00e9buterait en mars et pour lequel il recherche des centaines de figurants.<\/p>\n<p>Les profils recherch\u00e9s sont vari\u00e9s, mais les sportifs seront privil\u00e9gi\u00e9s pour certaines sc\u00e8nes. Dany Boon recherche aussi de vrais pompiers.<\/p>\n<p>&nbsp;<\/p>\n<p><a href=\"http:\/\/www.cinevox.be\/wp-content\/uploads\/sites\/2\/2016\/02\/Alice_pol_comedienne_photo_julien_Vallon_portrait_4_0.jpg\"><img loading=\"lazy\" decoding=\"async\" class=\"alignright size-large wp-image-84141\" src=\"http:\/\/www.cinevox.be\/wp-content\/uploads\/sites\/2\/2016\/02\/Alice_pol_comedienne_photo_julien_Vallon_portrait_4_0-400x600.jpg\" alt=\"\" width=\"400\" height=\"600\" srcset=\"https:\/\/welovecinema.be\/wp-content\/uploads\/sites\/2\/2016\/02\/Alice_pol_comedienne_photo_julien_Vallon_portrait_4_0-400x600.jpg 400w, https:\/\/welovecinema.be\/wp-content\/uploads\/sites\/2\/2016\/02\/Alice_pol_comedienne_photo_julien_Vallon_portrait_4_0-180x270.jpg 180w, https:\/\/welovecinema.be\/wp-content\/uploads\/sites\/2\/2016\/02\/Alice_pol_comedienne_photo_julien_Vallon_portrait_4_0.jpg 667w\" sizes=\"auto, (max-width: 400px) 100vw, 400px\" \/><\/a>Dans <em>Raid Dingue<\/em>, Johanna Pasquali, alias \u00ab JO \u00bb, est une fliquette pas comme les autres : elle est nulle ; distraite, r\u00eaveuse et maladroite. En gros, elle a une f\u00e2cheuse tendance \u00e0 tout foirer.\u00a0 Pourtant, elle est persuad\u00e9e de pouvoir devenir la meilleure des meilleurs\u2026 au sein du RAID. Naturellement, toutes ses tentatives pour y entrer sont invariablement vou\u00e9es \u00e0 l\u2019\u00e9chec. Jusqu\u2019\u00e0 ce que son p\u00e8re, ministre, s\u2019en m\u00eale. Non pas pour favoriser sa d\u00e9marche, mais, au contraire, pour essayer de la d\u00e9go\u00fbter une bonne fois pour toutes. Pour cela, tout le monde compte sur Eug\u00e8ne Froissard, en charge de sa formation, un poissard de premi\u00e8re qu\u2019interpr\u00e9tera Dany Boon.<\/p>\n<p>&nbsp;<\/p>\n<p>Outre Dany Boon, le casting comprend\u00a0Alice Pol (r\u00f4le principal), Michel Blanc ou Yvan Attal.<\/p>\n<p>Tr\u00e8s dr\u00f4le, le sc\u00e9nario de <em>Raid Dingue<\/em> promet une com\u00e9die spectaculaire dont les nombreux effets sp\u00e9ciaux seront r\u00e9alis\u00e9s par la soci\u00e9t\u00e9 wallonne Benuts.<\/p>\n<p>&nbsp;<\/p>\n<p>Si vous \u00eates int\u00e9ress\u00e9, postulez \u00e0 cette adresse:\u00a0rdfigu@gmail.com<br \/>\nMentionnez : Nom-pr\u00e9nom-\u00e2ge-coordonn\u00e9es compl\u00e8tes-mensurations.<br \/>\nAjoutez 2 photos r\u00e9centes.<\/p>\n<p>Pour plsu d&rsquo;infos, rendez-vous sur la page Facebook RD Figu\u00a0: <a href=\"https:\/\/www.facebook.com\/rdfigu\/?fref=ts\">ICI<\/a><\/p>\n","protected":false},"excerpt":{"rendered":"<p>Dany Boon adore la Belgique, ce n\u2019est un secret pour personne. C\u2019est ici qu\u2019il aime travailler avec des techniciens belges. Pour la deuxi\u00e8me fois, apr\u00e8s Supercondriaque, il fait \u00e9quipe avec Artemis production pour une com\u00e9die d\u2019action au titre \u00e9vocateur.<\/p>\n","protected":false},"author":7,"featured_media":84143,"comment_status":"closed","ping_status":"closed","sticky":false,"template":"","format":"standard","meta":{"ngg_post_thumbnail":0,"footnotes":""},"categories":[20,53,7],"tags":[],"class_list":["post-84134","post","type-post","status-publish","format-standard","has-post-thumbnail","","category-cinejobs","category-coming-soon","category-actualites"],"yoast_head":"<!-- This site is optimized with the Yoast SEO plugin v20.4 - https:\/\/yoast.com\/wordpress\/plugins\/seo\/ -->\n<title>Dany Boon recherche 800 figurants pour son prochain film - We Love Cinema<\/title>\n<meta name=\"robots\" content=\"index, follow, max-snippet:-1, max-image-preview:large, max-video-preview:-1\" \/>\n<link rel=\"canonical\" href=\"https:\/\/welovecinema.be\/fr\/dany-boon-recherche-800-figurants-pour-son-prochain-film\/\" \/>\n<meta property=\"og:locale\" content=\"fr_FR\" \/>\n<meta property=\"og:type\" content=\"article\" \/>\n<meta property=\"og:title\" content=\"Dany Boon recherche 800 figurants pour son prochain film - We Love Cinema\" \/>\n<meta property=\"og:description\" content=\"Dany Boon adore la Belgique, ce n\u2019est un secret pour personne. C\u2019est ici qu\u2019il aime travailler avec des techniciens belges. Pour la deuxi\u00e8me fois, apr\u00e8s Supercondriaque, il fait \u00e9quipe avec Artemis production pour une com\u00e9die d\u2019action au titre \u00e9vocateur.\" \/>\n<meta property=\"og:url\" content=\"https:\/\/welovecinema.be\/fr\/dany-boon-recherche-800-figurants-pour-son-prochain-film\/\" \/>\n<meta property=\"og:site_name\" content=\"We Love Cinema\" \/>\n<meta property=\"article:publisher\" content=\"https:\/\/www.facebook.com\/welovecinema.be\" \/>\n<meta property=\"article:published_time\" content=\"2016-02-05T09:01:17+00:00\" \/>\n<meta property=\"article:modified_time\" content=\"2016-02-05T13:02:58+00:00\" \/>\n<meta property=\"og:image\" content=\"https:\/\/welovecinema.be\/wp-content\/uploads\/sites\/2\/2016\/02\/boon.jpg\" \/>\n\t<meta property=\"og:image:width\" content=\"2500\" \/>\n\t<meta property=\"og:image:height\" content=\"1640\" \/>\n\t<meta property=\"og:image:type\" content=\"image\/jpeg\" \/>\n<meta name=\"author\" content=\"Philippe.Pierquin\" \/>\n<meta name=\"twitter:card\" content=\"summary_large_image\" \/>\n<meta name=\"twitter:label1\" content=\"\u00c9crit par\" \/>\n\t<meta name=\"twitter:data1\" content=\"Philippe.Pierquin\" \/>\n\t<meta name=\"twitter:label2\" content=\"Dur\u00e9e de lecture estim\u00e9e\" \/>\n\t<meta name=\"twitter:data2\" content=\"2 minutes\" \/>\n<script type=\"application\/ld+json\" class=\"yoast-schema-graph\">{\"@context\":\"https:\/\/schema.org\",\"@graph\":[{\"@type\":\"Article\",\"@id\":\"https:\/\/welovecinema.be\/fr\/dany-boon-recherche-800-figurants-pour-son-prochain-film\/#article\",\"isPartOf\":{\"@id\":\"https:\/\/welovecinema.be\/fr\/dany-boon-recherche-800-figurants-pour-son-prochain-film\/\"},\"author\":{\"name\":\"Philippe.Pierquin\",\"@id\":\"https:\/\/welovecinema.be\/nl\/#\/schema\/person\/4b9b1d857f0943453a38a7c2859ef756\"},\"headline\":\"Dany Boon recherche 800 figurants pour son prochain film\",\"datePublished\":\"2016-02-05T09:01:17+00:00\",\"dateModified\":\"2016-02-05T13:02:58+00:00\",\"mainEntityOfPage\":{\"@id\":\"https:\/\/welovecinema.be\/fr\/dany-boon-recherche-800-figurants-pour-son-prochain-film\/\"},\"wordCount\":325,\"publisher\":{\"@id\":\"https:\/\/welovecinema.be\/nl\/#organization\"},\"articleSection\":[\"Cinejobs\",\"Coming soon\",\"News\"],\"inLanguage\":\"fr-FR\"},{\"@type\":\"WebPage\",\"@id\":\"https:\/\/welovecinema.be\/fr\/dany-boon-recherche-800-figurants-pour-son-prochain-film\/\",\"url\":\"https:\/\/welovecinema.be\/fr\/dany-boon-recherche-800-figurants-pour-son-prochain-film\/\",\"name\":\"Dany Boon recherche 800 figurants pour son prochain film - We Love Cinema\",\"isPartOf\":{\"@id\":\"https:\/\/welovecinema.be\/nl\/#website\"},\"datePublished\":\"2016-02-05T09:01:17+00:00\",\"dateModified\":\"2016-02-05T13:02:58+00:00\",\"breadcrumb\":{\"@id\":\"https:\/\/welovecinema.be\/fr\/dany-boon-recherche-800-figurants-pour-son-prochain-film\/#breadcrumb\"},\"inLanguage\":\"fr-FR\",\"potentialAction\":[{\"@type\":\"ReadAction\",\"target\":[\"https:\/\/welovecinema.be\/fr\/dany-boon-recherche-800-figurants-pour-son-prochain-film\/\"]}]},{\"@type\":\"BreadcrumbList\",\"@id\":\"https:\/\/welovecinema.be\/fr\/dany-boon-recherche-800-figurants-pour-son-prochain-film\/#breadcrumb\",\"itemListElement\":[{\"@type\":\"ListItem\",\"position\":1,\"name\":\"Accueil\",\"item\":\"https:\/\/welovecinema.be\/fr\/\"},{\"@type\":\"ListItem\",\"position\":2,\"name\":\"Dany Boon recherche 800 figurants pour son prochain film\"}]},{\"@type\":\"WebSite\",\"@id\":\"https:\/\/welovecinema.be\/nl\/#website\",\"url\":\"https:\/\/welovecinema.be\/nl\/\",\"name\":\"We Love Cinema\",\"description\":\"Toute l\u2019information du cin\u00e9ma en Belgique\",\"publisher\":{\"@id\":\"https:\/\/welovecinema.be\/nl\/#organization\"},\"potentialAction\":[{\"@type\":\"SearchAction\",\"target\":{\"@type\":\"EntryPoint\",\"urlTemplate\":\"https:\/\/welovecinema.be\/nl\/?s={search_term_string}\"},\"query-input\":\"required name=search_term_string\"}],\"inLanguage\":\"fr-FR\"},{\"@type\":\"Organization\",\"@id\":\"https:\/\/welovecinema.be\/nl\/#organization\",\"name\":\"We Love Cinema\",\"url\":\"https:\/\/welovecinema.be\/nl\/\",\"logo\":{\"@type\":\"ImageObject\",\"inLanguage\":\"fr-FR\",\"@id\":\"https:\/\/welovecinema.be\/nl\/#\/schema\/logo\/image\/\",\"url\":\"https:\/\/welovecinema.be\/wp-content\/uploads\/sites\/2\/2023\/03\/Logo-We-Love-Cinema305x128.jpg\",\"contentUrl\":\"https:\/\/welovecinema.be\/wp-content\/uploads\/sites\/2\/2023\/03\/Logo-We-Love-Cinema305x128.jpg\",\"width\":305,\"height\":128,\"caption\":\"We Love Cinema\"},\"image\":{\"@id\":\"https:\/\/welovecinema.be\/nl\/#\/schema\/logo\/image\/\"},\"sameAs\":[\"https:\/\/www.facebook.com\/welovecinema.be\",\"https:\/\/www.youtube.com\/channel\/UCX5LYGVhnKvYauW4Nta4HJA\",\"https:\/\/www.instagram.com\/welovecinema.be\/\"]},{\"@type\":\"Person\",\"@id\":\"https:\/\/welovecinema.be\/nl\/#\/schema\/person\/4b9b1d857f0943453a38a7c2859ef756\",\"name\":\"Philippe.Pierquin\",\"url\":\"https:\/\/welovecinema.be\/fr\/author\/philippe-pierquin\/\"}]}<\/script>\n<!-- \/ Yoast SEO plugin. -->","yoast_head_json":{"title":"Dany Boon recherche 800 figurants pour son prochain film - We Love Cinema","robots":{"index":"index","follow":"follow","max-snippet":"max-snippet:-1","max-image-preview":"max-image-preview:large","max-video-preview":"max-video-preview:-1"},"canonical":"https:\/\/welovecinema.be\/fr\/dany-boon-recherche-800-figurants-pour-son-prochain-film\/","og_locale":"fr_FR","og_type":"article","og_title":"Dany Boon recherche 800 figurants pour son prochain film - We Love Cinema","og_description":"Dany Boon adore la Belgique, ce n\u2019est un secret pour personne. C\u2019est ici qu\u2019il aime travailler avec des techniciens belges. Pour la deuxi\u00e8me fois, apr\u00e8s Supercondriaque, il fait \u00e9quipe avec Artemis production pour une com\u00e9die d\u2019action au titre \u00e9vocateur.","og_url":"https:\/\/welovecinema.be\/fr\/dany-boon-recherche-800-figurants-pour-son-prochain-film\/","og_site_name":"We Love Cinema","article_publisher":"https:\/\/www.facebook.com\/welovecinema.be","article_published_time":"2016-02-05T09:01:17+00:00","article_modified_time":"2016-02-05T13:02:58+00:00","og_image":[{"width":2500,"height":1640,"url":"https:\/\/welovecinema.be\/wp-content\/uploads\/sites\/2\/2016\/02\/boon.jpg","type":"image\/jpeg"}],"author":"Philippe.Pierquin","twitter_card":"summary_large_image","twitter_misc":{"\u00c9crit par":"Philippe.Pierquin","Dur\u00e9e de lecture estim\u00e9e":"2 minutes"},"schema":{"@context":"https:\/\/schema.org","@graph":[{"@type":"Article","@id":"https:\/\/welovecinema.be\/fr\/dany-boon-recherche-800-figurants-pour-son-prochain-film\/#article","isPartOf":{"@id":"https:\/\/welovecinema.be\/fr\/dany-boon-recherche-800-figurants-pour-son-prochain-film\/"},"author":{"name":"Philippe.Pierquin","@id":"https:\/\/welovecinema.be\/nl\/#\/schema\/person\/4b9b1d857f0943453a38a7c2859ef756"},"headline":"Dany Boon recherche 800 figurants pour son prochain film","datePublished":"2016-02-05T09:01:17+00:00","dateModified":"2016-02-05T13:02:58+00:00","mainEntityOfPage":{"@id":"https:\/\/welovecinema.be\/fr\/dany-boon-recherche-800-figurants-pour-son-prochain-film\/"},"wordCount":325,"publisher":{"@id":"https:\/\/welovecinema.be\/nl\/#organization"},"articleSection":["Cinejobs","Coming soon","News"],"inLanguage":"fr-FR"},{"@type":"WebPage","@id":"https:\/\/welovecinema.be\/fr\/dany-boon-recherche-800-figurants-pour-son-prochain-film\/","url":"https:\/\/welovecinema.be\/fr\/dany-boon-recherche-800-figurants-pour-son-prochain-film\/","name":"Dany Boon recherche 800 figurants pour son prochain film - We Love Cinema","isPartOf":{"@id":"https:\/\/welovecinema.be\/nl\/#website"},"datePublished":"2016-02-05T09:01:17+00:00","dateModified":"2016-02-05T13:02:58+00:00","breadcrumb":{"@id":"https:\/\/welovecinema.be\/fr\/dany-boon-recherche-800-figurants-pour-son-prochain-film\/#breadcrumb"},"inLanguage":"fr-FR","potentialAction":[{"@type":"ReadAction","target":["https:\/\/welovecinema.be\/fr\/dany-boon-recherche-800-figurants-pour-son-prochain-film\/"]}]},{"@type":"BreadcrumbList","@id":"https:\/\/welovecinema.be\/fr\/dany-boon-recherche-800-figurants-pour-son-prochain-film\/#breadcrumb","itemListElement":[{"@type":"ListItem","position":1,"name":"Accueil","item":"https:\/\/welovecinema.be\/fr\/"},{"@type":"ListItem","position":2,"name":"Dany Boon recherche 800 figurants pour son prochain film"}]},{"@type":"WebSite","@id":"https:\/\/welovecinema.be\/nl\/#website","url":"https:\/\/welovecinema.be\/nl\/","name":"We Love Cinema","description":"Toute l\u2019information du cin\u00e9ma en Belgique","publisher":{"@id":"https:\/\/welovecinema.be\/nl\/#organization"},"potentialAction":[{"@type":"SearchAction","target":{"@type":"EntryPoint","urlTemplate":"https:\/\/welovecinema.be\/nl\/?s={search_term_string}"},"query-input":"required name=search_term_string"}],"inLanguage":"fr-FR"},{"@type":"Organization","@id":"https:\/\/welovecinema.be\/nl\/#organization","name":"We Love Cinema","url":"https:\/\/welovecinema.be\/nl\/","logo":{"@type":"ImageObject","inLanguage":"fr-FR","@id":"https:\/\/welovecinema.be\/nl\/#\/schema\/logo\/image\/","url":"https:\/\/welovecinema.be\/wp-content\/uploads\/sites\/2\/2023\/03\/Logo-We-Love-Cinema305x128.jpg","contentUrl":"https:\/\/welovecinema.be\/wp-content\/uploads\/sites\/2\/2023\/03\/Logo-We-Love-Cinema305x128.jpg","width":305,"height":128,"caption":"We Love Cinema"},"image":{"@id":"https:\/\/welovecinema.be\/nl\/#\/schema\/logo\/image\/"},"sameAs":["https:\/\/www.facebook.com\/welovecinema.be","https:\/\/www.youtube.com\/channel\/UCX5LYGVhnKvYauW4Nta4HJA","https:\/\/www.instagram.com\/welovecinema.be\/"]},{"@type":"Person","@id":"https:\/\/welovecinema.be\/nl\/#\/schema\/person\/4b9b1d857f0943453a38a7c2859ef756","name":"Philippe.Pierquin","url":"https:\/\/welovecinema.be\/fr\/author\/philippe-pierquin\/"}]}},"_links":{"self":[{"href":"https:\/\/welovecinema.be\/fr\/wp-json\/wp\/v2\/posts\/84134","targetHints":{"allow":["GET"]}}],"collection":[{"href":"https:\/\/welovecinema.be\/fr\/wp-json\/wp\/v2\/posts"}],"about":[{"href":"https:\/\/welovecinema.be\/fr\/wp-json\/wp\/v2\/types\/post"}],"author":[{"embeddable":true,"href":"https:\/\/welovecinema.be\/fr\/wp-json\/wp\/v2\/users\/7"}],"replies":[{"embeddable":true,"href":"https:\/\/welovecinema.be\/fr\/wp-json\/wp\/v2\/comments?post=84134"}],"version-history":[{"count":0,"href":"https:\/\/welovecinema.be\/fr\/wp-json\/wp\/v2\/posts\/84134\/revisions"}],"wp:featuredmedia":[{"embeddable":true,"href":"https:\/\/welovecinema.be\/fr\/wp-json\/wp\/v2\/media\/84143"}],"wp:attachment":[{"href":"https:\/\/welovecinema.be\/fr\/wp-json\/wp\/v2\/media?parent=84134"}],"wp:term":[{"taxonomy":"category","embeddable":true,"href":"https:\/\/welovecinema.be\/fr\/wp-json\/wp\/v2\/categories?post=84134"},{"taxonomy":"post_tag","embeddable":true,"href":"https:\/\/welovecinema.be\/fr\/wp-json\/wp\/v2\/tags?post=84134"}],"curies":[{"name":"wp","href":"https:\/\/api.w.org\/{rel}","templated":true}]}}