{"id":84030,"date":"2016-02-03T08:22:29","date_gmt":"2016-02-03T07:22:29","guid":{"rendered":"http:\/\/www.cinevox.be\/?p=84030"},"modified":"2022-04-12T10:33:57","modified_gmt":"2022-04-12T08:33:57","slug":"premiere-americaine-de-black-a-sxsw","status":"publish","type":"post","link":"https:\/\/welovecinema.be\/fr\/premiere-americaine-de-black-a-sxsw\/","title":{"rendered":"Premi\u00e8re am\u00e9ricaine de Black \u00e0 SXSW"},"content":{"rendered":"<p><img loading=\"lazy\" decoding=\"async\" class=\"size-medium wp-image-81549 aligncenter\" src=\"https:\/\/www.cinevox.be\/wp-content\/uploads\/sites\/2\/2015\/12\/Black-100000-13-409x270.jpg\" alt=\"\" width=\"409\" height=\"270\" srcset=\"https:\/\/welovecinema.be\/wp-content\/uploads\/sites\/2\/2015\/12\/Black-100000-13-409x270.jpg 409w, https:\/\/welovecinema.be\/wp-content\/uploads\/sites\/2\/2015\/12\/Black-100000-13-800x527.jpg 800w\" sizes=\"auto, (max-width: 409px) 100vw, 409px\" \/><\/p>\n<p><em>Black,<\/em> le deuxi\u00e8me long m\u00e9trage de Adil El Arbi et Bilall Fallah, sera pr\u00e9sent\u00e9 au festival SXSW (South By Southwest) \u00e0 Austin aux Etats-Unis (11-20 mars).<\/p>\n<p>Le film fera partie de la section &lsquo;Narrative Spotlight&rsquo;.<\/p>\n<p>Le festival SXSW n\u2019est pas exclusivement centr\u00e9 sur le cin\u00e9ma mais \u00e9galement la musique et les m\u00e9dias interactifs. C&rsquo;est l\u00e0 que l&rsquo;an dernier, <em>Moon Walkers<\/em> avait fait le buzz et attir\u00e9 l&rsquo;attention sur lui.<strong><br \/>\n<\/strong><\/p>\n<p><!--more--><\/p>\n<p>Le programme &lsquo;Narrative Spotlight&rsquo; du festival du film SXSW &nbsp;reprend des longs m\u00e9trages &lsquo;high-profile&rsquo; en premi\u00e8re aux Etats-Unis. Des 17 films s\u00e9lectionn\u00e9s, 12 proviennent des Etats-Unis, 3 de Grande-Bretagne, un de Gr\u00e8ce et donc un de Belgique avec <em>Black<\/em>.<\/p>\n<p><em>Black<\/em> a \u00e9t\u00e9 pr\u00e9sent\u00e9 l\u2019an dernier en premi\u00e8re mondiale au Festival International du Film de Toronto o\u00f9 il a remport\u00e9 le Discovery Award. Depuis lors, le film a accumul\u00e9 les distinctions \u00e0 l\u2019\u00e9tranger et en Belgique avec le Prix du Public au Film Fest Gent et le Prix de la Meilleure Interpr\u00e9tation F\u00e9minine pour Martha Canga Antonio \u00e0 Tallinn. Canga Antonio fera \u00e9galement partie des \u2018Shooting Stars\u2019 qui seront pr\u00e9sent\u00e9es la semaine prochaine au Festival de Berlin. Cette s\u00e9lection \u00e0 SXSW intervient apr\u00e8s l\u2019annonce de la collaboration des r\u00e9alisateurs El Arbi et Fallah avec Fox pour r\u00e9aliser le thriller <em>The Big Fix<\/em>.<\/p>\n<p>&nbsp;<\/p>\n<p><a href=\"http:\/\/www.cinevox.be\/wp-content\/uploads\/sites\/2\/2016\/02\/2014-11-09_09h18_19.jpg\"><img loading=\"lazy\" decoding=\"async\" class=\"aligncenter size-large wp-image-84031\" src=\"http:\/\/www.cinevox.be\/wp-content\/uploads\/sites\/2\/2016\/02\/2014-11-09_09h18_19-800x446.jpg\" alt=\"\" width=\"640\" height=\"356\" srcset=\"https:\/\/welovecinema.be\/wp-content\/uploads\/sites\/2\/2016\/02\/2014-11-09_09h18_19-800x446.jpg 800w, https:\/\/welovecinema.be\/wp-content\/uploads\/sites\/2\/2016\/02\/2014-11-09_09h18_19-480x267.jpg 480w, https:\/\/welovecinema.be\/wp-content\/uploads\/sites\/2\/2016\/02\/2014-11-09_09h18_19.jpg 1385w\" sizes=\"auto, (max-width: 640px) 100vw, 640px\" \/><\/a><\/p>\n<p>Depuis 1987, SXSW a lieu chaque ann\u00e9e \u00e0 Austin au Texas. D\u2019abord purement musical, le festival a \u00e9volu\u00e9 d\u00e8s 1994 vers un \u00e9v\u00e9nement \u00e0 trois piliers&nbsp;: le cin\u00e9ma, la musique et les m\u00e9dias interactifs. Gr\u00e2ce \u00e0 cette approche \u00e9clectique, le festival a su renforcer son profil ces derni\u00e8res ann\u00e9es.<\/p>\n","protected":false},"excerpt":{"rendered":"<p>Black, le deuxi\u00e8me long m\u00e9trage de Adil El Arbi et Bilall Fallah, sera pr\u00e9sent\u00e9 au festival SXSW (South By Southwest) \u00e0 Austin aux Etats-Unis (11-20 mars). Le film fera partie de la section &lsquo;Narrative Spotlight&rsquo;. Le festival SXSW n\u2019est pas exclusivement centr\u00e9 sur le cin\u00e9ma mais \u00e9galement la musique et les m\u00e9dias interactifs. C&rsquo;est l\u00e0 &hellip;<\/p>\n","protected":false},"author":7,"featured_media":81544,"comment_status":"closed","ping_status":"closed","sticky":false,"template":"","format":"standard","meta":{"ngg_post_thumbnail":0,"footnotes":""},"categories":[12],"tags":[],"class_list":["post-84030","post","type-post","status-publish","format-standard","has-post-thumbnail","","category-awards"],"yoast_head":"<!-- This site is optimized with the Yoast SEO plugin v20.4 - https:\/\/yoast.com\/wordpress\/plugins\/seo\/ -->\n<title>Premi\u00e8re am\u00e9ricaine de Black \u00e0 SXSW - We Love Cinema<\/title>\n<meta name=\"robots\" content=\"index, follow, max-snippet:-1, max-image-preview:large, max-video-preview:-1\" \/>\n<link rel=\"canonical\" href=\"https:\/\/welovecinema.be\/fr\/premiere-americaine-de-black-a-sxsw\/\" \/>\n<meta property=\"og:locale\" content=\"fr_FR\" \/>\n<meta property=\"og:type\" content=\"article\" \/>\n<meta property=\"og:title\" content=\"Premi\u00e8re am\u00e9ricaine de Black \u00e0 SXSW - We Love Cinema\" \/>\n<meta property=\"og:description\" content=\"Black, le deuxi\u00e8me long m\u00e9trage de Adil El Arbi et Bilall Fallah, sera pr\u00e9sent\u00e9 au festival SXSW (South By Southwest) \u00e0 Austin aux Etats-Unis (11-20 mars). Le film fera partie de la section &lsquo;Narrative Spotlight&rsquo;. Le festival SXSW n\u2019est pas exclusivement centr\u00e9 sur le cin\u00e9ma mais \u00e9galement la musique et les m\u00e9dias interactifs. C&rsquo;est l\u00e0 &hellip;\" \/>\n<meta property=\"og:url\" content=\"https:\/\/welovecinema.be\/fr\/premiere-americaine-de-black-a-sxsw\/\" \/>\n<meta property=\"og:site_name\" content=\"We Love Cinema\" \/>\n<meta property=\"article:publisher\" content=\"https:\/\/www.facebook.com\/welovecinema.be\" \/>\n<meta property=\"article:published_time\" content=\"2016-02-03T07:22:29+00:00\" \/>\n<meta property=\"article:modified_time\" content=\"2022-04-12T08:33:57+00:00\" \/>\n<meta property=\"og:image\" content=\"https:\/\/welovecinema.be\/wp-content\/uploads\/sites\/2\/2015\/12\/Black-100000-12.jpg\" \/>\n\t<meta property=\"og:image:width\" content=\"2102\" \/>\n\t<meta property=\"og:image:height\" content=\"1386\" \/>\n\t<meta property=\"og:image:type\" content=\"image\/jpeg\" \/>\n<meta name=\"author\" content=\"Philippe.Pierquin\" \/>\n<meta name=\"twitter:card\" content=\"summary_large_image\" \/>\n<meta name=\"twitter:label1\" content=\"\u00c9crit par\" \/>\n\t<meta name=\"twitter:data1\" content=\"Philippe.Pierquin\" \/>\n\t<meta name=\"twitter:label2\" content=\"Dur\u00e9e de lecture estim\u00e9e\" \/>\n\t<meta name=\"twitter:data2\" content=\"2 minutes\" \/>\n<script type=\"application\/ld+json\" class=\"yoast-schema-graph\">{\"@context\":\"https:\/\/schema.org\",\"@graph\":[{\"@type\":\"Article\",\"@id\":\"https:\/\/welovecinema.be\/fr\/premiere-americaine-de-black-a-sxsw\/#article\",\"isPartOf\":{\"@id\":\"https:\/\/welovecinema.be\/fr\/premiere-americaine-de-black-a-sxsw\/\"},\"author\":{\"name\":\"Philippe.Pierquin\",\"@id\":\"https:\/\/welovecinema.be\/nl\/#\/schema\/person\/4b9b1d857f0943453a38a7c2859ef756\"},\"headline\":\"Premi\u00e8re am\u00e9ricaine de Black \u00e0 SXSW\",\"datePublished\":\"2016-02-03T07:22:29+00:00\",\"dateModified\":\"2022-04-12T08:33:57+00:00\",\"mainEntityOfPage\":{\"@id\":\"https:\/\/welovecinema.be\/fr\/premiere-americaine-de-black-a-sxsw\/\"},\"wordCount\":293,\"publisher\":{\"@id\":\"https:\/\/welovecinema.be\/nl\/#organization\"},\"articleSection\":[\"Evenements\"],\"inLanguage\":\"fr-FR\"},{\"@type\":\"WebPage\",\"@id\":\"https:\/\/welovecinema.be\/fr\/premiere-americaine-de-black-a-sxsw\/\",\"url\":\"https:\/\/welovecinema.be\/fr\/premiere-americaine-de-black-a-sxsw\/\",\"name\":\"Premi\u00e8re am\u00e9ricaine de Black \u00e0 SXSW - We Love Cinema\",\"isPartOf\":{\"@id\":\"https:\/\/welovecinema.be\/nl\/#website\"},\"datePublished\":\"2016-02-03T07:22:29+00:00\",\"dateModified\":\"2022-04-12T08:33:57+00:00\",\"breadcrumb\":{\"@id\":\"https:\/\/welovecinema.be\/fr\/premiere-americaine-de-black-a-sxsw\/#breadcrumb\"},\"inLanguage\":\"fr-FR\",\"potentialAction\":[{\"@type\":\"ReadAction\",\"target\":[\"https:\/\/welovecinema.be\/fr\/premiere-americaine-de-black-a-sxsw\/\"]}]},{\"@type\":\"BreadcrumbList\",\"@id\":\"https:\/\/welovecinema.be\/fr\/premiere-americaine-de-black-a-sxsw\/#breadcrumb\",\"itemListElement\":[{\"@type\":\"ListItem\",\"position\":1,\"name\":\"Accueil\",\"item\":\"https:\/\/welovecinema.be\/fr\/\"},{\"@type\":\"ListItem\",\"position\":2,\"name\":\"Premi\u00e8re am\u00e9ricaine de Black \u00e0 SXSW\"}]},{\"@type\":\"WebSite\",\"@id\":\"https:\/\/welovecinema.be\/nl\/#website\",\"url\":\"https:\/\/welovecinema.be\/nl\/\",\"name\":\"We Love Cinema\",\"description\":\"Toute l\u2019information du cin\u00e9ma en Belgique\",\"publisher\":{\"@id\":\"https:\/\/welovecinema.be\/nl\/#organization\"},\"potentialAction\":[{\"@type\":\"SearchAction\",\"target\":{\"@type\":\"EntryPoint\",\"urlTemplate\":\"https:\/\/welovecinema.be\/nl\/?s={search_term_string}\"},\"query-input\":\"required name=search_term_string\"}],\"inLanguage\":\"fr-FR\"},{\"@type\":\"Organization\",\"@id\":\"https:\/\/welovecinema.be\/nl\/#organization\",\"name\":\"We Love Cinema\",\"url\":\"https:\/\/welovecinema.be\/nl\/\",\"logo\":{\"@type\":\"ImageObject\",\"inLanguage\":\"fr-FR\",\"@id\":\"https:\/\/welovecinema.be\/nl\/#\/schema\/logo\/image\/\",\"url\":\"https:\/\/welovecinema.be\/wp-content\/uploads\/sites\/2\/2023\/03\/Logo-We-Love-Cinema305x128.jpg\",\"contentUrl\":\"https:\/\/welovecinema.be\/wp-content\/uploads\/sites\/2\/2023\/03\/Logo-We-Love-Cinema305x128.jpg\",\"width\":305,\"height\":128,\"caption\":\"We Love Cinema\"},\"image\":{\"@id\":\"https:\/\/welovecinema.be\/nl\/#\/schema\/logo\/image\/\"},\"sameAs\":[\"https:\/\/www.facebook.com\/welovecinema.be\",\"https:\/\/www.youtube.com\/channel\/UCX5LYGVhnKvYauW4Nta4HJA\",\"https:\/\/www.instagram.com\/welovecinema.be\/\"]},{\"@type\":\"Person\",\"@id\":\"https:\/\/welovecinema.be\/nl\/#\/schema\/person\/4b9b1d857f0943453a38a7c2859ef756\",\"name\":\"Philippe.Pierquin\",\"url\":\"https:\/\/welovecinema.be\/fr\/author\/philippe-pierquin\/\"}]}<\/script>\n<!-- \/ Yoast SEO plugin. -->","yoast_head_json":{"title":"Premi\u00e8re am\u00e9ricaine de Black \u00e0 SXSW - We Love Cinema","robots":{"index":"index","follow":"follow","max-snippet":"max-snippet:-1","max-image-preview":"max-image-preview:large","max-video-preview":"max-video-preview:-1"},"canonical":"https:\/\/welovecinema.be\/fr\/premiere-americaine-de-black-a-sxsw\/","og_locale":"fr_FR","og_type":"article","og_title":"Premi\u00e8re am\u00e9ricaine de Black \u00e0 SXSW - We Love Cinema","og_description":"Black, le deuxi\u00e8me long m\u00e9trage de Adil El Arbi et Bilall Fallah, sera pr\u00e9sent\u00e9 au festival SXSW (South By Southwest) \u00e0 Austin aux Etats-Unis (11-20 mars). Le film fera partie de la section &lsquo;Narrative Spotlight&rsquo;. Le festival SXSW n\u2019est pas exclusivement centr\u00e9 sur le cin\u00e9ma mais \u00e9galement la musique et les m\u00e9dias interactifs. C&rsquo;est l\u00e0 &hellip;","og_url":"https:\/\/welovecinema.be\/fr\/premiere-americaine-de-black-a-sxsw\/","og_site_name":"We Love Cinema","article_publisher":"https:\/\/www.facebook.com\/welovecinema.be","article_published_time":"2016-02-03T07:22:29+00:00","article_modified_time":"2022-04-12T08:33:57+00:00","og_image":[{"width":2102,"height":1386,"url":"https:\/\/welovecinema.be\/wp-content\/uploads\/sites\/2\/2015\/12\/Black-100000-12.jpg","type":"image\/jpeg"}],"author":"Philippe.Pierquin","twitter_card":"summary_large_image","twitter_misc":{"\u00c9crit par":"Philippe.Pierquin","Dur\u00e9e de lecture estim\u00e9e":"2 minutes"},"schema":{"@context":"https:\/\/schema.org","@graph":[{"@type":"Article","@id":"https:\/\/welovecinema.be\/fr\/premiere-americaine-de-black-a-sxsw\/#article","isPartOf":{"@id":"https:\/\/welovecinema.be\/fr\/premiere-americaine-de-black-a-sxsw\/"},"author":{"name":"Philippe.Pierquin","@id":"https:\/\/welovecinema.be\/nl\/#\/schema\/person\/4b9b1d857f0943453a38a7c2859ef756"},"headline":"Premi\u00e8re am\u00e9ricaine de Black \u00e0 SXSW","datePublished":"2016-02-03T07:22:29+00:00","dateModified":"2022-04-12T08:33:57+00:00","mainEntityOfPage":{"@id":"https:\/\/welovecinema.be\/fr\/premiere-americaine-de-black-a-sxsw\/"},"wordCount":293,"publisher":{"@id":"https:\/\/welovecinema.be\/nl\/#organization"},"articleSection":["Evenements"],"inLanguage":"fr-FR"},{"@type":"WebPage","@id":"https:\/\/welovecinema.be\/fr\/premiere-americaine-de-black-a-sxsw\/","url":"https:\/\/welovecinema.be\/fr\/premiere-americaine-de-black-a-sxsw\/","name":"Premi\u00e8re am\u00e9ricaine de Black \u00e0 SXSW - We Love Cinema","isPartOf":{"@id":"https:\/\/welovecinema.be\/nl\/#website"},"datePublished":"2016-02-03T07:22:29+00:00","dateModified":"2022-04-12T08:33:57+00:00","breadcrumb":{"@id":"https:\/\/welovecinema.be\/fr\/premiere-americaine-de-black-a-sxsw\/#breadcrumb"},"inLanguage":"fr-FR","potentialAction":[{"@type":"ReadAction","target":["https:\/\/welovecinema.be\/fr\/premiere-americaine-de-black-a-sxsw\/"]}]},{"@type":"BreadcrumbList","@id":"https:\/\/welovecinema.be\/fr\/premiere-americaine-de-black-a-sxsw\/#breadcrumb","itemListElement":[{"@type":"ListItem","position":1,"name":"Accueil","item":"https:\/\/welovecinema.be\/fr\/"},{"@type":"ListItem","position":2,"name":"Premi\u00e8re am\u00e9ricaine de Black \u00e0 SXSW"}]},{"@type":"WebSite","@id":"https:\/\/welovecinema.be\/nl\/#website","url":"https:\/\/welovecinema.be\/nl\/","name":"We Love Cinema","description":"Toute l\u2019information du cin\u00e9ma en Belgique","publisher":{"@id":"https:\/\/welovecinema.be\/nl\/#organization"},"potentialAction":[{"@type":"SearchAction","target":{"@type":"EntryPoint","urlTemplate":"https:\/\/welovecinema.be\/nl\/?s={search_term_string}"},"query-input":"required name=search_term_string"}],"inLanguage":"fr-FR"},{"@type":"Organization","@id":"https:\/\/welovecinema.be\/nl\/#organization","name":"We Love Cinema","url":"https:\/\/welovecinema.be\/nl\/","logo":{"@type":"ImageObject","inLanguage":"fr-FR","@id":"https:\/\/welovecinema.be\/nl\/#\/schema\/logo\/image\/","url":"https:\/\/welovecinema.be\/wp-content\/uploads\/sites\/2\/2023\/03\/Logo-We-Love-Cinema305x128.jpg","contentUrl":"https:\/\/welovecinema.be\/wp-content\/uploads\/sites\/2\/2023\/03\/Logo-We-Love-Cinema305x128.jpg","width":305,"height":128,"caption":"We Love Cinema"},"image":{"@id":"https:\/\/welovecinema.be\/nl\/#\/schema\/logo\/image\/"},"sameAs":["https:\/\/www.facebook.com\/welovecinema.be","https:\/\/www.youtube.com\/channel\/UCX5LYGVhnKvYauW4Nta4HJA","https:\/\/www.instagram.com\/welovecinema.be\/"]},{"@type":"Person","@id":"https:\/\/welovecinema.be\/nl\/#\/schema\/person\/4b9b1d857f0943453a38a7c2859ef756","name":"Philippe.Pierquin","url":"https:\/\/welovecinema.be\/fr\/author\/philippe-pierquin\/"}]}},"_links":{"self":[{"href":"https:\/\/welovecinema.be\/fr\/wp-json\/wp\/v2\/posts\/84030","targetHints":{"allow":["GET"]}}],"collection":[{"href":"https:\/\/welovecinema.be\/fr\/wp-json\/wp\/v2\/posts"}],"about":[{"href":"https:\/\/welovecinema.be\/fr\/wp-json\/wp\/v2\/types\/post"}],"author":[{"embeddable":true,"href":"https:\/\/welovecinema.be\/fr\/wp-json\/wp\/v2\/users\/7"}],"replies":[{"embeddable":true,"href":"https:\/\/welovecinema.be\/fr\/wp-json\/wp\/v2\/comments?post=84030"}],"version-history":[{"count":0,"href":"https:\/\/welovecinema.be\/fr\/wp-json\/wp\/v2\/posts\/84030\/revisions"}],"wp:featuredmedia":[{"embeddable":true,"href":"https:\/\/welovecinema.be\/fr\/wp-json\/wp\/v2\/media\/81544"}],"wp:attachment":[{"href":"https:\/\/welovecinema.be\/fr\/wp-json\/wp\/v2\/media?parent=84030"}],"wp:term":[{"taxonomy":"category","embeddable":true,"href":"https:\/\/welovecinema.be\/fr\/wp-json\/wp\/v2\/categories?post=84030"},{"taxonomy":"post_tag","embeddable":true,"href":"https:\/\/welovecinema.be\/fr\/wp-json\/wp\/v2\/tags?post=84030"}],"curies":[{"name":"wp","href":"https:\/\/api.w.org\/{rel}","templated":true}]}}