{"id":83490,"date":"2016-01-21T13:09:04","date_gmt":"2016-01-21T12:09:04","guid":{"rendered":"http:\/\/www.cinevox.be\/?p=83490"},"modified":"2016-01-21T13:09:04","modified_gmt":"2016-01-21T12:09:04","slug":"record-absolu-daudience-pour-les-films-flamands-en-2015","status":"publish","type":"post","link":"https:\/\/welovecinema.be\/fr\/record-absolu-daudience-pour-les-films-flamands-en-2015\/","title":{"rendered":"Record absolu d&rsquo;audience pour les films flamands en 2015"},"content":{"rendered":"<p>L\u2019ann\u00e9e 2015 a \u00e9t\u00e9 excellente pour notre cin\u00e9ma. C\u00f4t\u00e9 francophone, elle a \u00e9t\u00e9 domin\u00e9e par la superbe prestation du <em>Tout nouveau Testament<\/em> de Jaco Van Dormael qui a capt\u00e9 l\u2019attention de 300.000 spectateurs.<\/p>\n<p>Il s\u2019est par contre achev\u00e9 sur un nouveau record d\u2019audience pour les films belges flamands. Avec plus de 2,25 millions d\u2019entr\u00e9es, le record pr\u00e9c\u00e9dent qui datait de 2010 est d\u00e9pass\u00e9 de 150.000 (+7%) entr\u00e9es.<\/p>\n<p>En comparaison avec 2014, l\u2019augmentation est de pr\u00e8s de 10%. Ces chiffres sont \u00e0 ce stade encore des estimations. Les r\u00e9sultats d\u00e9finitifs seront d\u00e9voil\u00e9s le 26 avril lors de la pr\u00e9sentation officielle du Bilan 2015 du Fonds Audiovisuel de Flandre (VAF).<!--more--><\/p>\n<p>Les films belges flamands ont \u00e9tabli un nouveau record historique en 2015 avec plus de 150.000 (+7%)\u00a0spectateurs suppl\u00e9mentaires par rapport au record pr\u00e9c\u00e9dent qui datait de 2010 lorsque pr\u00e8s de 2,1 millions d\u2019entr\u00e9es avec \u00e9t\u00e9 comptabilis\u00e9es. A l\u2019\u00e9poque, on pensait avoir atteint un plafond. En comparaison avec les 2,045 millions d\u2019entr\u00e9es en 2014, la hausse est de 10%\u00a0(+205.000 spectateurs).<\/p>\n<p>&nbsp;<\/p>\n<p><a href=\"http:\/\/www.cinevox.be\/wp-content\/uploads\/sites\/2\/2016\/01\/1014221_safety_first_1445505855513.jpg\"><img loading=\"lazy\" decoding=\"async\" class=\"aligncenter size-full wp-image-83492\" src=\"http:\/\/www.cinevox.be\/wp-content\/uploads\/sites\/2\/2016\/01\/1014221_safety_first_1445505855513.jpg\" alt=\"\" width=\"750\" height=\"500\" srcset=\"https:\/\/welovecinema.be\/wp-content\/uploads\/sites\/2\/2016\/01\/1014221_safety_first_1445505855513.jpg 750w, https:\/\/welovecinema.be\/wp-content\/uploads\/sites\/2\/2016\/01\/1014221_safety_first_1445505855513-405x270.jpg 405w\" sizes=\"auto, (max-width: 750px) 100vw, 750px\" \/><\/a><\/p>\n<p>Six titres sortis fin 2015 ont chacun enregistr\u00e9 plus de 100.000 spectateurs au 31 d\u00e9cembre avec en t\u00eate de liste\u00a0<em>Jubilee General\u00a0(De Kampioenen 2)\u00a0<\/em>et\u00a0<em>Safety First &#8211; The Movie<\/em>.<\/p>\n<p>Des films comme\u00a0<em>D&rsquo;Ardennen<\/em>\u00a0et\u00a0<em>Black<\/em>\u00a0ont quant \u00e0 eux d\u00e9pass\u00e9 confortablement la barre des 150.000 entr\u00e9es tandis que le film sur Saint-Nicolas\u00a0<em>Ay Ramon!<\/em>\u00a0A pu atteindre les 100.000 malgr\u00e9 la concurrence du deuxi\u00e8me film Kampioenen sorti le m\u00eame jour.<\/p>\n<p><em>Wat mannen willen<\/em>\u00a0\u00e9tait lui aussi \u00e0 100.000 entr\u00e9es au 31 d\u00e9cembre.<\/p>\n<p>Notons que tous ces films continuent de cartonner en 2016.<\/p>\n<p>&nbsp;<\/p>\n<p><a href=\"http:\/\/www.cinevox.be\/wp-content\/uploads\/sites\/2\/2016\/01\/3853017.jpg\"><img loading=\"lazy\" decoding=\"async\" class=\"aligncenter size-full wp-image-83493\" src=\"http:\/\/www.cinevox.be\/wp-content\/uploads\/sites\/2\/2016\/01\/3853017.jpg\" alt=\"\" width=\"620\" height=\"413\" srcset=\"https:\/\/welovecinema.be\/wp-content\/uploads\/sites\/2\/2016\/01\/3853017.jpg 620w, https:\/\/welovecinema.be\/wp-content\/uploads\/sites\/2\/2016\/01\/3853017-405x270.jpg 405w\" sizes=\"auto, (max-width: 620px) 100vw, 620px\" \/><\/a><\/p>\n<p>&nbsp;<\/p>\n<p>Le secret\u00a0? Pour les plus rentables d\u2019entre eux, les films flamands sont adapt\u00e9s de s\u00e9ries t\u00e9l\u00e9 \u00e0 succ\u00e8s. Ils ont donc drain\u00e9 vers les salles les fans, avides d\u2019en voir plus, avec un plus gros budget.<\/p>\n<p>Malgr\u00e9 des facteurs externes contraires comme un automne tr\u00e8s doux et la menace terroriste qui ont vu la fr\u00e9quentation g\u00e9n\u00e9rale des cin\u00e9mas chuter, l\u2019ann\u00e9e s\u2019est termin\u00e9e sur une note positive pour les films flamands. La forte concurrence de blockbusters am\u00e9ricains tels que\u00a0<em>Star Wars: The Force Awakens<\/em>,\u00a0<em>Spectre<\/em>\u00a0ou\u00a0<em>The Hunger Games: Mockingjay &#8211; Part 2<\/em>\u00a0n\u2019a pas non plus \u00e9clips\u00e9 les productions locales.<\/p>\n<p>&nbsp;<\/p>\n<p><a href=\"http:\/\/www.cinevox.be\/wp-content\/uploads\/sites\/2\/2016\/01\/enlighted.jpg\"><img loading=\"lazy\" decoding=\"async\" class=\"aligncenter size-full wp-image-83491\" src=\"http:\/\/www.cinevox.be\/wp-content\/uploads\/sites\/2\/2016\/01\/enlighted.jpg\" alt=\"\" width=\"629\" height=\"270\" srcset=\"https:\/\/welovecinema.be\/wp-content\/uploads\/sites\/2\/2016\/01\/enlighted.jpg 629w, https:\/\/welovecinema.be\/wp-content\/uploads\/sites\/2\/2016\/01\/enlighted-480x206.jpg 480w\" sizes=\"auto, (max-width: 629px) 100vw, 629px\" \/><\/a><\/p>\n<p>Alors que la premi\u00e8re partie de l\u2019ann\u00e9e \u00e9tait relativement calme en termes de sorties de films flamands, les premiers mois de 2016 sont d\u00e9j\u00e0 extr\u00eamement charg\u00e9s avec<em>Problemski Hotel<\/em>\u00a0de Manu Riche et\u00a0<em>Broer<\/em>\u00a0de Geoffrey Enthoven, actuellement dans les salles, ainsi que les sorties prochaines de\u00a0<em>Achter de wolken<\/em>\u00a0de Cecilia Verheyden,\u00a0<em>Uitschot<\/em>\u00a0de Luk Wyns,\u00a0<em>The Land of the Enlightened<\/em>\u00a0de Pieter-Jan De Pue\u00a0(photo)\u00a0et\u00a0<em>Belgica<\/em>\u00a0de Felix van Groeningen. D\u00e9but 2016 verra aussi la sortie de premiers films tels que\u00a0<em>Tonic Immobility<\/em>\u00a0de Nathalie Teirlinck,\u00a0<em>My First Highway<\/em>\u00a0de Kevin Meul et\u00a0<em>Blue Silence<\/em>\u00a0de B\u00fclent \u00d6zt\u00fcrk ainsi que les nouveaux films de Fien Troch (<em>Home<\/em>), Nic Balthazar (<em>Say Something Funny<\/em>), Christophe Van Rompaey (<em>Vincent en het einde van de wereld<\/em>), Peter Brosens et Jessica Woodworth (<em>Kebab Royal<\/em>),\u00a0Bavo Defurne (<em>Souvenir<\/em>) et Erik Van Looy (<em>De premier<\/em>).<\/p>\n","protected":false},"excerpt":{"rendered":"<p>L\u2019ann\u00e9e 2015 a \u00e9t\u00e9 excellente pour notre cin\u00e9ma. C\u00f4t\u00e9 francophone, elle a \u00e9t\u00e9 domin\u00e9e par la superbe prestation du Tout nouveau Testament de Jaco Van Dormael qui a capt\u00e9 l\u2019attention de 300.000 spectateurs. Il s\u2019est par contre achev\u00e9 sur un nouveau record d\u2019audience pour les films belges flamands. Avec plus de 2,25 millions d\u2019entr\u00e9es, le &hellip;<\/p>\n","protected":false},"author":7,"featured_media":83495,"comment_status":"closed","ping_status":"closed","sticky":false,"template":"","format":"standard","meta":{"ngg_post_thumbnail":0,"footnotes":""},"categories":[1923],"tags":[],"class_list":["post-83490","post","type-post","status-publish","format-standard","has-post-thumbnail","","category-en-bref"],"yoast_head":"<!-- This site is optimized with the Yoast SEO plugin v20.4 - https:\/\/yoast.com\/wordpress\/plugins\/seo\/ -->\n<title>Record absolu d&#039;audience pour les films flamands en 2015 - We Love Cinema<\/title>\n<meta name=\"robots\" content=\"index, follow, max-snippet:-1, max-image-preview:large, max-video-preview:-1\" \/>\n<link rel=\"canonical\" href=\"https:\/\/welovecinema.be\/fr\/record-absolu-daudience-pour-les-films-flamands-en-2015\/\" \/>\n<meta property=\"og:locale\" content=\"fr_FR\" \/>\n<meta property=\"og:type\" content=\"article\" \/>\n<meta property=\"og:title\" content=\"Record absolu d&#039;audience pour les films flamands en 2015 - We Love Cinema\" \/>\n<meta property=\"og:description\" content=\"L\u2019ann\u00e9e 2015 a \u00e9t\u00e9 excellente pour notre cin\u00e9ma. C\u00f4t\u00e9 francophone, elle a \u00e9t\u00e9 domin\u00e9e par la superbe prestation du Tout nouveau Testament de Jaco Van Dormael qui a capt\u00e9 l\u2019attention de 300.000 spectateurs. Il s\u2019est par contre achev\u00e9 sur un nouveau record d\u2019audience pour les films belges flamands. Avec plus de 2,25 millions d\u2019entr\u00e9es, le &hellip;\" \/>\n<meta property=\"og:url\" content=\"https:\/\/welovecinema.be\/fr\/record-absolu-daudience-pour-les-films-flamands-en-2015\/\" \/>\n<meta property=\"og:site_name\" content=\"We Love Cinema\" \/>\n<meta property=\"article:publisher\" content=\"https:\/\/www.facebook.com\/welovecinema.be\" \/>\n<meta property=\"article:published_time\" content=\"2016-01-21T12:09:04+00:00\" \/>\n<meta property=\"og:image\" content=\"https:\/\/welovecinema.be\/wp-content\/uploads\/sites\/2\/2016\/01\/kampioenen.jpg\" \/>\n\t<meta property=\"og:image:width\" content=\"1200\" \/>\n\t<meta property=\"og:image:height\" content=\"710\" \/>\n\t<meta property=\"og:image:type\" content=\"image\/jpeg\" \/>\n<meta name=\"author\" content=\"Philippe.Pierquin\" \/>\n<meta name=\"twitter:card\" content=\"summary_large_image\" \/>\n<meta name=\"twitter:label1\" content=\"\u00c9crit par\" \/>\n\t<meta name=\"twitter:data1\" content=\"Philippe.Pierquin\" \/>\n\t<meta name=\"twitter:label2\" content=\"Dur\u00e9e de lecture estim\u00e9e\" \/>\n\t<meta name=\"twitter:data2\" content=\"3 minutes\" \/>\n<script type=\"application\/ld+json\" class=\"yoast-schema-graph\">{\"@context\":\"https:\/\/schema.org\",\"@graph\":[{\"@type\":\"Article\",\"@id\":\"https:\/\/welovecinema.be\/fr\/record-absolu-daudience-pour-les-films-flamands-en-2015\/#article\",\"isPartOf\":{\"@id\":\"https:\/\/welovecinema.be\/fr\/record-absolu-daudience-pour-les-films-flamands-en-2015\/\"},\"author\":{\"name\":\"Philippe.Pierquin\",\"@id\":\"https:\/\/welovecinema.be\/nl\/#\/schema\/person\/4b9b1d857f0943453a38a7c2859ef756\"},\"headline\":\"Record absolu d&rsquo;audience pour les films flamands en 2015\",\"datePublished\":\"2016-01-21T12:09:04+00:00\",\"dateModified\":\"2016-01-21T12:09:04+00:00\",\"mainEntityOfPage\":{\"@id\":\"https:\/\/welovecinema.be\/fr\/record-absolu-daudience-pour-les-films-flamands-en-2015\/\"},\"wordCount\":547,\"publisher\":{\"@id\":\"https:\/\/welovecinema.be\/nl\/#organization\"},\"articleSection\":[\"En bref\"],\"inLanguage\":\"fr-FR\"},{\"@type\":\"WebPage\",\"@id\":\"https:\/\/welovecinema.be\/fr\/record-absolu-daudience-pour-les-films-flamands-en-2015\/\",\"url\":\"https:\/\/welovecinema.be\/fr\/record-absolu-daudience-pour-les-films-flamands-en-2015\/\",\"name\":\"Record absolu d'audience pour les films flamands en 2015 - We Love Cinema\",\"isPartOf\":{\"@id\":\"https:\/\/welovecinema.be\/nl\/#website\"},\"datePublished\":\"2016-01-21T12:09:04+00:00\",\"dateModified\":\"2016-01-21T12:09:04+00:00\",\"breadcrumb\":{\"@id\":\"https:\/\/welovecinema.be\/fr\/record-absolu-daudience-pour-les-films-flamands-en-2015\/#breadcrumb\"},\"inLanguage\":\"fr-FR\",\"potentialAction\":[{\"@type\":\"ReadAction\",\"target\":[\"https:\/\/welovecinema.be\/fr\/record-absolu-daudience-pour-les-films-flamands-en-2015\/\"]}]},{\"@type\":\"BreadcrumbList\",\"@id\":\"https:\/\/welovecinema.be\/fr\/record-absolu-daudience-pour-les-films-flamands-en-2015\/#breadcrumb\",\"itemListElement\":[{\"@type\":\"ListItem\",\"position\":1,\"name\":\"Accueil\",\"item\":\"https:\/\/welovecinema.be\/fr\/\"},{\"@type\":\"ListItem\",\"position\":2,\"name\":\"Record absolu d&rsquo;audience pour les films flamands en 2015\"}]},{\"@type\":\"WebSite\",\"@id\":\"https:\/\/welovecinema.be\/nl\/#website\",\"url\":\"https:\/\/welovecinema.be\/nl\/\",\"name\":\"We Love Cinema\",\"description\":\"Toute l\u2019information du cin\u00e9ma en Belgique\",\"publisher\":{\"@id\":\"https:\/\/welovecinema.be\/nl\/#organization\"},\"potentialAction\":[{\"@type\":\"SearchAction\",\"target\":{\"@type\":\"EntryPoint\",\"urlTemplate\":\"https:\/\/welovecinema.be\/nl\/?s={search_term_string}\"},\"query-input\":\"required name=search_term_string\"}],\"inLanguage\":\"fr-FR\"},{\"@type\":\"Organization\",\"@id\":\"https:\/\/welovecinema.be\/nl\/#organization\",\"name\":\"We Love Cinema\",\"url\":\"https:\/\/welovecinema.be\/nl\/\",\"logo\":{\"@type\":\"ImageObject\",\"inLanguage\":\"fr-FR\",\"@id\":\"https:\/\/welovecinema.be\/nl\/#\/schema\/logo\/image\/\",\"url\":\"https:\/\/welovecinema.be\/wp-content\/uploads\/sites\/2\/2023\/03\/Logo-We-Love-Cinema305x128.jpg\",\"contentUrl\":\"https:\/\/welovecinema.be\/wp-content\/uploads\/sites\/2\/2023\/03\/Logo-We-Love-Cinema305x128.jpg\",\"width\":305,\"height\":128,\"caption\":\"We Love Cinema\"},\"image\":{\"@id\":\"https:\/\/welovecinema.be\/nl\/#\/schema\/logo\/image\/\"},\"sameAs\":[\"https:\/\/www.facebook.com\/welovecinema.be\",\"https:\/\/www.youtube.com\/channel\/UCX5LYGVhnKvYauW4Nta4HJA\",\"https:\/\/www.instagram.com\/welovecinema.be\/\"]},{\"@type\":\"Person\",\"@id\":\"https:\/\/welovecinema.be\/nl\/#\/schema\/person\/4b9b1d857f0943453a38a7c2859ef756\",\"name\":\"Philippe.Pierquin\",\"url\":\"https:\/\/welovecinema.be\/fr\/author\/philippe-pierquin\/\"}]}<\/script>\n<!-- \/ Yoast SEO plugin. -->","yoast_head_json":{"title":"Record absolu d'audience pour les films flamands en 2015 - We Love Cinema","robots":{"index":"index","follow":"follow","max-snippet":"max-snippet:-1","max-image-preview":"max-image-preview:large","max-video-preview":"max-video-preview:-1"},"canonical":"https:\/\/welovecinema.be\/fr\/record-absolu-daudience-pour-les-films-flamands-en-2015\/","og_locale":"fr_FR","og_type":"article","og_title":"Record absolu d'audience pour les films flamands en 2015 - We Love Cinema","og_description":"L\u2019ann\u00e9e 2015 a \u00e9t\u00e9 excellente pour notre cin\u00e9ma. C\u00f4t\u00e9 francophone, elle a \u00e9t\u00e9 domin\u00e9e par la superbe prestation du Tout nouveau Testament de Jaco Van Dormael qui a capt\u00e9 l\u2019attention de 300.000 spectateurs. Il s\u2019est par contre achev\u00e9 sur un nouveau record d\u2019audience pour les films belges flamands. Avec plus de 2,25 millions d\u2019entr\u00e9es, le &hellip;","og_url":"https:\/\/welovecinema.be\/fr\/record-absolu-daudience-pour-les-films-flamands-en-2015\/","og_site_name":"We Love Cinema","article_publisher":"https:\/\/www.facebook.com\/welovecinema.be","article_published_time":"2016-01-21T12:09:04+00:00","og_image":[{"width":1200,"height":710,"url":"https:\/\/welovecinema.be\/wp-content\/uploads\/sites\/2\/2016\/01\/kampioenen.jpg","type":"image\/jpeg"}],"author":"Philippe.Pierquin","twitter_card":"summary_large_image","twitter_misc":{"\u00c9crit par":"Philippe.Pierquin","Dur\u00e9e de lecture estim\u00e9e":"3 minutes"},"schema":{"@context":"https:\/\/schema.org","@graph":[{"@type":"Article","@id":"https:\/\/welovecinema.be\/fr\/record-absolu-daudience-pour-les-films-flamands-en-2015\/#article","isPartOf":{"@id":"https:\/\/welovecinema.be\/fr\/record-absolu-daudience-pour-les-films-flamands-en-2015\/"},"author":{"name":"Philippe.Pierquin","@id":"https:\/\/welovecinema.be\/nl\/#\/schema\/person\/4b9b1d857f0943453a38a7c2859ef756"},"headline":"Record absolu d&rsquo;audience pour les films flamands en 2015","datePublished":"2016-01-21T12:09:04+00:00","dateModified":"2016-01-21T12:09:04+00:00","mainEntityOfPage":{"@id":"https:\/\/welovecinema.be\/fr\/record-absolu-daudience-pour-les-films-flamands-en-2015\/"},"wordCount":547,"publisher":{"@id":"https:\/\/welovecinema.be\/nl\/#organization"},"articleSection":["En bref"],"inLanguage":"fr-FR"},{"@type":"WebPage","@id":"https:\/\/welovecinema.be\/fr\/record-absolu-daudience-pour-les-films-flamands-en-2015\/","url":"https:\/\/welovecinema.be\/fr\/record-absolu-daudience-pour-les-films-flamands-en-2015\/","name":"Record absolu d'audience pour les films flamands en 2015 - We Love Cinema","isPartOf":{"@id":"https:\/\/welovecinema.be\/nl\/#website"},"datePublished":"2016-01-21T12:09:04+00:00","dateModified":"2016-01-21T12:09:04+00:00","breadcrumb":{"@id":"https:\/\/welovecinema.be\/fr\/record-absolu-daudience-pour-les-films-flamands-en-2015\/#breadcrumb"},"inLanguage":"fr-FR","potentialAction":[{"@type":"ReadAction","target":["https:\/\/welovecinema.be\/fr\/record-absolu-daudience-pour-les-films-flamands-en-2015\/"]}]},{"@type":"BreadcrumbList","@id":"https:\/\/welovecinema.be\/fr\/record-absolu-daudience-pour-les-films-flamands-en-2015\/#breadcrumb","itemListElement":[{"@type":"ListItem","position":1,"name":"Accueil","item":"https:\/\/welovecinema.be\/fr\/"},{"@type":"ListItem","position":2,"name":"Record absolu d&rsquo;audience pour les films flamands en 2015"}]},{"@type":"WebSite","@id":"https:\/\/welovecinema.be\/nl\/#website","url":"https:\/\/welovecinema.be\/nl\/","name":"We Love Cinema","description":"Toute l\u2019information du cin\u00e9ma en Belgique","publisher":{"@id":"https:\/\/welovecinema.be\/nl\/#organization"},"potentialAction":[{"@type":"SearchAction","target":{"@type":"EntryPoint","urlTemplate":"https:\/\/welovecinema.be\/nl\/?s={search_term_string}"},"query-input":"required name=search_term_string"}],"inLanguage":"fr-FR"},{"@type":"Organization","@id":"https:\/\/welovecinema.be\/nl\/#organization","name":"We Love Cinema","url":"https:\/\/welovecinema.be\/nl\/","logo":{"@type":"ImageObject","inLanguage":"fr-FR","@id":"https:\/\/welovecinema.be\/nl\/#\/schema\/logo\/image\/","url":"https:\/\/welovecinema.be\/wp-content\/uploads\/sites\/2\/2023\/03\/Logo-We-Love-Cinema305x128.jpg","contentUrl":"https:\/\/welovecinema.be\/wp-content\/uploads\/sites\/2\/2023\/03\/Logo-We-Love-Cinema305x128.jpg","width":305,"height":128,"caption":"We Love Cinema"},"image":{"@id":"https:\/\/welovecinema.be\/nl\/#\/schema\/logo\/image\/"},"sameAs":["https:\/\/www.facebook.com\/welovecinema.be","https:\/\/www.youtube.com\/channel\/UCX5LYGVhnKvYauW4Nta4HJA","https:\/\/www.instagram.com\/welovecinema.be\/"]},{"@type":"Person","@id":"https:\/\/welovecinema.be\/nl\/#\/schema\/person\/4b9b1d857f0943453a38a7c2859ef756","name":"Philippe.Pierquin","url":"https:\/\/welovecinema.be\/fr\/author\/philippe-pierquin\/"}]}},"_links":{"self":[{"href":"https:\/\/welovecinema.be\/fr\/wp-json\/wp\/v2\/posts\/83490","targetHints":{"allow":["GET"]}}],"collection":[{"href":"https:\/\/welovecinema.be\/fr\/wp-json\/wp\/v2\/posts"}],"about":[{"href":"https:\/\/welovecinema.be\/fr\/wp-json\/wp\/v2\/types\/post"}],"author":[{"embeddable":true,"href":"https:\/\/welovecinema.be\/fr\/wp-json\/wp\/v2\/users\/7"}],"replies":[{"embeddable":true,"href":"https:\/\/welovecinema.be\/fr\/wp-json\/wp\/v2\/comments?post=83490"}],"version-history":[{"count":0,"href":"https:\/\/welovecinema.be\/fr\/wp-json\/wp\/v2\/posts\/83490\/revisions"}],"wp:featuredmedia":[{"embeddable":true,"href":"https:\/\/welovecinema.be\/fr\/wp-json\/wp\/v2\/media\/83495"}],"wp:attachment":[{"href":"https:\/\/welovecinema.be\/fr\/wp-json\/wp\/v2\/media?parent=83490"}],"wp:term":[{"taxonomy":"category","embeddable":true,"href":"https:\/\/welovecinema.be\/fr\/wp-json\/wp\/v2\/categories?post=83490"},{"taxonomy":"post_tag","embeddable":true,"href":"https:\/\/welovecinema.be\/fr\/wp-json\/wp\/v2\/tags?post=83490"}],"curies":[{"name":"wp","href":"https:\/\/api.w.org\/{rel}","templated":true}]}}