{"id":8349,"date":"2011-09-10T13:42:20","date_gmt":"2011-09-10T13:42:20","guid":{"rendered":"http:\/\/www.cinevox.be\/?p=8349"},"modified":"2011-09-22T13:55:25","modified_gmt":"2011-09-22T13:55:25","slug":"4-jours-de-folie-pour-le-cinema","status":"publish","type":"post","link":"https:\/\/welovecinema.be\/fr\/4-jours-de-folie-pour-le-cinema\/","title":{"rendered":"4 jours de folie pour le cin\u00e9ma"},"content":{"rendered":"<p>Les 21,22, 23 et 24 septembre 2011\u00a0 le c\u0153ur de tout le pays battra au rythme du Septi\u00e8me Art, d&rsquo;Ostende \u00e0 Arlon et de Tournai \u00e0 Maasmechelen. Et aussi \u00e0 Mons, Charleroi, la Louvi\u00e8re, Namur, Li\u00e8ge, Louvain-La Neuve, Bruxelles, Braine L&rsquo;Alleud\u2026<\/p>\n<p>Pendant 4 jours, Les <strong>BNP Paribas Fortis Film Days<\/strong> offriront \u00e0 tous les amateurs de cin\u00e9ma la possibilit\u00e9 de s&rsquo;offrir une grande cure d&rsquo;images dans la quasi-totalit\u00e9 des salles du pays pour la somme attractive de 4 euros la s\u00e9ance.<!--more--><\/p>\n<p>&nbsp;<\/p>\n<p>Cette f\u00eate est bien s\u00fbr l&rsquo;occasion de voir des films d\u00e9j\u00e0 \u00e0 l&rsquo;affiche. Mais aussi de d\u00e9couvrir des longs m\u00e9trages internationaux tr\u00e8s attendus; en avant-premi\u00e8re.<\/p>\n<p>&nbsp;<\/p>\n<p><a rel=\"attachment wp-att-8351\" href=\"http:\/\/www.cinevox.be\/4-jours-de-folie-pour-le-cinema\/affiche-8\/\"><img loading=\"lazy\" decoding=\"async\" class=\"alignright size-large wp-image-8351\" title=\"affiche\" src=\"http:\/\/www.cinevox.be\/wp-content\/uploads\/sites\/2\/2011\/09\/affiche2-402x600.png\" alt=\"\" width=\"402\" height=\"600\" srcset=\"https:\/\/welovecinema.be\/wp-content\/uploads\/sites\/2\/2011\/09\/affiche2-402x600.png 402w, https:\/\/welovecinema.be\/wp-content\/uploads\/sites\/2\/2011\/09\/affiche2-181x270.png 181w, https:\/\/welovecinema.be\/wp-content\/uploads\/sites\/2\/2011\/09\/affiche2-145x215.png 145w, https:\/\/welovecinema.be\/wp-content\/uploads\/sites\/2\/2011\/09\/affiche2.png 552w\" sizes=\"auto, (max-width: 402px) 100vw, 402px\" \/><\/a>Le site Internet des <strong>BNP Paribas Fortis Film Days<\/strong> vous permet de d\u00e9couvrir ces <a href=\"http:\/\/www.filmdays.be\/fr\/films.php\" target=\"_blank\">films-\u00e9v\u00e9nements<\/a> et aussi <a href=\"http:\/\/www.filmdays.be\/fr\/cinemas.php\">toutes les salles<\/a> qui participent \u00e0 cette fiesta unique.<\/p>\n<p>&nbsp;<\/p>\n<p>Comme vous le savez sans doute, le cin\u00e9ma belge est, cette ann\u00e9e, particuli\u00e8rement mis \u00e0 l&rsquo;honneur avec les <strong>Cinevox Happenings<\/strong>, des avant-premi\u00e8res de films produits chez nous en pr\u00e9sence des acteurs, r\u00e9alisateur\u2026 L&rsquo;occasion de rencontrer ceux que le monde entier nous envie. Mais si, mais si! Pour tout savoir sur ces soir\u00e9es 100% belges qui, vous vous en doutez, nous comblent d&rsquo;aise, c&rsquo;est <a href=\"http:\/\/www.filmdays.be\/fr\/cinevox.php\">ICI<\/a>. Pour tous ceux qui sont sur le r\u00e9seau social, Les <strong>BNP Paribas Fortis Film Days<\/strong> ont bien s\u00fbr <a href=\"http:\/\/www.facebook.com\/pages\/BNP-Paribas-Fortis-Film-Days-FR\/184728751600276?sk=wall\">leurs pages Facebook<\/a> avec de nouvelles infos plusieurs fois par jours et <a href=\"http:\/\/www.facebook.com\/pages\/BNP-Paribas-Fortis-Film-Days-FR\/184728751600276?sk=app_171104426299652\" target=\"_blank\">un concours permanent<\/a> pour gagner des tickets et d&rsquo;autres friandises tr\u00e8s app\u00e9tissantes.<\/p>\n<p>&nbsp;<\/p>\n<p>Notez que pendant toute la dur\u00e9e des &lt;strong&gt;BNP Paribas Fortis FILM D&rsquo;ays&lt;\/strong&gt;, le site de Cinevox vous offre aussi des tickets et des goodies sympathiques. Rendez-vous <a href=\"http:\/\/www.cinevox.be\/concours\/\">ICI<\/a> pour multiplier vos chances.<\/p>\n<p>&nbsp;<\/p>\n<p>&nbsp;<\/p>\n","protected":false},"excerpt":{"rendered":"<p>Les 21,22, 23 et 24 septembre 2011\u00a0 le c\u0153ur de tout le pays battra au rythme du Septi\u00e8me Art, d&rsquo;Ostende \u00e0 Arlon et de Tournai \u00e0 Maasmechelen. Et aussi \u00e0 Mons, Charleroi, la Louvi\u00e8re, Namur, Li\u00e8ge, Louvain-La Neuve, Bruxelles, Braine L&rsquo;Alleud\u2026 Pendant 4 jours, Les BNP Paribas Fortis Film Days offriront \u00e0 tous les amateurs &hellip;<\/p>\n","protected":false},"author":7,"featured_media":8353,"comment_status":"closed","ping_status":"closed","sticky":false,"template":"","format":"standard","meta":{"ngg_post_thumbnail":0,"footnotes":""},"categories":[53,7],"tags":[],"class_list":["post-8349","post","type-post","status-publish","format-standard","has-post-thumbnail","","category-coming-soon","category-actualites"],"yoast_head":"<!-- This site is optimized with the Yoast SEO plugin v20.4 - https:\/\/yoast.com\/wordpress\/plugins\/seo\/ -->\n<title>4 jours de folie pour le cin\u00e9ma - We Love Cinema<\/title>\n<meta name=\"robots\" content=\"index, follow, max-snippet:-1, max-image-preview:large, max-video-preview:-1\" \/>\n<link rel=\"canonical\" href=\"https:\/\/welovecinema.be\/fr\/4-jours-de-folie-pour-le-cinema\/\" \/>\n<meta property=\"og:locale\" content=\"fr_FR\" \/>\n<meta property=\"og:type\" content=\"article\" \/>\n<meta property=\"og:title\" content=\"4 jours de folie pour le cin\u00e9ma - We Love Cinema\" \/>\n<meta property=\"og:description\" content=\"Les 21,22, 23 et 24 septembre 2011\u00a0 le c\u0153ur de tout le pays battra au rythme du Septi\u00e8me Art, d&rsquo;Ostende \u00e0 Arlon et de Tournai \u00e0 Maasmechelen. Et aussi \u00e0 Mons, Charleroi, la Louvi\u00e8re, Namur, Li\u00e8ge, Louvain-La Neuve, Bruxelles, Braine L&rsquo;Alleud\u2026 Pendant 4 jours, Les BNP Paribas Fortis Film Days offriront \u00e0 tous les amateurs &hellip;\" \/>\n<meta property=\"og:url\" content=\"https:\/\/welovecinema.be\/fr\/4-jours-de-folie-pour-le-cinema\/\" \/>\n<meta property=\"og:site_name\" content=\"We Love Cinema\" \/>\n<meta property=\"article:publisher\" content=\"https:\/\/www.facebook.com\/welovecinema.be\" \/>\n<meta property=\"article:published_time\" content=\"2011-09-10T13:42:20+00:00\" \/>\n<meta property=\"article:modified_time\" content=\"2011-09-22T13:55:25+00:00\" \/>\n<meta property=\"og:image\" content=\"https:\/\/welovecinema.be\/wp-content\/uploads\/sites\/2\/2011\/09\/MG088981.jpg\" \/>\n\t<meta property=\"og:image:width\" content=\"1000\" \/>\n\t<meta property=\"og:image:height\" content=\"665\" \/>\n\t<meta property=\"og:image:type\" content=\"image\/jpeg\" \/>\n<meta name=\"author\" content=\"Philippe.Pierquin\" \/>\n<meta name=\"twitter:card\" content=\"summary_large_image\" \/>\n<meta name=\"twitter:label1\" content=\"\u00c9crit par\" \/>\n\t<meta name=\"twitter:data1\" content=\"Philippe.Pierquin\" \/>\n\t<meta name=\"twitter:label2\" content=\"Dur\u00e9e de lecture estim\u00e9e\" \/>\n\t<meta name=\"twitter:data2\" content=\"1 minute\" \/>\n<script type=\"application\/ld+json\" class=\"yoast-schema-graph\">{\"@context\":\"https:\/\/schema.org\",\"@graph\":[{\"@type\":\"Article\",\"@id\":\"https:\/\/welovecinema.be\/fr\/4-jours-de-folie-pour-le-cinema\/#article\",\"isPartOf\":{\"@id\":\"https:\/\/welovecinema.be\/fr\/4-jours-de-folie-pour-le-cinema\/\"},\"author\":{\"name\":\"Philippe.Pierquin\",\"@id\":\"https:\/\/welovecinema.be\/nl\/#\/schema\/person\/4b9b1d857f0943453a38a7c2859ef756\"},\"headline\":\"4 jours de folie pour le cin\u00e9ma\",\"datePublished\":\"2011-09-10T13:42:20+00:00\",\"dateModified\":\"2011-09-22T13:55:25+00:00\",\"mainEntityOfPage\":{\"@id\":\"https:\/\/welovecinema.be\/fr\/4-jours-de-folie-pour-le-cinema\/\"},\"wordCount\":314,\"publisher\":{\"@id\":\"https:\/\/welovecinema.be\/nl\/#organization\"},\"articleSection\":[\"Coming soon\",\"News\"],\"inLanguage\":\"fr-FR\"},{\"@type\":\"WebPage\",\"@id\":\"https:\/\/welovecinema.be\/fr\/4-jours-de-folie-pour-le-cinema\/\",\"url\":\"https:\/\/welovecinema.be\/fr\/4-jours-de-folie-pour-le-cinema\/\",\"name\":\"4 jours de folie pour le cin\u00e9ma - We Love Cinema\",\"isPartOf\":{\"@id\":\"https:\/\/welovecinema.be\/nl\/#website\"},\"datePublished\":\"2011-09-10T13:42:20+00:00\",\"dateModified\":\"2011-09-22T13:55:25+00:00\",\"breadcrumb\":{\"@id\":\"https:\/\/welovecinema.be\/fr\/4-jours-de-folie-pour-le-cinema\/#breadcrumb\"},\"inLanguage\":\"fr-FR\",\"potentialAction\":[{\"@type\":\"ReadAction\",\"target\":[\"https:\/\/welovecinema.be\/fr\/4-jours-de-folie-pour-le-cinema\/\"]}]},{\"@type\":\"BreadcrumbList\",\"@id\":\"https:\/\/welovecinema.be\/fr\/4-jours-de-folie-pour-le-cinema\/#breadcrumb\",\"itemListElement\":[{\"@type\":\"ListItem\",\"position\":1,\"name\":\"Accueil\",\"item\":\"https:\/\/welovecinema.be\/fr\/\"},{\"@type\":\"ListItem\",\"position\":2,\"name\":\"4 jours de folie pour le cin\u00e9ma\"}]},{\"@type\":\"WebSite\",\"@id\":\"https:\/\/welovecinema.be\/nl\/#website\",\"url\":\"https:\/\/welovecinema.be\/nl\/\",\"name\":\"We Love Cinema\",\"description\":\"Toute l\u2019information du cin\u00e9ma en Belgique\",\"publisher\":{\"@id\":\"https:\/\/welovecinema.be\/nl\/#organization\"},\"potentialAction\":[{\"@type\":\"SearchAction\",\"target\":{\"@type\":\"EntryPoint\",\"urlTemplate\":\"https:\/\/welovecinema.be\/nl\/?s={search_term_string}\"},\"query-input\":\"required name=search_term_string\"}],\"inLanguage\":\"fr-FR\"},{\"@type\":\"Organization\",\"@id\":\"https:\/\/welovecinema.be\/nl\/#organization\",\"name\":\"We Love Cinema\",\"url\":\"https:\/\/welovecinema.be\/nl\/\",\"logo\":{\"@type\":\"ImageObject\",\"inLanguage\":\"fr-FR\",\"@id\":\"https:\/\/welovecinema.be\/nl\/#\/schema\/logo\/image\/\",\"url\":\"https:\/\/welovecinema.be\/wp-content\/uploads\/sites\/2\/2023\/03\/Logo-We-Love-Cinema305x128.jpg\",\"contentUrl\":\"https:\/\/welovecinema.be\/wp-content\/uploads\/sites\/2\/2023\/03\/Logo-We-Love-Cinema305x128.jpg\",\"width\":305,\"height\":128,\"caption\":\"We Love Cinema\"},\"image\":{\"@id\":\"https:\/\/welovecinema.be\/nl\/#\/schema\/logo\/image\/\"},\"sameAs\":[\"https:\/\/www.facebook.com\/welovecinema.be\",\"https:\/\/www.youtube.com\/channel\/UCX5LYGVhnKvYauW4Nta4HJA\",\"https:\/\/www.instagram.com\/welovecinema.be\/\"]},{\"@type\":\"Person\",\"@id\":\"https:\/\/welovecinema.be\/nl\/#\/schema\/person\/4b9b1d857f0943453a38a7c2859ef756\",\"name\":\"Philippe.Pierquin\",\"url\":\"https:\/\/welovecinema.be\/fr\/author\/philippe-pierquin\/\"}]}<\/script>\n<!-- \/ Yoast SEO plugin. -->","yoast_head_json":{"title":"4 jours de folie pour le cin\u00e9ma - We Love Cinema","robots":{"index":"index","follow":"follow","max-snippet":"max-snippet:-1","max-image-preview":"max-image-preview:large","max-video-preview":"max-video-preview:-1"},"canonical":"https:\/\/welovecinema.be\/fr\/4-jours-de-folie-pour-le-cinema\/","og_locale":"fr_FR","og_type":"article","og_title":"4 jours de folie pour le cin\u00e9ma - We Love Cinema","og_description":"Les 21,22, 23 et 24 septembre 2011\u00a0 le c\u0153ur de tout le pays battra au rythme du Septi\u00e8me Art, d&rsquo;Ostende \u00e0 Arlon et de Tournai \u00e0 Maasmechelen. Et aussi \u00e0 Mons, Charleroi, la Louvi\u00e8re, Namur, Li\u00e8ge, Louvain-La Neuve, Bruxelles, Braine L&rsquo;Alleud\u2026 Pendant 4 jours, Les BNP Paribas Fortis Film Days offriront \u00e0 tous les amateurs &hellip;","og_url":"https:\/\/welovecinema.be\/fr\/4-jours-de-folie-pour-le-cinema\/","og_site_name":"We Love Cinema","article_publisher":"https:\/\/www.facebook.com\/welovecinema.be","article_published_time":"2011-09-10T13:42:20+00:00","article_modified_time":"2011-09-22T13:55:25+00:00","og_image":[{"width":"1000","height":"665","url":"https:\/\/welovecinema.be\/wp-content\/uploads\/sites\/2\/2011\/09\/MG088981.jpg","type":"image\/jpeg"}],"author":"Philippe.Pierquin","twitter_card":"summary_large_image","twitter_misc":{"\u00c9crit par":"Philippe.Pierquin","Dur\u00e9e de lecture estim\u00e9e":"1 minute"},"schema":{"@context":"https:\/\/schema.org","@graph":[{"@type":"Article","@id":"https:\/\/welovecinema.be\/fr\/4-jours-de-folie-pour-le-cinema\/#article","isPartOf":{"@id":"https:\/\/welovecinema.be\/fr\/4-jours-de-folie-pour-le-cinema\/"},"author":{"name":"Philippe.Pierquin","@id":"https:\/\/welovecinema.be\/nl\/#\/schema\/person\/4b9b1d857f0943453a38a7c2859ef756"},"headline":"4 jours de folie pour le cin\u00e9ma","datePublished":"2011-09-10T13:42:20+00:00","dateModified":"2011-09-22T13:55:25+00:00","mainEntityOfPage":{"@id":"https:\/\/welovecinema.be\/fr\/4-jours-de-folie-pour-le-cinema\/"},"wordCount":314,"publisher":{"@id":"https:\/\/welovecinema.be\/nl\/#organization"},"articleSection":["Coming soon","News"],"inLanguage":"fr-FR"},{"@type":"WebPage","@id":"https:\/\/welovecinema.be\/fr\/4-jours-de-folie-pour-le-cinema\/","url":"https:\/\/welovecinema.be\/fr\/4-jours-de-folie-pour-le-cinema\/","name":"4 jours de folie pour le cin\u00e9ma - We Love Cinema","isPartOf":{"@id":"https:\/\/welovecinema.be\/nl\/#website"},"datePublished":"2011-09-10T13:42:20+00:00","dateModified":"2011-09-22T13:55:25+00:00","breadcrumb":{"@id":"https:\/\/welovecinema.be\/fr\/4-jours-de-folie-pour-le-cinema\/#breadcrumb"},"inLanguage":"fr-FR","potentialAction":[{"@type":"ReadAction","target":["https:\/\/welovecinema.be\/fr\/4-jours-de-folie-pour-le-cinema\/"]}]},{"@type":"BreadcrumbList","@id":"https:\/\/welovecinema.be\/fr\/4-jours-de-folie-pour-le-cinema\/#breadcrumb","itemListElement":[{"@type":"ListItem","position":1,"name":"Accueil","item":"https:\/\/welovecinema.be\/fr\/"},{"@type":"ListItem","position":2,"name":"4 jours de folie pour le cin\u00e9ma"}]},{"@type":"WebSite","@id":"https:\/\/welovecinema.be\/nl\/#website","url":"https:\/\/welovecinema.be\/nl\/","name":"We Love Cinema","description":"Toute l\u2019information du cin\u00e9ma en Belgique","publisher":{"@id":"https:\/\/welovecinema.be\/nl\/#organization"},"potentialAction":[{"@type":"SearchAction","target":{"@type":"EntryPoint","urlTemplate":"https:\/\/welovecinema.be\/nl\/?s={search_term_string}"},"query-input":"required name=search_term_string"}],"inLanguage":"fr-FR"},{"@type":"Organization","@id":"https:\/\/welovecinema.be\/nl\/#organization","name":"We Love Cinema","url":"https:\/\/welovecinema.be\/nl\/","logo":{"@type":"ImageObject","inLanguage":"fr-FR","@id":"https:\/\/welovecinema.be\/nl\/#\/schema\/logo\/image\/","url":"https:\/\/welovecinema.be\/wp-content\/uploads\/sites\/2\/2023\/03\/Logo-We-Love-Cinema305x128.jpg","contentUrl":"https:\/\/welovecinema.be\/wp-content\/uploads\/sites\/2\/2023\/03\/Logo-We-Love-Cinema305x128.jpg","width":305,"height":128,"caption":"We Love Cinema"},"image":{"@id":"https:\/\/welovecinema.be\/nl\/#\/schema\/logo\/image\/"},"sameAs":["https:\/\/www.facebook.com\/welovecinema.be","https:\/\/www.youtube.com\/channel\/UCX5LYGVhnKvYauW4Nta4HJA","https:\/\/www.instagram.com\/welovecinema.be\/"]},{"@type":"Person","@id":"https:\/\/welovecinema.be\/nl\/#\/schema\/person\/4b9b1d857f0943453a38a7c2859ef756","name":"Philippe.Pierquin","url":"https:\/\/welovecinema.be\/fr\/author\/philippe-pierquin\/"}]}},"_links":{"self":[{"href":"https:\/\/welovecinema.be\/fr\/wp-json\/wp\/v2\/posts\/8349","targetHints":{"allow":["GET"]}}],"collection":[{"href":"https:\/\/welovecinema.be\/fr\/wp-json\/wp\/v2\/posts"}],"about":[{"href":"https:\/\/welovecinema.be\/fr\/wp-json\/wp\/v2\/types\/post"}],"author":[{"embeddable":true,"href":"https:\/\/welovecinema.be\/fr\/wp-json\/wp\/v2\/users\/7"}],"replies":[{"embeddable":true,"href":"https:\/\/welovecinema.be\/fr\/wp-json\/wp\/v2\/comments?post=8349"}],"version-history":[{"count":0,"href":"https:\/\/welovecinema.be\/fr\/wp-json\/wp\/v2\/posts\/8349\/revisions"}],"wp:featuredmedia":[{"embeddable":true,"href":"https:\/\/welovecinema.be\/fr\/wp-json\/wp\/v2\/media\/8353"}],"wp:attachment":[{"href":"https:\/\/welovecinema.be\/fr\/wp-json\/wp\/v2\/media?parent=8349"}],"wp:term":[{"taxonomy":"category","embeddable":true,"href":"https:\/\/welovecinema.be\/fr\/wp-json\/wp\/v2\/categories?post=8349"},{"taxonomy":"post_tag","embeddable":true,"href":"https:\/\/welovecinema.be\/fr\/wp-json\/wp\/v2\/tags?post=8349"}],"curies":[{"name":"wp","href":"https:\/\/api.w.org\/{rel}","templated":true}]}}