{"id":83365,"date":"2016-01-18T19:02:14","date_gmt":"2016-01-18T18:02:14","guid":{"rendered":"http:\/\/www.cinevox.be\/?p=83365"},"modified":"2022-02-15T09:25:23","modified_gmt":"2022-02-15T08:25:23","slug":"courts-metrages-story","status":"publish","type":"post","link":"https:\/\/welovecinema.be\/fr\/courts-metrages-story\/","title":{"rendered":"Courts m\u00e9trages story"},"content":{"rendered":"<p>Quand c\u2019est tout court, c\u2019est bien. Quand c\u2019est un peu plus long, c\u2019est parfait aussi.<\/p>\n<p>Au menu de l\u2019\u00e9mission hebdomadaire de la trois consacr\u00e9e aux courts, trois films d\u00e9j\u00e0 vus, mais tr\u00e8s r\u00e9ussis, chacun dans son genre\u00a0: un film \u00e2pre, un autre plus \u00e9trange\u00a0mais non d\u00e9nu\u00e9 de conscience et un bon petit \u00a0de genre qui r\u00e9v\u00e8le un r\u00e9alisateur \u00e0 suivre. Que demande le bon peuple cin\u00e9phile\u00a0?<\/p>\n<p>Rendez-vous fix\u00e9, comme d\u2019habitude mercredi soir sur la Trois.<!--more--><\/p>\n<p>&nbsp;<\/p>\n<p><a href=\"http:\/\/www.cinevox.be\/wp-content\/uploads\/sites\/2\/2016\/01\/Elena.jpg\"><img loading=\"lazy\" decoding=\"async\" class=\"aligncenter size-large wp-image-83421\" src=\"http:\/\/www.cinevox.be\/wp-content\/uploads\/sites\/2\/2016\/01\/Elena-800x450.jpg\" alt=\"\" width=\"640\" height=\"360\" srcset=\"https:\/\/welovecinema.be\/wp-content\/uploads\/sites\/2\/2016\/01\/Elena-800x450.jpg 800w, https:\/\/welovecinema.be\/wp-content\/uploads\/sites\/2\/2016\/01\/Elena-200x113.jpg 200w, https:\/\/welovecinema.be\/wp-content\/uploads\/sites\/2\/2016\/01\/Elena-480x270.jpg 480w, https:\/\/welovecinema.be\/wp-content\/uploads\/sites\/2\/2016\/01\/Elena-300x169.jpg 300w, https:\/\/welovecinema.be\/wp-content\/uploads\/sites\/2\/2016\/01\/Elena-620x350.jpg 620w, https:\/\/welovecinema.be\/wp-content\/uploads\/sites\/2\/2016\/01\/Elena.jpg 1677w\" sizes=\"auto, (max-width: 640px) 100vw, 640px\" \/><\/a><\/p>\n<p>&nbsp;<\/p>\n<p>&nbsp;<\/p>\n<h2>23:10\u00a0&#8211; <strong>\u00a0Elena<\/strong><\/h2>\n<p><strong>Dur\u00e9e\u00a0:<\/strong>\u00a000:16<\/p>\n<p>\u00ab\u00a0El\u00e9na\u00a0\u00bb de Marie Le Floch (pric ARTE au FIFF 2014)<br \/>\nUne production IAD 2014<br \/>\nAvec Aleksandra Stojek, et Piotr Bojski<br \/>\nElena, adolescente de 15 ans, est la fille de Polonais \u00e9migr\u00e9s en Belgique. Ses parents ne parlant pratiquement pas le fran\u00e7ais, la jeune fille doit les accompagner \u00e0 une consultation importante \u00e0 l&rsquo;h\u00f4pital pour leur servir d&rsquo;interpr\u00e8te. Mais rien ne se passe comme pr\u00e9vu, et ce qu&rsquo;elle pensait \u00eatre une simple formalit\u00e9 se convertit en un saut involontaire dans le monde des adultes, et l&rsquo;oblige \u00e0 prendre une d\u00e9cision importante.<\/p>\n<ul>\n<li><strong>R\u00e9alisateur\u00a0:\u00a0<\/strong>Marie Le Floch, Gabriel Pinto Monteiro<\/li>\n<li><strong>Acteur\/Actrice\u00a0:\u00a0<\/strong>Aleksandra Stojek, Piotr Bojski<\/li>\n<\/ul>\n<p>&nbsp;<\/p>\n<p><a href=\"http:\/\/www.cinevox.be\/wp-content\/uploads\/sites\/2\/2016\/01\/electric-indigo.jpg\"><img loading=\"lazy\" decoding=\"async\" class=\"aligncenter size-full wp-image-83367\" src=\"http:\/\/www.cinevox.be\/wp-content\/uploads\/sites\/2\/2016\/01\/electric-indigo.jpg\" alt=\"\" width=\"714\" height=\"282\" srcset=\"https:\/\/welovecinema.be\/wp-content\/uploads\/sites\/2\/2016\/01\/electric-indigo.jpg 714w, https:\/\/welovecinema.be\/wp-content\/uploads\/sites\/2\/2016\/01\/electric-indigo-480x189.jpg 480w\" sizes=\"auto, (max-width: 714px) 100vw, 714px\" \/><\/a><\/p>\n<p>&nbsp;<\/p>\n<h2>23:30\u00a0&#8211; <strong>Electric indigo<\/strong><\/h2>\n<p><strong>Dur\u00e9e\u00a0:<\/strong>\u00a000:23<\/p>\n<p>Electric indigo de Jean-Julien Collette<br \/>\nIndigo, une jeune fille au parcours peu banal, retrace mentalement sa vie, depuis sa naissance jusqu&rsquo;\u00e0 l&rsquo;\u00e9v\u00e9nement qui l&rsquo;am\u00e8nera \u00e0 s&rsquo;\u00e9manciper. Elle grandit au sein d&rsquo;une famille compos\u00e9e de deux p\u00e8res h\u00e9t\u00e9rosexuels, Rub\u00e9n, l&rsquo;Espagnol, et Tony, l&rsquo;Am\u00e9ricain, unis par les liens d&rsquo;un mariage \u00ab\u00a0non charnel\u00a0\u00bb, qui avaient d\u00e9cid\u00e9 d&rsquo;\u00e9lever ensemble leur fille, n\u00e9e d&rsquo;une m\u00e8re porteuse. Mais lorsque celle-ci d\u00e9cide de r\u00e9cup\u00e9rer Indigo, les choses se compliquent&#8230;<\/p>\n<ul>\n<li><strong>R\u00e9alisateur\u00a0:\u00a0<\/strong>Jean-Julien Collette<\/li>\n<li><strong>Sc\u00e9nariste\u00a0:\u00a0<\/strong>Jean-Julien Collette<\/li>\n<li><strong>Acteur\/Actrice\u00a0:\u00a0<\/strong>C\u00e9line Peret, Christelle Cornil, Tony Denman, Rub\u00e9n Tom\u00e1s<\/li>\n<\/ul>\n<p>&nbsp;<\/p>\n<p><a href=\"http:\/\/www.cinevox.be\/wp-content\/uploads\/sites\/2\/2016\/01\/babysitting-story.png\"><img loading=\"lazy\" decoding=\"async\" class=\"aligncenter size-large wp-image-83368\" src=\"http:\/\/www.cinevox.be\/wp-content\/uploads\/sites\/2\/2016\/01\/babysitting-story-424x600.png\" alt=\"\" width=\"424\" height=\"600\" srcset=\"https:\/\/welovecinema.be\/wp-content\/uploads\/sites\/2\/2016\/01\/babysitting-story-424x600.png 424w, https:\/\/welovecinema.be\/wp-content\/uploads\/sites\/2\/2016\/01\/babysitting-story-191x270.png 191w, https:\/\/welovecinema.be\/wp-content\/uploads\/sites\/2\/2016\/01\/babysitting-story.png 764w\" sizes=\"auto, (max-width: 424px) 100vw, 424px\" \/><\/a><\/p>\n<p>&nbsp;<\/p>\n<h2>23:55\u00a0&#8211; <strong>Babysitting Story<\/strong><\/h2>\n<p><strong>Dur\u00e9e\u00a0:<\/strong>\u00a000:19<\/p>\n<p>Deux jeunes filles, Sarah et Julie, se rendent chez la tante d&rsquo;un ami pour y faire du baby-sitting. Une fois seules dans la maison, et alors qu&rsquo;un orage gronde, Sarah profite de la na\u00efvet\u00e9 de Julie pour lui raconter une histoire terrifiante qui se serait r\u00e9ellement pass\u00e9e dans la r\u00e9gion. Le r\u00e9cit de la jeune fille prend une tournure fantastique mais Sarah y met tout son c\u0153ur pour la rendre cr\u00e9dible&#8230; au point de se prendre elle-m\u00eame pour l&rsquo;un des personnages. Lorsque l&rsquo;histoire se termine, les filles se remettent tout doucement de leurs \u00e9motions. Mais quelque chose cloche. L&rsquo;histoire est-elle vraiment termin\u00e9e ? Les deux gamines ne sont-elles pas en train de la prolonger ?<\/p>\n<ul>\n<li><strong>R\u00e9alisateur\u00a0:\u00a0<\/strong>Vincent Smitz<\/li>\n<li><strong>Sc\u00e9nariste\u00a0:\u00a0<\/strong>Vincent Smitz<\/li>\n<li><strong>Compositeur\u00a0:\u00a0<\/strong>Simon Fransquet<\/li>\n<li><strong>Acteur\/Actrice\u00a0:\u00a0<\/strong>Sophie Breyer, Pauline Brisy, Julie Dacquin, Pierre Nisse<\/li>\n<\/ul>\n<p>&nbsp;<\/p>\n<p>&nbsp;<\/p>\n<p>&nbsp;<\/p>\n<p>&nbsp;<\/p>\n","protected":false},"excerpt":{"rendered":"<p>Quand c\u2019est tout court, c\u2019est bien. Quand c\u2019est un peu plus long, c\u2019est parfait aussi. Au menu de l\u2019\u00e9mission hebdomadaire de la trois consacr\u00e9e aux courts, trois films d\u00e9j\u00e0 vus, mais tr\u00e8s r\u00e9ussis, chacun dans son genre\u00a0: un film \u00e2pre, un autre plus \u00e9trange\u00a0mais non d\u00e9nu\u00e9 de conscience et un bon petit \u00a0de genre qui &hellip;<\/p>\n","protected":false},"author":7,"featured_media":83370,"comment_status":"closed","ping_status":"closed","sticky":false,"template":"","format":"standard","meta":{"ngg_post_thumbnail":0,"footnotes":""},"categories":[14],"tags":[],"class_list":["post-83365","post","type-post","status-publish","format-standard","has-post-thumbnail","","category-home-cinema"],"yoast_head":"<!-- This site is optimized with the Yoast SEO plugin v20.4 - https:\/\/yoast.com\/wordpress\/plugins\/seo\/ -->\n<title>Courts m\u00e9trages story - We Love Cinema<\/title>\n<meta name=\"robots\" content=\"index, follow, max-snippet:-1, max-image-preview:large, max-video-preview:-1\" \/>\n<link rel=\"canonical\" href=\"https:\/\/welovecinema.be\/fr\/courts-metrages-story\/\" \/>\n<meta property=\"og:locale\" content=\"fr_FR\" \/>\n<meta property=\"og:type\" content=\"article\" \/>\n<meta property=\"og:title\" content=\"Courts m\u00e9trages story - We Love Cinema\" \/>\n<meta property=\"og:description\" content=\"Quand c\u2019est tout court, c\u2019est bien. Quand c\u2019est un peu plus long, c\u2019est parfait aussi. Au menu de l\u2019\u00e9mission hebdomadaire de la trois consacr\u00e9e aux courts, trois films d\u00e9j\u00e0 vus, mais tr\u00e8s r\u00e9ussis, chacun dans son genre\u00a0: un film \u00e2pre, un autre plus \u00e9trange\u00a0mais non d\u00e9nu\u00e9 de conscience et un bon petit \u00a0de genre qui &hellip;\" \/>\n<meta property=\"og:url\" content=\"https:\/\/welovecinema.be\/fr\/courts-metrages-story\/\" \/>\n<meta property=\"og:site_name\" content=\"We Love Cinema\" \/>\n<meta property=\"article:publisher\" content=\"https:\/\/www.facebook.com\/welovecinema.be\" \/>\n<meta property=\"article:published_time\" content=\"2016-01-18T18:02:14+00:00\" \/>\n<meta property=\"article:modified_time\" content=\"2022-02-15T08:25:23+00:00\" \/>\n<meta property=\"og:image\" content=\"https:\/\/welovecinema.be\/wp-content\/uploads\/sites\/2\/2016\/01\/babysiitting.jpg\" \/>\n\t<meta property=\"og:image:width\" content=\"650\" \/>\n\t<meta property=\"og:image:height\" content=\"433\" \/>\n\t<meta property=\"og:image:type\" content=\"image\/jpeg\" \/>\n<meta name=\"author\" content=\"Philippe.Pierquin\" \/>\n<meta name=\"twitter:card\" content=\"summary_large_image\" \/>\n<meta name=\"twitter:label1\" content=\"\u00c9crit par\" \/>\n\t<meta name=\"twitter:data1\" content=\"Philippe.Pierquin\" \/>\n\t<meta name=\"twitter:label2\" content=\"Dur\u00e9e de lecture estim\u00e9e\" \/>\n\t<meta name=\"twitter:data2\" content=\"2 minutes\" \/>\n<script type=\"application\/ld+json\" class=\"yoast-schema-graph\">{\"@context\":\"https:\/\/schema.org\",\"@graph\":[{\"@type\":\"Article\",\"@id\":\"https:\/\/welovecinema.be\/fr\/courts-metrages-story\/#article\",\"isPartOf\":{\"@id\":\"https:\/\/welovecinema.be\/fr\/courts-metrages-story\/\"},\"author\":{\"name\":\"Philippe.Pierquin\",\"@id\":\"https:\/\/welovecinema.be\/nl\/#\/schema\/person\/4b9b1d857f0943453a38a7c2859ef756\"},\"headline\":\"Courts m\u00e9trages story\",\"datePublished\":\"2016-01-18T18:02:14+00:00\",\"dateModified\":\"2022-02-15T08:25:23+00:00\",\"mainEntityOfPage\":{\"@id\":\"https:\/\/welovecinema.be\/fr\/courts-metrages-story\/\"},\"wordCount\":491,\"publisher\":{\"@id\":\"https:\/\/welovecinema.be\/nl\/#organization\"},\"articleSection\":[\"Plateau t\u00e9l\u00e9\"],\"inLanguage\":\"fr-FR\"},{\"@type\":\"WebPage\",\"@id\":\"https:\/\/welovecinema.be\/fr\/courts-metrages-story\/\",\"url\":\"https:\/\/welovecinema.be\/fr\/courts-metrages-story\/\",\"name\":\"Courts m\u00e9trages story - We Love Cinema\",\"isPartOf\":{\"@id\":\"https:\/\/welovecinema.be\/nl\/#website\"},\"datePublished\":\"2016-01-18T18:02:14+00:00\",\"dateModified\":\"2022-02-15T08:25:23+00:00\",\"breadcrumb\":{\"@id\":\"https:\/\/welovecinema.be\/fr\/courts-metrages-story\/#breadcrumb\"},\"inLanguage\":\"fr-FR\",\"potentialAction\":[{\"@type\":\"ReadAction\",\"target\":[\"https:\/\/welovecinema.be\/fr\/courts-metrages-story\/\"]}]},{\"@type\":\"BreadcrumbList\",\"@id\":\"https:\/\/welovecinema.be\/fr\/courts-metrages-story\/#breadcrumb\",\"itemListElement\":[{\"@type\":\"ListItem\",\"position\":1,\"name\":\"Accueil\",\"item\":\"https:\/\/welovecinema.be\/fr\/\"},{\"@type\":\"ListItem\",\"position\":2,\"name\":\"Courts m\u00e9trages story\"}]},{\"@type\":\"WebSite\",\"@id\":\"https:\/\/welovecinema.be\/nl\/#website\",\"url\":\"https:\/\/welovecinema.be\/nl\/\",\"name\":\"We Love Cinema\",\"description\":\"Toute l\u2019information du cin\u00e9ma en Belgique\",\"publisher\":{\"@id\":\"https:\/\/welovecinema.be\/nl\/#organization\"},\"potentialAction\":[{\"@type\":\"SearchAction\",\"target\":{\"@type\":\"EntryPoint\",\"urlTemplate\":\"https:\/\/welovecinema.be\/nl\/?s={search_term_string}\"},\"query-input\":\"required name=search_term_string\"}],\"inLanguage\":\"fr-FR\"},{\"@type\":\"Organization\",\"@id\":\"https:\/\/welovecinema.be\/nl\/#organization\",\"name\":\"We Love Cinema\",\"url\":\"https:\/\/welovecinema.be\/nl\/\",\"logo\":{\"@type\":\"ImageObject\",\"inLanguage\":\"fr-FR\",\"@id\":\"https:\/\/welovecinema.be\/nl\/#\/schema\/logo\/image\/\",\"url\":\"https:\/\/welovecinema.be\/wp-content\/uploads\/sites\/2\/2023\/03\/Logo-We-Love-Cinema305x128.jpg\",\"contentUrl\":\"https:\/\/welovecinema.be\/wp-content\/uploads\/sites\/2\/2023\/03\/Logo-We-Love-Cinema305x128.jpg\",\"width\":305,\"height\":128,\"caption\":\"We Love Cinema\"},\"image\":{\"@id\":\"https:\/\/welovecinema.be\/nl\/#\/schema\/logo\/image\/\"},\"sameAs\":[\"https:\/\/www.facebook.com\/welovecinema.be\",\"https:\/\/www.youtube.com\/channel\/UCX5LYGVhnKvYauW4Nta4HJA\",\"https:\/\/www.instagram.com\/welovecinema.be\/\"]},{\"@type\":\"Person\",\"@id\":\"https:\/\/welovecinema.be\/nl\/#\/schema\/person\/4b9b1d857f0943453a38a7c2859ef756\",\"name\":\"Philippe.Pierquin\",\"url\":\"https:\/\/welovecinema.be\/fr\/author\/philippe-pierquin\/\"}]}<\/script>\n<!-- \/ Yoast SEO plugin. -->","yoast_head_json":{"title":"Courts m\u00e9trages story - We Love Cinema","robots":{"index":"index","follow":"follow","max-snippet":"max-snippet:-1","max-image-preview":"max-image-preview:large","max-video-preview":"max-video-preview:-1"},"canonical":"https:\/\/welovecinema.be\/fr\/courts-metrages-story\/","og_locale":"fr_FR","og_type":"article","og_title":"Courts m\u00e9trages story - We Love Cinema","og_description":"Quand c\u2019est tout court, c\u2019est bien. Quand c\u2019est un peu plus long, c\u2019est parfait aussi. Au menu de l\u2019\u00e9mission hebdomadaire de la trois consacr\u00e9e aux courts, trois films d\u00e9j\u00e0 vus, mais tr\u00e8s r\u00e9ussis, chacun dans son genre\u00a0: un film \u00e2pre, un autre plus \u00e9trange\u00a0mais non d\u00e9nu\u00e9 de conscience et un bon petit \u00a0de genre qui &hellip;","og_url":"https:\/\/welovecinema.be\/fr\/courts-metrages-story\/","og_site_name":"We Love Cinema","article_publisher":"https:\/\/www.facebook.com\/welovecinema.be","article_published_time":"2016-01-18T18:02:14+00:00","article_modified_time":"2022-02-15T08:25:23+00:00","og_image":[{"width":650,"height":433,"url":"https:\/\/welovecinema.be\/wp-content\/uploads\/sites\/2\/2016\/01\/babysiitting.jpg","type":"image\/jpeg"}],"author":"Philippe.Pierquin","twitter_card":"summary_large_image","twitter_misc":{"\u00c9crit par":"Philippe.Pierquin","Dur\u00e9e de lecture estim\u00e9e":"2 minutes"},"schema":{"@context":"https:\/\/schema.org","@graph":[{"@type":"Article","@id":"https:\/\/welovecinema.be\/fr\/courts-metrages-story\/#article","isPartOf":{"@id":"https:\/\/welovecinema.be\/fr\/courts-metrages-story\/"},"author":{"name":"Philippe.Pierquin","@id":"https:\/\/welovecinema.be\/nl\/#\/schema\/person\/4b9b1d857f0943453a38a7c2859ef756"},"headline":"Courts m\u00e9trages story","datePublished":"2016-01-18T18:02:14+00:00","dateModified":"2022-02-15T08:25:23+00:00","mainEntityOfPage":{"@id":"https:\/\/welovecinema.be\/fr\/courts-metrages-story\/"},"wordCount":491,"publisher":{"@id":"https:\/\/welovecinema.be\/nl\/#organization"},"articleSection":["Plateau t\u00e9l\u00e9"],"inLanguage":"fr-FR"},{"@type":"WebPage","@id":"https:\/\/welovecinema.be\/fr\/courts-metrages-story\/","url":"https:\/\/welovecinema.be\/fr\/courts-metrages-story\/","name":"Courts m\u00e9trages story - We Love Cinema","isPartOf":{"@id":"https:\/\/welovecinema.be\/nl\/#website"},"datePublished":"2016-01-18T18:02:14+00:00","dateModified":"2022-02-15T08:25:23+00:00","breadcrumb":{"@id":"https:\/\/welovecinema.be\/fr\/courts-metrages-story\/#breadcrumb"},"inLanguage":"fr-FR","potentialAction":[{"@type":"ReadAction","target":["https:\/\/welovecinema.be\/fr\/courts-metrages-story\/"]}]},{"@type":"BreadcrumbList","@id":"https:\/\/welovecinema.be\/fr\/courts-metrages-story\/#breadcrumb","itemListElement":[{"@type":"ListItem","position":1,"name":"Accueil","item":"https:\/\/welovecinema.be\/fr\/"},{"@type":"ListItem","position":2,"name":"Courts m\u00e9trages story"}]},{"@type":"WebSite","@id":"https:\/\/welovecinema.be\/nl\/#website","url":"https:\/\/welovecinema.be\/nl\/","name":"We Love Cinema","description":"Toute l\u2019information du cin\u00e9ma en Belgique","publisher":{"@id":"https:\/\/welovecinema.be\/nl\/#organization"},"potentialAction":[{"@type":"SearchAction","target":{"@type":"EntryPoint","urlTemplate":"https:\/\/welovecinema.be\/nl\/?s={search_term_string}"},"query-input":"required name=search_term_string"}],"inLanguage":"fr-FR"},{"@type":"Organization","@id":"https:\/\/welovecinema.be\/nl\/#organization","name":"We Love Cinema","url":"https:\/\/welovecinema.be\/nl\/","logo":{"@type":"ImageObject","inLanguage":"fr-FR","@id":"https:\/\/welovecinema.be\/nl\/#\/schema\/logo\/image\/","url":"https:\/\/welovecinema.be\/wp-content\/uploads\/sites\/2\/2023\/03\/Logo-We-Love-Cinema305x128.jpg","contentUrl":"https:\/\/welovecinema.be\/wp-content\/uploads\/sites\/2\/2023\/03\/Logo-We-Love-Cinema305x128.jpg","width":305,"height":128,"caption":"We Love Cinema"},"image":{"@id":"https:\/\/welovecinema.be\/nl\/#\/schema\/logo\/image\/"},"sameAs":["https:\/\/www.facebook.com\/welovecinema.be","https:\/\/www.youtube.com\/channel\/UCX5LYGVhnKvYauW4Nta4HJA","https:\/\/www.instagram.com\/welovecinema.be\/"]},{"@type":"Person","@id":"https:\/\/welovecinema.be\/nl\/#\/schema\/person\/4b9b1d857f0943453a38a7c2859ef756","name":"Philippe.Pierquin","url":"https:\/\/welovecinema.be\/fr\/author\/philippe-pierquin\/"}]}},"_links":{"self":[{"href":"https:\/\/welovecinema.be\/fr\/wp-json\/wp\/v2\/posts\/83365","targetHints":{"allow":["GET"]}}],"collection":[{"href":"https:\/\/welovecinema.be\/fr\/wp-json\/wp\/v2\/posts"}],"about":[{"href":"https:\/\/welovecinema.be\/fr\/wp-json\/wp\/v2\/types\/post"}],"author":[{"embeddable":true,"href":"https:\/\/welovecinema.be\/fr\/wp-json\/wp\/v2\/users\/7"}],"replies":[{"embeddable":true,"href":"https:\/\/welovecinema.be\/fr\/wp-json\/wp\/v2\/comments?post=83365"}],"version-history":[{"count":0,"href":"https:\/\/welovecinema.be\/fr\/wp-json\/wp\/v2\/posts\/83365\/revisions"}],"wp:featuredmedia":[{"embeddable":true,"href":"https:\/\/welovecinema.be\/fr\/wp-json\/wp\/v2\/media\/83370"}],"wp:attachment":[{"href":"https:\/\/welovecinema.be\/fr\/wp-json\/wp\/v2\/media?parent=83365"}],"wp:term":[{"taxonomy":"category","embeddable":true,"href":"https:\/\/welovecinema.be\/fr\/wp-json\/wp\/v2\/categories?post=83365"},{"taxonomy":"post_tag","embeddable":true,"href":"https:\/\/welovecinema.be\/fr\/wp-json\/wp\/v2\/tags?post=83365"}],"curies":[{"name":"wp","href":"https:\/\/api.w.org\/{rel}","templated":true}]}}