{"id":83320,"date":"2016-01-18T09:11:49","date_gmt":"2016-01-18T08:11:49","guid":{"rendered":"http:\/\/www.cinevox.be\/?p=83320"},"modified":"2017-05-16T19:49:48","modified_gmt":"2017-05-16T17:49:48","slug":"ramdam-tournai-sens-dessus-dessous","status":"publish","type":"post","link":"https:\/\/welovecinema.be\/fr\/ramdam-tournai-sens-dessus-dessous\/","title":{"rendered":"Ramdam\u00a0: Tournai sens dessus dessous\u00a0!"},"content":{"rendered":"<p>Ville habituellement calme et paisible, Tournai va devenir pendant dix jours la capitale du cin\u00e9ma doux dingue. Le Ramdam, festival qui d\u00e9range, d\u00e9marre ce lundi dans la ville des cinq clochers.<!--more--><br \/>\n\u201cQui d\u00e9range\u201d dans le sens de qui remue, questionne, suscite \u00e9cho et d\u00e9bat, interpelle, chambarde, \u00e9meut, fait r\u00e9fl\u00e9chir, trouble, g\u00eane, choque, importune, transgresse, bref, fait du barouf, du raffut, du vacarme,\u00a0avec toutes les nuances que la production d\u2019un son comporte : du plus sourd au plus criant, du plus tapageur au plus m\u00e9lodieux, du plus obs\u00e9dant au plus limpide.<br \/>\nPour le plus grand b\u00e9n\u00e9fice de l\u2019esprit critique de \u00ab spectateur \u00bb.<\/p>\n<p>&nbsp;<\/p>\n<p><a href=\"http:\/\/www.cinevox.be\/wp-content\/uploads\/sites\/2\/2016\/01\/2014-11-09_09h17_54.jpg\"><img loading=\"lazy\" decoding=\"async\" class=\"aligncenter size-large wp-image-83321\" src=\"http:\/\/www.cinevox.be\/wp-content\/uploads\/sites\/2\/2016\/01\/2014-11-09_09h17_54-800x446.jpg\" alt=\"\" width=\"640\" height=\"356\" srcset=\"https:\/\/welovecinema.be\/wp-content\/uploads\/sites\/2\/2016\/01\/2014-11-09_09h17_54-800x446.jpg 800w, https:\/\/welovecinema.be\/wp-content\/uploads\/sites\/2\/2016\/01\/2014-11-09_09h17_54-480x267.jpg 480w, https:\/\/welovecinema.be\/wp-content\/uploads\/sites\/2\/2016\/01\/2014-11-09_09h17_54.jpg 1380w\" sizes=\"auto, (max-width: 640px) 100vw, 640px\" \/><\/a><\/p>\n<p>&nbsp;<\/p>\n<p>Au programme, des films d\u2019aujourd\u2019hui, mais aussi d\u2019hier, refl\u00e9tant le monde d\u2019ici et d\u2019ailleurs et disant, dans toutes les langues, quelque chose de la marche de l\u2019humanit\u00e9 qu\u2019il est urgent d\u2019entendre, de voir, \u2026 et de ne pas oublier.<\/p>\n<p>Soit, 35 films, comme en 2015. Nuance importante\u00a0: le festival, cette ann\u00e9e, dure un jour en plus et le nombre maximal de se\u0301ances qu\u2019un festivalier peut encha\u00eener cette anne\u0301e est de 35.<br \/>\nAvis aux amateurs de records en tout genre, il n\u2019est toutefois mathe\u0301matiquement pas possible de voir tous les 35 films, car le film pour l\u2019atelier d\u2019architecture prend deux se\u0301ances le samedi matin a\u0300 9h et a\u0300 11h. \u00a0Rhoooo.<\/p>\n<p>&nbsp;<\/p>\n<p><a href=\"http:\/\/www.cinevox.be\/wp-content\/uploads\/sites\/2\/2016\/01\/12000925_933292366708847_5778043355613055380_o.jpg\"><img loading=\"lazy\" decoding=\"async\" class=\"aligncenter size-large wp-image-83322\" src=\"http:\/\/www.cinevox.be\/wp-content\/uploads\/sites\/2\/2016\/01\/12000925_933292366708847_5778043355613055380_o-800x533.jpg\" alt=\"\" width=\"640\" height=\"426\" srcset=\"https:\/\/welovecinema.be\/wp-content\/uploads\/sites\/2\/2016\/01\/12000925_933292366708847_5778043355613055380_o-800x533.jpg 800w, https:\/\/welovecinema.be\/wp-content\/uploads\/sites\/2\/2016\/01\/12000925_933292366708847_5778043355613055380_o-405x270.jpg 405w, https:\/\/welovecinema.be\/wp-content\/uploads\/sites\/2\/2016\/01\/12000925_933292366708847_5778043355613055380_o.jpg 2048w\" sizes=\"auto, (max-width: 640px) 100vw, 640px\" \/><\/a><\/p>\n<p>&nbsp;<\/p>\n<p>Beaucoup de s\u00e9ances sont suivies de d\u00e9bats, car le festival accueille de nombreux invit\u00e9s. Vu le climat actuel et les \u00e9v\u00e8nements qui ont h\u00e9las \u00e9maill\u00e9 la derni\u00e8re \u00e9dition, les mesures de se\u0301curite\u0301 ont e\u0301te\u0301 renforce\u0301es a\u0300 Imagix. Les sacs sont ainsi \u00e0 \u00e9viter, car ils seront syste\u0301matiquement contro\u0302le\u0301s aux entre\u0301es et cela pourrait augmenter les temps d\u2019attente.<\/p>\n<p>&nbsp;<\/p>\n<p>C\u00f4t\u00e9 films belges on verra cette ann\u00e9<em>e Black, Bureau de ch\u00f4mage, D&rsquo;Ardennen, Keeper, Pr\u00e9judice (<\/em>Ramdam de l\u2019ann\u00e9e)<em>, Problemski Hotel <\/em>et <em>Welcome Home<\/em>. <strong>Lubna Azabal<\/strong>, marraine du festival, sera pr\u00e9sente pour l\u2019ouverture, ce 18 janvier.<\/p>\n<p>&nbsp;<\/p>\n<p><a href=\"http:\/\/www.cinevox.be\/wp-content\/uploads\/sites\/2\/2016\/01\/15508_27.jpg\"><img loading=\"lazy\" decoding=\"async\" class=\"aligncenter size-large wp-image-83323\" src=\"http:\/\/www.cinevox.be\/wp-content\/uploads\/sites\/2\/2016\/01\/15508_27-800x532.jpg\" alt=\"\" width=\"640\" height=\"425\" srcset=\"https:\/\/welovecinema.be\/wp-content\/uploads\/sites\/2\/2016\/01\/15508_27-800x532.jpg 800w, https:\/\/welovecinema.be\/wp-content\/uploads\/sites\/2\/2016\/01\/15508_27-405x270.jpg 405w, https:\/\/welovecinema.be\/wp-content\/uploads\/sites\/2\/2016\/01\/15508_27.jpg 1000w\" sizes=\"auto, (max-width: 640px) 100vw, 640px\" \/><\/a><\/p>\n<p>&nbsp;<\/p>\n<p>Jeudi et vendredi, les organisateurs ont aussi pr\u00e9vu les 3<sup>ee<\/sup>s rencontres franco-belges des professionnels du cin\u00e9ma, sur le th\u00e8me de la distribution afin de tenter de comprendre ce que chacun peut am\u00e9liorer chez soi au regard de ce qui fonctionne chez les voisins. Et o\u00f9 mieux qu\u2019\u00e0 Tournai pourrait-on mieux envisager cette collaboration\u00a0?<\/p>\n<p>&nbsp;<\/p>\n<p>INFOS PRATIQUES<\/p>\n<p>Quand : du 18 janvier 2016 au 27 janvier 2016<\/p>\n<p>O\u00f9 : Imagix Tournai &#8211; Boulevard Delwart 60 &#8211; 7500 Tournai<\/p>\n<p>Toutes les infos au jour le jour sont <a href=\"http:\/\/www.ramdamfestival.be\/\">sur le site internet de la manifestation<\/a><\/p>\n<p>&nbsp;<\/p>\n","protected":false},"excerpt":{"rendered":"<p>Ville habituellement calme et paisible, Tournai va devenir pendant dix jours la capitale du cin\u00e9ma doux dingue. Le Ramdam, festival qui d\u00e9range, d\u00e9marre ce lundi dans la ville des cinq clochers.<\/p>\n","protected":false},"author":7,"featured_media":83325,"comment_status":"closed","ping_status":"closed","sticky":false,"template":"","format":"standard","meta":{"ngg_post_thumbnail":0,"footnotes":""},"categories":[12],"tags":[],"class_list":["post-83320","post","type-post","status-publish","format-standard","has-post-thumbnail","","category-awards"],"yoast_head":"<!-- This site is optimized with the Yoast SEO plugin v20.4 - https:\/\/yoast.com\/wordpress\/plugins\/seo\/ -->\n<title>Ramdam\u00a0: Tournai sens dessus dessous\u00a0! - We Love Cinema<\/title>\n<meta name=\"robots\" content=\"index, follow, max-snippet:-1, max-image-preview:large, max-video-preview:-1\" \/>\n<link rel=\"canonical\" href=\"https:\/\/welovecinema.be\/fr\/ramdam-tournai-sens-dessus-dessous\/\" \/>\n<meta property=\"og:locale\" content=\"fr_FR\" \/>\n<meta property=\"og:type\" content=\"article\" \/>\n<meta property=\"og:title\" content=\"Ramdam\u00a0: Tournai sens dessus dessous\u00a0! - We Love Cinema\" \/>\n<meta property=\"og:description\" content=\"Ville habituellement calme et paisible, Tournai va devenir pendant dix jours la capitale du cin\u00e9ma doux dingue. Le Ramdam, festival qui d\u00e9range, d\u00e9marre ce lundi dans la ville des cinq clochers.\" \/>\n<meta property=\"og:url\" content=\"https:\/\/welovecinema.be\/fr\/ramdam-tournai-sens-dessus-dessous\/\" \/>\n<meta property=\"og:site_name\" content=\"We Love Cinema\" \/>\n<meta property=\"article:publisher\" content=\"https:\/\/www.facebook.com\/welovecinema.be\" \/>\n<meta property=\"article:published_time\" content=\"2016-01-18T08:11:49+00:00\" \/>\n<meta property=\"article:modified_time\" content=\"2017-05-16T17:49:48+00:00\" \/>\n<meta property=\"og:image\" content=\"https:\/\/welovecinema.be\/wp-content\/uploads\/sites\/2\/2016\/01\/2016-01-18_08h41_18.jpg\" \/>\n\t<meta property=\"og:image:width\" content=\"1045\" \/>\n\t<meta property=\"og:image:height\" content=\"532\" \/>\n\t<meta property=\"og:image:type\" content=\"image\/jpeg\" \/>\n<meta name=\"author\" content=\"Philippe.Pierquin\" \/>\n<meta name=\"twitter:card\" content=\"summary_large_image\" \/>\n<meta name=\"twitter:label1\" content=\"\u00c9crit par\" \/>\n\t<meta name=\"twitter:data1\" content=\"Philippe.Pierquin\" \/>\n\t<meta name=\"twitter:label2\" content=\"Dur\u00e9e de lecture estim\u00e9e\" \/>\n\t<meta name=\"twitter:data2\" content=\"2 minutes\" \/>\n<script type=\"application\/ld+json\" class=\"yoast-schema-graph\">{\"@context\":\"https:\/\/schema.org\",\"@graph\":[{\"@type\":\"Article\",\"@id\":\"https:\/\/welovecinema.be\/fr\/ramdam-tournai-sens-dessus-dessous\/#article\",\"isPartOf\":{\"@id\":\"https:\/\/welovecinema.be\/fr\/ramdam-tournai-sens-dessus-dessous\/\"},\"author\":{\"name\":\"Philippe.Pierquin\",\"@id\":\"https:\/\/welovecinema.be\/nl\/#\/schema\/person\/4b9b1d857f0943453a38a7c2859ef756\"},\"headline\":\"Ramdam\u00a0: Tournai sens dessus dessous\u00a0!\",\"datePublished\":\"2016-01-18T08:11:49+00:00\",\"dateModified\":\"2017-05-16T17:49:48+00:00\",\"mainEntityOfPage\":{\"@id\":\"https:\/\/welovecinema.be\/fr\/ramdam-tournai-sens-dessus-dessous\/\"},\"wordCount\":450,\"publisher\":{\"@id\":\"https:\/\/welovecinema.be\/nl\/#organization\"},\"articleSection\":[\"Evenements\"],\"inLanguage\":\"fr-FR\"},{\"@type\":\"WebPage\",\"@id\":\"https:\/\/welovecinema.be\/fr\/ramdam-tournai-sens-dessus-dessous\/\",\"url\":\"https:\/\/welovecinema.be\/fr\/ramdam-tournai-sens-dessus-dessous\/\",\"name\":\"Ramdam\u00a0: Tournai sens dessus dessous\u00a0! - We Love Cinema\",\"isPartOf\":{\"@id\":\"https:\/\/welovecinema.be\/nl\/#website\"},\"datePublished\":\"2016-01-18T08:11:49+00:00\",\"dateModified\":\"2017-05-16T17:49:48+00:00\",\"breadcrumb\":{\"@id\":\"https:\/\/welovecinema.be\/fr\/ramdam-tournai-sens-dessus-dessous\/#breadcrumb\"},\"inLanguage\":\"fr-FR\",\"potentialAction\":[{\"@type\":\"ReadAction\",\"target\":[\"https:\/\/welovecinema.be\/fr\/ramdam-tournai-sens-dessus-dessous\/\"]}]},{\"@type\":\"BreadcrumbList\",\"@id\":\"https:\/\/welovecinema.be\/fr\/ramdam-tournai-sens-dessus-dessous\/#breadcrumb\",\"itemListElement\":[{\"@type\":\"ListItem\",\"position\":1,\"name\":\"Accueil\",\"item\":\"https:\/\/welovecinema.be\/fr\/\"},{\"@type\":\"ListItem\",\"position\":2,\"name\":\"Ramdam\u00a0: Tournai sens dessus dessous\u00a0!\"}]},{\"@type\":\"WebSite\",\"@id\":\"https:\/\/welovecinema.be\/nl\/#website\",\"url\":\"https:\/\/welovecinema.be\/nl\/\",\"name\":\"We Love Cinema\",\"description\":\"Toute l\u2019information du cin\u00e9ma en Belgique\",\"publisher\":{\"@id\":\"https:\/\/welovecinema.be\/nl\/#organization\"},\"potentialAction\":[{\"@type\":\"SearchAction\",\"target\":{\"@type\":\"EntryPoint\",\"urlTemplate\":\"https:\/\/welovecinema.be\/nl\/?s={search_term_string}\"},\"query-input\":\"required name=search_term_string\"}],\"inLanguage\":\"fr-FR\"},{\"@type\":\"Organization\",\"@id\":\"https:\/\/welovecinema.be\/nl\/#organization\",\"name\":\"We Love Cinema\",\"url\":\"https:\/\/welovecinema.be\/nl\/\",\"logo\":{\"@type\":\"ImageObject\",\"inLanguage\":\"fr-FR\",\"@id\":\"https:\/\/welovecinema.be\/nl\/#\/schema\/logo\/image\/\",\"url\":\"https:\/\/welovecinema.be\/wp-content\/uploads\/sites\/2\/2023\/03\/Logo-We-Love-Cinema305x128.jpg\",\"contentUrl\":\"https:\/\/welovecinema.be\/wp-content\/uploads\/sites\/2\/2023\/03\/Logo-We-Love-Cinema305x128.jpg\",\"width\":305,\"height\":128,\"caption\":\"We Love Cinema\"},\"image\":{\"@id\":\"https:\/\/welovecinema.be\/nl\/#\/schema\/logo\/image\/\"},\"sameAs\":[\"https:\/\/www.facebook.com\/welovecinema.be\",\"https:\/\/www.youtube.com\/channel\/UCX5LYGVhnKvYauW4Nta4HJA\",\"https:\/\/www.instagram.com\/welovecinema.be\/\"]},{\"@type\":\"Person\",\"@id\":\"https:\/\/welovecinema.be\/nl\/#\/schema\/person\/4b9b1d857f0943453a38a7c2859ef756\",\"name\":\"Philippe.Pierquin\",\"url\":\"https:\/\/welovecinema.be\/fr\/author\/philippe-pierquin\/\"}]}<\/script>\n<!-- \/ Yoast SEO plugin. -->","yoast_head_json":{"title":"Ramdam\u00a0: Tournai sens dessus dessous\u00a0! - We Love Cinema","robots":{"index":"index","follow":"follow","max-snippet":"max-snippet:-1","max-image-preview":"max-image-preview:large","max-video-preview":"max-video-preview:-1"},"canonical":"https:\/\/welovecinema.be\/fr\/ramdam-tournai-sens-dessus-dessous\/","og_locale":"fr_FR","og_type":"article","og_title":"Ramdam\u00a0: Tournai sens dessus dessous\u00a0! - We Love Cinema","og_description":"Ville habituellement calme et paisible, Tournai va devenir pendant dix jours la capitale du cin\u00e9ma doux dingue. Le Ramdam, festival qui d\u00e9range, d\u00e9marre ce lundi dans la ville des cinq clochers.","og_url":"https:\/\/welovecinema.be\/fr\/ramdam-tournai-sens-dessus-dessous\/","og_site_name":"We Love Cinema","article_publisher":"https:\/\/www.facebook.com\/welovecinema.be","article_published_time":"2016-01-18T08:11:49+00:00","article_modified_time":"2017-05-16T17:49:48+00:00","og_image":[{"width":1045,"height":532,"url":"https:\/\/welovecinema.be\/wp-content\/uploads\/sites\/2\/2016\/01\/2016-01-18_08h41_18.jpg","type":"image\/jpeg"}],"author":"Philippe.Pierquin","twitter_card":"summary_large_image","twitter_misc":{"\u00c9crit par":"Philippe.Pierquin","Dur\u00e9e de lecture estim\u00e9e":"2 minutes"},"schema":{"@context":"https:\/\/schema.org","@graph":[{"@type":"Article","@id":"https:\/\/welovecinema.be\/fr\/ramdam-tournai-sens-dessus-dessous\/#article","isPartOf":{"@id":"https:\/\/welovecinema.be\/fr\/ramdam-tournai-sens-dessus-dessous\/"},"author":{"name":"Philippe.Pierquin","@id":"https:\/\/welovecinema.be\/nl\/#\/schema\/person\/4b9b1d857f0943453a38a7c2859ef756"},"headline":"Ramdam\u00a0: Tournai sens dessus dessous\u00a0!","datePublished":"2016-01-18T08:11:49+00:00","dateModified":"2017-05-16T17:49:48+00:00","mainEntityOfPage":{"@id":"https:\/\/welovecinema.be\/fr\/ramdam-tournai-sens-dessus-dessous\/"},"wordCount":450,"publisher":{"@id":"https:\/\/welovecinema.be\/nl\/#organization"},"articleSection":["Evenements"],"inLanguage":"fr-FR"},{"@type":"WebPage","@id":"https:\/\/welovecinema.be\/fr\/ramdam-tournai-sens-dessus-dessous\/","url":"https:\/\/welovecinema.be\/fr\/ramdam-tournai-sens-dessus-dessous\/","name":"Ramdam\u00a0: Tournai sens dessus dessous\u00a0! - We Love Cinema","isPartOf":{"@id":"https:\/\/welovecinema.be\/nl\/#website"},"datePublished":"2016-01-18T08:11:49+00:00","dateModified":"2017-05-16T17:49:48+00:00","breadcrumb":{"@id":"https:\/\/welovecinema.be\/fr\/ramdam-tournai-sens-dessus-dessous\/#breadcrumb"},"inLanguage":"fr-FR","potentialAction":[{"@type":"ReadAction","target":["https:\/\/welovecinema.be\/fr\/ramdam-tournai-sens-dessus-dessous\/"]}]},{"@type":"BreadcrumbList","@id":"https:\/\/welovecinema.be\/fr\/ramdam-tournai-sens-dessus-dessous\/#breadcrumb","itemListElement":[{"@type":"ListItem","position":1,"name":"Accueil","item":"https:\/\/welovecinema.be\/fr\/"},{"@type":"ListItem","position":2,"name":"Ramdam\u00a0: Tournai sens dessus dessous\u00a0!"}]},{"@type":"WebSite","@id":"https:\/\/welovecinema.be\/nl\/#website","url":"https:\/\/welovecinema.be\/nl\/","name":"We Love Cinema","description":"Toute l\u2019information du cin\u00e9ma en Belgique","publisher":{"@id":"https:\/\/welovecinema.be\/nl\/#organization"},"potentialAction":[{"@type":"SearchAction","target":{"@type":"EntryPoint","urlTemplate":"https:\/\/welovecinema.be\/nl\/?s={search_term_string}"},"query-input":"required name=search_term_string"}],"inLanguage":"fr-FR"},{"@type":"Organization","@id":"https:\/\/welovecinema.be\/nl\/#organization","name":"We Love Cinema","url":"https:\/\/welovecinema.be\/nl\/","logo":{"@type":"ImageObject","inLanguage":"fr-FR","@id":"https:\/\/welovecinema.be\/nl\/#\/schema\/logo\/image\/","url":"https:\/\/welovecinema.be\/wp-content\/uploads\/sites\/2\/2023\/03\/Logo-We-Love-Cinema305x128.jpg","contentUrl":"https:\/\/welovecinema.be\/wp-content\/uploads\/sites\/2\/2023\/03\/Logo-We-Love-Cinema305x128.jpg","width":305,"height":128,"caption":"We Love Cinema"},"image":{"@id":"https:\/\/welovecinema.be\/nl\/#\/schema\/logo\/image\/"},"sameAs":["https:\/\/www.facebook.com\/welovecinema.be","https:\/\/www.youtube.com\/channel\/UCX5LYGVhnKvYauW4Nta4HJA","https:\/\/www.instagram.com\/welovecinema.be\/"]},{"@type":"Person","@id":"https:\/\/welovecinema.be\/nl\/#\/schema\/person\/4b9b1d857f0943453a38a7c2859ef756","name":"Philippe.Pierquin","url":"https:\/\/welovecinema.be\/fr\/author\/philippe-pierquin\/"}]}},"_links":{"self":[{"href":"https:\/\/welovecinema.be\/fr\/wp-json\/wp\/v2\/posts\/83320","targetHints":{"allow":["GET"]}}],"collection":[{"href":"https:\/\/welovecinema.be\/fr\/wp-json\/wp\/v2\/posts"}],"about":[{"href":"https:\/\/welovecinema.be\/fr\/wp-json\/wp\/v2\/types\/post"}],"author":[{"embeddable":true,"href":"https:\/\/welovecinema.be\/fr\/wp-json\/wp\/v2\/users\/7"}],"replies":[{"embeddable":true,"href":"https:\/\/welovecinema.be\/fr\/wp-json\/wp\/v2\/comments?post=83320"}],"version-history":[{"count":0,"href":"https:\/\/welovecinema.be\/fr\/wp-json\/wp\/v2\/posts\/83320\/revisions"}],"wp:featuredmedia":[{"embeddable":true,"href":"https:\/\/welovecinema.be\/fr\/wp-json\/wp\/v2\/media\/83325"}],"wp:attachment":[{"href":"https:\/\/welovecinema.be\/fr\/wp-json\/wp\/v2\/media?parent=83320"}],"wp:term":[{"taxonomy":"category","embeddable":true,"href":"https:\/\/welovecinema.be\/fr\/wp-json\/wp\/v2\/categories?post=83320"},{"taxonomy":"post_tag","embeddable":true,"href":"https:\/\/welovecinema.be\/fr\/wp-json\/wp\/v2\/tags?post=83320"}],"curies":[{"name":"wp","href":"https:\/\/api.w.org\/{rel}","templated":true}]}}