{"id":83265,"date":"2016-01-15T12:38:01","date_gmt":"2016-01-15T11:38:01","guid":{"rendered":"http:\/\/www.cinevox.be\/?p=83265"},"modified":"2016-01-15T12:43:37","modified_gmt":"2016-01-15T11:43:37","slug":"daylight-propose-un-stage-dans-la-production-et-la-distribution-2","status":"publish","type":"post","link":"https:\/\/welovecinema.be\/fr\/daylight-propose-un-stage-dans-la-production-et-la-distribution-2\/","title":{"rendered":"Daylight propose un stage dans la production et la distribution"},"content":{"rendered":"<p>Daylight, soci\u00e9t\u00e9 de Production ind\u00e9pendante de Long-m\u00e9trages bas\u00e9e \u00e0 Bruxelles (<em>Les Rayures du Z\u00e8bre, Le monde nous appartient, Noces<\/em>&#8230;) propose un\u00a0<strong>Stage Assistant Production\/Distribution<\/strong><!--more--><\/p>\n<p>&nbsp;<\/p>\n<p><strong>Description de l&rsquo;entreprise\/de l&rsquo;organisme<\/strong><\/p>\n<p>Soci\u00e9t\u00e9 de Production ind\u00e9pendante de Longs-m\u00e9trages bas\u00e9e \u00e0 Bruxelles, Belgique<\/p>\n<p>&nbsp;<\/p>\n<p><strong>Description du poste<\/strong><\/p>\n<p><strong>Stage Assistant Production\/Distribution<\/strong><\/p>\n<p>Description du stage conventionn\u00e9 :<br \/>\n1.Assistanat de l&rsquo;administrateur et des producteurs (gestion de d\u00e9placements, des RDV, etc.)<br \/>\n2. Elaboration des dossiers de financement (CNC, MEDIA, EURIMAGES, etc.)<br \/>\n3. Assistanat sur le suivi de l\u2019administration et de la comptabilit\u00e9 (Note de frais, factures, tenues des comptes, d\u00e9clarations sociales, etc.)<br \/>\n4. Suivi de la postproduction d\u2019un long m\u00e9trage (Agr\u00e9ment, demande de visa, etc.)<br \/>\n5. Gestion de stock et du mat\u00e9riel (Masters, PAD, cr\u00e9ation DVD, etc.)<br \/>\n6. Distribution<\/p>\n<p>&#8211; Mise en place d&rsquo;\u00e9v\u00e9nements, recherche de partenariats, gestion du planning producteur<br \/>\n&#8211; Relation avec les salles, les r\u00e9alisateurs, les associations, les centres culturels\u2026 partenaires divers- Diffusion et gestion des supports de communication, du marketing, des bases de donn\u00e9es\u2026<br \/>\n<strong>Description du profil recherch\u00e9<\/strong><\/p>\n<ol>\n<li>Capacit\u00e9 d&rsquo;implication et d&rsquo;adaptation<br \/>\n2. Bonne organisation personnelle<br \/>\n3. Connaissance du milieu audiovisuel et cin\u00e9matographique (Technique et administratif) est un atout<br \/>\n4. Dynamisme et bon relationnel<br \/>\n5. Int\u00e9r\u00eat pour le Cin\u00e9ma ind\u00e9pendant<br \/>\n6. Capacit\u00e9 \u00e0 travailler en \u00e9quipe<br \/>\n7. Ma\u00eetrise des outils bureautiques (Suite Office)<\/li>\n<\/ol>\n<p>&nbsp;<\/p>\n<p><strong>Date de prise de fonction &amp; conditions<\/strong><\/p>\n<p>1<sup>er<\/sup> f\u00e9vrier 2016 pour un minimum de 3 mois<\/p>\n<p><strong>CONVENTION DE STAGE OBLIGATOIRE<\/strong><\/p>\n<p><strong>Lieu<\/strong><\/p>\n<p>Bruxelles 1050 (Ixelles)<\/p>\n<p><strong>R\u00e9f\u00e9rence du poste<\/strong><\/p>\n<p>Stage Distribution et Production<\/p>\n<p>+32 2 544 05 98Contact\u00a0: fatima@daylight-films.be<\/p>\n","protected":false},"excerpt":{"rendered":"<p>Daylight, soci\u00e9t\u00e9 de Production ind\u00e9pendante de Long-m\u00e9trages bas\u00e9e \u00e0 Bruxelles (Les Rayures du Z\u00e8bre, Le monde nous appartient, Noces&#8230;) propose un\u00a0Stage Assistant Production\/Distribution<\/p>\n","protected":false},"author":7,"featured_media":83267,"comment_status":"closed","ping_status":"closed","sticky":false,"template":"","format":"standard","meta":{"ngg_post_thumbnail":0,"footnotes":""},"categories":[20],"tags":[],"class_list":["post-83265","post","type-post","status-publish","format-standard","has-post-thumbnail","","category-cinejobs"],"yoast_head":"<!-- This site is optimized with the Yoast SEO plugin v20.4 - https:\/\/yoast.com\/wordpress\/plugins\/seo\/ -->\n<title>Daylight propose un stage dans la production et la distribution - We Love Cinema<\/title>\n<meta name=\"robots\" content=\"index, follow, max-snippet:-1, max-image-preview:large, max-video-preview:-1\" \/>\n<link rel=\"canonical\" href=\"https:\/\/welovecinema.be\/fr\/daylight-propose-un-stage-dans-la-production-et-la-distribution-2\/\" \/>\n<meta property=\"og:locale\" content=\"fr_FR\" \/>\n<meta property=\"og:type\" content=\"article\" \/>\n<meta property=\"og:title\" content=\"Daylight propose un stage dans la production et la distribution - We Love Cinema\" \/>\n<meta property=\"og:description\" content=\"Daylight, soci\u00e9t\u00e9 de Production ind\u00e9pendante de Long-m\u00e9trages bas\u00e9e \u00e0 Bruxelles (Les Rayures du Z\u00e8bre, Le monde nous appartient, Noces&#8230;) propose un\u00a0Stage Assistant Production\/Distribution\" \/>\n<meta property=\"og:url\" content=\"https:\/\/welovecinema.be\/fr\/daylight-propose-un-stage-dans-la-production-et-la-distribution-2\/\" \/>\n<meta property=\"og:site_name\" content=\"We Love Cinema\" \/>\n<meta property=\"article:publisher\" content=\"https:\/\/www.facebook.com\/welovecinema.be\" \/>\n<meta property=\"article:published_time\" content=\"2016-01-15T11:38:01+00:00\" \/>\n<meta property=\"article:modified_time\" content=\"2016-01-15T11:43:37+00:00\" \/>\n<meta property=\"og:image\" content=\"https:\/\/welovecinema.be\/wp-content\/uploads\/sites\/2\/2016\/01\/les-rayures-du-zebre.jpg\" \/>\n\t<meta property=\"og:image:width\" content=\"1022\" \/>\n\t<meta property=\"og:image:height\" content=\"552\" \/>\n\t<meta property=\"og:image:type\" content=\"image\/jpeg\" \/>\n<meta name=\"author\" content=\"Philippe.Pierquin\" \/>\n<meta name=\"twitter:card\" content=\"summary_large_image\" \/>\n<meta name=\"twitter:label1\" content=\"\u00c9crit par\" \/>\n\t<meta name=\"twitter:data1\" content=\"Philippe.Pierquin\" \/>\n\t<meta name=\"twitter:label2\" content=\"Dur\u00e9e de lecture estim\u00e9e\" \/>\n\t<meta name=\"twitter:data2\" content=\"1 minute\" \/>\n<script type=\"application\/ld+json\" class=\"yoast-schema-graph\">{\"@context\":\"https:\/\/schema.org\",\"@graph\":[{\"@type\":\"Article\",\"@id\":\"https:\/\/welovecinema.be\/fr\/daylight-propose-un-stage-dans-la-production-et-la-distribution-2\/#article\",\"isPartOf\":{\"@id\":\"https:\/\/welovecinema.be\/fr\/daylight-propose-un-stage-dans-la-production-et-la-distribution-2\/\"},\"author\":{\"name\":\"Philippe.Pierquin\",\"@id\":\"https:\/\/welovecinema.be\/nl\/#\/schema\/person\/4b9b1d857f0943453a38a7c2859ef756\"},\"headline\":\"Daylight propose un stage dans la production et la distribution\",\"datePublished\":\"2016-01-15T11:38:01+00:00\",\"dateModified\":\"2016-01-15T11:43:37+00:00\",\"mainEntityOfPage\":{\"@id\":\"https:\/\/welovecinema.be\/fr\/daylight-propose-un-stage-dans-la-production-et-la-distribution-2\/\"},\"wordCount\":275,\"publisher\":{\"@id\":\"https:\/\/welovecinema.be\/nl\/#organization\"},\"articleSection\":[\"Cinejobs\"],\"inLanguage\":\"fr-FR\"},{\"@type\":\"WebPage\",\"@id\":\"https:\/\/welovecinema.be\/fr\/daylight-propose-un-stage-dans-la-production-et-la-distribution-2\/\",\"url\":\"https:\/\/welovecinema.be\/fr\/daylight-propose-un-stage-dans-la-production-et-la-distribution-2\/\",\"name\":\"Daylight propose un stage dans la production et la distribution - We Love Cinema\",\"isPartOf\":{\"@id\":\"https:\/\/welovecinema.be\/nl\/#website\"},\"datePublished\":\"2016-01-15T11:38:01+00:00\",\"dateModified\":\"2016-01-15T11:43:37+00:00\",\"breadcrumb\":{\"@id\":\"https:\/\/welovecinema.be\/fr\/daylight-propose-un-stage-dans-la-production-et-la-distribution-2\/#breadcrumb\"},\"inLanguage\":\"fr-FR\",\"potentialAction\":[{\"@type\":\"ReadAction\",\"target\":[\"https:\/\/welovecinema.be\/fr\/daylight-propose-un-stage-dans-la-production-et-la-distribution-2\/\"]}]},{\"@type\":\"BreadcrumbList\",\"@id\":\"https:\/\/welovecinema.be\/fr\/daylight-propose-un-stage-dans-la-production-et-la-distribution-2\/#breadcrumb\",\"itemListElement\":[{\"@type\":\"ListItem\",\"position\":1,\"name\":\"Accueil\",\"item\":\"https:\/\/welovecinema.be\/fr\/\"},{\"@type\":\"ListItem\",\"position\":2,\"name\":\"Daylight propose un stage dans la production et la distribution\"}]},{\"@type\":\"WebSite\",\"@id\":\"https:\/\/welovecinema.be\/nl\/#website\",\"url\":\"https:\/\/welovecinema.be\/nl\/\",\"name\":\"We Love Cinema\",\"description\":\"Toute l\u2019information du cin\u00e9ma en Belgique\",\"publisher\":{\"@id\":\"https:\/\/welovecinema.be\/nl\/#organization\"},\"potentialAction\":[{\"@type\":\"SearchAction\",\"target\":{\"@type\":\"EntryPoint\",\"urlTemplate\":\"https:\/\/welovecinema.be\/nl\/?s={search_term_string}\"},\"query-input\":\"required name=search_term_string\"}],\"inLanguage\":\"fr-FR\"},{\"@type\":\"Organization\",\"@id\":\"https:\/\/welovecinema.be\/nl\/#organization\",\"name\":\"We Love Cinema\",\"url\":\"https:\/\/welovecinema.be\/nl\/\",\"logo\":{\"@type\":\"ImageObject\",\"inLanguage\":\"fr-FR\",\"@id\":\"https:\/\/welovecinema.be\/nl\/#\/schema\/logo\/image\/\",\"url\":\"https:\/\/welovecinema.be\/wp-content\/uploads\/sites\/2\/2023\/03\/Logo-We-Love-Cinema305x128.jpg\",\"contentUrl\":\"https:\/\/welovecinema.be\/wp-content\/uploads\/sites\/2\/2023\/03\/Logo-We-Love-Cinema305x128.jpg\",\"width\":305,\"height\":128,\"caption\":\"We Love Cinema\"},\"image\":{\"@id\":\"https:\/\/welovecinema.be\/nl\/#\/schema\/logo\/image\/\"},\"sameAs\":[\"https:\/\/www.facebook.com\/welovecinema.be\",\"https:\/\/www.youtube.com\/channel\/UCX5LYGVhnKvYauW4Nta4HJA\",\"https:\/\/www.instagram.com\/welovecinema.be\/\"]},{\"@type\":\"Person\",\"@id\":\"https:\/\/welovecinema.be\/nl\/#\/schema\/person\/4b9b1d857f0943453a38a7c2859ef756\",\"name\":\"Philippe.Pierquin\",\"url\":\"https:\/\/welovecinema.be\/fr\/author\/philippe-pierquin\/\"}]}<\/script>\n<!-- \/ Yoast SEO plugin. -->","yoast_head_json":{"title":"Daylight propose un stage dans la production et la distribution - We Love Cinema","robots":{"index":"index","follow":"follow","max-snippet":"max-snippet:-1","max-image-preview":"max-image-preview:large","max-video-preview":"max-video-preview:-1"},"canonical":"https:\/\/welovecinema.be\/fr\/daylight-propose-un-stage-dans-la-production-et-la-distribution-2\/","og_locale":"fr_FR","og_type":"article","og_title":"Daylight propose un stage dans la production et la distribution - We Love Cinema","og_description":"Daylight, soci\u00e9t\u00e9 de Production ind\u00e9pendante de Long-m\u00e9trages bas\u00e9e \u00e0 Bruxelles (Les Rayures du Z\u00e8bre, Le monde nous appartient, Noces&#8230;) propose un\u00a0Stage Assistant Production\/Distribution","og_url":"https:\/\/welovecinema.be\/fr\/daylight-propose-un-stage-dans-la-production-et-la-distribution-2\/","og_site_name":"We Love Cinema","article_publisher":"https:\/\/www.facebook.com\/welovecinema.be","article_published_time":"2016-01-15T11:38:01+00:00","article_modified_time":"2016-01-15T11:43:37+00:00","og_image":[{"width":1022,"height":552,"url":"https:\/\/welovecinema.be\/wp-content\/uploads\/sites\/2\/2016\/01\/les-rayures-du-zebre.jpg","type":"image\/jpeg"}],"author":"Philippe.Pierquin","twitter_card":"summary_large_image","twitter_misc":{"\u00c9crit par":"Philippe.Pierquin","Dur\u00e9e de lecture estim\u00e9e":"1 minute"},"schema":{"@context":"https:\/\/schema.org","@graph":[{"@type":"Article","@id":"https:\/\/welovecinema.be\/fr\/daylight-propose-un-stage-dans-la-production-et-la-distribution-2\/#article","isPartOf":{"@id":"https:\/\/welovecinema.be\/fr\/daylight-propose-un-stage-dans-la-production-et-la-distribution-2\/"},"author":{"name":"Philippe.Pierquin","@id":"https:\/\/welovecinema.be\/nl\/#\/schema\/person\/4b9b1d857f0943453a38a7c2859ef756"},"headline":"Daylight propose un stage dans la production et la distribution","datePublished":"2016-01-15T11:38:01+00:00","dateModified":"2016-01-15T11:43:37+00:00","mainEntityOfPage":{"@id":"https:\/\/welovecinema.be\/fr\/daylight-propose-un-stage-dans-la-production-et-la-distribution-2\/"},"wordCount":275,"publisher":{"@id":"https:\/\/welovecinema.be\/nl\/#organization"},"articleSection":["Cinejobs"],"inLanguage":"fr-FR"},{"@type":"WebPage","@id":"https:\/\/welovecinema.be\/fr\/daylight-propose-un-stage-dans-la-production-et-la-distribution-2\/","url":"https:\/\/welovecinema.be\/fr\/daylight-propose-un-stage-dans-la-production-et-la-distribution-2\/","name":"Daylight propose un stage dans la production et la distribution - We Love Cinema","isPartOf":{"@id":"https:\/\/welovecinema.be\/nl\/#website"},"datePublished":"2016-01-15T11:38:01+00:00","dateModified":"2016-01-15T11:43:37+00:00","breadcrumb":{"@id":"https:\/\/welovecinema.be\/fr\/daylight-propose-un-stage-dans-la-production-et-la-distribution-2\/#breadcrumb"},"inLanguage":"fr-FR","potentialAction":[{"@type":"ReadAction","target":["https:\/\/welovecinema.be\/fr\/daylight-propose-un-stage-dans-la-production-et-la-distribution-2\/"]}]},{"@type":"BreadcrumbList","@id":"https:\/\/welovecinema.be\/fr\/daylight-propose-un-stage-dans-la-production-et-la-distribution-2\/#breadcrumb","itemListElement":[{"@type":"ListItem","position":1,"name":"Accueil","item":"https:\/\/welovecinema.be\/fr\/"},{"@type":"ListItem","position":2,"name":"Daylight propose un stage dans la production et la distribution"}]},{"@type":"WebSite","@id":"https:\/\/welovecinema.be\/nl\/#website","url":"https:\/\/welovecinema.be\/nl\/","name":"We Love Cinema","description":"Toute l\u2019information du cin\u00e9ma en Belgique","publisher":{"@id":"https:\/\/welovecinema.be\/nl\/#organization"},"potentialAction":[{"@type":"SearchAction","target":{"@type":"EntryPoint","urlTemplate":"https:\/\/welovecinema.be\/nl\/?s={search_term_string}"},"query-input":"required name=search_term_string"}],"inLanguage":"fr-FR"},{"@type":"Organization","@id":"https:\/\/welovecinema.be\/nl\/#organization","name":"We Love Cinema","url":"https:\/\/welovecinema.be\/nl\/","logo":{"@type":"ImageObject","inLanguage":"fr-FR","@id":"https:\/\/welovecinema.be\/nl\/#\/schema\/logo\/image\/","url":"https:\/\/welovecinema.be\/wp-content\/uploads\/sites\/2\/2023\/03\/Logo-We-Love-Cinema305x128.jpg","contentUrl":"https:\/\/welovecinema.be\/wp-content\/uploads\/sites\/2\/2023\/03\/Logo-We-Love-Cinema305x128.jpg","width":305,"height":128,"caption":"We Love Cinema"},"image":{"@id":"https:\/\/welovecinema.be\/nl\/#\/schema\/logo\/image\/"},"sameAs":["https:\/\/www.facebook.com\/welovecinema.be","https:\/\/www.youtube.com\/channel\/UCX5LYGVhnKvYauW4Nta4HJA","https:\/\/www.instagram.com\/welovecinema.be\/"]},{"@type":"Person","@id":"https:\/\/welovecinema.be\/nl\/#\/schema\/person\/4b9b1d857f0943453a38a7c2859ef756","name":"Philippe.Pierquin","url":"https:\/\/welovecinema.be\/fr\/author\/philippe-pierquin\/"}]}},"_links":{"self":[{"href":"https:\/\/welovecinema.be\/fr\/wp-json\/wp\/v2\/posts\/83265","targetHints":{"allow":["GET"]}}],"collection":[{"href":"https:\/\/welovecinema.be\/fr\/wp-json\/wp\/v2\/posts"}],"about":[{"href":"https:\/\/welovecinema.be\/fr\/wp-json\/wp\/v2\/types\/post"}],"author":[{"embeddable":true,"href":"https:\/\/welovecinema.be\/fr\/wp-json\/wp\/v2\/users\/7"}],"replies":[{"embeddable":true,"href":"https:\/\/welovecinema.be\/fr\/wp-json\/wp\/v2\/comments?post=83265"}],"version-history":[{"count":0,"href":"https:\/\/welovecinema.be\/fr\/wp-json\/wp\/v2\/posts\/83265\/revisions"}],"wp:featuredmedia":[{"embeddable":true,"href":"https:\/\/welovecinema.be\/fr\/wp-json\/wp\/v2\/media\/83267"}],"wp:attachment":[{"href":"https:\/\/welovecinema.be\/fr\/wp-json\/wp\/v2\/media?parent=83265"}],"wp:term":[{"taxonomy":"category","embeddable":true,"href":"https:\/\/welovecinema.be\/fr\/wp-json\/wp\/v2\/categories?post=83265"},{"taxonomy":"post_tag","embeddable":true,"href":"https:\/\/welovecinema.be\/fr\/wp-json\/wp\/v2\/tags?post=83265"}],"curies":[{"name":"wp","href":"https:\/\/api.w.org\/{rel}","templated":true}]}}