{"id":83096,"date":"2016-01-12T12:56:45","date_gmt":"2016-01-12T11:56:45","guid":{"rendered":"http:\/\/www.cinevox.be\/?p=83096"},"modified":"2016-01-12T16:45:25","modified_gmt":"2016-01-12T15:45:25","slug":"6e-edition-des-magritte-du-cinema-6-films-dominent-les-nominations","status":"publish","type":"post","link":"https:\/\/welovecinema.be\/fr\/6e-edition-des-magritte-du-cinema-6-films-dominent-les-nominations\/","title":{"rendered":"6e \u00e9dition des Magritte du cin\u00e9ma\u00a0: 6 films dominent les nominations."},"content":{"rendered":"<p>C\u2019est donc le 6 f\u00e9vrier prochain, un samedi comme d\u2019habitude, que la 6<sup>e<\/sup> \u00e9dition des Magritte livrera son verdict. Devant la plupart des personnalit\u00e9s de notre cin\u00e9ma, r\u00e9unies au Mont des Arts, l\u2019intr\u00e9pide Charlie Dupont animera pour la deuxi\u00e8me fois cette c\u00e9r\u00e9monie qu\u2019il avait d\u00e9j\u00e0 dynamit\u00e9e l\u2019an dernier.<\/p>\n<p>Les cin\u00e9philes pourront suivre la manifestation sur leur petit \u00e9cran puisque BeTV offrira l\u2019int\u00e9gralit\u00e9 de la retransmission en clair. Mais ils pourront aussi se r\u00e9unir dans une des salles qui diffusera la f\u00eate lors de deux happenings organis\u00e9s par\u2026 Cinevox, bien s\u00fbr\u2026<\/p>\n<p>Avec en prime une avant-premi\u00e8re en pr\u00e9sence de l\u2019\u00e9quipe du film (lire <a href=\"http:\/\/www.cinevox.be\/?p=83080\">ici<\/a>).<!--more--><\/p>\n<p>&nbsp;<\/p>\n<p>Comme d\u2019habitude, le premier tour de vote s\u2019est achev\u00e9 le 31 d\u00e9cembre \u00e0 minuit. Les votants qui y ont particip\u00e9 via le site officiel ont ainsi choisi les films et artistes qui se disputeront les statuettes.<br \/>\nParticularit\u00e9\u00a0: chacun pouvait voter cette ann\u00e9e pour trois noms dans chaque cat\u00e9gorie, sans ordre particulier, histoire de refl\u00e9ter au mieux ce que fut cette ann\u00e9e 2015 pour le cin\u00e9ma belge.<\/p>\n<p>Imaginez en effet un vote globalement domin\u00e9 par un film (ce qui \u00e9tait possible cette ann\u00e9e)\u00a0: les autres nomin\u00e9s auraient pu \u00eatre assez al\u00e9atoires. Avec un choix multiple, il \u00e9tait probable que les forces en pr\u00e9sence soient plus l\u00e9gitimes. Et vous allez vite constater que c\u2019est tr\u00e8s exactement ce qui s\u2019est pass\u00e9. Certes, on peut \u00e9videmment pointer un grand favori, mais la liste des autres films retenus ne doit rien au hasard. On a vraiment l\u2019impression que les meilleurs films de l\u2019ann\u00e9e ont \u00e9merg\u00e9 de ce premier tour.<br \/>\nCette ann\u00e9e la liste des potentiels laur\u00e9ats est largement domin\u00e9e par six longs m\u00e9trages.<\/p>\n<p>&nbsp;<\/p>\n<p><a href=\"http:\/\/www.cinevox.be\/wp-content\/uploads\/sites\/2\/2016\/01\/yolande_moreau_copyright_Ricardo-Vaz-Palma.jpg\"><img loading=\"lazy\" decoding=\"async\" class=\"aligncenter size-large wp-image-83097\" src=\"http:\/\/www.cinevox.be\/wp-content\/uploads\/sites\/2\/2016\/01\/yolande_moreau_copyright_Ricardo-Vaz-Palma-800x533.jpg\" alt=\"\" width=\"640\" height=\"426\" srcset=\"https:\/\/welovecinema.be\/wp-content\/uploads\/sites\/2\/2016\/01\/yolande_moreau_copyright_Ricardo-Vaz-Palma-800x533.jpg 800w, https:\/\/welovecinema.be\/wp-content\/uploads\/sites\/2\/2016\/01\/yolande_moreau_copyright_Ricardo-Vaz-Palma-404x270.jpg 404w\" sizes=\"auto, (max-width: 640px) 100vw, 640px\" \/><\/a><\/p>\n<p>&nbsp;<\/p>\n<p>Le grand favori dont nous parlions ci-dessus est \u00e9videmment <em>Le Tout Nouveau Testament<\/em> qui d\u00e9croche 10 nominations. Juste derri\u00e8re le film de Jaco van Dormael on retrouve \u00a0<em>Tous les chats sont gris<\/em> de la nouvelle venue Savina Dellicour qui s\u2019offre ici une fracassante entr\u00e9e dans le petit monde du cin\u00e9ma belge avec neuf nominations.<\/p>\n<p>Cette performance nous fait \u00e9videmment plaisir puisque nous avons soutenu ce premier film tr\u00e8s touchant \u00e0 bout de bras depuis sa Premi\u00e8re belge lors de la soir\u00e9e Magritte, que nous avions organis\u00e9e \u00e0 l\u2019UGC de Brouck\u00e8re lire <a href=\"http:\/\/www.cinevox.be\/?p=70092\">ICI<\/a>), jusqu\u2019\u00e0 sa sortie en salles.<\/p>\n<p>&nbsp;<\/p>\n<p><a href=\"http:\/\/www.cinevox.be\/wp-content\/uploads\/sites\/2\/2016\/01\/11073005_871564096236197_3522829621992028179_o.jpg\"><img loading=\"lazy\" decoding=\"async\" class=\"aligncenter size-large wp-image-83098\" src=\"http:\/\/www.cinevox.be\/wp-content\/uploads\/sites\/2\/2016\/01\/11073005_871564096236197_3522829621992028179_o-800x531.jpg\" alt=\"\" width=\"640\" height=\"424\" srcset=\"https:\/\/welovecinema.be\/wp-content\/uploads\/sites\/2\/2016\/01\/11073005_871564096236197_3522829621992028179_o-800x531.jpg 800w, https:\/\/welovecinema.be\/wp-content\/uploads\/sites\/2\/2016\/01\/11073005_871564096236197_3522829621992028179_o-406x270.jpg 406w, https:\/\/welovecinema.be\/wp-content\/uploads\/sites\/2\/2016\/01\/11073005_871564096236197_3522829621992028179_o.jpg 1129w\" sizes=\"auto, (max-width: 640px) 100vw, 640px\" \/><\/a><\/p>\n<p>&nbsp;<\/p>\n<p><em>Alleluia<\/em> de Fabrice Du Welz glane huit nominations et le jouissif <em>Je suis mort, mais j\u2019ai des amis<\/em> des fr\u00e8res Malandrin en d\u00e9croche sept, suivi de pr\u00e8s par le plus dramatique <em>Pr\u00e9judice<\/em> d\u2019Antoine Cuypers qui est nomin\u00e9 six fois tandis que <em>Melody <\/em>de Bernard Bellefroid appara\u00eet dans quatre cat\u00e9gories.<br \/>\nTous les autres films sont cit\u00e9s deux fois (<em>L\u2019ann\u00e9e prochaine, Ni le ciel ni la terre, Waste Land, \u00eatre<\/em> et\u2026 <em>la famille B\u00e9lier<\/em>) ou moins.<\/p>\n<p>D\u00e9j\u00e0 totalement hors course, <em>La Tierra Roja<\/em> et <em>Je suis \u00e0 toi<\/em> m\u00e9ritaient sans doute un peu plus de visibilit\u00e9, mais c\u2019est la loi du genre\u2026<\/p>\n<p>&nbsp;<\/p>\n<p><a href=\"http:\/\/www.cinevox.be\/wp-content\/uploads\/sites\/2\/2016\/01\/2014-11-05_07h51_35.jpg\"><img loading=\"lazy\" decoding=\"async\" class=\"aligncenter size-full wp-image-83099\" src=\"http:\/\/www.cinevox.be\/wp-content\/uploads\/sites\/2\/2016\/01\/2014-11-05_07h51_35.jpg\" alt=\"\" width=\"753\" height=\"451\" srcset=\"https:\/\/welovecinema.be\/wp-content\/uploads\/sites\/2\/2016\/01\/2014-11-05_07h51_35.jpg 753w, https:\/\/welovecinema.be\/wp-content\/uploads\/sites\/2\/2016\/01\/2014-11-05_07h51_35-450x270.jpg 450w\" sizes=\"auto, (max-width: 753px) 100vw, 753px\" \/><\/a><\/p>\n<p>&nbsp;<\/p>\n<p>\u00c0 l\u2019exception d\u2019<em>Alleluia<\/em>, les six films qui ont domin\u00e9 les d\u00e9bats sont tous nomin\u00e9s dans la cat\u00e9gorie \u00ab meilleur long m\u00e9trage \u00bb.<\/p>\n<p>Fabrice Du Welz est n\u00e9anmoins en course dans la cat\u00e9gorie meilleur r\u00e9alisateur face \u00e0 Jaco Van Dormael, Bernard Bellefroid, et Savina Dellicour qui fait une entr\u00e9e d\u2019autant plus fracassante que son film est naturellement en comp\u00e9tition pour le Magritte du 1er film face \u00e0 <em>Pr\u00e9judice <\/em>et \u00e0 <em>l\u2019Ann\u00e9e Prochaine<\/em> de Vania Le Turcq.<\/p>\n<p>Cette cat\u00e9gorie est d\u00e9sormais soumise au vote des professionnels et le moins qu\u2019on puisse dire est que cette premi\u00e8re tentative a permis de mettre en valeur des longs m\u00e9trages qui valent vraiment le d\u00e9tour.<\/p>\n<p>&nbsp;<\/p>\n<p><a href=\"http:\/\/www.cinevox.be\/wp-content\/uploads\/sites\/2\/2016\/01\/11046218_844033158989291_4951984002259783886_o.jpg\"><img loading=\"lazy\" decoding=\"async\" class=\"aligncenter size-large wp-image-83100\" src=\"http:\/\/www.cinevox.be\/wp-content\/uploads\/sites\/2\/2016\/01\/11046218_844033158989291_4951984002259783886_o-800x446.jpg\" alt=\"\" width=\"640\" height=\"356\" srcset=\"https:\/\/welovecinema.be\/wp-content\/uploads\/sites\/2\/2016\/01\/11046218_844033158989291_4951984002259783886_o-800x446.jpg 800w, https:\/\/welovecinema.be\/wp-content\/uploads\/sites\/2\/2016\/01\/11046218_844033158989291_4951984002259783886_o-480x268.jpg 480w\" sizes=\"auto, (max-width: 640px) 100vw, 640px\" \/><\/a><\/p>\n<p>&nbsp;<\/p>\n<p>Fait assez rare, aucune des actrices nomin\u00e9es ne l\u2019est pour un film en course dans la cat\u00e9gorie des meilleurs longs m\u00e9trages : Christelle Cornil d\u00e9j\u00e0 couronn\u00e9e d\u2019un Magritte de la meilleure actrice dans un second r\u00f4le (<em>Ill\u00e9gal<\/em> en 2011) et nomin\u00e9e en 2013 pour <em>Au cul du loup<\/em> est \u00e0 nouveau cit\u00e9e, pour <em>Jacques a vu<\/em> cette fois. Yolande Moreau, Magritte de la meilleure actrice dans un second r\u00f4le pour <em>Camille Redouble<\/em> (2013) est en lice pour <em>Le voyage en Chine.<\/em><\/p>\n<p>Face \u00e0 ces deux habitu\u00e9es, une nouvelle venue qui est la coqueluche actuelle des cin\u00e9philes belges\u00a0: Veerle Baetens a retenu l\u2019attention des votants dans <em>Un d\u00e9but prometteur<\/em> tandis que la mythique Annie Cordy a \u00e9t\u00e9 \u00e9pingl\u00e9e pour sa superbe prestation dans le d\u00e9licat <em>Les souvenirs<\/em>.<\/p>\n<p>&nbsp;<\/p>\n<p><a href=\"http:\/\/www.cinevox.be\/wp-content\/uploads\/sites\/2\/2016\/01\/1429530238190_0795x0521_14295302877532.jpg\"><img loading=\"lazy\" decoding=\"async\" class=\"aligncenter size-full wp-image-83101\" src=\"http:\/\/www.cinevox.be\/wp-content\/uploads\/sites\/2\/2016\/01\/1429530238190_0795x0521_14295302877532.jpg\" alt=\"\" width=\"795\" height=\"521\" srcset=\"https:\/\/welovecinema.be\/wp-content\/uploads\/sites\/2\/2016\/01\/1429530238190_0795x0521_14295302877532.jpg 795w, https:\/\/welovecinema.be\/wp-content\/uploads\/sites\/2\/2016\/01\/1429530238190_0795x0521_14295302877532-411x270.jpg 411w\" sizes=\"auto, (max-width: 795px) 100vw, 795px\" \/><\/a><\/p>\n<p>&nbsp;<\/p>\n<p>Ces deux films sont des coproductions franco-belges (Nexus), comme <em>La Famille B\u00e9lier<\/em> d\u2019ailleurs qui permet \u00e0 Fran\u00e7ois Damiens d\u2019\u00eatre retenu dans la cat\u00e9gorie \u00ab\u00a0meilleur acteur\u00a0\u00bb. Face \u00e0 lui, J\u00e9r\u00e9mie Renier non pas pour <em>Waste Land<\/em> o\u00f9 on l\u2019attendait, mais pour <em>Ni le ciel ni la terre<\/em> o\u00f9 il est exceptionnel c\u2019est vrai, Wim Willaert dans <em>Je suis mort, mais j&rsquo;ai des amis<\/em> et son copain Bouli Lanners qui a pour sa part \u00e9t\u00e9 choisi pour sa prestation tout en retenue dans <em>Tous les chats sont gris.<\/em><\/p>\n<p>Vous l\u2019aurez not\u00e9\u00a0: Benoit Poelvoorde malgr\u00e9 sa prestation tonitruante dans <em>Le Tout Nouveau Testament<\/em> n\u2019est pas repris. Il \u00e9tait aussi nominable pour <em>Une famille \u00e0 louer<\/em> et <em>La ran\u00e7on de la gloire<\/em><\/p>\n<p>&nbsp;<\/p>\n<p>Nous vous parlerons bient\u00f4t des autres cat\u00e9gories dont vous pouvez d\u2019ores et d\u00e9j\u00e0 d\u00e9couvrir tous les nomin\u00e9s <a href=\"http:\/\/www.cinevox.be\/?p=82841\">ICI<\/a>, mais nous ne r\u00e9sistons pas au plaisir de pointer d\u00e9j\u00e0 une section qui risque d\u2019\u00eatre particuli\u00e8rement disput\u00e9e\u00a0: celle du meilleur espoir f\u00e9minin o\u00f9 on retrouvera face \u00e0 face Manon Capelle dans <em>Tous les chats sont gris<\/em>, Lucie Debay dans <em>Melody<\/em>, Pili Groyne dans <em>Le tout Nouveau Testament <\/em>et St\u00e9phanie Van Vyve dans \u00catre.<\/p>\n<p>Bon courage aux votants pour trancher dans cette proposition superlative. Pour notre part, on aurait plut\u00f4t envie de remettre quatre statuettes.<\/p>\n<p>&nbsp;<\/p>\n<p><a href=\"http:\/\/www.cinevox.be\/wp-content\/uploads\/sites\/2\/2016\/01\/2011-02-05-Les-magritte-du-cinema-0123.jpg\"><img loading=\"lazy\" decoding=\"async\" class=\"aligncenter size-large wp-image-83102\" src=\"http:\/\/www.cinevox.be\/wp-content\/uploads\/sites\/2\/2016\/01\/2011-02-05-Les-magritte-du-cinema-0123-800x532.jpg\" alt=\"\" width=\"640\" height=\"425\" srcset=\"https:\/\/welovecinema.be\/wp-content\/uploads\/sites\/2\/2016\/01\/2011-02-05-Les-magritte-du-cinema-0123-800x532.jpg 800w, https:\/\/welovecinema.be\/wp-content\/uploads\/sites\/2\/2016\/01\/2011-02-05-Les-magritte-du-cinema-0123-405x270.jpg 405w, https:\/\/welovecinema.be\/wp-content\/uploads\/sites\/2\/2016\/01\/2011-02-05-Les-magritte-du-cinema-0123.jpg 1500w\" sizes=\"auto, (max-width: 640px) 100vw, 640px\" \/><\/a><\/p>\n<p>&nbsp;<\/p>\n<p>Cette 6<sup>e<\/sup> \u00e9dition sera-t-elle un remake de la 1<sup>\u00e8re<\/sup> o\u00f9 Jaco van Dormael et son fabuleux <em>Mr Nobody<\/em> avaient largement domin\u00e9 les d\u00e9bats\u00a0? C\u2019est d\u2019autant plus possible que cette fois le film de Jaco a remport\u00e9 un formidable succ\u00e8s dans les salles belges (et fran\u00e7aises) qu\u2019il est toujours en course pour les Oscars, et d\u00e9j\u00e0 nomin\u00e9 pour les Satellites Awards.<br \/>\nOn voit assez mal cette approbation publique et cette domination internationale battues en br\u00e8che lors de la grande f\u00eate du cin\u00e9ma belge. Mais sait-on jamais\u2026<\/p>\n<p>&nbsp;<\/p>\n<p>La liste de tous les nomin\u00e9s est\u00a0<a href=\"http:\/\/www.cinevox.be\/?p=82841\">ICI<\/a>,<\/p>\n","protected":false},"excerpt":{"rendered":"<p>C\u2019est donc le 6 f\u00e9vrier prochain, un samedi comme d\u2019habitude, que la 6e \u00e9dition des Magritte livrera son verdict. Devant la plupart des personnalit\u00e9s de notre cin\u00e9ma, r\u00e9unies au Mont des Arts, l\u2019intr\u00e9pide Charlie Dupont animera pour la deuxi\u00e8me fois cette c\u00e9r\u00e9monie qu\u2019il avait d\u00e9j\u00e0 dynamit\u00e9e l\u2019an dernier. Les cin\u00e9philes pourront suivre la manifestation sur &hellip;<\/p>\n","protected":false},"author":7,"featured_media":83104,"comment_status":"closed","ping_status":"closed","sticky":false,"template":"","format":"standard","meta":{"ngg_post_thumbnail":0,"footnotes":""},"categories":[12,7],"tags":[],"class_list":["post-83096","post","type-post","status-publish","format-standard","has-post-thumbnail","","category-awards","category-actualites"],"yoast_head":"<!-- This site is optimized with the Yoast SEO plugin v20.4 - https:\/\/yoast.com\/wordpress\/plugins\/seo\/ -->\n<title>6e \u00e9dition des Magritte du cin\u00e9ma\u00a0: 6 films dominent les nominations. - We Love Cinema<\/title>\n<meta name=\"robots\" content=\"index, follow, max-snippet:-1, max-image-preview:large, max-video-preview:-1\" \/>\n<link rel=\"canonical\" href=\"https:\/\/welovecinema.be\/fr\/6e-edition-des-magritte-du-cinema-6-films-dominent-les-nominations\/\" \/>\n<meta property=\"og:locale\" content=\"fr_FR\" \/>\n<meta property=\"og:type\" content=\"article\" \/>\n<meta property=\"og:title\" content=\"6e \u00e9dition des Magritte du cin\u00e9ma\u00a0: 6 films dominent les nominations. - We Love Cinema\" \/>\n<meta property=\"og:description\" content=\"C\u2019est donc le 6 f\u00e9vrier prochain, un samedi comme d\u2019habitude, que la 6e \u00e9dition des Magritte livrera son verdict. Devant la plupart des personnalit\u00e9s de notre cin\u00e9ma, r\u00e9unies au Mont des Arts, l\u2019intr\u00e9pide Charlie Dupont animera pour la deuxi\u00e8me fois cette c\u00e9r\u00e9monie qu\u2019il avait d\u00e9j\u00e0 dynamit\u00e9e l\u2019an dernier. Les cin\u00e9philes pourront suivre la manifestation sur &hellip;\" \/>\n<meta property=\"og:url\" content=\"https:\/\/welovecinema.be\/fr\/6e-edition-des-magritte-du-cinema-6-films-dominent-les-nominations\/\" \/>\n<meta property=\"og:site_name\" content=\"We Love Cinema\" \/>\n<meta property=\"article:publisher\" content=\"https:\/\/www.facebook.com\/welovecinema.be\" \/>\n<meta property=\"article:published_time\" content=\"2016-01-12T11:56:45+00:00\" \/>\n<meta property=\"article:modified_time\" content=\"2016-01-12T15:45:25+00:00\" \/>\n<meta property=\"og:image\" content=\"https:\/\/welovecinema.be\/wp-content\/uploads\/sites\/2\/2012\/01\/IMG_1283-800x533.jpg\" \/>\n\t<meta property=\"og:image:width\" content=\"800\" \/>\n\t<meta property=\"og:image:height\" content=\"533\" \/>\n\t<meta property=\"og:image:type\" content=\"image\/jpeg\" \/>\n<meta name=\"author\" content=\"Philippe.Pierquin\" \/>\n<meta name=\"twitter:card\" content=\"summary_large_image\" \/>\n<meta name=\"twitter:label1\" content=\"\u00c9crit par\" \/>\n\t<meta name=\"twitter:data1\" content=\"Philippe.Pierquin\" \/>\n\t<meta name=\"twitter:label2\" content=\"Dur\u00e9e de lecture estim\u00e9e\" \/>\n\t<meta name=\"twitter:data2\" content=\"6 minutes\" \/>\n<script type=\"application\/ld+json\" class=\"yoast-schema-graph\">{\"@context\":\"https:\/\/schema.org\",\"@graph\":[{\"@type\":\"Article\",\"@id\":\"https:\/\/welovecinema.be\/fr\/6e-edition-des-magritte-du-cinema-6-films-dominent-les-nominations\/#article\",\"isPartOf\":{\"@id\":\"https:\/\/welovecinema.be\/fr\/6e-edition-des-magritte-du-cinema-6-films-dominent-les-nominations\/\"},\"author\":{\"name\":\"Philippe.Pierquin\",\"@id\":\"https:\/\/welovecinema.be\/nl\/#\/schema\/person\/4b9b1d857f0943453a38a7c2859ef756\"},\"headline\":\"6e \u00e9dition des Magritte du cin\u00e9ma\u00a0: 6 films dominent les nominations.\",\"datePublished\":\"2016-01-12T11:56:45+00:00\",\"dateModified\":\"2016-01-12T15:45:25+00:00\",\"mainEntityOfPage\":{\"@id\":\"https:\/\/welovecinema.be\/fr\/6e-edition-des-magritte-du-cinema-6-films-dominent-les-nominations\/\"},\"wordCount\":1159,\"publisher\":{\"@id\":\"https:\/\/welovecinema.be\/nl\/#organization\"},\"articleSection\":[\"Evenements\",\"News\"],\"inLanguage\":\"fr-FR\"},{\"@type\":\"WebPage\",\"@id\":\"https:\/\/welovecinema.be\/fr\/6e-edition-des-magritte-du-cinema-6-films-dominent-les-nominations\/\",\"url\":\"https:\/\/welovecinema.be\/fr\/6e-edition-des-magritte-du-cinema-6-films-dominent-les-nominations\/\",\"name\":\"6e \u00e9dition des Magritte du cin\u00e9ma\u00a0: 6 films dominent les nominations. - We Love Cinema\",\"isPartOf\":{\"@id\":\"https:\/\/welovecinema.be\/nl\/#website\"},\"datePublished\":\"2016-01-12T11:56:45+00:00\",\"dateModified\":\"2016-01-12T15:45:25+00:00\",\"breadcrumb\":{\"@id\":\"https:\/\/welovecinema.be\/fr\/6e-edition-des-magritte-du-cinema-6-films-dominent-les-nominations\/#breadcrumb\"},\"inLanguage\":\"fr-FR\",\"potentialAction\":[{\"@type\":\"ReadAction\",\"target\":[\"https:\/\/welovecinema.be\/fr\/6e-edition-des-magritte-du-cinema-6-films-dominent-les-nominations\/\"]}]},{\"@type\":\"BreadcrumbList\",\"@id\":\"https:\/\/welovecinema.be\/fr\/6e-edition-des-magritte-du-cinema-6-films-dominent-les-nominations\/#breadcrumb\",\"itemListElement\":[{\"@type\":\"ListItem\",\"position\":1,\"name\":\"Accueil\",\"item\":\"https:\/\/welovecinema.be\/fr\/\"},{\"@type\":\"ListItem\",\"position\":2,\"name\":\"6e \u00e9dition des Magritte du cin\u00e9ma\u00a0: 6 films dominent les nominations.\"}]},{\"@type\":\"WebSite\",\"@id\":\"https:\/\/welovecinema.be\/nl\/#website\",\"url\":\"https:\/\/welovecinema.be\/nl\/\",\"name\":\"We Love Cinema\",\"description\":\"Toute l\u2019information du cin\u00e9ma en Belgique\",\"publisher\":{\"@id\":\"https:\/\/welovecinema.be\/nl\/#organization\"},\"potentialAction\":[{\"@type\":\"SearchAction\",\"target\":{\"@type\":\"EntryPoint\",\"urlTemplate\":\"https:\/\/welovecinema.be\/nl\/?s={search_term_string}\"},\"query-input\":\"required name=search_term_string\"}],\"inLanguage\":\"fr-FR\"},{\"@type\":\"Organization\",\"@id\":\"https:\/\/welovecinema.be\/nl\/#organization\",\"name\":\"We Love Cinema\",\"url\":\"https:\/\/welovecinema.be\/nl\/\",\"logo\":{\"@type\":\"ImageObject\",\"inLanguage\":\"fr-FR\",\"@id\":\"https:\/\/welovecinema.be\/nl\/#\/schema\/logo\/image\/\",\"url\":\"https:\/\/welovecinema.be\/wp-content\/uploads\/sites\/2\/2023\/03\/Logo-We-Love-Cinema305x128.jpg\",\"contentUrl\":\"https:\/\/welovecinema.be\/wp-content\/uploads\/sites\/2\/2023\/03\/Logo-We-Love-Cinema305x128.jpg\",\"width\":305,\"height\":128,\"caption\":\"We Love Cinema\"},\"image\":{\"@id\":\"https:\/\/welovecinema.be\/nl\/#\/schema\/logo\/image\/\"},\"sameAs\":[\"https:\/\/www.facebook.com\/welovecinema.be\",\"https:\/\/www.youtube.com\/channel\/UCX5LYGVhnKvYauW4Nta4HJA\",\"https:\/\/www.instagram.com\/welovecinema.be\/\"]},{\"@type\":\"Person\",\"@id\":\"https:\/\/welovecinema.be\/nl\/#\/schema\/person\/4b9b1d857f0943453a38a7c2859ef756\",\"name\":\"Philippe.Pierquin\",\"url\":\"https:\/\/welovecinema.be\/fr\/author\/philippe-pierquin\/\"}]}<\/script>\n<!-- \/ Yoast SEO plugin. -->","yoast_head_json":{"title":"6e \u00e9dition des Magritte du cin\u00e9ma\u00a0: 6 films dominent les nominations. - We Love Cinema","robots":{"index":"index","follow":"follow","max-snippet":"max-snippet:-1","max-image-preview":"max-image-preview:large","max-video-preview":"max-video-preview:-1"},"canonical":"https:\/\/welovecinema.be\/fr\/6e-edition-des-magritte-du-cinema-6-films-dominent-les-nominations\/","og_locale":"fr_FR","og_type":"article","og_title":"6e \u00e9dition des Magritte du cin\u00e9ma\u00a0: 6 films dominent les nominations. - We Love Cinema","og_description":"C\u2019est donc le 6 f\u00e9vrier prochain, un samedi comme d\u2019habitude, que la 6e \u00e9dition des Magritte livrera son verdict. Devant la plupart des personnalit\u00e9s de notre cin\u00e9ma, r\u00e9unies au Mont des Arts, l\u2019intr\u00e9pide Charlie Dupont animera pour la deuxi\u00e8me fois cette c\u00e9r\u00e9monie qu\u2019il avait d\u00e9j\u00e0 dynamit\u00e9e l\u2019an dernier. Les cin\u00e9philes pourront suivre la manifestation sur &hellip;","og_url":"https:\/\/welovecinema.be\/fr\/6e-edition-des-magritte-du-cinema-6-films-dominent-les-nominations\/","og_site_name":"We Love Cinema","article_publisher":"https:\/\/www.facebook.com\/welovecinema.be","article_published_time":"2016-01-12T11:56:45+00:00","article_modified_time":"2016-01-12T15:45:25+00:00","og_image":[{"width":800,"height":533,"url":"https:\/\/welovecinema.be\/wp-content\/uploads\/sites\/2\/2012\/01\/IMG_1283-800x533.jpg","type":"image\/jpeg"}],"author":"Philippe.Pierquin","twitter_card":"summary_large_image","twitter_misc":{"\u00c9crit par":"Philippe.Pierquin","Dur\u00e9e de lecture estim\u00e9e":"6 minutes"},"schema":{"@context":"https:\/\/schema.org","@graph":[{"@type":"Article","@id":"https:\/\/welovecinema.be\/fr\/6e-edition-des-magritte-du-cinema-6-films-dominent-les-nominations\/#article","isPartOf":{"@id":"https:\/\/welovecinema.be\/fr\/6e-edition-des-magritte-du-cinema-6-films-dominent-les-nominations\/"},"author":{"name":"Philippe.Pierquin","@id":"https:\/\/welovecinema.be\/nl\/#\/schema\/person\/4b9b1d857f0943453a38a7c2859ef756"},"headline":"6e \u00e9dition des Magritte du cin\u00e9ma\u00a0: 6 films dominent les nominations.","datePublished":"2016-01-12T11:56:45+00:00","dateModified":"2016-01-12T15:45:25+00:00","mainEntityOfPage":{"@id":"https:\/\/welovecinema.be\/fr\/6e-edition-des-magritte-du-cinema-6-films-dominent-les-nominations\/"},"wordCount":1159,"publisher":{"@id":"https:\/\/welovecinema.be\/nl\/#organization"},"articleSection":["Evenements","News"],"inLanguage":"fr-FR"},{"@type":"WebPage","@id":"https:\/\/welovecinema.be\/fr\/6e-edition-des-magritte-du-cinema-6-films-dominent-les-nominations\/","url":"https:\/\/welovecinema.be\/fr\/6e-edition-des-magritte-du-cinema-6-films-dominent-les-nominations\/","name":"6e \u00e9dition des Magritte du cin\u00e9ma\u00a0: 6 films dominent les nominations. - We Love Cinema","isPartOf":{"@id":"https:\/\/welovecinema.be\/nl\/#website"},"datePublished":"2016-01-12T11:56:45+00:00","dateModified":"2016-01-12T15:45:25+00:00","breadcrumb":{"@id":"https:\/\/welovecinema.be\/fr\/6e-edition-des-magritte-du-cinema-6-films-dominent-les-nominations\/#breadcrumb"},"inLanguage":"fr-FR","potentialAction":[{"@type":"ReadAction","target":["https:\/\/welovecinema.be\/fr\/6e-edition-des-magritte-du-cinema-6-films-dominent-les-nominations\/"]}]},{"@type":"BreadcrumbList","@id":"https:\/\/welovecinema.be\/fr\/6e-edition-des-magritte-du-cinema-6-films-dominent-les-nominations\/#breadcrumb","itemListElement":[{"@type":"ListItem","position":1,"name":"Accueil","item":"https:\/\/welovecinema.be\/fr\/"},{"@type":"ListItem","position":2,"name":"6e \u00e9dition des Magritte du cin\u00e9ma\u00a0: 6 films dominent les nominations."}]},{"@type":"WebSite","@id":"https:\/\/welovecinema.be\/nl\/#website","url":"https:\/\/welovecinema.be\/nl\/","name":"We Love Cinema","description":"Toute l\u2019information du cin\u00e9ma en Belgique","publisher":{"@id":"https:\/\/welovecinema.be\/nl\/#organization"},"potentialAction":[{"@type":"SearchAction","target":{"@type":"EntryPoint","urlTemplate":"https:\/\/welovecinema.be\/nl\/?s={search_term_string}"},"query-input":"required name=search_term_string"}],"inLanguage":"fr-FR"},{"@type":"Organization","@id":"https:\/\/welovecinema.be\/nl\/#organization","name":"We Love Cinema","url":"https:\/\/welovecinema.be\/nl\/","logo":{"@type":"ImageObject","inLanguage":"fr-FR","@id":"https:\/\/welovecinema.be\/nl\/#\/schema\/logo\/image\/","url":"https:\/\/welovecinema.be\/wp-content\/uploads\/sites\/2\/2023\/03\/Logo-We-Love-Cinema305x128.jpg","contentUrl":"https:\/\/welovecinema.be\/wp-content\/uploads\/sites\/2\/2023\/03\/Logo-We-Love-Cinema305x128.jpg","width":305,"height":128,"caption":"We Love Cinema"},"image":{"@id":"https:\/\/welovecinema.be\/nl\/#\/schema\/logo\/image\/"},"sameAs":["https:\/\/www.facebook.com\/welovecinema.be","https:\/\/www.youtube.com\/channel\/UCX5LYGVhnKvYauW4Nta4HJA","https:\/\/www.instagram.com\/welovecinema.be\/"]},{"@type":"Person","@id":"https:\/\/welovecinema.be\/nl\/#\/schema\/person\/4b9b1d857f0943453a38a7c2859ef756","name":"Philippe.Pierquin","url":"https:\/\/welovecinema.be\/fr\/author\/philippe-pierquin\/"}]}},"_links":{"self":[{"href":"https:\/\/welovecinema.be\/fr\/wp-json\/wp\/v2\/posts\/83096","targetHints":{"allow":["GET"]}}],"collection":[{"href":"https:\/\/welovecinema.be\/fr\/wp-json\/wp\/v2\/posts"}],"about":[{"href":"https:\/\/welovecinema.be\/fr\/wp-json\/wp\/v2\/types\/post"}],"author":[{"embeddable":true,"href":"https:\/\/welovecinema.be\/fr\/wp-json\/wp\/v2\/users\/7"}],"replies":[{"embeddable":true,"href":"https:\/\/welovecinema.be\/fr\/wp-json\/wp\/v2\/comments?post=83096"}],"version-history":[{"count":0,"href":"https:\/\/welovecinema.be\/fr\/wp-json\/wp\/v2\/posts\/83096\/revisions"}],"wp:featuredmedia":[{"embeddable":true,"href":"https:\/\/welovecinema.be\/fr\/wp-json\/wp\/v2\/media\/83104"}],"wp:attachment":[{"href":"https:\/\/welovecinema.be\/fr\/wp-json\/wp\/v2\/media?parent=83096"}],"wp:term":[{"taxonomy":"category","embeddable":true,"href":"https:\/\/welovecinema.be\/fr\/wp-json\/wp\/v2\/categories?post=83096"},{"taxonomy":"post_tag","embeddable":true,"href":"https:\/\/welovecinema.be\/fr\/wp-json\/wp\/v2\/tags?post=83096"}],"curies":[{"name":"wp","href":"https:\/\/api.w.org\/{rel}","templated":true}]}}