{"id":8304,"date":"2011-09-22T11:31:32","date_gmt":"2011-09-22T11:31:32","guid":{"rendered":"http:\/\/www.cinevox.be\/?p=8304"},"modified":"2011-09-22T11:37:39","modified_gmt":"2011-09-22T11:37:39","slug":"bnp-paribas-fortis-film-days-la-fee-ouvre-les-cinevox-happenings","status":"publish","type":"post","link":"https:\/\/welovecinema.be\/fr\/bnp-paribas-fortis-film-days-la-fee-ouvre-les-cinevox-happenings\/","title":{"rendered":"BNP Paribas Fortis Film Days <br> La F\u00e9e ouvre les Cinevox Happenings"},"content":{"rendered":"<p>Les BNP Paribas Fortis Film Days ont donc d\u00e9marr\u00e9 hier \u00e0 travers tout le pays. \u00c0 Bruxelles, les yeux et les oreilles des fans de cin\u00e9ma belge \u00e9taient concentr\u00e9s sur l&rsquo;\u00e9cran du Grand Eldorado de l&rsquo;UGC de Brouck\u00e8re pour une avant-premi\u00e8re fort classieuse de <em>La F\u00e9e<\/em>, le troisi\u00e8me long m\u00e9trage <strong>d&rsquo;Abel, Gordon <\/strong>et <strong>Romy.<\/strong> Si le Fran\u00e7ais <strong>Bruno Romy<\/strong> \u00e9tait rest\u00e9 en Normandie, Fiona et Dominique \u00e9taient eux au rendez-vous pour rencontrer leur public.<!--more--><\/p>\n<p>&nbsp;<\/p>\n<p><a rel=\"attachment wp-att-8307\" href=\"http:\/\/www.cinevox.be\/bnp-paribas-fortis-film-days-la-fee-ouvre-les-cinevox-happenings\/_mg08892\/\"><img loading=\"lazy\" decoding=\"async\" class=\"aligncenter size-full wp-image-8307\" title=\"_MG08892\" src=\"http:\/\/www.cinevox.be\/wp-content\/uploads\/sites\/2\/2011\/09\/MG08892.jpg\" alt=\"\" width=\"1000\" height=\"665\" srcset=\"https:\/\/welovecinema.be\/wp-content\/uploads\/sites\/2\/2011\/09\/MG08892.jpg 1000w, https:\/\/welovecinema.be\/wp-content\/uploads\/sites\/2\/2011\/09\/MG08892-406x270.jpg 406w, https:\/\/welovecinema.be\/wp-content\/uploads\/sites\/2\/2011\/09\/MG08892-800x532.jpg 800w\" sizes=\"auto, (max-width: 1000px) 100vw, 1000px\" \/><\/a><\/p>\n<p>&nbsp;<\/p>\n<p><a rel=\"attachment wp-att-8309\" href=\"http:\/\/www.cinevox.be\/bnp-paribas-fortis-film-days-la-fee-ouvre-les-cinevox-happenings\/_mg08902\/\"><img loading=\"lazy\" decoding=\"async\" class=\"aligncenter size-full wp-image-8309\" title=\"_MG08902\" src=\"http:\/\/www.cinevox.be\/wp-content\/uploads\/sites\/2\/2011\/09\/MG08902.jpg\" alt=\"\" width=\"1000\" height=\"665\" srcset=\"https:\/\/welovecinema.be\/wp-content\/uploads\/sites\/2\/2011\/09\/MG08902.jpg 1000w, https:\/\/welovecinema.be\/wp-content\/uploads\/sites\/2\/2011\/09\/MG08902-406x270.jpg 406w, https:\/\/welovecinema.be\/wp-content\/uploads\/sites\/2\/2011\/09\/MG08902-800x532.jpg 800w\" sizes=\"auto, (max-width: 1000px) 100vw, 1000px\" \/><\/a><\/p>\n<p>&nbsp;<\/p>\n<p><a rel=\"attachment wp-att-8310\" href=\"http:\/\/www.cinevox.be\/bnp-paribas-fortis-film-days-la-fee-ouvre-les-cinevox-happenings\/_mg08905\/\"><img loading=\"lazy\" decoding=\"async\" class=\"aligncenter size-full wp-image-8310\" title=\"_MG08905\" src=\"http:\/\/www.cinevox.be\/wp-content\/uploads\/sites\/2\/2011\/09\/MG08905.jpg\" alt=\"\" width=\"1000\" height=\"665\" srcset=\"https:\/\/welovecinema.be\/wp-content\/uploads\/sites\/2\/2011\/09\/MG08905.jpg 1000w, https:\/\/welovecinema.be\/wp-content\/uploads\/sites\/2\/2011\/09\/MG08905-406x270.jpg 406w, https:\/\/welovecinema.be\/wp-content\/uploads\/sites\/2\/2011\/09\/MG08905-800x532.jpg 800w\" sizes=\"auto, (max-width: 1000px) 100vw, 1000px\" \/><\/a><\/p>\n<p>&nbsp;<\/p>\n<p><a rel=\"attachment wp-att-8311\" href=\"http:\/\/www.cinevox.be\/bnp-paribas-fortis-film-days-la-fee-ouvre-les-cinevox-happenings\/_mg08920\/\"><img loading=\"lazy\" decoding=\"async\" class=\"aligncenter size-full wp-image-8311\" title=\"_MG08920\" src=\"http:\/\/www.cinevox.be\/wp-content\/uploads\/sites\/2\/2011\/09\/MG08920.jpg\" alt=\"\" width=\"1000\" height=\"665\" srcset=\"https:\/\/welovecinema.be\/wp-content\/uploads\/sites\/2\/2011\/09\/MG08920.jpg 1000w, https:\/\/welovecinema.be\/wp-content\/uploads\/sites\/2\/2011\/09\/MG08920-406x270.jpg 406w, https:\/\/welovecinema.be\/wp-content\/uploads\/sites\/2\/2011\/09\/MG08920-800x532.jpg 800w\" sizes=\"auto, (max-width: 1000px) 100vw, 1000px\" \/><\/a><\/p>\n<p>&nbsp;<\/p>\n<p>Une soir\u00e9e au Grand Eldorado? La classe !<\/p>\n<p>&nbsp;<\/p>\n<p><a rel=\"attachment wp-att-8312\" href=\"http:\/\/www.cinevox.be\/bnp-paribas-fortis-film-days-la-fee-ouvre-les-cinevox-happenings\/_mg08898\/\"><img loading=\"lazy\" decoding=\"async\" class=\"aligncenter size-full wp-image-8312\" title=\"_MG08898\" src=\"http:\/\/www.cinevox.be\/wp-content\/uploads\/sites\/2\/2011\/09\/MG08898.jpg\" alt=\"\" width=\"1000\" height=\"665\" srcset=\"https:\/\/welovecinema.be\/wp-content\/uploads\/sites\/2\/2011\/09\/MG08898.jpg 1000w, https:\/\/welovecinema.be\/wp-content\/uploads\/sites\/2\/2011\/09\/MG08898-406x270.jpg 406w, https:\/\/welovecinema.be\/wp-content\/uploads\/sites\/2\/2011\/09\/MG08898-800x532.jpg 800w\" sizes=\"auto, (max-width: 1000px) 100vw, 1000px\" \/><\/a><\/p>\n<p>&nbsp;<\/p>\n<p>Au bar de l&rsquo;UGC de Brouck\u00e8re, Cineart qui distribuera <em>La F\u00e9e<\/em> en Belgique d\u00e8s la semaine prochaine a rassembl\u00e9 quelques invit\u00e9s. On respira un grand coup et on rit un peu avant de plonger dans l&rsquo;ar\u00e8ne.<\/p>\n<p>&nbsp;<\/p>\n<p><a rel=\"attachment wp-att-8317\" href=\"http:\/\/www.cinevox.be\/bnp-paribas-fortis-film-days-la-fee-ouvre-les-cinevox-happenings\/_mg08933\/\"><img loading=\"lazy\" decoding=\"async\" class=\"aligncenter size-full wp-image-8317\" title=\"_MG08933\" src=\"http:\/\/www.cinevox.be\/wp-content\/uploads\/sites\/2\/2011\/09\/MG08933.jpg\" alt=\"\" width=\"1000\" height=\"665\" srcset=\"https:\/\/welovecinema.be\/wp-content\/uploads\/sites\/2\/2011\/09\/MG08933.jpg 1000w, https:\/\/welovecinema.be\/wp-content\/uploads\/sites\/2\/2011\/09\/MG08933-406x270.jpg 406w, https:\/\/welovecinema.be\/wp-content\/uploads\/sites\/2\/2011\/09\/MG08933-800x532.jpg 800w\" sizes=\"auto, (max-width: 1000px) 100vw, 1000px\" \/><\/a><\/p>\n<p>&nbsp;<\/p>\n<p><a rel=\"attachment wp-att-8318\" href=\"http:\/\/www.cinevox.be\/bnp-paribas-fortis-film-days-la-fee-ouvre-les-cinevox-happenings\/_mg08931\/\"><img loading=\"lazy\" decoding=\"async\" class=\"aligncenter size-full wp-image-8318\" title=\"_MG08931\" src=\"http:\/\/www.cinevox.be\/wp-content\/uploads\/sites\/2\/2011\/09\/MG08931.jpg\" alt=\"\" width=\"1000\" height=\"665\" srcset=\"https:\/\/welovecinema.be\/wp-content\/uploads\/sites\/2\/2011\/09\/MG08931.jpg 1000w, https:\/\/welovecinema.be\/wp-content\/uploads\/sites\/2\/2011\/09\/MG08931-406x270.jpg 406w, https:\/\/welovecinema.be\/wp-content\/uploads\/sites\/2\/2011\/09\/MG08931-800x532.jpg 800w\" sizes=\"auto, (max-width: 1000px) 100vw, 1000px\" \/><\/a><\/p>\n<p>&nbsp;<\/p>\n<p>Fadila Laanan, Ministre de la Culture de la F\u00e9d\u00e9ration Wallonie-Bruxelles \u00e9tait venue \u00e0 titre priv\u00e9 d\u00e9fendre un long m\u00e9trage qu&rsquo;elle adore et soutient avec enthousiasme depuis ses pr\u00e9mices. L&rsquo;occasion d&rsquo;une photo de famille !<\/p>\n<p>&nbsp;<\/p>\n<p><a rel=\"attachment wp-att-8308\" href=\"http:\/\/www.cinevox.be\/bnp-paribas-fortis-film-days-la-fee-ouvre-les-cinevox-happenings\/_mg08927\/\"><img loading=\"lazy\" decoding=\"async\" class=\"aligncenter size-full wp-image-8308\" title=\"_MG08927\" src=\"http:\/\/www.cinevox.be\/wp-content\/uploads\/sites\/2\/2011\/09\/MG08927.jpg\" alt=\"\" width=\"1000\" height=\"665\" srcset=\"https:\/\/welovecinema.be\/wp-content\/uploads\/sites\/2\/2011\/09\/MG08927.jpg 1000w, https:\/\/welovecinema.be\/wp-content\/uploads\/sites\/2\/2011\/09\/MG08927-406x270.jpg 406w, https:\/\/welovecinema.be\/wp-content\/uploads\/sites\/2\/2011\/09\/MG08927-800x532.jpg 800w\" sizes=\"auto, (max-width: 1000px) 100vw, 1000px\" \/><\/a><\/p>\n<p>&nbsp;<\/p>\n<p>Cette premi\u00e8re avant-premi\u00e8re francophone des <strong>Cinevox Happenings<\/strong> est l&rsquo;occasion d&rsquo;expliquer aux nombreux spectateurs pr\u00e9sents dans la salle ce qu&rsquo;est <strong>Cinevox<\/strong>. Un d\u00e9fi lanc\u00e9 sur le Net et sur les \u00e9crans num\u00e9riques le 11 mai dernier, jour de l&rsquo;ouverture de Cannes,<a href=\"http:\/\/www.cinevox.be\/abel-et-gordon-un-amour-feerique\/\" target=\"_blank\"> en m\u00eame temps que <em>La F\u00e9e<\/em> se r\u00e9v\u00e9lait au monde<\/a> donc. Belle convergence. En cinq mois, les deux projets, ont parcouru un long chemin et, se sont crois\u00e9s \u00e0 plusieurs reprises (comme <a href=\"http:\/\/www.cinevox.be\/videos\/grand-ecran2\/\" target=\"_blank\">ICI<\/a> avec notre deuxi\u00e8me Grand \u00c9cran).<\/p>\n<p>&nbsp;<\/p>\n<p><a rel=\"attachment wp-att-8313\" href=\"http:\/\/www.cinevox.be\/bnp-paribas-fortis-film-days-la-fee-ouvre-les-cinevox-happenings\/_mg08956\/\"><img loading=\"lazy\" decoding=\"async\" class=\"aligncenter size-full wp-image-8313\" title=\"_MG08956\" src=\"http:\/\/www.cinevox.be\/wp-content\/uploads\/sites\/2\/2011\/09\/MG08956.jpg\" alt=\"\" width=\"1000\" height=\"665\" srcset=\"https:\/\/welovecinema.be\/wp-content\/uploads\/sites\/2\/2011\/09\/MG08956.jpg 1000w, https:\/\/welovecinema.be\/wp-content\/uploads\/sites\/2\/2011\/09\/MG08956-406x270.jpg 406w, https:\/\/welovecinema.be\/wp-content\/uploads\/sites\/2\/2011\/09\/MG08956-800x532.jpg 800w\" sizes=\"auto, (max-width: 1000px) 100vw, 1000px\" \/><\/a><\/p>\n<p>&nbsp;<\/p>\n<p>Avant le film, le r\u00e9alisateur Andr\u00e9 Buytaers, ancien pr\u00e9sident de la SACD a remis \u00e0 Fiona et Dominique le prix 2011 de l&rsquo;institution, d\u00e9cern\u00e9 par les auteurs belges.<\/p>\n<p>&nbsp;<\/p>\n<p><a rel=\"attachment wp-att-8337\" href=\"http:\/\/www.cinevox.be\/bnp-paribas-fortis-film-days-la-fee-ouvre-les-cinevox-happenings\/_mg08970\/\"><img loading=\"lazy\" decoding=\"async\" class=\"aligncenter size-full wp-image-8337\" title=\"_MG08970\" src=\"http:\/\/www.cinevox.be\/wp-content\/uploads\/sites\/2\/2011\/09\/MG08970.jpg\" alt=\"\" width=\"1000\" height=\"665\" srcset=\"https:\/\/welovecinema.be\/wp-content\/uploads\/sites\/2\/2011\/09\/MG08970.jpg 1000w, https:\/\/welovecinema.be\/wp-content\/uploads\/sites\/2\/2011\/09\/MG08970-406x270.jpg 406w, https:\/\/welovecinema.be\/wp-content\/uploads\/sites\/2\/2011\/09\/MG08970-800x532.jpg 800w\" sizes=\"auto, (max-width: 1000px) 100vw, 1000px\" \/><\/a><\/p>\n<p>&nbsp;<\/p>\n<p>Fiona et Dominique n&rsquo;aiment pas particuli\u00e8rement les honneurs, mais ils ont maintenant l&rsquo;habitude de pr\u00e9senter leur film au public. Ils rentrent tout juste d&rsquo;une incroyable tourn\u00e9e fran\u00e7aise (le film est d\u00e9j\u00e0 sorti l\u00e0 sous\u00a0<a href=\"http:\/\/www.cinevox.be\/la-fee-sort-en-france-un-accueil-magique\/\">les hourrahs de la critique<\/a>), assortie d&rsquo;une date unique en Suisse et d&rsquo;une escale au festival de Melbourne o\u00f9 La F\u00e9e \u00e9tait propos\u00e9e aux cin\u00e9philes australiens. L&rsquo;occasion pour Fiona de retrouver le pays o\u00f9 elle est n\u00e9e et o\u00f9 elle n&rsquo;\u00e9tait pas retourn\u00e9e depuis ses onze ans.<\/p>\n<p>&nbsp;<\/p>\n<p><a rel=\"attachment wp-att-8316\" href=\"http:\/\/www.cinevox.be\/bnp-paribas-fortis-film-days-la-fee-ouvre-les-cinevox-happenings\/_mg08986\/\"><img loading=\"lazy\" decoding=\"async\" class=\"aligncenter size-full wp-image-8316\" title=\"_MG08986\" src=\"http:\/\/www.cinevox.be\/wp-content\/uploads\/sites\/2\/2011\/09\/MG08986.jpg\" alt=\"\" width=\"1000\" height=\"665\" srcset=\"https:\/\/welovecinema.be\/wp-content\/uploads\/sites\/2\/2011\/09\/MG08986.jpg 1000w, https:\/\/welovecinema.be\/wp-content\/uploads\/sites\/2\/2011\/09\/MG08986-406x270.jpg 406w, https:\/\/welovecinema.be\/wp-content\/uploads\/sites\/2\/2011\/09\/MG08986-800x532.jpg 800w\" sizes=\"auto, (max-width: 1000px) 100vw, 1000px\" \/><\/a><\/p>\n<p>&nbsp;<\/p>\n<p><a rel=\"attachment wp-att-8315\" href=\"http:\/\/www.cinevox.be\/bnp-paribas-fortis-film-days-la-fee-ouvre-les-cinevox-happenings\/_mg08989\/\"><img loading=\"lazy\" decoding=\"async\" class=\"aligncenter size-full wp-image-8315\" title=\"_MG08989\" src=\"http:\/\/www.cinevox.be\/wp-content\/uploads\/sites\/2\/2011\/09\/MG08989.jpg\" alt=\"\" width=\"1000\" height=\"665\" srcset=\"https:\/\/welovecinema.be\/wp-content\/uploads\/sites\/2\/2011\/09\/MG08989.jpg 1000w, https:\/\/welovecinema.be\/wp-content\/uploads\/sites\/2\/2011\/09\/MG08989-406x270.jpg 406w, https:\/\/welovecinema.be\/wp-content\/uploads\/sites\/2\/2011\/09\/MG08989-800x532.jpg 800w\" sizes=\"auto, (max-width: 1000px) 100vw, 1000px\" \/><\/a><\/p>\n<p>&nbsp;<\/p>\n<p>\u00c0 l&rsquo;issue de la projection, Cineart avait organis\u00e9 une tr\u00e8s chic fin de soir\u00e9e au Th\u00e9\u00e2tre National. L&rsquo;occasion de discuter avec Fiona et Dominique toujours tr\u00e8s disponibles et qui nous ont r\u00e9gal\u00e9s d&rsquo;anecdotes croustillantes sur le tournage. L&rsquo;opportunit\u00e9 aussi pour des techniciens qui ont particip\u00e9 au film de se revoir\u2026 ou de se rencontrer : certains ont particip\u00e9 \u00e0 des phases tr\u00e8s diff\u00e9rentes.\u00a0 Pas la peine d&rsquo;ajouter que la bonne humeur \u00e9tait au rendez-vous.<\/p>\n<p>&nbsp;<\/p>\n<p><a rel=\"attachment wp-att-8319\" href=\"http:\/\/www.cinevox.be\/bnp-paribas-fortis-film-days-la-fee-ouvre-les-cinevox-happenings\/_mg09004\/\"><img loading=\"lazy\" decoding=\"async\" class=\"aligncenter size-full wp-image-8319\" title=\"_MG09004\" src=\"http:\/\/www.cinevox.be\/wp-content\/uploads\/sites\/2\/2011\/09\/MG09004.jpg\" alt=\"\" width=\"1000\" height=\"665\" srcset=\"https:\/\/welovecinema.be\/wp-content\/uploads\/sites\/2\/2011\/09\/MG09004.jpg 1000w, https:\/\/welovecinema.be\/wp-content\/uploads\/sites\/2\/2011\/09\/MG09004-406x270.jpg 406w, https:\/\/welovecinema.be\/wp-content\/uploads\/sites\/2\/2011\/09\/MG09004-800x532.jpg 800w\" sizes=\"auto, (max-width: 1000px) 100vw, 1000px\" \/><\/a><\/p>\n<p>&nbsp;<\/p>\n<p><a rel=\"attachment wp-att-8321\" href=\"http:\/\/www.cinevox.be\/bnp-paribas-fortis-film-days-la-fee-ouvre-les-cinevox-happenings\/_mg09019\/\"><img loading=\"lazy\" decoding=\"async\" class=\"aligncenter size-full wp-image-8321\" title=\"_MG09019\" src=\"http:\/\/www.cinevox.be\/wp-content\/uploads\/sites\/2\/2011\/09\/MG09019.jpg\" alt=\"\" width=\"1000\" height=\"665\" srcset=\"https:\/\/welovecinema.be\/wp-content\/uploads\/sites\/2\/2011\/09\/MG09019.jpg 1000w, https:\/\/welovecinema.be\/wp-content\/uploads\/sites\/2\/2011\/09\/MG09019-406x270.jpg 406w, https:\/\/welovecinema.be\/wp-content\/uploads\/sites\/2\/2011\/09\/MG09019-800x532.jpg 800w\" sizes=\"auto, (max-width: 1000px) 100vw, 1000px\" \/><\/a><\/p>\n<p>&nbsp;<\/p>\n<p><a rel=\"attachment wp-att-8322\" href=\"http:\/\/www.cinevox.be\/bnp-paribas-fortis-film-days-la-fee-ouvre-les-cinevox-happenings\/_mg09013\/\"><img loading=\"lazy\" decoding=\"async\" class=\"aligncenter size-full wp-image-8322\" title=\"_MG09013\" src=\"http:\/\/www.cinevox.be\/wp-content\/uploads\/sites\/2\/2011\/09\/MG09013.jpg\" alt=\"\" width=\"1000\" height=\"665\" srcset=\"https:\/\/welovecinema.be\/wp-content\/uploads\/sites\/2\/2011\/09\/MG09013.jpg 1000w, https:\/\/welovecinema.be\/wp-content\/uploads\/sites\/2\/2011\/09\/MG09013-406x270.jpg 406w, https:\/\/welovecinema.be\/wp-content\/uploads\/sites\/2\/2011\/09\/MG09013-800x532.jpg 800w\" sizes=\"auto, (max-width: 1000px) 100vw, 1000px\" \/><\/a><\/p>\n<p>&nbsp;<\/p>\n<p><a rel=\"attachment wp-att-8323\" href=\"http:\/\/www.cinevox.be\/bnp-paribas-fortis-film-days-la-fee-ouvre-les-cinevox-happenings\/_mg08994\/\"><img loading=\"lazy\" decoding=\"async\" class=\"aligncenter size-full wp-image-8323\" title=\"_MG08994\" src=\"http:\/\/www.cinevox.be\/wp-content\/uploads\/sites\/2\/2011\/09\/MG08994.jpg\" alt=\"\" width=\"1000\" height=\"665\" srcset=\"https:\/\/welovecinema.be\/wp-content\/uploads\/sites\/2\/2011\/09\/MG08994.jpg 1000w, https:\/\/welovecinema.be\/wp-content\/uploads\/sites\/2\/2011\/09\/MG08994-406x270.jpg 406w, https:\/\/welovecinema.be\/wp-content\/uploads\/sites\/2\/2011\/09\/MG08994-800x532.jpg 800w\" sizes=\"auto, (max-width: 1000px) 100vw, 1000px\" \/><\/a><\/p>\n<p>&nbsp;<\/p>\n<p>Pour tout savoir de La F\u00e9e, ne manquez pas <a href=\"http:\/\/www.cinevox.be\/abel-et-gordon-linterview-video%E2%80%A6\/\">notre interview mixte<\/a> avec les r\u00e9ponses du duo en vid\u00e9o.<\/p>\n<p>&nbsp;<\/p>\n<p>&nbsp;<\/p>\n","protected":false},"excerpt":{"rendered":"<p>Les BNP Paribas Fortis Film Days ont donc d\u00e9marr\u00e9 hier \u00e0 travers tout le pays. \u00c0 Bruxelles, les yeux et les oreilles des fans de cin\u00e9ma belge \u00e9taient concentr\u00e9s sur l&rsquo;\u00e9cran du Grand Eldorado de l&rsquo;UGC de Brouck\u00e8re pour une avant-premi\u00e8re fort classieuse de La F\u00e9e, le troisi\u00e8me long m\u00e9trage d&rsquo;Abel, Gordon et Romy. Si &hellip;<\/p>\n","protected":false},"author":7,"featured_media":8325,"comment_status":"closed","ping_status":"closed","sticky":false,"template":"","format":"standard","meta":{"ngg_post_thumbnail":0,"footnotes":""},"categories":[1923,7],"tags":[],"class_list":["post-8304","post","type-post","status-publish","format-standard","has-post-thumbnail","","category-en-bref","category-actualites"],"yoast_head":"<!-- This site is optimized with the Yoast SEO plugin v20.4 - https:\/\/yoast.com\/wordpress\/plugins\/seo\/ -->\n<title>BNP Paribas Fortis Film Days  La F\u00e9e ouvre les Cinevox Happenings - We Love Cinema<\/title>\n<meta name=\"robots\" content=\"index, follow, max-snippet:-1, max-image-preview:large, max-video-preview:-1\" \/>\n<link rel=\"canonical\" href=\"https:\/\/welovecinema.be\/fr\/bnp-paribas-fortis-film-days-la-fee-ouvre-les-cinevox-happenings\/\" \/>\n<meta property=\"og:locale\" content=\"fr_FR\" \/>\n<meta property=\"og:type\" content=\"article\" \/>\n<meta property=\"og:title\" content=\"BNP Paribas Fortis Film Days  La F\u00e9e ouvre les Cinevox Happenings - We Love Cinema\" \/>\n<meta property=\"og:description\" content=\"Les BNP Paribas Fortis Film Days ont donc d\u00e9marr\u00e9 hier \u00e0 travers tout le pays. \u00c0 Bruxelles, les yeux et les oreilles des fans de cin\u00e9ma belge \u00e9taient concentr\u00e9s sur l&rsquo;\u00e9cran du Grand Eldorado de l&rsquo;UGC de Brouck\u00e8re pour une avant-premi\u00e8re fort classieuse de La F\u00e9e, le troisi\u00e8me long m\u00e9trage d&rsquo;Abel, Gordon et Romy. Si &hellip;\" \/>\n<meta property=\"og:url\" content=\"https:\/\/welovecinema.be\/fr\/bnp-paribas-fortis-film-days-la-fee-ouvre-les-cinevox-happenings\/\" \/>\n<meta property=\"og:site_name\" content=\"We Love Cinema\" \/>\n<meta property=\"article:publisher\" content=\"https:\/\/www.facebook.com\/welovecinema.be\" \/>\n<meta property=\"article:published_time\" content=\"2011-09-22T11:31:32+00:00\" \/>\n<meta property=\"article:modified_time\" content=\"2011-09-22T11:37:39+00:00\" \/>\n<meta property=\"og:image\" content=\"https:\/\/welovecinema.be\/wp-content\/uploads\/sites\/2\/2011\/09\/MG08966.jpg\" \/>\n\t<meta property=\"og:image:width\" content=\"1000\" \/>\n\t<meta property=\"og:image:height\" content=\"665\" \/>\n\t<meta property=\"og:image:type\" content=\"image\/jpeg\" \/>\n<meta name=\"author\" content=\"Philippe.Pierquin\" \/>\n<meta name=\"twitter:card\" content=\"summary_large_image\" \/>\n<meta name=\"twitter:label1\" content=\"\u00c9crit par\" \/>\n\t<meta name=\"twitter:data1\" content=\"Philippe.Pierquin\" \/>\n\t<meta name=\"twitter:label2\" content=\"Dur\u00e9e de lecture estim\u00e9e\" \/>\n\t<meta name=\"twitter:data2\" content=\"3 minutes\" \/>\n<script type=\"application\/ld+json\" class=\"yoast-schema-graph\">{\"@context\":\"https:\/\/schema.org\",\"@graph\":[{\"@type\":\"Article\",\"@id\":\"https:\/\/welovecinema.be\/fr\/bnp-paribas-fortis-film-days-la-fee-ouvre-les-cinevox-happenings\/#article\",\"isPartOf\":{\"@id\":\"https:\/\/welovecinema.be\/fr\/bnp-paribas-fortis-film-days-la-fee-ouvre-les-cinevox-happenings\/\"},\"author\":{\"name\":\"Philippe.Pierquin\",\"@id\":\"https:\/\/welovecinema.be\/nl\/#\/schema\/person\/4b9b1d857f0943453a38a7c2859ef756\"},\"headline\":\"BNP Paribas Fortis Film Days La F\u00e9e ouvre les Cinevox Happenings\",\"datePublished\":\"2011-09-22T11:31:32+00:00\",\"dateModified\":\"2011-09-22T11:37:39+00:00\",\"mainEntityOfPage\":{\"@id\":\"https:\/\/welovecinema.be\/fr\/bnp-paribas-fortis-film-days-la-fee-ouvre-les-cinevox-happenings\/\"},\"wordCount\":538,\"publisher\":{\"@id\":\"https:\/\/welovecinema.be\/nl\/#organization\"},\"articleSection\":[\"En bref\",\"News\"],\"inLanguage\":\"fr-FR\"},{\"@type\":\"WebPage\",\"@id\":\"https:\/\/welovecinema.be\/fr\/bnp-paribas-fortis-film-days-la-fee-ouvre-les-cinevox-happenings\/\",\"url\":\"https:\/\/welovecinema.be\/fr\/bnp-paribas-fortis-film-days-la-fee-ouvre-les-cinevox-happenings\/\",\"name\":\"BNP Paribas Fortis Film Days La F\u00e9e ouvre les Cinevox Happenings - We Love Cinema\",\"isPartOf\":{\"@id\":\"https:\/\/welovecinema.be\/nl\/#website\"},\"datePublished\":\"2011-09-22T11:31:32+00:00\",\"dateModified\":\"2011-09-22T11:37:39+00:00\",\"breadcrumb\":{\"@id\":\"https:\/\/welovecinema.be\/fr\/bnp-paribas-fortis-film-days-la-fee-ouvre-les-cinevox-happenings\/#breadcrumb\"},\"inLanguage\":\"fr-FR\",\"potentialAction\":[{\"@type\":\"ReadAction\",\"target\":[\"https:\/\/welovecinema.be\/fr\/bnp-paribas-fortis-film-days-la-fee-ouvre-les-cinevox-happenings\/\"]}]},{\"@type\":\"BreadcrumbList\",\"@id\":\"https:\/\/welovecinema.be\/fr\/bnp-paribas-fortis-film-days-la-fee-ouvre-les-cinevox-happenings\/#breadcrumb\",\"itemListElement\":[{\"@type\":\"ListItem\",\"position\":1,\"name\":\"Accueil\",\"item\":\"https:\/\/welovecinema.be\/fr\/\"},{\"@type\":\"ListItem\",\"position\":2,\"name\":\"BNP Paribas Fortis Film Days La F\u00e9e ouvre les Cinevox Happenings\"}]},{\"@type\":\"WebSite\",\"@id\":\"https:\/\/welovecinema.be\/nl\/#website\",\"url\":\"https:\/\/welovecinema.be\/nl\/\",\"name\":\"We Love Cinema\",\"description\":\"Toute l\u2019information du cin\u00e9ma en Belgique\",\"publisher\":{\"@id\":\"https:\/\/welovecinema.be\/nl\/#organization\"},\"potentialAction\":[{\"@type\":\"SearchAction\",\"target\":{\"@type\":\"EntryPoint\",\"urlTemplate\":\"https:\/\/welovecinema.be\/nl\/?s={search_term_string}\"},\"query-input\":\"required name=search_term_string\"}],\"inLanguage\":\"fr-FR\"},{\"@type\":\"Organization\",\"@id\":\"https:\/\/welovecinema.be\/nl\/#organization\",\"name\":\"We Love Cinema\",\"url\":\"https:\/\/welovecinema.be\/nl\/\",\"logo\":{\"@type\":\"ImageObject\",\"inLanguage\":\"fr-FR\",\"@id\":\"https:\/\/welovecinema.be\/nl\/#\/schema\/logo\/image\/\",\"url\":\"https:\/\/welovecinema.be\/wp-content\/uploads\/sites\/2\/2023\/03\/Logo-We-Love-Cinema305x128.jpg\",\"contentUrl\":\"https:\/\/welovecinema.be\/wp-content\/uploads\/sites\/2\/2023\/03\/Logo-We-Love-Cinema305x128.jpg\",\"width\":305,\"height\":128,\"caption\":\"We Love Cinema\"},\"image\":{\"@id\":\"https:\/\/welovecinema.be\/nl\/#\/schema\/logo\/image\/\"},\"sameAs\":[\"https:\/\/www.facebook.com\/welovecinema.be\",\"https:\/\/www.youtube.com\/channel\/UCX5LYGVhnKvYauW4Nta4HJA\",\"https:\/\/www.instagram.com\/welovecinema.be\/\"]},{\"@type\":\"Person\",\"@id\":\"https:\/\/welovecinema.be\/nl\/#\/schema\/person\/4b9b1d857f0943453a38a7c2859ef756\",\"name\":\"Philippe.Pierquin\",\"url\":\"https:\/\/welovecinema.be\/fr\/author\/philippe-pierquin\/\"}]}<\/script>\n<!-- \/ Yoast SEO plugin. -->","yoast_head_json":{"title":"BNP Paribas Fortis Film Days  La F\u00e9e ouvre les Cinevox Happenings - We Love Cinema","robots":{"index":"index","follow":"follow","max-snippet":"max-snippet:-1","max-image-preview":"max-image-preview:large","max-video-preview":"max-video-preview:-1"},"canonical":"https:\/\/welovecinema.be\/fr\/bnp-paribas-fortis-film-days-la-fee-ouvre-les-cinevox-happenings\/","og_locale":"fr_FR","og_type":"article","og_title":"BNP Paribas Fortis Film Days  La F\u00e9e ouvre les Cinevox Happenings - We Love Cinema","og_description":"Les BNP Paribas Fortis Film Days ont donc d\u00e9marr\u00e9 hier \u00e0 travers tout le pays. \u00c0 Bruxelles, les yeux et les oreilles des fans de cin\u00e9ma belge \u00e9taient concentr\u00e9s sur l&rsquo;\u00e9cran du Grand Eldorado de l&rsquo;UGC de Brouck\u00e8re pour une avant-premi\u00e8re fort classieuse de La F\u00e9e, le troisi\u00e8me long m\u00e9trage d&rsquo;Abel, Gordon et Romy. Si &hellip;","og_url":"https:\/\/welovecinema.be\/fr\/bnp-paribas-fortis-film-days-la-fee-ouvre-les-cinevox-happenings\/","og_site_name":"We Love Cinema","article_publisher":"https:\/\/www.facebook.com\/welovecinema.be","article_published_time":"2011-09-22T11:31:32+00:00","article_modified_time":"2011-09-22T11:37:39+00:00","og_image":[{"width":"1000","height":"665","url":"https:\/\/welovecinema.be\/wp-content\/uploads\/sites\/2\/2011\/09\/MG08966.jpg","type":"image\/jpeg"}],"author":"Philippe.Pierquin","twitter_card":"summary_large_image","twitter_misc":{"\u00c9crit par":"Philippe.Pierquin","Dur\u00e9e de lecture estim\u00e9e":"3 minutes"},"schema":{"@context":"https:\/\/schema.org","@graph":[{"@type":"Article","@id":"https:\/\/welovecinema.be\/fr\/bnp-paribas-fortis-film-days-la-fee-ouvre-les-cinevox-happenings\/#article","isPartOf":{"@id":"https:\/\/welovecinema.be\/fr\/bnp-paribas-fortis-film-days-la-fee-ouvre-les-cinevox-happenings\/"},"author":{"name":"Philippe.Pierquin","@id":"https:\/\/welovecinema.be\/nl\/#\/schema\/person\/4b9b1d857f0943453a38a7c2859ef756"},"headline":"BNP Paribas Fortis Film Days La F\u00e9e ouvre les Cinevox Happenings","datePublished":"2011-09-22T11:31:32+00:00","dateModified":"2011-09-22T11:37:39+00:00","mainEntityOfPage":{"@id":"https:\/\/welovecinema.be\/fr\/bnp-paribas-fortis-film-days-la-fee-ouvre-les-cinevox-happenings\/"},"wordCount":538,"publisher":{"@id":"https:\/\/welovecinema.be\/nl\/#organization"},"articleSection":["En bref","News"],"inLanguage":"fr-FR"},{"@type":"WebPage","@id":"https:\/\/welovecinema.be\/fr\/bnp-paribas-fortis-film-days-la-fee-ouvre-les-cinevox-happenings\/","url":"https:\/\/welovecinema.be\/fr\/bnp-paribas-fortis-film-days-la-fee-ouvre-les-cinevox-happenings\/","name":"BNP Paribas Fortis Film Days La F\u00e9e ouvre les Cinevox Happenings - We Love Cinema","isPartOf":{"@id":"https:\/\/welovecinema.be\/nl\/#website"},"datePublished":"2011-09-22T11:31:32+00:00","dateModified":"2011-09-22T11:37:39+00:00","breadcrumb":{"@id":"https:\/\/welovecinema.be\/fr\/bnp-paribas-fortis-film-days-la-fee-ouvre-les-cinevox-happenings\/#breadcrumb"},"inLanguage":"fr-FR","potentialAction":[{"@type":"ReadAction","target":["https:\/\/welovecinema.be\/fr\/bnp-paribas-fortis-film-days-la-fee-ouvre-les-cinevox-happenings\/"]}]},{"@type":"BreadcrumbList","@id":"https:\/\/welovecinema.be\/fr\/bnp-paribas-fortis-film-days-la-fee-ouvre-les-cinevox-happenings\/#breadcrumb","itemListElement":[{"@type":"ListItem","position":1,"name":"Accueil","item":"https:\/\/welovecinema.be\/fr\/"},{"@type":"ListItem","position":2,"name":"BNP Paribas Fortis Film Days La F\u00e9e ouvre les Cinevox Happenings"}]},{"@type":"WebSite","@id":"https:\/\/welovecinema.be\/nl\/#website","url":"https:\/\/welovecinema.be\/nl\/","name":"We Love Cinema","description":"Toute l\u2019information du cin\u00e9ma en Belgique","publisher":{"@id":"https:\/\/welovecinema.be\/nl\/#organization"},"potentialAction":[{"@type":"SearchAction","target":{"@type":"EntryPoint","urlTemplate":"https:\/\/welovecinema.be\/nl\/?s={search_term_string}"},"query-input":"required name=search_term_string"}],"inLanguage":"fr-FR"},{"@type":"Organization","@id":"https:\/\/welovecinema.be\/nl\/#organization","name":"We Love Cinema","url":"https:\/\/welovecinema.be\/nl\/","logo":{"@type":"ImageObject","inLanguage":"fr-FR","@id":"https:\/\/welovecinema.be\/nl\/#\/schema\/logo\/image\/","url":"https:\/\/welovecinema.be\/wp-content\/uploads\/sites\/2\/2023\/03\/Logo-We-Love-Cinema305x128.jpg","contentUrl":"https:\/\/welovecinema.be\/wp-content\/uploads\/sites\/2\/2023\/03\/Logo-We-Love-Cinema305x128.jpg","width":305,"height":128,"caption":"We Love Cinema"},"image":{"@id":"https:\/\/welovecinema.be\/nl\/#\/schema\/logo\/image\/"},"sameAs":["https:\/\/www.facebook.com\/welovecinema.be","https:\/\/www.youtube.com\/channel\/UCX5LYGVhnKvYauW4Nta4HJA","https:\/\/www.instagram.com\/welovecinema.be\/"]},{"@type":"Person","@id":"https:\/\/welovecinema.be\/nl\/#\/schema\/person\/4b9b1d857f0943453a38a7c2859ef756","name":"Philippe.Pierquin","url":"https:\/\/welovecinema.be\/fr\/author\/philippe-pierquin\/"}]}},"_links":{"self":[{"href":"https:\/\/welovecinema.be\/fr\/wp-json\/wp\/v2\/posts\/8304","targetHints":{"allow":["GET"]}}],"collection":[{"href":"https:\/\/welovecinema.be\/fr\/wp-json\/wp\/v2\/posts"}],"about":[{"href":"https:\/\/welovecinema.be\/fr\/wp-json\/wp\/v2\/types\/post"}],"author":[{"embeddable":true,"href":"https:\/\/welovecinema.be\/fr\/wp-json\/wp\/v2\/users\/7"}],"replies":[{"embeddable":true,"href":"https:\/\/welovecinema.be\/fr\/wp-json\/wp\/v2\/comments?post=8304"}],"version-history":[{"count":0,"href":"https:\/\/welovecinema.be\/fr\/wp-json\/wp\/v2\/posts\/8304\/revisions"}],"wp:featuredmedia":[{"embeddable":true,"href":"https:\/\/welovecinema.be\/fr\/wp-json\/wp\/v2\/media\/8325"}],"wp:attachment":[{"href":"https:\/\/welovecinema.be\/fr\/wp-json\/wp\/v2\/media?parent=8304"}],"wp:term":[{"taxonomy":"category","embeddable":true,"href":"https:\/\/welovecinema.be\/fr\/wp-json\/wp\/v2\/categories?post=8304"},{"taxonomy":"post_tag","embeddable":true,"href":"https:\/\/welovecinema.be\/fr\/wp-json\/wp\/v2\/tags?post=8304"}],"curies":[{"name":"wp","href":"https:\/\/api.w.org\/{rel}","templated":true}]}}