{"id":82825,"date":"2016-02-11T08:37:11","date_gmt":"2016-02-11T07:37:11","guid":{"rendered":"http:\/\/www.cinevox.be\/?p=82825"},"modified":"2016-02-02T12:09:25","modified_gmt":"2016-02-02T11:09:25","slug":"david-murgia-le-premier-le-dernier","status":"publish","type":"post","link":"https:\/\/welovecinema.be\/fr\/david-murgia-le-premier-le-dernier\/","title":{"rendered":"David Murgia\u00a0: Le premier, le dernier"},"content":{"rendered":"<p>Dans de nombreux pays, beaucoup acteurs qui brillent sur le grand \u00e9cran viennent du petit. Souvent, ils ont fait leurs preuves dans des s\u00e9ries et, forts de cette popularit\u00e9, sont invit\u00e9s \u00e0 confirmer leur talent au cin\u00e9ma.<\/p>\n<p>En Belgique, en attendant les effets du fonds mis en place par la F\u00e9d\u00e9ration Wallonie-Bruxelles et la RTBF pour d\u00e9velopper des fictions t\u00e9l\u00e9visuelles belges francophones de niveau international (<em>la Tr\u00eave<\/em> et <em>Ennemi Public<\/em> arrivent), c\u2019est du th\u00e9\u00e2tre que sont souvent issus nos nouveaux com\u00e9diens. Quelques exemples frappants\u00a0? Erika Sainte, Lucie Debay, Yoann Blanc et, bien s\u00fbr, David Murgia.<!--more--><\/p>\n<p>&nbsp;<\/p>\n<p>Le jeune Li\u00e9geois qui officie au sein du Raoul Collectif s\u2019est fait un nom en solo en portant sur sc\u00e8ne <em>Discours \u00e0 la nation,<\/em> spectacle \u00e0 une voix et une guitare \u00e9crit par le dramaturge italien Ascanio Celestini.<\/p>\n<p>Au cin\u00e9ma, il commen\u00e7a sur des chapeaux de roues avec une composition \u00e9tonnante de jeune psychopathe dans <em>Rundskop<\/em> et confirma tr\u00e8s vite avec <em>La T\u00eate la Premi\u00e8re,<\/em> un film r\u00e9alis\u00e9 \u00e0 l\u2019arrache par Am\u00e9lie Van Elmbt qui lui valut un Magritte du meilleur espoir largement m\u00e9rit\u00e9. Depuis lors, on l\u2019a vu ici et l\u00e0 sans qu\u2019il renoue avec un r\u00f4le fort et porteur.<br \/>\nOn avait presque fini par croire qu\u2019il \u00e9tait finalement plus destin\u00e9 \u00e0 briller sur les planches que sur les grands \u00e9crans.<br \/>\nHeureusement Bouli Lanners qui a l\u2019\u0153il \u00e0 tout lui a offert un magnifique r\u00f4le dans son quatri\u00e8me long m\u00e9trage, <em>Les Premiers, Les Derniers,<\/em> qui sortira le 24 f\u00e9vrier. Un cadeau que David n\u2019a pas galvaud\u00e9, livrant une interpr\u00e9tation faramineuse qui ne laissera plus aucun doute \u00e0 personne sur son potentiel.<\/p>\n<p>&nbsp;<\/p>\n<p>Alors qu\u2019il reprenait <em>Discours \u00e0 la Nation<\/em> sur les sc\u00e8nes wallonnes, nous avons rencontr\u00e9 le jeune acteur qui nous parle de ces diff\u00e9rents m\u00e9tiers, et d\u2019abord de ce spectacle qui a d\u00e9clench\u00e9 l\u2019enthousiasme du public, lui a valu les honneurs des critiques belges et fran\u00e7aises\u2026 et m\u00eame une nomination aux Moli\u00e8res.<\/p>\n<p>&nbsp;<\/p>\n<p>&nbsp;<\/p>\n<p><iframe loading=\"lazy\" src=\"https:\/\/www.youtube.com\/embed\/T0p6qp3mgtA\" width=\"620\" height=\"347\" frameborder=\"0\" allowfullscreen=\"allowfullscreen\"><\/iframe><\/p>\n<p>&nbsp;<\/p>\n<p>&nbsp;<\/p>\n<p>En d\u00e9cembre, David Murgia a retrouv\u00e9 ses amis du Raoul Collectif pour cr\u00e9er un deuxi\u00e8me spectacle commun au National : Rumeurs et Petits jours est une nouvelle pi\u00e8ce totalement inclassable, jouissive, dr\u00f4le, caustique. En perp\u00e9tuel d\u00e9veloppement.<\/p>\n<p>&nbsp;<\/p>\n<p>&nbsp;<\/p>\n<p><iframe loading=\"lazy\" src=\"https:\/\/www.youtube.com\/embed\/zWpzT07Vlvs\" width=\"620\" height=\"347\" frameborder=\"0\" allowfullscreen=\"allowfullscreen\"><\/iframe><\/p>\n<p>&nbsp;<\/p>\n<p>&nbsp;<\/p>\n<p>\u00c0 l\u2019aise sur les planches et devant une cam\u00e9ra, David reconnait pourtant que ces deux m\u00e9tiers sont tr\u00e8s diff\u00e9rents. Il nous explique pourquoi et comment il entrevoit chacun de ces modes d\u2019expression.<\/p>\n<p>&nbsp;<\/p>\n<p>&nbsp;<\/p>\n<p><iframe loading=\"lazy\" src=\"https:\/\/www.youtube.com\/embed\/ZuWoTSZ1Q8g\" width=\"620\" height=\"347\" frameborder=\"0\" allowfullscreen=\"allowfullscreen\"><\/iframe><\/p>\n<p>&nbsp;<\/p>\n<p>&nbsp;<\/p>\n<p>Des envies de cin\u00e9ma, David Murgia en a, beaucoup, et sit\u00f4t l\u2019interview termin\u00e9e, il s\u2019en voulait d\u00e9j\u00e0 d\u2019avoir oubli\u00e9 un de ses r\u00e9alisateurs favoris, celui avec lequel il aimerait plus que tout tourner : Nani Moretti. Mais il a aussi d\u2019autres r\u00eaves\u2026<\/p>\n<p>&nbsp;<\/p>\n<p>&nbsp;<\/p>\n<p><iframe loading=\"lazy\" src=\"https:\/\/www.youtube.com\/embed\/qQi5tfCsDy8\" width=\"620\" height=\"347\" frameborder=\"0\" allowfullscreen=\"allowfullscreen\"><\/iframe><\/p>\n<p>&nbsp;<\/p>\n<p>&nbsp;<\/p>\n<p>Acteur d\u2019exception habitant \u00e0 Seraing, militant combatif de la cause populaire, David Murgia devrait en toute logique croiser un jour la route des fr\u00e8res Dardenne. Mais le jeune com\u00e9dien discret et modeste ne tient pas \u00e0 forcer le destin. Il estime que les choses se font si elles doivent se faire, s\u2019il y a une envie. Sinon, eh bien, elles ne se font pas\u2026<\/p>\n<p>&nbsp;<\/p>\n<p>&nbsp;<\/p>\n<p><iframe loading=\"lazy\" src=\"https:\/\/www.youtube.com\/embed\/xEOINLFSBVs\" width=\"620\" height=\"347\" frameborder=\"0\" allowfullscreen=\"allowfullscreen\"><\/iframe><\/p>\n<p>&nbsp;<\/p>\n<p>&nbsp;<\/p>\n<p>Pr\u00eat \u00e0 embarquer sur le prochain tournage d\u2019un r\u00e9alisateur belge brillant (des infos plus pr\u00e9cises tr\u00e8s bient\u00f4t), David Murgia sera sur les grands \u00e9crans belges d\u00e8s le 24 f\u00e9vrier avec les premiers les derniers. Sa prestation \u00e9blouissante n\u2019est bien s\u00fbr pas la seule raison de voir ce film original et captivant, mais elle justifie largement votre attention.<\/p>\n","protected":false},"excerpt":{"rendered":"<p>Dans de nombreux pays, beaucoup acteurs qui brillent sur le grand \u00e9cran viennent du petit. Souvent, ils ont fait leurs preuves dans des s\u00e9ries et, forts de cette popularit\u00e9, sont invit\u00e9s \u00e0 confirmer leur talent au cin\u00e9ma. En Belgique, en attendant les effets du fonds mis en place par la F\u00e9d\u00e9ration Wallonie-Bruxelles et la RTBF &hellip;<\/p>\n","protected":false},"author":7,"featured_media":82827,"comment_status":"closed","ping_status":"closed","sticky":false,"template":"","format":"standard","meta":{"ngg_post_thumbnail":0,"footnotes":""},"categories":[1978],"tags":[],"class_list":["post-82825","post","type-post","status-publish","format-standard","has-post-thumbnail","","category-interviews"],"yoast_head":"<!-- This site is optimized with the Yoast SEO plugin v20.4 - https:\/\/yoast.com\/wordpress\/plugins\/seo\/ -->\n<title>David Murgia\u00a0: Le premier, le dernier - We Love Cinema<\/title>\n<meta name=\"robots\" content=\"index, follow, max-snippet:-1, max-image-preview:large, max-video-preview:-1\" \/>\n<link rel=\"canonical\" href=\"https:\/\/welovecinema.be\/fr\/david-murgia-le-premier-le-dernier\/\" \/>\n<meta property=\"og:locale\" content=\"fr_FR\" \/>\n<meta property=\"og:type\" content=\"article\" \/>\n<meta property=\"og:title\" content=\"David Murgia\u00a0: Le premier, le dernier - We Love Cinema\" \/>\n<meta property=\"og:description\" content=\"Dans de nombreux pays, beaucoup acteurs qui brillent sur le grand \u00e9cran viennent du petit. Souvent, ils ont fait leurs preuves dans des s\u00e9ries et, forts de cette popularit\u00e9, sont invit\u00e9s \u00e0 confirmer leur talent au cin\u00e9ma. En Belgique, en attendant les effets du fonds mis en place par la F\u00e9d\u00e9ration Wallonie-Bruxelles et la RTBF &hellip;\" \/>\n<meta property=\"og:url\" content=\"https:\/\/welovecinema.be\/fr\/david-murgia-le-premier-le-dernier\/\" \/>\n<meta property=\"og:site_name\" content=\"We Love Cinema\" \/>\n<meta property=\"article:publisher\" content=\"https:\/\/www.facebook.com\/welovecinema.be\" \/>\n<meta property=\"article:published_time\" content=\"2016-02-11T07:37:11+00:00\" \/>\n<meta property=\"article:modified_time\" content=\"2016-02-02T11:09:25+00:00\" \/>\n<meta property=\"og:image\" content=\"https:\/\/welovecinema.be\/wp-content\/uploads\/sites\/2\/2010\/01\/2016-01-04_09h24_35.jpg\" \/>\n\t<meta property=\"og:image:width\" content=\"1264\" \/>\n\t<meta property=\"og:image:height\" content=\"667\" \/>\n\t<meta property=\"og:image:type\" content=\"image\/jpeg\" \/>\n<meta name=\"author\" content=\"Philippe.Pierquin\" \/>\n<meta name=\"twitter:card\" content=\"summary_large_image\" \/>\n<meta name=\"twitter:label1\" content=\"\u00c9crit par\" \/>\n\t<meta name=\"twitter:data1\" content=\"Philippe.Pierquin\" \/>\n\t<meta name=\"twitter:label2\" content=\"Dur\u00e9e de lecture estim\u00e9e\" \/>\n\t<meta name=\"twitter:data2\" content=\"3 minutes\" \/>\n<script type=\"application\/ld+json\" class=\"yoast-schema-graph\">{\"@context\":\"https:\/\/schema.org\",\"@graph\":[{\"@type\":\"Article\",\"@id\":\"https:\/\/welovecinema.be\/fr\/david-murgia-le-premier-le-dernier\/#article\",\"isPartOf\":{\"@id\":\"https:\/\/welovecinema.be\/fr\/david-murgia-le-premier-le-dernier\/\"},\"author\":{\"name\":\"Philippe.Pierquin\",\"@id\":\"https:\/\/welovecinema.be\/nl\/#\/schema\/person\/4b9b1d857f0943453a38a7c2859ef756\"},\"headline\":\"David Murgia\u00a0: Le premier, le dernier\",\"datePublished\":\"2016-02-11T07:37:11+00:00\",\"dateModified\":\"2016-02-02T11:09:25+00:00\",\"mainEntityOfPage\":{\"@id\":\"https:\/\/welovecinema.be\/fr\/david-murgia-le-premier-le-dernier\/\"},\"wordCount\":644,\"publisher\":{\"@id\":\"https:\/\/welovecinema.be\/nl\/#organization\"},\"articleSection\":[\"Rencontres\"],\"inLanguage\":\"fr-FR\"},{\"@type\":\"WebPage\",\"@id\":\"https:\/\/welovecinema.be\/fr\/david-murgia-le-premier-le-dernier\/\",\"url\":\"https:\/\/welovecinema.be\/fr\/david-murgia-le-premier-le-dernier\/\",\"name\":\"David Murgia\u00a0: Le premier, le dernier - We Love Cinema\",\"isPartOf\":{\"@id\":\"https:\/\/welovecinema.be\/nl\/#website\"},\"datePublished\":\"2016-02-11T07:37:11+00:00\",\"dateModified\":\"2016-02-02T11:09:25+00:00\",\"breadcrumb\":{\"@id\":\"https:\/\/welovecinema.be\/fr\/david-murgia-le-premier-le-dernier\/#breadcrumb\"},\"inLanguage\":\"fr-FR\",\"potentialAction\":[{\"@type\":\"ReadAction\",\"target\":[\"https:\/\/welovecinema.be\/fr\/david-murgia-le-premier-le-dernier\/\"]}]},{\"@type\":\"BreadcrumbList\",\"@id\":\"https:\/\/welovecinema.be\/fr\/david-murgia-le-premier-le-dernier\/#breadcrumb\",\"itemListElement\":[{\"@type\":\"ListItem\",\"position\":1,\"name\":\"Accueil\",\"item\":\"https:\/\/welovecinema.be\/fr\/\"},{\"@type\":\"ListItem\",\"position\":2,\"name\":\"David Murgia\u00a0: Le premier, le dernier\"}]},{\"@type\":\"WebSite\",\"@id\":\"https:\/\/welovecinema.be\/nl\/#website\",\"url\":\"https:\/\/welovecinema.be\/nl\/\",\"name\":\"We Love Cinema\",\"description\":\"Toute l\u2019information du cin\u00e9ma en Belgique\",\"publisher\":{\"@id\":\"https:\/\/welovecinema.be\/nl\/#organization\"},\"potentialAction\":[{\"@type\":\"SearchAction\",\"target\":{\"@type\":\"EntryPoint\",\"urlTemplate\":\"https:\/\/welovecinema.be\/nl\/?s={search_term_string}\"},\"query-input\":\"required name=search_term_string\"}],\"inLanguage\":\"fr-FR\"},{\"@type\":\"Organization\",\"@id\":\"https:\/\/welovecinema.be\/nl\/#organization\",\"name\":\"We Love Cinema\",\"url\":\"https:\/\/welovecinema.be\/nl\/\",\"logo\":{\"@type\":\"ImageObject\",\"inLanguage\":\"fr-FR\",\"@id\":\"https:\/\/welovecinema.be\/nl\/#\/schema\/logo\/image\/\",\"url\":\"https:\/\/welovecinema.be\/wp-content\/uploads\/sites\/2\/2023\/03\/Logo-We-Love-Cinema305x128.jpg\",\"contentUrl\":\"https:\/\/welovecinema.be\/wp-content\/uploads\/sites\/2\/2023\/03\/Logo-We-Love-Cinema305x128.jpg\",\"width\":305,\"height\":128,\"caption\":\"We Love Cinema\"},\"image\":{\"@id\":\"https:\/\/welovecinema.be\/nl\/#\/schema\/logo\/image\/\"},\"sameAs\":[\"https:\/\/www.facebook.com\/welovecinema.be\",\"https:\/\/www.youtube.com\/channel\/UCX5LYGVhnKvYauW4Nta4HJA\",\"https:\/\/www.instagram.com\/welovecinema.be\/\"]},{\"@type\":\"Person\",\"@id\":\"https:\/\/welovecinema.be\/nl\/#\/schema\/person\/4b9b1d857f0943453a38a7c2859ef756\",\"name\":\"Philippe.Pierquin\",\"url\":\"https:\/\/welovecinema.be\/fr\/author\/philippe-pierquin\/\"}]}<\/script>\n<!-- \/ Yoast SEO plugin. -->","yoast_head_json":{"title":"David Murgia\u00a0: Le premier, le dernier - We Love Cinema","robots":{"index":"index","follow":"follow","max-snippet":"max-snippet:-1","max-image-preview":"max-image-preview:large","max-video-preview":"max-video-preview:-1"},"canonical":"https:\/\/welovecinema.be\/fr\/david-murgia-le-premier-le-dernier\/","og_locale":"fr_FR","og_type":"article","og_title":"David Murgia\u00a0: Le premier, le dernier - We Love Cinema","og_description":"Dans de nombreux pays, beaucoup acteurs qui brillent sur le grand \u00e9cran viennent du petit. Souvent, ils ont fait leurs preuves dans des s\u00e9ries et, forts de cette popularit\u00e9, sont invit\u00e9s \u00e0 confirmer leur talent au cin\u00e9ma. En Belgique, en attendant les effets du fonds mis en place par la F\u00e9d\u00e9ration Wallonie-Bruxelles et la RTBF &hellip;","og_url":"https:\/\/welovecinema.be\/fr\/david-murgia-le-premier-le-dernier\/","og_site_name":"We Love Cinema","article_publisher":"https:\/\/www.facebook.com\/welovecinema.be","article_published_time":"2016-02-11T07:37:11+00:00","article_modified_time":"2016-02-02T11:09:25+00:00","og_image":[{"width":1264,"height":667,"url":"https:\/\/welovecinema.be\/wp-content\/uploads\/sites\/2\/2010\/01\/2016-01-04_09h24_35.jpg","type":"image\/jpeg"}],"author":"Philippe.Pierquin","twitter_card":"summary_large_image","twitter_misc":{"\u00c9crit par":"Philippe.Pierquin","Dur\u00e9e de lecture estim\u00e9e":"3 minutes"},"schema":{"@context":"https:\/\/schema.org","@graph":[{"@type":"Article","@id":"https:\/\/welovecinema.be\/fr\/david-murgia-le-premier-le-dernier\/#article","isPartOf":{"@id":"https:\/\/welovecinema.be\/fr\/david-murgia-le-premier-le-dernier\/"},"author":{"name":"Philippe.Pierquin","@id":"https:\/\/welovecinema.be\/nl\/#\/schema\/person\/4b9b1d857f0943453a38a7c2859ef756"},"headline":"David Murgia\u00a0: Le premier, le dernier","datePublished":"2016-02-11T07:37:11+00:00","dateModified":"2016-02-02T11:09:25+00:00","mainEntityOfPage":{"@id":"https:\/\/welovecinema.be\/fr\/david-murgia-le-premier-le-dernier\/"},"wordCount":644,"publisher":{"@id":"https:\/\/welovecinema.be\/nl\/#organization"},"articleSection":["Rencontres"],"inLanguage":"fr-FR"},{"@type":"WebPage","@id":"https:\/\/welovecinema.be\/fr\/david-murgia-le-premier-le-dernier\/","url":"https:\/\/welovecinema.be\/fr\/david-murgia-le-premier-le-dernier\/","name":"David Murgia\u00a0: Le premier, le dernier - We Love Cinema","isPartOf":{"@id":"https:\/\/welovecinema.be\/nl\/#website"},"datePublished":"2016-02-11T07:37:11+00:00","dateModified":"2016-02-02T11:09:25+00:00","breadcrumb":{"@id":"https:\/\/welovecinema.be\/fr\/david-murgia-le-premier-le-dernier\/#breadcrumb"},"inLanguage":"fr-FR","potentialAction":[{"@type":"ReadAction","target":["https:\/\/welovecinema.be\/fr\/david-murgia-le-premier-le-dernier\/"]}]},{"@type":"BreadcrumbList","@id":"https:\/\/welovecinema.be\/fr\/david-murgia-le-premier-le-dernier\/#breadcrumb","itemListElement":[{"@type":"ListItem","position":1,"name":"Accueil","item":"https:\/\/welovecinema.be\/fr\/"},{"@type":"ListItem","position":2,"name":"David Murgia\u00a0: Le premier, le dernier"}]},{"@type":"WebSite","@id":"https:\/\/welovecinema.be\/nl\/#website","url":"https:\/\/welovecinema.be\/nl\/","name":"We Love Cinema","description":"Toute l\u2019information du cin\u00e9ma en Belgique","publisher":{"@id":"https:\/\/welovecinema.be\/nl\/#organization"},"potentialAction":[{"@type":"SearchAction","target":{"@type":"EntryPoint","urlTemplate":"https:\/\/welovecinema.be\/nl\/?s={search_term_string}"},"query-input":"required name=search_term_string"}],"inLanguage":"fr-FR"},{"@type":"Organization","@id":"https:\/\/welovecinema.be\/nl\/#organization","name":"We Love Cinema","url":"https:\/\/welovecinema.be\/nl\/","logo":{"@type":"ImageObject","inLanguage":"fr-FR","@id":"https:\/\/welovecinema.be\/nl\/#\/schema\/logo\/image\/","url":"https:\/\/welovecinema.be\/wp-content\/uploads\/sites\/2\/2023\/03\/Logo-We-Love-Cinema305x128.jpg","contentUrl":"https:\/\/welovecinema.be\/wp-content\/uploads\/sites\/2\/2023\/03\/Logo-We-Love-Cinema305x128.jpg","width":305,"height":128,"caption":"We Love Cinema"},"image":{"@id":"https:\/\/welovecinema.be\/nl\/#\/schema\/logo\/image\/"},"sameAs":["https:\/\/www.facebook.com\/welovecinema.be","https:\/\/www.youtube.com\/channel\/UCX5LYGVhnKvYauW4Nta4HJA","https:\/\/www.instagram.com\/welovecinema.be\/"]},{"@type":"Person","@id":"https:\/\/welovecinema.be\/nl\/#\/schema\/person\/4b9b1d857f0943453a38a7c2859ef756","name":"Philippe.Pierquin","url":"https:\/\/welovecinema.be\/fr\/author\/philippe-pierquin\/"}]}},"_links":{"self":[{"href":"https:\/\/welovecinema.be\/fr\/wp-json\/wp\/v2\/posts\/82825","targetHints":{"allow":["GET"]}}],"collection":[{"href":"https:\/\/welovecinema.be\/fr\/wp-json\/wp\/v2\/posts"}],"about":[{"href":"https:\/\/welovecinema.be\/fr\/wp-json\/wp\/v2\/types\/post"}],"author":[{"embeddable":true,"href":"https:\/\/welovecinema.be\/fr\/wp-json\/wp\/v2\/users\/7"}],"replies":[{"embeddable":true,"href":"https:\/\/welovecinema.be\/fr\/wp-json\/wp\/v2\/comments?post=82825"}],"version-history":[{"count":0,"href":"https:\/\/welovecinema.be\/fr\/wp-json\/wp\/v2\/posts\/82825\/revisions"}],"wp:featuredmedia":[{"embeddable":true,"href":"https:\/\/welovecinema.be\/fr\/wp-json\/wp\/v2\/media\/82827"}],"wp:attachment":[{"href":"https:\/\/welovecinema.be\/fr\/wp-json\/wp\/v2\/media?parent=82825"}],"wp:term":[{"taxonomy":"category","embeddable":true,"href":"https:\/\/welovecinema.be\/fr\/wp-json\/wp\/v2\/categories?post=82825"},{"taxonomy":"post_tag","embeddable":true,"href":"https:\/\/welovecinema.be\/fr\/wp-json\/wp\/v2\/tags?post=82825"}],"curies":[{"name":"wp","href":"https:\/\/api.w.org\/{rel}","templated":true}]}}