{"id":82240,"date":"2015-12-17T14:24:55","date_gmt":"2015-12-17T13:24:55","guid":{"rendered":"http:\/\/www.cinevox.be\/?p=82240"},"modified":"2017-05-16T19:49:54","modified_gmt":"2017-05-16T17:49:54","slug":"les-premiers-les-derniers-a-berlin-bouli-reagit","status":"publish","type":"post","link":"https:\/\/welovecinema.be\/fr\/les-premiers-les-derniers-a-berlin-bouli-reagit\/","title":{"rendered":"Les premiers, les derniers \u00e0 Berlin, Bouli r\u00e9agit"},"content":{"rendered":"<p>Quatri\u00e8me long m\u00e9trage de <strong>Bouli Lanners<\/strong>, <em>Les premiers les derniers <\/em>est s\u00e9lectionn\u00e9 dans la prestigieuse section Panorama au 66e Festival International du Film de Berlin qui se d\u00e9roulera du 11 au 21 f\u00e9vrier 2016.<br \/>\nCette s\u00e9lection marque le retour du cin\u00e9aste belge \u00e0 Berlin o\u00f9 il avait d\u00e9j\u00e0 pr\u00e9sent\u00e9 son premier long m\u00e9trage <em>Ultranova <\/em>en 2005.<!--more--><\/p>\n<p>&nbsp;<\/p>\n<p>Habitu\u00e9 des festivals, <strong>Bouli Lanners<\/strong> a fait le tour du monde des festivals d\u00e8s son court m\u00e9trage <em>Travellinckx <\/em>en 1999. Deux ans plus tard, son court <em>Muno<\/em> est s\u00e9lectionn\u00e9 \u00e0 la Quinzaine des R\u00e9alisateurs \u00e0 Cannes.<\/p>\n<p>En 2005, son premier long m\u00e9trage <em>Ultranova <\/em>est prim\u00e9 au Festival de Berlin.<\/p>\n<p>Son deuxi\u00e8me long m\u00e9trage <em>Eldorado<\/em> a r\u00e9colt\u00e9 trois prix au Festival de Cannes en 2008 o\u00f9 il \u00e9tait pr\u00e9sent\u00e9 \u00e0 la Quinzaine des R\u00e9alisateurs. En 2011, son troisi\u00e8me long m\u00e9trage <em>Les G\u00e9ants<\/em> est s\u00e9lectionn\u00e9 en cl\u00f4ture de la Quinzaine des R\u00e9alisateurs du Festival de Cannes o\u00f9 il est doublement prim\u00e9.<\/p>\n<p>&nbsp;<\/p>\n<p><a href=\"http:\/\/www.cinevox.be\/wp-content\/uploads\/sites\/2\/2015\/12\/2015-12-16_20h50_581.jpg\"><img loading=\"lazy\" decoding=\"async\" class=\"aligncenter size-large wp-image-82245\" src=\"http:\/\/www.cinevox.be\/wp-content\/uploads\/sites\/2\/2015\/12\/2015-12-16_20h50_581-800x336.jpg\" alt=\"\" width=\"640\" height=\"268\" srcset=\"https:\/\/welovecinema.be\/wp-content\/uploads\/sites\/2\/2015\/12\/2015-12-16_20h50_581-800x336.jpg 800w, https:\/\/welovecinema.be\/wp-content\/uploads\/sites\/2\/2015\/12\/2015-12-16_20h50_581-480x201.jpg 480w, https:\/\/welovecinema.be\/wp-content\/uploads\/sites\/2\/2015\/12\/2015-12-16_20h50_581.jpg 1261w\" sizes=\"auto, (max-width: 640px) 100vw, 640px\" \/><\/a><\/p>\n<p>&nbsp;<\/p>\n<p>Produit par Jacques-Henri et Olivier Bronckart de Versus Production, <em>Les premiers les derniers\u00a0<\/em>met en sc\u00e8ne un casting prestigieux : Bouli Lanners, Albert Dupontel, Suzanne Cl\u00e9ment, Michael Lonsdale ou encore (un prodigieux) David Murgia.<\/p>\n<p>&nbsp;<\/p>\n<p><em>Les premiers les derniers<\/em> sera pr\u00e9sent\u00e9 \u00e0 Berlin en pr\u00e9sence de Bouli Lanners. Le film qui sortira\u00a0dans les salles fran\u00e7aises le 27 janvier (Wild Bunch) et arrivera dans les salles belges le 24 f\u00e9vrier (O\u2019brother).<\/p>\n<p>&nbsp;<\/p>\n<p>D\u00e8s demain, sur le site, nous d\u00e9cortiquerons ce film que nous avons vu mardi, mais voici d\u00e9j\u00e0 une r\u00e9action de Bouli, en vid\u00e9o s\u2019il vous plait, ravi de cette s\u00e9lection.<\/p>\n<p>&nbsp;<\/p>\n<p>&nbsp;<\/p>\n<p><iframe loading=\"lazy\" src=\"https:\/\/www.youtube.com\/embed\/TItA5PUU1FM\" width=\"620\" height=\"347\" frameborder=\"0\" allowfullscreen=\"allowfullscreen\"><\/iframe><\/p>\n<p>&nbsp;<\/p>\n<p>&nbsp;<\/p>\n<p><em>(si cet article vous parle, n&rsquo;h\u00e9sitez pas \u00e0 le liker ou\/et \u00e0 le partager sur Facebook. Ce sont les meilleures fa\u00e7ons d&rsquo;attirer l&rsquo;attention de vos amis sur ce qui vous touche et de partager notre enthousiasme. Merci\u00a0pour\u00a0votre\u00a0soutien)<\/em><\/p>\n","protected":false},"excerpt":{"rendered":"<p>Quatri\u00e8me long m\u00e9trage de Bouli Lanners, Les premiers les derniers est s\u00e9lectionn\u00e9 dans la prestigieuse section Panorama au 66e Festival International du Film de Berlin qui se d\u00e9roulera du 11 au 21 f\u00e9vrier 2016. Cette s\u00e9lection marque le retour du cin\u00e9aste belge \u00e0 Berlin o\u00f9 il avait d\u00e9j\u00e0 pr\u00e9sent\u00e9 son premier long m\u00e9trage Ultranova en &hellip;<\/p>\n","protected":false},"author":7,"featured_media":82242,"comment_status":"closed","ping_status":"closed","sticky":false,"template":"","format":"standard","meta":{"ngg_post_thumbnail":0,"footnotes":""},"categories":[1923,12],"tags":[],"class_list":["post-82240","post","type-post","status-publish","format-standard","has-post-thumbnail","","category-en-bref","category-awards"],"yoast_head":"<!-- This site is optimized with the Yoast SEO plugin v20.4 - https:\/\/yoast.com\/wordpress\/plugins\/seo\/ -->\n<title>Les premiers, les derniers \u00e0 Berlin, Bouli r\u00e9agit - We Love Cinema<\/title>\n<meta name=\"robots\" content=\"index, follow, max-snippet:-1, max-image-preview:large, max-video-preview:-1\" \/>\n<link rel=\"canonical\" href=\"https:\/\/welovecinema.be\/fr\/les-premiers-les-derniers-a-berlin-bouli-reagit\/\" \/>\n<meta property=\"og:locale\" content=\"fr_FR\" \/>\n<meta property=\"og:type\" content=\"article\" \/>\n<meta property=\"og:title\" content=\"Les premiers, les derniers \u00e0 Berlin, Bouli r\u00e9agit - We Love Cinema\" \/>\n<meta property=\"og:description\" content=\"Quatri\u00e8me long m\u00e9trage de Bouli Lanners, Les premiers les derniers est s\u00e9lectionn\u00e9 dans la prestigieuse section Panorama au 66e Festival International du Film de Berlin qui se d\u00e9roulera du 11 au 21 f\u00e9vrier 2016. Cette s\u00e9lection marque le retour du cin\u00e9aste belge \u00e0 Berlin o\u00f9 il avait d\u00e9j\u00e0 pr\u00e9sent\u00e9 son premier long m\u00e9trage Ultranova en &hellip;\" \/>\n<meta property=\"og:url\" content=\"https:\/\/welovecinema.be\/fr\/les-premiers-les-derniers-a-berlin-bouli-reagit\/\" \/>\n<meta property=\"og:site_name\" content=\"We Love Cinema\" \/>\n<meta property=\"article:publisher\" content=\"https:\/\/www.facebook.com\/welovecinema.be\" \/>\n<meta property=\"article:published_time\" content=\"2015-12-17T13:24:55+00:00\" \/>\n<meta property=\"article:modified_time\" content=\"2017-05-16T17:49:54+00:00\" \/>\n<meta property=\"og:image\" content=\"https:\/\/welovecinema.be\/wp-content\/uploads\/sites\/2\/2015\/12\/2015-12-17_14h24_15.jpg\" \/>\n\t<meta property=\"og:image:width\" content=\"1266\" \/>\n\t<meta property=\"og:image:height\" content=\"670\" \/>\n\t<meta property=\"og:image:type\" content=\"image\/jpeg\" \/>\n<meta name=\"author\" content=\"Philippe.Pierquin\" \/>\n<meta name=\"twitter:card\" content=\"summary_large_image\" \/>\n<meta name=\"twitter:label1\" content=\"\u00c9crit par\" \/>\n\t<meta name=\"twitter:data1\" content=\"Philippe.Pierquin\" \/>\n\t<meta name=\"twitter:label2\" content=\"Dur\u00e9e de lecture estim\u00e9e\" \/>\n\t<meta name=\"twitter:data2\" content=\"2 minutes\" \/>\n<script type=\"application\/ld+json\" class=\"yoast-schema-graph\">{\"@context\":\"https:\/\/schema.org\",\"@graph\":[{\"@type\":\"Article\",\"@id\":\"https:\/\/welovecinema.be\/fr\/les-premiers-les-derniers-a-berlin-bouli-reagit\/#article\",\"isPartOf\":{\"@id\":\"https:\/\/welovecinema.be\/fr\/les-premiers-les-derniers-a-berlin-bouli-reagit\/\"},\"author\":{\"name\":\"Philippe.Pierquin\",\"@id\":\"https:\/\/welovecinema.be\/nl\/#\/schema\/person\/4b9b1d857f0943453a38a7c2859ef756\"},\"headline\":\"Les premiers, les derniers \u00e0 Berlin, Bouli r\u00e9agit\",\"datePublished\":\"2015-12-17T13:24:55+00:00\",\"dateModified\":\"2017-05-16T17:49:54+00:00\",\"mainEntityOfPage\":{\"@id\":\"https:\/\/welovecinema.be\/fr\/les-premiers-les-derniers-a-berlin-bouli-reagit\/\"},\"wordCount\":340,\"publisher\":{\"@id\":\"https:\/\/welovecinema.be\/nl\/#organization\"},\"articleSection\":[\"En bref\",\"Evenements\"],\"inLanguage\":\"fr-FR\"},{\"@type\":\"WebPage\",\"@id\":\"https:\/\/welovecinema.be\/fr\/les-premiers-les-derniers-a-berlin-bouli-reagit\/\",\"url\":\"https:\/\/welovecinema.be\/fr\/les-premiers-les-derniers-a-berlin-bouli-reagit\/\",\"name\":\"Les premiers, les derniers \u00e0 Berlin, Bouli r\u00e9agit - We Love Cinema\",\"isPartOf\":{\"@id\":\"https:\/\/welovecinema.be\/nl\/#website\"},\"datePublished\":\"2015-12-17T13:24:55+00:00\",\"dateModified\":\"2017-05-16T17:49:54+00:00\",\"breadcrumb\":{\"@id\":\"https:\/\/welovecinema.be\/fr\/les-premiers-les-derniers-a-berlin-bouli-reagit\/#breadcrumb\"},\"inLanguage\":\"fr-FR\",\"potentialAction\":[{\"@type\":\"ReadAction\",\"target\":[\"https:\/\/welovecinema.be\/fr\/les-premiers-les-derniers-a-berlin-bouli-reagit\/\"]}]},{\"@type\":\"BreadcrumbList\",\"@id\":\"https:\/\/welovecinema.be\/fr\/les-premiers-les-derniers-a-berlin-bouli-reagit\/#breadcrumb\",\"itemListElement\":[{\"@type\":\"ListItem\",\"position\":1,\"name\":\"Accueil\",\"item\":\"https:\/\/welovecinema.be\/fr\/\"},{\"@type\":\"ListItem\",\"position\":2,\"name\":\"Les premiers, les derniers \u00e0 Berlin, Bouli r\u00e9agit\"}]},{\"@type\":\"WebSite\",\"@id\":\"https:\/\/welovecinema.be\/nl\/#website\",\"url\":\"https:\/\/welovecinema.be\/nl\/\",\"name\":\"We Love Cinema\",\"description\":\"Toute l\u2019information du cin\u00e9ma en Belgique\",\"publisher\":{\"@id\":\"https:\/\/welovecinema.be\/nl\/#organization\"},\"potentialAction\":[{\"@type\":\"SearchAction\",\"target\":{\"@type\":\"EntryPoint\",\"urlTemplate\":\"https:\/\/welovecinema.be\/nl\/?s={search_term_string}\"},\"query-input\":\"required name=search_term_string\"}],\"inLanguage\":\"fr-FR\"},{\"@type\":\"Organization\",\"@id\":\"https:\/\/welovecinema.be\/nl\/#organization\",\"name\":\"We Love Cinema\",\"url\":\"https:\/\/welovecinema.be\/nl\/\",\"logo\":{\"@type\":\"ImageObject\",\"inLanguage\":\"fr-FR\",\"@id\":\"https:\/\/welovecinema.be\/nl\/#\/schema\/logo\/image\/\",\"url\":\"https:\/\/welovecinema.be\/wp-content\/uploads\/sites\/2\/2023\/03\/Logo-We-Love-Cinema305x128.jpg\",\"contentUrl\":\"https:\/\/welovecinema.be\/wp-content\/uploads\/sites\/2\/2023\/03\/Logo-We-Love-Cinema305x128.jpg\",\"width\":305,\"height\":128,\"caption\":\"We Love Cinema\"},\"image\":{\"@id\":\"https:\/\/welovecinema.be\/nl\/#\/schema\/logo\/image\/\"},\"sameAs\":[\"https:\/\/www.facebook.com\/welovecinema.be\",\"https:\/\/www.youtube.com\/channel\/UCX5LYGVhnKvYauW4Nta4HJA\",\"https:\/\/www.instagram.com\/welovecinema.be\/\"]},{\"@type\":\"Person\",\"@id\":\"https:\/\/welovecinema.be\/nl\/#\/schema\/person\/4b9b1d857f0943453a38a7c2859ef756\",\"name\":\"Philippe.Pierquin\",\"url\":\"https:\/\/welovecinema.be\/fr\/author\/philippe-pierquin\/\"}]}<\/script>\n<!-- \/ Yoast SEO plugin. -->","yoast_head_json":{"title":"Les premiers, les derniers \u00e0 Berlin, Bouli r\u00e9agit - We Love Cinema","robots":{"index":"index","follow":"follow","max-snippet":"max-snippet:-1","max-image-preview":"max-image-preview:large","max-video-preview":"max-video-preview:-1"},"canonical":"https:\/\/welovecinema.be\/fr\/les-premiers-les-derniers-a-berlin-bouli-reagit\/","og_locale":"fr_FR","og_type":"article","og_title":"Les premiers, les derniers \u00e0 Berlin, Bouli r\u00e9agit - We Love Cinema","og_description":"Quatri\u00e8me long m\u00e9trage de Bouli Lanners, Les premiers les derniers est s\u00e9lectionn\u00e9 dans la prestigieuse section Panorama au 66e Festival International du Film de Berlin qui se d\u00e9roulera du 11 au 21 f\u00e9vrier 2016. Cette s\u00e9lection marque le retour du cin\u00e9aste belge \u00e0 Berlin o\u00f9 il avait d\u00e9j\u00e0 pr\u00e9sent\u00e9 son premier long m\u00e9trage Ultranova en &hellip;","og_url":"https:\/\/welovecinema.be\/fr\/les-premiers-les-derniers-a-berlin-bouli-reagit\/","og_site_name":"We Love Cinema","article_publisher":"https:\/\/www.facebook.com\/welovecinema.be","article_published_time":"2015-12-17T13:24:55+00:00","article_modified_time":"2017-05-16T17:49:54+00:00","og_image":[{"width":1266,"height":670,"url":"https:\/\/welovecinema.be\/wp-content\/uploads\/sites\/2\/2015\/12\/2015-12-17_14h24_15.jpg","type":"image\/jpeg"}],"author":"Philippe.Pierquin","twitter_card":"summary_large_image","twitter_misc":{"\u00c9crit par":"Philippe.Pierquin","Dur\u00e9e de lecture estim\u00e9e":"2 minutes"},"schema":{"@context":"https:\/\/schema.org","@graph":[{"@type":"Article","@id":"https:\/\/welovecinema.be\/fr\/les-premiers-les-derniers-a-berlin-bouli-reagit\/#article","isPartOf":{"@id":"https:\/\/welovecinema.be\/fr\/les-premiers-les-derniers-a-berlin-bouli-reagit\/"},"author":{"name":"Philippe.Pierquin","@id":"https:\/\/welovecinema.be\/nl\/#\/schema\/person\/4b9b1d857f0943453a38a7c2859ef756"},"headline":"Les premiers, les derniers \u00e0 Berlin, Bouli r\u00e9agit","datePublished":"2015-12-17T13:24:55+00:00","dateModified":"2017-05-16T17:49:54+00:00","mainEntityOfPage":{"@id":"https:\/\/welovecinema.be\/fr\/les-premiers-les-derniers-a-berlin-bouli-reagit\/"},"wordCount":340,"publisher":{"@id":"https:\/\/welovecinema.be\/nl\/#organization"},"articleSection":["En bref","Evenements"],"inLanguage":"fr-FR"},{"@type":"WebPage","@id":"https:\/\/welovecinema.be\/fr\/les-premiers-les-derniers-a-berlin-bouli-reagit\/","url":"https:\/\/welovecinema.be\/fr\/les-premiers-les-derniers-a-berlin-bouli-reagit\/","name":"Les premiers, les derniers \u00e0 Berlin, Bouli r\u00e9agit - We Love Cinema","isPartOf":{"@id":"https:\/\/welovecinema.be\/nl\/#website"},"datePublished":"2015-12-17T13:24:55+00:00","dateModified":"2017-05-16T17:49:54+00:00","breadcrumb":{"@id":"https:\/\/welovecinema.be\/fr\/les-premiers-les-derniers-a-berlin-bouli-reagit\/#breadcrumb"},"inLanguage":"fr-FR","potentialAction":[{"@type":"ReadAction","target":["https:\/\/welovecinema.be\/fr\/les-premiers-les-derniers-a-berlin-bouli-reagit\/"]}]},{"@type":"BreadcrumbList","@id":"https:\/\/welovecinema.be\/fr\/les-premiers-les-derniers-a-berlin-bouli-reagit\/#breadcrumb","itemListElement":[{"@type":"ListItem","position":1,"name":"Accueil","item":"https:\/\/welovecinema.be\/fr\/"},{"@type":"ListItem","position":2,"name":"Les premiers, les derniers \u00e0 Berlin, Bouli r\u00e9agit"}]},{"@type":"WebSite","@id":"https:\/\/welovecinema.be\/nl\/#website","url":"https:\/\/welovecinema.be\/nl\/","name":"We Love Cinema","description":"Toute l\u2019information du cin\u00e9ma en Belgique","publisher":{"@id":"https:\/\/welovecinema.be\/nl\/#organization"},"potentialAction":[{"@type":"SearchAction","target":{"@type":"EntryPoint","urlTemplate":"https:\/\/welovecinema.be\/nl\/?s={search_term_string}"},"query-input":"required name=search_term_string"}],"inLanguage":"fr-FR"},{"@type":"Organization","@id":"https:\/\/welovecinema.be\/nl\/#organization","name":"We Love Cinema","url":"https:\/\/welovecinema.be\/nl\/","logo":{"@type":"ImageObject","inLanguage":"fr-FR","@id":"https:\/\/welovecinema.be\/nl\/#\/schema\/logo\/image\/","url":"https:\/\/welovecinema.be\/wp-content\/uploads\/sites\/2\/2023\/03\/Logo-We-Love-Cinema305x128.jpg","contentUrl":"https:\/\/welovecinema.be\/wp-content\/uploads\/sites\/2\/2023\/03\/Logo-We-Love-Cinema305x128.jpg","width":305,"height":128,"caption":"We Love Cinema"},"image":{"@id":"https:\/\/welovecinema.be\/nl\/#\/schema\/logo\/image\/"},"sameAs":["https:\/\/www.facebook.com\/welovecinema.be","https:\/\/www.youtube.com\/channel\/UCX5LYGVhnKvYauW4Nta4HJA","https:\/\/www.instagram.com\/welovecinema.be\/"]},{"@type":"Person","@id":"https:\/\/welovecinema.be\/nl\/#\/schema\/person\/4b9b1d857f0943453a38a7c2859ef756","name":"Philippe.Pierquin","url":"https:\/\/welovecinema.be\/fr\/author\/philippe-pierquin\/"}]}},"_links":{"self":[{"href":"https:\/\/welovecinema.be\/fr\/wp-json\/wp\/v2\/posts\/82240","targetHints":{"allow":["GET"]}}],"collection":[{"href":"https:\/\/welovecinema.be\/fr\/wp-json\/wp\/v2\/posts"}],"about":[{"href":"https:\/\/welovecinema.be\/fr\/wp-json\/wp\/v2\/types\/post"}],"author":[{"embeddable":true,"href":"https:\/\/welovecinema.be\/fr\/wp-json\/wp\/v2\/users\/7"}],"replies":[{"embeddable":true,"href":"https:\/\/welovecinema.be\/fr\/wp-json\/wp\/v2\/comments?post=82240"}],"version-history":[{"count":0,"href":"https:\/\/welovecinema.be\/fr\/wp-json\/wp\/v2\/posts\/82240\/revisions"}],"wp:featuredmedia":[{"embeddable":true,"href":"https:\/\/welovecinema.be\/fr\/wp-json\/wp\/v2\/media\/82242"}],"wp:attachment":[{"href":"https:\/\/welovecinema.be\/fr\/wp-json\/wp\/v2\/media?parent=82240"}],"wp:term":[{"taxonomy":"category","embeddable":true,"href":"https:\/\/welovecinema.be\/fr\/wp-json\/wp\/v2\/categories?post=82240"},{"taxonomy":"post_tag","embeddable":true,"href":"https:\/\/welovecinema.be\/fr\/wp-json\/wp\/v2\/tags?post=82240"}],"curies":[{"name":"wp","href":"https:\/\/api.w.org\/{rel}","templated":true}]}}