{"id":81579,"date":"2015-12-10T09:27:05","date_gmt":"2015-12-10T08:27:05","guid":{"rendered":"http:\/\/www.cinevox.be\/?p=81579"},"modified":"2017-05-16T19:50:01","modified_gmt":"2017-05-16T17:50:01","slug":"felix-van-groeningen-en-competition-a-sundance-avec-belgica","status":"publish","type":"post","link":"https:\/\/welovecinema.be\/fr\/felix-van-groeningen-en-competition-a-sundance-avec-belgica\/","title":{"rendered":"Felix van Groeningen en comp\u00e9tition \u00e0 Sundance avec Belgica"},"content":{"rendered":"<p><em>Belgica,<\/em> le nouveau long m\u00e9trage de <strong>Felix van Groeningen<\/strong> (<em>La merditude des choses, The Broken Circle Breakdown\/Alabama Monroe<\/em>), sera pr\u00e9sent\u00e9 en premi\u00e8re mondiale au prestigieux festival nord-am\u00e9ricain de Sundance (21-31 janvier) en Utah.<\/p>\n<p>Un premier film de Pieter-Jan De Pue, <em>The Land of the Enlightened<\/em>, sera lui aussi pr\u00e9sent\u00e9 en comp\u00e9tition \u00e0 Sundance dans la section World Cinema Documentary.<\/p>\n<p>Tout comme\u00a0Flor de mil colores, le court m\u00e9trage documentaire de Karen V\u00e1zquez Guadarrama.<!--more--><\/p>\n<p>&nbsp;<\/p>\n<p>Dans<em> Belgica<\/em>,\u00a0Frank et Jo, deux fr\u00e8res, se sont progressivement \u00e9loign\u00e9s. Ils se rapprochent lorsque Frank s\u2019implique dans la gestion du caf\u00e9 de Jo.<\/p>\n<p>\u00c0 deux, ils en font rapidement le lieu incontournable de la vie nocturne : un antre de la d\u00e9bauche qui transpire le rock-\u2018n-roll et o\u00f9 tout semble possible. Pendant un temps du moins\u2026 car la f\u00eate ne s\u2019arr\u00eate jamais et se transforme vite en trip addictif.<\/p>\n<p>&nbsp;<\/p>\n<p><strong><a href=\"http:\/\/www.cinevox.be\/wp-content\/uploads\/sites\/2\/2015\/12\/affiche_BELGICA.jpeg\"><img loading=\"lazy\" decoding=\"async\" class=\"alignright size-large wp-image-81580\" src=\"http:\/\/www.cinevox.be\/wp-content\/uploads\/sites\/2\/2015\/12\/affiche_BELGICA-428x600.jpeg\" alt=\"\" width=\"428\" height=\"600\" srcset=\"https:\/\/welovecinema.be\/wp-content\/uploads\/sites\/2\/2015\/12\/affiche_BELGICA-428x600.jpeg 428w, https:\/\/welovecinema.be\/wp-content\/uploads\/sites\/2\/2015\/12\/affiche_BELGICA-192x270.jpeg 192w\" sizes=\"auto, (max-width: 428px) 100vw, 428px\" \/><\/a>Stef Aerts<\/strong> (Oxyg\u00e8ne, Welp) et <strong>Tom Vermeir<\/strong> tiennent les r\u00f4les principaux aux c\u00f4t\u00e9s de <strong>Charlotte Vandermeersch, H\u00e9l\u00e8ne Devos, Boris Van Severen, Sam Louwyck et Dominique Van Malder<\/strong>. La musique originale est sign\u00e9e <strong>Soulwax<\/strong>. Les ventes internationales sont assur\u00e9es par The Match Factory.<\/p>\n<p>&nbsp;<\/p>\n<p><em>Belgica (<\/em>produit par <strong>Dirk Impens<\/strong> pour Menuet<em>) <\/em>sera pr\u00e9sent\u00e9 en comp\u00e9tition dans la section longs m\u00e9trages \u00ab World Cinema \u00bb de Sundance qui se donne pour mission de montrer les derni\u00e8res productions de r\u00e9alisateurs qui montent. Cette section a accueilli de par le pass\u00e9 des films tels que <em>An Education, Bloody Sunday, Lola rennt, 28 Days Later et Goodbye, Lenin<\/em>!<\/p>\n<p>&nbsp;<\/p>\n<p>Il s\u2019agit du cinqui\u00e8me long m\u00e9trage de <strong>van Groeningen<\/strong> apr\u00e8s <em>Steve+Sky, Dagen zonder lief\/Des jours sans amour, La merditude des choses et The Broken Circle Breakdown\/Alabama Monroe<\/em>. Ce dernier a \u00e9t\u00e9 nomin\u00e9 aux Oscar en 2014 et a remport\u00e9 le C\u00e9sar du meilleur film \u00e9tranger. Felix van Groeningen pr\u00e9pare actuellement l\u2019adaptation de <em>Beautiful Boy<\/em> pour New Regency et la maison de production de Brad Pitt, Plan B (lire <a href=\"http:\/\/www.cinevox.be\/?p=78484\">ici<\/a>)<\/p>\n<p>&nbsp;<\/p>\n<p><a href=\"http:\/\/www.cinevox.be\/wp-content\/uploads\/sites\/2\/2015\/12\/land-of-teh-enlightment.jpg\"><img loading=\"lazy\" decoding=\"async\" class=\"aligncenter wp-image-81586 size-full\" src=\"http:\/\/www.cinevox.be\/wp-content\/uploads\/sites\/2\/2015\/12\/land-of-teh-enlightment.jpg\" alt=\"\" width=\"629\" height=\"270\" srcset=\"https:\/\/welovecinema.be\/wp-content\/uploads\/sites\/2\/2015\/12\/land-of-teh-enlightment.jpg 629w, https:\/\/welovecinema.be\/wp-content\/uploads\/sites\/2\/2015\/12\/land-of-teh-enlightment-480x206.jpg 480w\" sizes=\"auto, (max-width: 629px) 100vw, 629px\" \/><\/a><\/p>\n<p>&nbsp;<\/p>\n<p>Le premier film de <strong>Pieter-Jan De Pue<\/strong>, <em>The Land of the Enlightened<\/em>, sera lui aussi pr\u00e9sent\u00e9 en premi\u00e8re mondiale \u00e0 Sundance. Entre r\u00e9alit\u00e9 et fiction, ce film est l\u2019histoire d\u2019enfants afghans. Ceux-ci ont la facult\u00e9 d\u2019\u00e9chapper \u00e0 leur quotidien difficile \u00e0 travers leurs r\u00eaves et leurs aspirations. De Pue a film\u00e9 pendant plus de cinq ans des images en 16mm en traversant plusieurs r\u00e9gions d\u2019Afghanistan et des bases militaires am\u00e9ricaines. Il a mont\u00e9 le tout pour en faire un r\u00e9cit poignant empreint de po\u00e9sie.<\/p>\n<p>&nbsp;<\/p>\n<p>Le producteur <strong>Bart Van Langendonck<\/strong> explique que \u00ab cette production a \u00e9t\u00e9 un challenge pour tous ceux qui ont \u00e9t\u00e9 impliqu\u00e9s. Non seulement il fallait surmonter les probl\u00e8mes li\u00e9s \u00e0 un tournage dans un territoire \u00e0 risques, mais aussi, pour boucler le budget de 1,2 million d\u2019euros, nous avons d\u00fb cr\u00e9er une structure de financement international complexe entre la Belgique, l\u2019Irlande, les Pays-Bas, l\u2019Allemagne et l\u2019Afghanistan. Mais le magnifique film de Pieter-Jan a donn\u00e9 un sens \u00e0 tous ces efforts. \u00bb<\/p>\n<p>&nbsp;<\/p>\n<p><em>The Land of the Enlightened<\/em> est d\u00e9j\u00e0 vendu au distributeur n\u00e9erlandais Periscoop Film et \u00e0 Wildcard Distribution pour l\u2019Irlande. Films Boutique s\u2019occupe des ventes internationales tandis que United Talent Agency (UTA) s\u2019occupe des Etats-Unis. En Belgique, The Land of the Enlightened sera pr\u00e9sent\u00e9 en avant-premi\u00e8re le 6 mars avant de sortir en salles le 16 mars via Dalton Distribution<\/p>\n<p>&nbsp;<\/p>\n<p><a href=\"http:\/\/www.cinevox.be\/wp-content\/uploads\/sites\/2\/2015\/12\/flor-de-mil-colores.jpg\"><img loading=\"lazy\" decoding=\"async\" class=\"aligncenter size-large wp-image-81822\" src=\"http:\/\/www.cinevox.be\/wp-content\/uploads\/sites\/2\/2015\/12\/flor-de-mil-colores-800x450.jpg\" alt=\"\" width=\"640\" height=\"360\" srcset=\"https:\/\/welovecinema.be\/wp-content\/uploads\/sites\/2\/2015\/12\/flor-de-mil-colores-800x450.jpg 800w, https:\/\/welovecinema.be\/wp-content\/uploads\/sites\/2\/2015\/12\/flor-de-mil-colores-200x113.jpg 200w, https:\/\/welovecinema.be\/wp-content\/uploads\/sites\/2\/2015\/12\/flor-de-mil-colores-480x270.jpg 480w, https:\/\/welovecinema.be\/wp-content\/uploads\/sites\/2\/2015\/12\/flor-de-mil-colores-300x169.jpg 300w, https:\/\/welovecinema.be\/wp-content\/uploads\/sites\/2\/2015\/12\/flor-de-mil-colores-620x350.jpg 620w, https:\/\/welovecinema.be\/wp-content\/uploads\/sites\/2\/2015\/12\/flor-de-mil-colores.jpg 900w\" sizes=\"auto, (max-width: 640px) 100vw, 640px\" \/><\/a><\/p>\n<p>&nbsp;<\/p>\n<p><em>Flor de mil colores,<\/em> le court m\u00e9trage documentaire de <strong>Karen V\u00e1zquez Guadarrama<\/strong>, sera pr\u00e9sent\u00e9 au Festival du Film de Sundance en premi\u00e8re internationale. Le week-end dernier, Flor de mil colores a remport\u00e9 une Wildcard du VAF et il avait d\u00e9j\u00e0 \u00e9t\u00e9 prim\u00e9 au Festival de Gand.<\/p>\n<p>&nbsp;<\/p>\n<p>Il s\u2019agit du travail de fin d\u2019\u00e9tudes de Karen V\u00e1zquez Guadarrama au KASK \u00e0 Gand. Il s\u2019agit d\u2019un portrait intime de Emiliana, une m\u00e8re c\u00e9libataire qui tente de survivre dans un camp minier de Bolivie situ\u00e9 \u00e0 4.897 m\u00e8tres d\u2019altitude. Elle et ses enfants \u00e9voluent au milieu des paysages paradisiaques de la Mina Argentina. Mais les apparences sont trompeuses : la vie dans le camp est tr\u00e8s dure. Ceux qui rapportent de l\u2019\u00e9tain ont \u00e0 manger, ceux qui n\u2019en trouvent pas ont faim. Et avec l\u2019alcoolisme end\u00e9mique, Emiliana est constamment sur ses gardes pour prot\u00e9ger sa famille.<\/p>\n<p>&nbsp;<\/p>\n<p><em><a href=\"http:\/\/www.cinevox.be\/wp-content\/uploads\/sites\/2\/2015\/12\/flor-poster.jpg\"><img loading=\"lazy\" decoding=\"async\" class=\"alignright size-large wp-image-81823\" src=\"http:\/\/www.cinevox.be\/wp-content\/uploads\/sites\/2\/2015\/12\/flor-poster-423x600.jpg\" alt=\"\" width=\"423\" height=\"600\" srcset=\"https:\/\/welovecinema.be\/wp-content\/uploads\/sites\/2\/2015\/12\/flor-poster-423x600.jpg 423w, https:\/\/welovecinema.be\/wp-content\/uploads\/sites\/2\/2015\/12\/flor-poster-190x270.jpg 190w, https:\/\/welovecinema.be\/wp-content\/uploads\/sites\/2\/2015\/12\/flor-poster.jpg 900w\" sizes=\"auto, (max-width: 423px) 100vw, 423px\" \/><\/a>Flor de mil colores<\/em> sera pr\u00e9sent\u00e9 dans le programme des courts m\u00e9trages de Sundance, qui comprend entre 60 et 80 films. Il concourra \u00e9galement pour le Prix du Jury dans la cat\u00e9gorie non-fiction.<\/p>\n<p>Ce court m\u00e9trage documentaire a d\u00e9j\u00e0 remport\u00e9 le prix du Meilleur Court M\u00e9trage Etudiant de Belgique au Festival de Gand en octobre. Lors de la c\u00e9r\u00e9monie de Cl\u00f4ture du Festival du Court M\u00e9trage de Leuven le week-end dernier, V\u00e1zquez Guadarrama a re\u00e7u une Wildcard du VAF pour les documentaires d\u2019une valeur de 40.000\u20ac.<\/p>\n<p>&nbsp;<\/p>\n<p>La jeune r\u00e9alisatrice d\u2019origine mexicaine a pr\u00e9par\u00e9 son film pendant deux mois en faisant des recherches en Bolivie pr\u00e8s de la Mina Argentina. C\u2019est l\u00e0 qu\u2019elle a rencontr\u00e9 Emiliana, qu\u2019elle a film\u00e9e pendant cinq mois. Le r\u00e9sultat est une tranche de vie d\u2019une m\u00e8re courage qui se bat jour apr\u00e8s jour pour offrir \u00e0 ses enfants ce qu\u2019ils m\u00e9ritent.<\/p>\n<p>&nbsp;<\/p>\n<p>Aux c\u00f4t\u00e9s de Flor de mil colores, un autre court m\u00e9trage sera \u00e9galement pr\u00e9sent\u00e9 \u00e0 Sundance. Il s\u2019agit de Waves \u201998 du r\u00e9alisateur Libanais qui r\u00e9side \u00e0 Bruxelles Ely Dagher.<\/p>\n<p>Son film a d\u00e9j\u00e0 remport\u00e9 la Palme d\u2019Or du Meilleur Court M\u00e9trage au dernier festival de Cannes. Enfin, on pourra \u00e9galement d\u00e9couvrir le film belge-polonais Figura de Katarzyna Gondek, une coproduction de Ben Vandendaele de Radiator IP Sales qui g\u00e8re \u00e9galement les ventes internationales du film.<\/p>\n<p>&nbsp;<\/p>\n<p><em>(si cet article vous parle, n&rsquo;h\u00e9sitez pas \u00e0 le liker ou\/et \u00e0 le partager sur Facebook. Ce sont les meilleures fa\u00e7ons d&rsquo;attirer l&rsquo;attention de vos amis sur ce qui vous touche et de partager notre enthousiasme. Merci\u00a0pour\u00a0votre\u00a0soutien)<\/em><\/p>\n","protected":false},"excerpt":{"rendered":"<p>Belgica, le nouveau long m\u00e9trage de Felix van Groeningen (La merditude des choses, The Broken Circle Breakdown\/Alabama Monroe), sera pr\u00e9sent\u00e9 en premi\u00e8re mondiale au prestigieux festival nord-am\u00e9ricain de Sundance (21-31 janvier) en Utah. Un premier film de Pieter-Jan De Pue, The Land of the Enlightened, sera lui aussi pr\u00e9sent\u00e9 en comp\u00e9tition \u00e0 Sundance dans la &hellip;<\/p>\n","protected":false},"author":7,"featured_media":81588,"comment_status":"closed","ping_status":"closed","sticky":false,"template":"","format":"standard","meta":{"ngg_post_thumbnail":0,"footnotes":""},"categories":[12],"tags":[],"class_list":["post-81579","post","type-post","status-publish","format-standard","has-post-thumbnail","","category-awards"],"yoast_head":"<!-- This site is optimized with the Yoast SEO plugin v20.4 - https:\/\/yoast.com\/wordpress\/plugins\/seo\/ -->\n<title>Felix van Groeningen en comp\u00e9tition \u00e0 Sundance avec Belgica - We Love Cinema<\/title>\n<meta name=\"robots\" content=\"index, follow, max-snippet:-1, max-image-preview:large, max-video-preview:-1\" \/>\n<link rel=\"canonical\" href=\"https:\/\/welovecinema.be\/fr\/felix-van-groeningen-en-competition-a-sundance-avec-belgica\/\" \/>\n<meta property=\"og:locale\" content=\"fr_FR\" \/>\n<meta property=\"og:type\" content=\"article\" \/>\n<meta property=\"og:title\" content=\"Felix van Groeningen en comp\u00e9tition \u00e0 Sundance avec Belgica - We Love Cinema\" \/>\n<meta property=\"og:description\" content=\"Belgica, le nouveau long m\u00e9trage de Felix van Groeningen (La merditude des choses, The Broken Circle Breakdown\/Alabama Monroe), sera pr\u00e9sent\u00e9 en premi\u00e8re mondiale au prestigieux festival nord-am\u00e9ricain de Sundance (21-31 janvier) en Utah. Un premier film de Pieter-Jan De Pue, The Land of the Enlightened, sera lui aussi pr\u00e9sent\u00e9 en comp\u00e9tition \u00e0 Sundance dans la &hellip;\" \/>\n<meta property=\"og:url\" content=\"https:\/\/welovecinema.be\/fr\/felix-van-groeningen-en-competition-a-sundance-avec-belgica\/\" \/>\n<meta property=\"og:site_name\" content=\"We Love Cinema\" \/>\n<meta property=\"article:publisher\" content=\"https:\/\/www.facebook.com\/welovecinema.be\" \/>\n<meta property=\"article:published_time\" content=\"2015-12-10T08:27:05+00:00\" \/>\n<meta property=\"article:modified_time\" content=\"2017-05-16T17:50:01+00:00\" \/>\n<meta property=\"og:image\" content=\"https:\/\/welovecinema.be\/wp-content\/uploads\/sites\/2\/2015\/12\/12055352_1719307618298117_1619957597_o.jpg\" \/>\n\t<meta property=\"og:image:width\" content=\"1000\" \/>\n\t<meta property=\"og:image:height\" content=\"622\" \/>\n\t<meta property=\"og:image:type\" content=\"image\/jpeg\" \/>\n<meta name=\"author\" content=\"Philippe.Pierquin\" \/>\n<meta name=\"twitter:card\" content=\"summary_large_image\" \/>\n<meta name=\"twitter:label1\" content=\"\u00c9crit par\" \/>\n\t<meta name=\"twitter:data1\" content=\"Philippe.Pierquin\" \/>\n\t<meta name=\"twitter:label2\" content=\"Dur\u00e9e de lecture estim\u00e9e\" \/>\n\t<meta name=\"twitter:data2\" content=\"5 minutes\" \/>\n<script type=\"application\/ld+json\" class=\"yoast-schema-graph\">{\"@context\":\"https:\/\/schema.org\",\"@graph\":[{\"@type\":\"Article\",\"@id\":\"https:\/\/welovecinema.be\/fr\/felix-van-groeningen-en-competition-a-sundance-avec-belgica\/#article\",\"isPartOf\":{\"@id\":\"https:\/\/welovecinema.be\/fr\/felix-van-groeningen-en-competition-a-sundance-avec-belgica\/\"},\"author\":{\"name\":\"Philippe.Pierquin\",\"@id\":\"https:\/\/welovecinema.be\/nl\/#\/schema\/person\/4b9b1d857f0943453a38a7c2859ef756\"},\"headline\":\"Felix van Groeningen en comp\u00e9tition \u00e0 Sundance avec Belgica\",\"datePublished\":\"2015-12-10T08:27:05+00:00\",\"dateModified\":\"2017-05-16T17:50:01+00:00\",\"mainEntityOfPage\":{\"@id\":\"https:\/\/welovecinema.be\/fr\/felix-van-groeningen-en-competition-a-sundance-avec-belgica\/\"},\"wordCount\":1065,\"publisher\":{\"@id\":\"https:\/\/welovecinema.be\/nl\/#organization\"},\"articleSection\":[\"Evenements\"],\"inLanguage\":\"fr-FR\"},{\"@type\":\"WebPage\",\"@id\":\"https:\/\/welovecinema.be\/fr\/felix-van-groeningen-en-competition-a-sundance-avec-belgica\/\",\"url\":\"https:\/\/welovecinema.be\/fr\/felix-van-groeningen-en-competition-a-sundance-avec-belgica\/\",\"name\":\"Felix van Groeningen en comp\u00e9tition \u00e0 Sundance avec Belgica - We Love Cinema\",\"isPartOf\":{\"@id\":\"https:\/\/welovecinema.be\/nl\/#website\"},\"datePublished\":\"2015-12-10T08:27:05+00:00\",\"dateModified\":\"2017-05-16T17:50:01+00:00\",\"breadcrumb\":{\"@id\":\"https:\/\/welovecinema.be\/fr\/felix-van-groeningen-en-competition-a-sundance-avec-belgica\/#breadcrumb\"},\"inLanguage\":\"fr-FR\",\"potentialAction\":[{\"@type\":\"ReadAction\",\"target\":[\"https:\/\/welovecinema.be\/fr\/felix-van-groeningen-en-competition-a-sundance-avec-belgica\/\"]}]},{\"@type\":\"BreadcrumbList\",\"@id\":\"https:\/\/welovecinema.be\/fr\/felix-van-groeningen-en-competition-a-sundance-avec-belgica\/#breadcrumb\",\"itemListElement\":[{\"@type\":\"ListItem\",\"position\":1,\"name\":\"Accueil\",\"item\":\"https:\/\/welovecinema.be\/fr\/\"},{\"@type\":\"ListItem\",\"position\":2,\"name\":\"Felix van Groeningen en comp\u00e9tition \u00e0 Sundance avec Belgica\"}]},{\"@type\":\"WebSite\",\"@id\":\"https:\/\/welovecinema.be\/nl\/#website\",\"url\":\"https:\/\/welovecinema.be\/nl\/\",\"name\":\"We Love Cinema\",\"description\":\"Toute l\u2019information du cin\u00e9ma en Belgique\",\"publisher\":{\"@id\":\"https:\/\/welovecinema.be\/nl\/#organization\"},\"potentialAction\":[{\"@type\":\"SearchAction\",\"target\":{\"@type\":\"EntryPoint\",\"urlTemplate\":\"https:\/\/welovecinema.be\/nl\/?s={search_term_string}\"},\"query-input\":\"required name=search_term_string\"}],\"inLanguage\":\"fr-FR\"},{\"@type\":\"Organization\",\"@id\":\"https:\/\/welovecinema.be\/nl\/#organization\",\"name\":\"We Love Cinema\",\"url\":\"https:\/\/welovecinema.be\/nl\/\",\"logo\":{\"@type\":\"ImageObject\",\"inLanguage\":\"fr-FR\",\"@id\":\"https:\/\/welovecinema.be\/nl\/#\/schema\/logo\/image\/\",\"url\":\"https:\/\/welovecinema.be\/wp-content\/uploads\/sites\/2\/2023\/03\/Logo-We-Love-Cinema305x128.jpg\",\"contentUrl\":\"https:\/\/welovecinema.be\/wp-content\/uploads\/sites\/2\/2023\/03\/Logo-We-Love-Cinema305x128.jpg\",\"width\":305,\"height\":128,\"caption\":\"We Love Cinema\"},\"image\":{\"@id\":\"https:\/\/welovecinema.be\/nl\/#\/schema\/logo\/image\/\"},\"sameAs\":[\"https:\/\/www.facebook.com\/welovecinema.be\",\"https:\/\/www.youtube.com\/channel\/UCX5LYGVhnKvYauW4Nta4HJA\",\"https:\/\/www.instagram.com\/welovecinema.be\/\"]},{\"@type\":\"Person\",\"@id\":\"https:\/\/welovecinema.be\/nl\/#\/schema\/person\/4b9b1d857f0943453a38a7c2859ef756\",\"name\":\"Philippe.Pierquin\",\"url\":\"https:\/\/welovecinema.be\/fr\/author\/philippe-pierquin\/\"}]}<\/script>\n<!-- \/ Yoast SEO plugin. -->","yoast_head_json":{"title":"Felix van Groeningen en comp\u00e9tition \u00e0 Sundance avec Belgica - We Love Cinema","robots":{"index":"index","follow":"follow","max-snippet":"max-snippet:-1","max-image-preview":"max-image-preview:large","max-video-preview":"max-video-preview:-1"},"canonical":"https:\/\/welovecinema.be\/fr\/felix-van-groeningen-en-competition-a-sundance-avec-belgica\/","og_locale":"fr_FR","og_type":"article","og_title":"Felix van Groeningen en comp\u00e9tition \u00e0 Sundance avec Belgica - We Love Cinema","og_description":"Belgica, le nouveau long m\u00e9trage de Felix van Groeningen (La merditude des choses, The Broken Circle Breakdown\/Alabama Monroe), sera pr\u00e9sent\u00e9 en premi\u00e8re mondiale au prestigieux festival nord-am\u00e9ricain de Sundance (21-31 janvier) en Utah. Un premier film de Pieter-Jan De Pue, The Land of the Enlightened, sera lui aussi pr\u00e9sent\u00e9 en comp\u00e9tition \u00e0 Sundance dans la &hellip;","og_url":"https:\/\/welovecinema.be\/fr\/felix-van-groeningen-en-competition-a-sundance-avec-belgica\/","og_site_name":"We Love Cinema","article_publisher":"https:\/\/www.facebook.com\/welovecinema.be","article_published_time":"2015-12-10T08:27:05+00:00","article_modified_time":"2017-05-16T17:50:01+00:00","og_image":[{"width":1000,"height":622,"url":"https:\/\/welovecinema.be\/wp-content\/uploads\/sites\/2\/2015\/12\/12055352_1719307618298117_1619957597_o.jpg","type":"image\/jpeg"}],"author":"Philippe.Pierquin","twitter_card":"summary_large_image","twitter_misc":{"\u00c9crit par":"Philippe.Pierquin","Dur\u00e9e de lecture estim\u00e9e":"5 minutes"},"schema":{"@context":"https:\/\/schema.org","@graph":[{"@type":"Article","@id":"https:\/\/welovecinema.be\/fr\/felix-van-groeningen-en-competition-a-sundance-avec-belgica\/#article","isPartOf":{"@id":"https:\/\/welovecinema.be\/fr\/felix-van-groeningen-en-competition-a-sundance-avec-belgica\/"},"author":{"name":"Philippe.Pierquin","@id":"https:\/\/welovecinema.be\/nl\/#\/schema\/person\/4b9b1d857f0943453a38a7c2859ef756"},"headline":"Felix van Groeningen en comp\u00e9tition \u00e0 Sundance avec Belgica","datePublished":"2015-12-10T08:27:05+00:00","dateModified":"2017-05-16T17:50:01+00:00","mainEntityOfPage":{"@id":"https:\/\/welovecinema.be\/fr\/felix-van-groeningen-en-competition-a-sundance-avec-belgica\/"},"wordCount":1065,"publisher":{"@id":"https:\/\/welovecinema.be\/nl\/#organization"},"articleSection":["Evenements"],"inLanguage":"fr-FR"},{"@type":"WebPage","@id":"https:\/\/welovecinema.be\/fr\/felix-van-groeningen-en-competition-a-sundance-avec-belgica\/","url":"https:\/\/welovecinema.be\/fr\/felix-van-groeningen-en-competition-a-sundance-avec-belgica\/","name":"Felix van Groeningen en comp\u00e9tition \u00e0 Sundance avec Belgica - We Love Cinema","isPartOf":{"@id":"https:\/\/welovecinema.be\/nl\/#website"},"datePublished":"2015-12-10T08:27:05+00:00","dateModified":"2017-05-16T17:50:01+00:00","breadcrumb":{"@id":"https:\/\/welovecinema.be\/fr\/felix-van-groeningen-en-competition-a-sundance-avec-belgica\/#breadcrumb"},"inLanguage":"fr-FR","potentialAction":[{"@type":"ReadAction","target":["https:\/\/welovecinema.be\/fr\/felix-van-groeningen-en-competition-a-sundance-avec-belgica\/"]}]},{"@type":"BreadcrumbList","@id":"https:\/\/welovecinema.be\/fr\/felix-van-groeningen-en-competition-a-sundance-avec-belgica\/#breadcrumb","itemListElement":[{"@type":"ListItem","position":1,"name":"Accueil","item":"https:\/\/welovecinema.be\/fr\/"},{"@type":"ListItem","position":2,"name":"Felix van Groeningen en comp\u00e9tition \u00e0 Sundance avec Belgica"}]},{"@type":"WebSite","@id":"https:\/\/welovecinema.be\/nl\/#website","url":"https:\/\/welovecinema.be\/nl\/","name":"We Love Cinema","description":"Toute l\u2019information du cin\u00e9ma en Belgique","publisher":{"@id":"https:\/\/welovecinema.be\/nl\/#organization"},"potentialAction":[{"@type":"SearchAction","target":{"@type":"EntryPoint","urlTemplate":"https:\/\/welovecinema.be\/nl\/?s={search_term_string}"},"query-input":"required name=search_term_string"}],"inLanguage":"fr-FR"},{"@type":"Organization","@id":"https:\/\/welovecinema.be\/nl\/#organization","name":"We Love Cinema","url":"https:\/\/welovecinema.be\/nl\/","logo":{"@type":"ImageObject","inLanguage":"fr-FR","@id":"https:\/\/welovecinema.be\/nl\/#\/schema\/logo\/image\/","url":"https:\/\/welovecinema.be\/wp-content\/uploads\/sites\/2\/2023\/03\/Logo-We-Love-Cinema305x128.jpg","contentUrl":"https:\/\/welovecinema.be\/wp-content\/uploads\/sites\/2\/2023\/03\/Logo-We-Love-Cinema305x128.jpg","width":305,"height":128,"caption":"We Love Cinema"},"image":{"@id":"https:\/\/welovecinema.be\/nl\/#\/schema\/logo\/image\/"},"sameAs":["https:\/\/www.facebook.com\/welovecinema.be","https:\/\/www.youtube.com\/channel\/UCX5LYGVhnKvYauW4Nta4HJA","https:\/\/www.instagram.com\/welovecinema.be\/"]},{"@type":"Person","@id":"https:\/\/welovecinema.be\/nl\/#\/schema\/person\/4b9b1d857f0943453a38a7c2859ef756","name":"Philippe.Pierquin","url":"https:\/\/welovecinema.be\/fr\/author\/philippe-pierquin\/"}]}},"_links":{"self":[{"href":"https:\/\/welovecinema.be\/fr\/wp-json\/wp\/v2\/posts\/81579","targetHints":{"allow":["GET"]}}],"collection":[{"href":"https:\/\/welovecinema.be\/fr\/wp-json\/wp\/v2\/posts"}],"about":[{"href":"https:\/\/welovecinema.be\/fr\/wp-json\/wp\/v2\/types\/post"}],"author":[{"embeddable":true,"href":"https:\/\/welovecinema.be\/fr\/wp-json\/wp\/v2\/users\/7"}],"replies":[{"embeddable":true,"href":"https:\/\/welovecinema.be\/fr\/wp-json\/wp\/v2\/comments?post=81579"}],"version-history":[{"count":0,"href":"https:\/\/welovecinema.be\/fr\/wp-json\/wp\/v2\/posts\/81579\/revisions"}],"wp:featuredmedia":[{"embeddable":true,"href":"https:\/\/welovecinema.be\/fr\/wp-json\/wp\/v2\/media\/81588"}],"wp:attachment":[{"href":"https:\/\/welovecinema.be\/fr\/wp-json\/wp\/v2\/media?parent=81579"}],"wp:term":[{"taxonomy":"category","embeddable":true,"href":"https:\/\/welovecinema.be\/fr\/wp-json\/wp\/v2\/categories?post=81579"},{"taxonomy":"post_tag","embeddable":true,"href":"https:\/\/welovecinema.be\/fr\/wp-json\/wp\/v2\/tags?post=81579"}],"curies":[{"name":"wp","href":"https:\/\/api.w.org\/{rel}","templated":true}]}}