{"id":8112,"date":"2011-09-22T06:27:08","date_gmt":"2011-09-22T06:27:08","guid":{"rendered":"http:\/\/www.cinevox.be\/?p=8112"},"modified":"2011-09-22T07:51:43","modified_gmt":"2011-09-22T07:51:43","slug":"tania-garbarski-monsieur-papa-et-madame-sa-fille","status":"publish","type":"post","link":"https:\/\/welovecinema.be\/fr\/tania-garbarski-monsieur-papa-et-madame-sa-fille\/","title":{"rendered":"Tania Garbarski <br> Monsieur Papa et Madame sa Fille"},"content":{"rendered":"<p>Une premi\u00e8re mondiale dans le Grand Eldorado de l&rsquo;UGC De Brouck\u00e8re probablement comble, c&rsquo;est un r\u00eave pour un court m\u00e9trage. C&rsquo;est pourtant ce qui va arriver \u00e0 <em>Madame Papa<\/em>, tout premier court co\u00e9crit et cor\u00e9alis\u00e9 par la d\u00e9licieuse <strong>Tania Garbarski<\/strong>.<!--more--><\/p>\n<p>&nbsp;<\/p>\n<p>Loin de l&rsquo;ambiance d\u00e9lirante de <em>BXL\/USA<\/em> qu&rsquo;il introduira ce jeudi, <em>Madame Papa <\/em>est un film grave, un face \u00e0 face de onze minutes, en noir et blanc, entre un enfant et sa m\u00e8re \u00e0 bout de force. Lui, parle de son p\u00e8re, multiplie les questions. Elle les \u00e9vite, crisp\u00e9e, constamment sur ses gardes<\/p>\n<p>&nbsp;<\/p>\n<p>&#8211;\u00a0\u00a0\u00a0\u00a0\u00a0\u00a0\u00a0\u00a0\u00a0 \u00a0\u00bb J\u2019ai \u00e9t\u00e9 fortement \u00e9mue et inspir\u00e9e par un r\u00e9cit racont\u00e9e par une amie\u00a0\u00bb, nous explique Tania. \u00ab\u00a0Une vision cin\u00e9matographique de ce qu\u2019elle me racontait m\u2019est venue instantan\u00e9ment.j\u2019ai commenc\u00e9 \u00e0 \u00e9crire le soir m\u00eame, ce fut long et laborieux, car l\u2019\u00e9criture est la premi\u00e8re exigence, celle qui selon moi g\u00e9nerera ou pas un beau film et j\u2019ai beaucoup \u00e9crit, jet\u00e9, abandonn\u00e9, laiss\u00e9 reposer, r\u00e9\u00e9cris\u2026 \u00a0Le sujet du film m\u2019est tr\u00e8s cher, mais c\u2019\u00e9tait aussi l\u2019occasion pour moi de raconter une histoire jusqu\u2019au bout, d\u2019essayer en laboratoire, d\u2019apprendre, de me frotter r\u00e9ellement \u00e0 l\u2019envers du miroir\u00a0\u00bb.<\/p>\n<p>&nbsp;<\/p>\n<p><a rel=\"attachment wp-att-8115\" href=\"http:\/\/www.cinevox.be\/tania-garbarski-monsieur-papa-et-madame-sa-fille\/mp-4\/\"><img loading=\"lazy\" decoding=\"async\" class=\"alignleft size-medium wp-image-8115\" title=\"mp 4\" src=\"http:\/\/www.cinevox.be\/wp-content\/uploads\/sites\/2\/2011\/09\/mp-4-402x270.png\" alt=\"\" width=\"402\" height=\"270\" srcset=\"https:\/\/welovecinema.be\/wp-content\/uploads\/sites\/2\/2011\/09\/mp-4-402x270.png 402w, https:\/\/welovecinema.be\/wp-content\/uploads\/sites\/2\/2011\/09\/mp-4-800x536.png 800w, https:\/\/welovecinema.be\/wp-content\/uploads\/sites\/2\/2011\/09\/mp-4.png 849w\" sizes=\"auto, (max-width: 402px) 100vw, 402px\" \/><\/a>Le jeune <strong>Juan Jimenez<\/strong> donne une r\u00e9plique muscl\u00e9e \u00e0 Tania qui est donc aussi devant la cam\u00e9ra, ce qui n&rsquo;est pas surprenant. \u00a0La nouveaut\u00e9 est qu&rsquo;elle a \u00e9crit le sc\u00e9nario et l&rsquo;a mis en sc\u00e8ne avec son c\u00e9l\u00e8bre papa, <strong>Sam Garbarski<\/strong> bien s\u00fbr !<\/p>\n<p>&#8211;\u00a0\u00a0\u00a0\u00a0\u00a0\u00a0\u00a0\u00a0\u00a0 \u00a0\u00bb Comme il s\u2019agissait avant tout d\u2019apprendre, j\u2019ai tr\u00e8s vite demand\u00e9 \u00e0 mon p\u00e8re de m\u2019\u00e9pauler dans cette aventure, surtout parce que, pour la premi\u00e8re fois, je voulais \u00eatre devant et derri\u00e8re la cam\u00e9ra. Je lui ai d\u2019abord fait lire mon histoire et son enthousiasme m\u2019a donn\u00e9 la force de lui proposer s\u00e9rieusement une collaboration. Il faut savoir qu\u2019en fait, \u00a0nous travaillons ensemble depuis toujours. On partage nos exp\u00e9riences, on lit nos <a rel=\"attachment wp-att-8118\" href=\"http:\/\/www.cinevox.be\/tania-garbarski-monsieur-papa-et-madame-sa-fille\/mp-2\/\"><img loading=\"lazy\" decoding=\"async\" class=\"alignright size-medium wp-image-8118\" title=\"mp 2\" src=\"http:\/\/www.cinevox.be\/wp-content\/uploads\/sites\/2\/2011\/09\/mp-2-407x270.png\" alt=\"\" width=\"407\" height=\"270\" srcset=\"https:\/\/welovecinema.be\/wp-content\/uploads\/sites\/2\/2011\/09\/mp-2-407x270.png 407w, https:\/\/welovecinema.be\/wp-content\/uploads\/sites\/2\/2011\/09\/mp-2-800x529.png 800w, https:\/\/welovecinema.be\/wp-content\/uploads\/sites\/2\/2011\/09\/mp-2.png 855w\" sizes=\"auto, (max-width: 407px) 100vw, 407px\" \/><\/a>sc\u00e9narios respectifs, on \u00e9change nos points de vue. Je n\u2019envisage jamais un projet sans lui en parler, et il me demande souvent mon avis aussi. C\u2019est une complicit\u00e9 tr\u00e8s pr\u00e9cieuse.<\/p>\n<p>Notre collaboration f\u00fbt dense, j\u2019ai appris \u00e9norm\u00e9ment, peut \u00eatre que lui aussi !<\/p>\n<p>Je lui ai fait une totale confiance pour me diriger comme actrice, car une fois le moteur demand\u00e9, je n\u2019\u00e9tais plus qu\u2019actrice.\u00a0\u00bb<\/p>\n<p>Sam, t\u00e9nor de la pub pendant trente ans, a r\u00e9alis\u00e9 trois courts m\u00e9trages entre 1998 et 2000, puis trois longs : <em>Le Tango des Rashevski, <\/em>avec Michel Jonasz et Hippolyte Girardot,\u00a0 <em>Irina Palm<\/em> avec Marianne Faithful dans un r\u00f4le m\u00e9morable et <em>Quartier Lointain<\/em>, magnifique transposition du manga de Jiro Tanigushi. Tania incarne dans ce film une serveuse de bar tr\u00e8s sexy\u00a0:Nelly \u00a0et joue aussi un des r\u00f4les principaux dans le <em>Tango de Rachevski<\/em>. Au cin\u00e9ma, une de ses compositions les plus frappantes reste son personnage de Christine dans <em>La Face Cach\u00e9e<\/em> de Bernard Campan, aux c\u00f4t\u00e9s du r\u00e9alisateur, de Karin Viard et de Jean-Hughes Anglade.<\/p>\n<p>&nbsp;<\/p>\n<p><a rel=\"attachment wp-att-8122\" href=\"http:\/\/www.cinevox.be\/tania-garbarski-monsieur-papa-et-madame-sa-fille\/tania-affiche\/\"><img loading=\"lazy\" decoding=\"async\" class=\"aligncenter size-full wp-image-8122\" title=\"tania affiche\" src=\"http:\/\/www.cinevox.be\/wp-content\/uploads\/sites\/2\/2011\/09\/tania-affiche.png\" alt=\"\" width=\"1272\" height=\"893\" srcset=\"https:\/\/welovecinema.be\/wp-content\/uploads\/sites\/2\/2011\/09\/tania-affiche.png 1272w, https:\/\/welovecinema.be\/wp-content\/uploads\/sites\/2\/2011\/09\/tania-affiche-384x270.png 384w, https:\/\/welovecinema.be\/wp-content\/uploads\/sites\/2\/2011\/09\/tania-affiche-800x561.png 800w\" sizes=\"auto, (max-width: 1272px) 100vw, 1272px\" \/><\/a><\/p>\n<p>&nbsp;<\/p>\n<p>&#8211;\u00a0\u00a0\u00a0\u00a0\u00a0\u00a0\u00a0\u00a0\u00a0 J\u2019ai effectivement ador\u00e9 travailler avec Bernard Campan. Ce fut une rencontre\u00a0 importante. C\u2019est un formidable directeur d\u2019acteur et le fait qu\u2019il soit lui m\u00eame grand acteur n\u2019y est pas pour rien. Il est pr\u00e9cis, g\u00e9n\u00e9reux dans ces indications et tr\u00e8s investi.\u00a0 Et ma collaboration avec Jean Hugues Anglade reste un bon souvenir. Premier jour de tournage, moi\u00a0:\u00ab\u00a0bonjour monsieur Anglade\u00a0\u00bb, une heure plus tard on s\u2019embrassait fougueusement dans un fauteuil pour la cam\u00e9ra de Campan en continuant \u00e0 se vouvoyer entre les prises!! Aaahhh le cin\u00e9ma. Je viens \u00e9galement de tourner sous la direction de <strong>Miel van Hoogenbemt<\/strong> sur <em>Fils unique<\/em> et ce fut aussi une belle exp\u00e9rience d\u2019incarner pour lui, un morceau d&rsquo;histoire personnelle tr\u00e8s forte.<\/p>\n<p>Et puis j\u2019ai rencontr\u00e9 r\u00e9cemment Solange Cicurel lors du tournage de son court m\u00e9trage \u00ab\u00a0Einstein \u00e9tait un r\u00e9fugi\u00e9\u00a0\u00bb (produit par Entre Chien et Loup) , elle m\u2019a confi\u00e9 le r\u00f4le fort d\u2019une avocate \u00e0 la commission aux r\u00e9fugi\u00e9s. Un personnage formidable. Sinon, une anecdote assez dr\u00f4le et paradoxale\u00a0: j\u2019ai pris un plaisir fou \u00e0 interpr\u00e9ter une sc\u00e8ne de d\u00e9lire absolu en femme de Jean Benguigui pour le tr\u00e8s mauvais \u00ab\u00a0Coco \u00ab\u00a0de Gad Elmaleh. Le film n\u2019est pas tr\u00e8s r\u00e9ussi et je n\u2019y apparais plus, car il a d\u00fb couper un bon 40 min de d\u00e9lires, mais je ne regrette pas le bonheur que fut cette journ\u00e9e o\u00f9 je lui ai jou\u00e9 la Juive s\u00e9pharade hyst\u00e9rique \u00e0 l\u2019accent belge, des heures durant, avec une \u00e9quipe au complet pleurant de rire.<\/p>\n<p>&nbsp;<\/p>\n<p><a rel=\"attachment wp-att-8123\" href=\"http:\/\/www.cinevox.be\/tania-garbarski-monsieur-papa-et-madame-sa-fille\/341266_10150307329137745_742602744_8080296_1786813393_o-2\/\"><img loading=\"lazy\" decoding=\"async\" class=\"alignright size-large wp-image-8123\" title=\"341266_10150307329137745_742602744_8080296_1786813393_o\" src=\"http:\/\/www.cinevox.be\/wp-content\/uploads\/sites\/2\/2011\/09\/341266_10150307329137745_742602744_8080296_1786813393_o1-399x600.jpg\" alt=\"\" width=\"279\" height=\"420\" srcset=\"https:\/\/welovecinema.be\/wp-content\/uploads\/sites\/2\/2011\/09\/341266_10150307329137745_742602744_8080296_1786813393_o1-399x600.jpg 399w, https:\/\/welovecinema.be\/wp-content\/uploads\/sites\/2\/2011\/09\/341266_10150307329137745_742602744_8080296_1786813393_o1-179x270.jpg 179w, https:\/\/welovecinema.be\/wp-content\/uploads\/sites\/2\/2011\/09\/341266_10150307329137745_742602744_8080296_1786813393_o1.jpg 1365w\" sizes=\"auto, (max-width: 279px) 100vw, 279px\" \/><\/a>M\u00eame si les climats de <em>Madame Papa<\/em> et <em>BXL\/USA<\/em> sont donc fort diff\u00e9rents, l&rsquo;encha\u00eenement des deux films reste une affaire de famille. D&rsquo;abord parce que les deux \u0153uvres ont \u00e9t\u00e9 produites par Nexus Factory. Ensuite, parce que, comme certains d&rsquo;entre vous le savent d\u00e9sormais, Tania est l&rsquo;\u00e9pouse de <strong>Charlie Dupont,<\/strong> un des principaux acteurs de <em>BXL\/USA<\/em>. On peut les voir ensemble dans les tr\u00e8s amusants <a href=\"http:\/\/www.cinevox.be\/qui-est-la-tres-con-tres-belge-totalement-irresistible\/\">Qui est l\u00e0?<\/a>, sign\u00e9s par Charlie et <strong>Philippe Bourgueil<\/strong> qui viennent tout juste de d\u00e9barquer sur <a href=\"http:\/\/itunes.apple.com\/be\/app\/qui-est-la\/id461725027?l=fr&amp;mt=8\">l&rsquo;Apple Store<\/a>. Les deux tourtereaux seront aussi <strong>sur la sc\u00e8ne<\/strong> du th\u00e9\u00e2tre Mercelis \u00e0 partir du 25 octobre pour <a href=\"http:\/\/www.cinevox.be\/telex-la-compile-en-belgovision-vol-11-12092011\/\"><em>Promenade de sant\u00e9<\/em><\/a> une pi\u00e8ce sign\u00e9e par Nicolas Bedos. Pour l&rsquo;anecdote, Charlie a \u00e9galement co\u00e9crit, cor\u00e9alis\u00e9 et interpr\u00e9t\u00e9 un court m\u00e9trage, le fascinant <em>Pierre Papier Ciseaux<\/em> que nous proposerons bient\u00f4t \u2026 sur Cinevox !<\/p>\n<p>&nbsp;<\/p>\n<p>&#8211;\u00a0\u00a0\u00a0\u00a0\u00a0\u00a0\u00a0\u00a0\u00a0 Le travail avec Charlie est aussi \u00e9vident que notre couple l\u2019est pour moi. Nous partageons \u00e9norm\u00e9ment de choses et ne pas partager notre passion commune pour ce m\u00e9tier, e\u00fbt \u00e9t\u00e9 idiot. Nous cherchions un texte pour nous depuis des ann\u00e9es.Celui de Nicolas Bedos nous a conquis. Nous d\u00e9couvrons en ce moment (en r\u00e9p\u00e9tition) avec bonheur de nouvelles facettes de l\u2019autre. Je crois que nous continuons de nous surprendre et ce n\u2019est pas fait expr\u00e8s.Charlie est un formidable acteur instinctif, de l\u2019instant, et moi je suis une inconditionnelle de la technique venant du classique. Notre rencontre sur sc\u00e8ne est un joyeux m\u00e9lange essentiel. Et ce n\u2019est pas fini puisque nous encha\u00eenerons en novembre avec un film dans lequel nous incarnerons \u2026 un couple.<\/p>\n<p>&nbsp;<\/p>\n<p><a rel=\"attachment wp-att-8124\" href=\"http:\/\/www.cinevox.be\/tania-garbarski-monsieur-papa-et-madame-sa-fille\/mp-6\/\"><img loading=\"lazy\" decoding=\"async\" class=\"aligncenter size-full wp-image-8124\" title=\"mp 6\" src=\"http:\/\/www.cinevox.be\/wp-content\/uploads\/sites\/2\/2011\/09\/mp-6.png\" alt=\"\" width=\"856\" height=\"566\" srcset=\"https:\/\/welovecinema.be\/wp-content\/uploads\/sites\/2\/2011\/09\/mp-6.png 856w, https:\/\/welovecinema.be\/wp-content\/uploads\/sites\/2\/2011\/09\/mp-6-408x270.png 408w, https:\/\/welovecinema.be\/wp-content\/uploads\/sites\/2\/2011\/09\/mp-6-800x528.png 800w\" sizes=\"auto, (max-width: 856px) 100vw, 856px\" \/><\/a><\/p>\n<p>&nbsp;<\/p>\n<p>En attendant, Charlie et Tania seront r\u00e9unis ce jeudi dans le Grand Eldorado. L&rsquo;un pour accompagner un film qui a d\u00e9j\u00e0 fait ses preuves, triomphant r\u00e9cemment au <a href=\"http:\/\/www.cinevox.be\/bxlusa-explose-la-rochelle\/\" target=\"_blank\">Festival de La Rochelle<\/a>, l&rsquo;autre forc\u00e9ment plus tendue par la pr\u00e9sentation officielle de son \u00ab\u00a0<em>Madame Papa\u00a0\u00bb <\/em>qui doit encore rencontrer le public.<\/p>\n<p>En plus d&rsquo;\u00eatre dr\u00f4le (dans sa deuxi\u00e8me partie), cette soir\u00e9e phare des BNP Paribas Fortis Film Days sera donc importante.<\/p>\n<p>&nbsp;<\/p>\n<p><em>[Toutes les photos de cet article, y compris l&rsquo;affiche de Promenade de Sant\u00e9, sont\u00a0sign\u00e9es\u00a0par <strong>Philippe Vandendriessche<\/strong>.\u00a0Vous\u00a0pouvez d\u00e9couvrir son travail <a href=\" http:\/\/www.philvdd.be\/fr\/accueil.html\" target=\"_blank\">ici<\/a>]<\/em><\/p>\n<p>&nbsp;<\/p>\n","protected":false},"excerpt":{"rendered":"<p>Une premi\u00e8re mondiale dans le Grand Eldorado de l&rsquo;UGC De Brouck\u00e8re probablement comble, c&rsquo;est un r\u00eave pour un court m\u00e9trage. C&rsquo;est pourtant ce qui va arriver \u00e0 Madame Papa, tout premier court co\u00e9crit et cor\u00e9alis\u00e9 par la d\u00e9licieuse Tania Garbarski.<\/p>\n","protected":false},"author":7,"featured_media":8120,"comment_status":"closed","ping_status":"closed","sticky":false,"template":"","format":"standard","meta":{"ngg_post_thumbnail":0,"footnotes":""},"categories":[1978],"tags":[],"class_list":["post-8112","post","type-post","status-publish","format-standard","has-post-thumbnail","","category-interviews"],"yoast_head":"<!-- This site is optimized with the Yoast SEO plugin v20.4 - https:\/\/yoast.com\/wordpress\/plugins\/seo\/ -->\n<title>Tania Garbarski  Monsieur Papa et Madame sa Fille - We Love Cinema<\/title>\n<meta name=\"robots\" content=\"index, follow, max-snippet:-1, max-image-preview:large, max-video-preview:-1\" \/>\n<link rel=\"canonical\" href=\"https:\/\/welovecinema.be\/fr\/tania-garbarski-monsieur-papa-et-madame-sa-fille\/\" \/>\n<meta property=\"og:locale\" content=\"fr_FR\" \/>\n<meta property=\"og:type\" content=\"article\" \/>\n<meta property=\"og:title\" content=\"Tania Garbarski  Monsieur Papa et Madame sa Fille - We Love Cinema\" \/>\n<meta property=\"og:description\" content=\"Une premi\u00e8re mondiale dans le Grand Eldorado de l&rsquo;UGC De Brouck\u00e8re probablement comble, c&rsquo;est un r\u00eave pour un court m\u00e9trage. C&rsquo;est pourtant ce qui va arriver \u00e0 Madame Papa, tout premier court co\u00e9crit et cor\u00e9alis\u00e9 par la d\u00e9licieuse Tania Garbarski.\" \/>\n<meta property=\"og:url\" content=\"https:\/\/welovecinema.be\/fr\/tania-garbarski-monsieur-papa-et-madame-sa-fille\/\" \/>\n<meta property=\"og:site_name\" content=\"We Love Cinema\" \/>\n<meta property=\"article:publisher\" content=\"https:\/\/www.facebook.com\/welovecinema.be\" \/>\n<meta property=\"article:published_time\" content=\"2011-09-22T06:27:08+00:00\" \/>\n<meta property=\"article:modified_time\" content=\"2011-09-22T07:51:43+00:00\" \/>\n<meta property=\"og:image\" content=\"https:\/\/welovecinema.be\/wp-content\/uploads\/sites\/2\/2011\/09\/mp-7.png\" \/>\n\t<meta property=\"og:image:width\" content=\"858\" \/>\n\t<meta property=\"og:image:height\" content=\"569\" \/>\n\t<meta property=\"og:image:type\" content=\"image\/png\" \/>\n<meta name=\"author\" content=\"Philippe.Pierquin\" \/>\n<meta name=\"twitter:card\" content=\"summary_large_image\" \/>\n<meta name=\"twitter:label1\" content=\"\u00c9crit par\" \/>\n\t<meta name=\"twitter:data1\" content=\"Philippe.Pierquin\" \/>\n\t<meta name=\"twitter:label2\" content=\"Dur\u00e9e de lecture estim\u00e9e\" \/>\n\t<meta name=\"twitter:data2\" content=\"6 minutes\" \/>\n<script type=\"application\/ld+json\" class=\"yoast-schema-graph\">{\"@context\":\"https:\/\/schema.org\",\"@graph\":[{\"@type\":\"Article\",\"@id\":\"https:\/\/welovecinema.be\/fr\/tania-garbarski-monsieur-papa-et-madame-sa-fille\/#article\",\"isPartOf\":{\"@id\":\"https:\/\/welovecinema.be\/fr\/tania-garbarski-monsieur-papa-et-madame-sa-fille\/\"},\"author\":{\"name\":\"Philippe.Pierquin\",\"@id\":\"https:\/\/welovecinema.be\/nl\/#\/schema\/person\/4b9b1d857f0943453a38a7c2859ef756\"},\"headline\":\"Tania Garbarski Monsieur Papa et Madame sa Fille\",\"datePublished\":\"2011-09-22T06:27:08+00:00\",\"dateModified\":\"2011-09-22T07:51:43+00:00\",\"mainEntityOfPage\":{\"@id\":\"https:\/\/welovecinema.be\/fr\/tania-garbarski-monsieur-papa-et-madame-sa-fille\/\"},\"wordCount\":1254,\"publisher\":{\"@id\":\"https:\/\/welovecinema.be\/nl\/#organization\"},\"articleSection\":[\"Rencontres\"],\"inLanguage\":\"fr-FR\"},{\"@type\":\"WebPage\",\"@id\":\"https:\/\/welovecinema.be\/fr\/tania-garbarski-monsieur-papa-et-madame-sa-fille\/\",\"url\":\"https:\/\/welovecinema.be\/fr\/tania-garbarski-monsieur-papa-et-madame-sa-fille\/\",\"name\":\"Tania Garbarski Monsieur Papa et Madame sa Fille - We Love Cinema\",\"isPartOf\":{\"@id\":\"https:\/\/welovecinema.be\/nl\/#website\"},\"datePublished\":\"2011-09-22T06:27:08+00:00\",\"dateModified\":\"2011-09-22T07:51:43+00:00\",\"breadcrumb\":{\"@id\":\"https:\/\/welovecinema.be\/fr\/tania-garbarski-monsieur-papa-et-madame-sa-fille\/#breadcrumb\"},\"inLanguage\":\"fr-FR\",\"potentialAction\":[{\"@type\":\"ReadAction\",\"target\":[\"https:\/\/welovecinema.be\/fr\/tania-garbarski-monsieur-papa-et-madame-sa-fille\/\"]}]},{\"@type\":\"BreadcrumbList\",\"@id\":\"https:\/\/welovecinema.be\/fr\/tania-garbarski-monsieur-papa-et-madame-sa-fille\/#breadcrumb\",\"itemListElement\":[{\"@type\":\"ListItem\",\"position\":1,\"name\":\"Accueil\",\"item\":\"https:\/\/welovecinema.be\/fr\/\"},{\"@type\":\"ListItem\",\"position\":2,\"name\":\"Tania Garbarski Monsieur Papa et Madame sa Fille\"}]},{\"@type\":\"WebSite\",\"@id\":\"https:\/\/welovecinema.be\/nl\/#website\",\"url\":\"https:\/\/welovecinema.be\/nl\/\",\"name\":\"We Love Cinema\",\"description\":\"Toute l\u2019information du cin\u00e9ma en Belgique\",\"publisher\":{\"@id\":\"https:\/\/welovecinema.be\/nl\/#organization\"},\"potentialAction\":[{\"@type\":\"SearchAction\",\"target\":{\"@type\":\"EntryPoint\",\"urlTemplate\":\"https:\/\/welovecinema.be\/nl\/?s={search_term_string}\"},\"query-input\":\"required name=search_term_string\"}],\"inLanguage\":\"fr-FR\"},{\"@type\":\"Organization\",\"@id\":\"https:\/\/welovecinema.be\/nl\/#organization\",\"name\":\"We Love Cinema\",\"url\":\"https:\/\/welovecinema.be\/nl\/\",\"logo\":{\"@type\":\"ImageObject\",\"inLanguage\":\"fr-FR\",\"@id\":\"https:\/\/welovecinema.be\/nl\/#\/schema\/logo\/image\/\",\"url\":\"https:\/\/welovecinema.be\/wp-content\/uploads\/sites\/2\/2023\/03\/Logo-We-Love-Cinema305x128.jpg\",\"contentUrl\":\"https:\/\/welovecinema.be\/wp-content\/uploads\/sites\/2\/2023\/03\/Logo-We-Love-Cinema305x128.jpg\",\"width\":305,\"height\":128,\"caption\":\"We Love Cinema\"},\"image\":{\"@id\":\"https:\/\/welovecinema.be\/nl\/#\/schema\/logo\/image\/\"},\"sameAs\":[\"https:\/\/www.facebook.com\/welovecinema.be\",\"https:\/\/www.youtube.com\/channel\/UCX5LYGVhnKvYauW4Nta4HJA\",\"https:\/\/www.instagram.com\/welovecinema.be\/\"]},{\"@type\":\"Person\",\"@id\":\"https:\/\/welovecinema.be\/nl\/#\/schema\/person\/4b9b1d857f0943453a38a7c2859ef756\",\"name\":\"Philippe.Pierquin\",\"url\":\"https:\/\/welovecinema.be\/fr\/author\/philippe-pierquin\/\"}]}<\/script>\n<!-- \/ Yoast SEO plugin. -->","yoast_head_json":{"title":"Tania Garbarski  Monsieur Papa et Madame sa Fille - We Love Cinema","robots":{"index":"index","follow":"follow","max-snippet":"max-snippet:-1","max-image-preview":"max-image-preview:large","max-video-preview":"max-video-preview:-1"},"canonical":"https:\/\/welovecinema.be\/fr\/tania-garbarski-monsieur-papa-et-madame-sa-fille\/","og_locale":"fr_FR","og_type":"article","og_title":"Tania Garbarski  Monsieur Papa et Madame sa Fille - We Love Cinema","og_description":"Une premi\u00e8re mondiale dans le Grand Eldorado de l&rsquo;UGC De Brouck\u00e8re probablement comble, c&rsquo;est un r\u00eave pour un court m\u00e9trage. C&rsquo;est pourtant ce qui va arriver \u00e0 Madame Papa, tout premier court co\u00e9crit et cor\u00e9alis\u00e9 par la d\u00e9licieuse Tania Garbarski.","og_url":"https:\/\/welovecinema.be\/fr\/tania-garbarski-monsieur-papa-et-madame-sa-fille\/","og_site_name":"We Love Cinema","article_publisher":"https:\/\/www.facebook.com\/welovecinema.be","article_published_time":"2011-09-22T06:27:08+00:00","article_modified_time":"2011-09-22T07:51:43+00:00","og_image":[{"width":"858","height":"569","url":"https:\/\/welovecinema.be\/wp-content\/uploads\/sites\/2\/2011\/09\/mp-7.png","type":"image\/png"}],"author":"Philippe.Pierquin","twitter_card":"summary_large_image","twitter_misc":{"\u00c9crit par":"Philippe.Pierquin","Dur\u00e9e de lecture estim\u00e9e":"6 minutes"},"schema":{"@context":"https:\/\/schema.org","@graph":[{"@type":"Article","@id":"https:\/\/welovecinema.be\/fr\/tania-garbarski-monsieur-papa-et-madame-sa-fille\/#article","isPartOf":{"@id":"https:\/\/welovecinema.be\/fr\/tania-garbarski-monsieur-papa-et-madame-sa-fille\/"},"author":{"name":"Philippe.Pierquin","@id":"https:\/\/welovecinema.be\/nl\/#\/schema\/person\/4b9b1d857f0943453a38a7c2859ef756"},"headline":"Tania Garbarski Monsieur Papa et Madame sa Fille","datePublished":"2011-09-22T06:27:08+00:00","dateModified":"2011-09-22T07:51:43+00:00","mainEntityOfPage":{"@id":"https:\/\/welovecinema.be\/fr\/tania-garbarski-monsieur-papa-et-madame-sa-fille\/"},"wordCount":1254,"publisher":{"@id":"https:\/\/welovecinema.be\/nl\/#organization"},"articleSection":["Rencontres"],"inLanguage":"fr-FR"},{"@type":"WebPage","@id":"https:\/\/welovecinema.be\/fr\/tania-garbarski-monsieur-papa-et-madame-sa-fille\/","url":"https:\/\/welovecinema.be\/fr\/tania-garbarski-monsieur-papa-et-madame-sa-fille\/","name":"Tania Garbarski Monsieur Papa et Madame sa Fille - We Love Cinema","isPartOf":{"@id":"https:\/\/welovecinema.be\/nl\/#website"},"datePublished":"2011-09-22T06:27:08+00:00","dateModified":"2011-09-22T07:51:43+00:00","breadcrumb":{"@id":"https:\/\/welovecinema.be\/fr\/tania-garbarski-monsieur-papa-et-madame-sa-fille\/#breadcrumb"},"inLanguage":"fr-FR","potentialAction":[{"@type":"ReadAction","target":["https:\/\/welovecinema.be\/fr\/tania-garbarski-monsieur-papa-et-madame-sa-fille\/"]}]},{"@type":"BreadcrumbList","@id":"https:\/\/welovecinema.be\/fr\/tania-garbarski-monsieur-papa-et-madame-sa-fille\/#breadcrumb","itemListElement":[{"@type":"ListItem","position":1,"name":"Accueil","item":"https:\/\/welovecinema.be\/fr\/"},{"@type":"ListItem","position":2,"name":"Tania Garbarski Monsieur Papa et Madame sa Fille"}]},{"@type":"WebSite","@id":"https:\/\/welovecinema.be\/nl\/#website","url":"https:\/\/welovecinema.be\/nl\/","name":"We Love Cinema","description":"Toute l\u2019information du cin\u00e9ma en Belgique","publisher":{"@id":"https:\/\/welovecinema.be\/nl\/#organization"},"potentialAction":[{"@type":"SearchAction","target":{"@type":"EntryPoint","urlTemplate":"https:\/\/welovecinema.be\/nl\/?s={search_term_string}"},"query-input":"required name=search_term_string"}],"inLanguage":"fr-FR"},{"@type":"Organization","@id":"https:\/\/welovecinema.be\/nl\/#organization","name":"We Love Cinema","url":"https:\/\/welovecinema.be\/nl\/","logo":{"@type":"ImageObject","inLanguage":"fr-FR","@id":"https:\/\/welovecinema.be\/nl\/#\/schema\/logo\/image\/","url":"https:\/\/welovecinema.be\/wp-content\/uploads\/sites\/2\/2023\/03\/Logo-We-Love-Cinema305x128.jpg","contentUrl":"https:\/\/welovecinema.be\/wp-content\/uploads\/sites\/2\/2023\/03\/Logo-We-Love-Cinema305x128.jpg","width":305,"height":128,"caption":"We Love Cinema"},"image":{"@id":"https:\/\/welovecinema.be\/nl\/#\/schema\/logo\/image\/"},"sameAs":["https:\/\/www.facebook.com\/welovecinema.be","https:\/\/www.youtube.com\/channel\/UCX5LYGVhnKvYauW4Nta4HJA","https:\/\/www.instagram.com\/welovecinema.be\/"]},{"@type":"Person","@id":"https:\/\/welovecinema.be\/nl\/#\/schema\/person\/4b9b1d857f0943453a38a7c2859ef756","name":"Philippe.Pierquin","url":"https:\/\/welovecinema.be\/fr\/author\/philippe-pierquin\/"}]}},"_links":{"self":[{"href":"https:\/\/welovecinema.be\/fr\/wp-json\/wp\/v2\/posts\/8112","targetHints":{"allow":["GET"]}}],"collection":[{"href":"https:\/\/welovecinema.be\/fr\/wp-json\/wp\/v2\/posts"}],"about":[{"href":"https:\/\/welovecinema.be\/fr\/wp-json\/wp\/v2\/types\/post"}],"author":[{"embeddable":true,"href":"https:\/\/welovecinema.be\/fr\/wp-json\/wp\/v2\/users\/7"}],"replies":[{"embeddable":true,"href":"https:\/\/welovecinema.be\/fr\/wp-json\/wp\/v2\/comments?post=8112"}],"version-history":[{"count":0,"href":"https:\/\/welovecinema.be\/fr\/wp-json\/wp\/v2\/posts\/8112\/revisions"}],"wp:featuredmedia":[{"embeddable":true,"href":"https:\/\/welovecinema.be\/fr\/wp-json\/wp\/v2\/media\/8120"}],"wp:attachment":[{"href":"https:\/\/welovecinema.be\/fr\/wp-json\/wp\/v2\/media?parent=8112"}],"wp:term":[{"taxonomy":"category","embeddable":true,"href":"https:\/\/welovecinema.be\/fr\/wp-json\/wp\/v2\/categories?post=8112"},{"taxonomy":"post_tag","embeddable":true,"href":"https:\/\/welovecinema.be\/fr\/wp-json\/wp\/v2\/tags?post=8112"}],"curies":[{"name":"wp","href":"https:\/\/api.w.org\/{rel}","templated":true}]}}