{"id":79882,"date":"2015-10-27T16:43:28","date_gmt":"2015-10-27T15:43:28","guid":{"rendered":"http:\/\/www.cinevox.be\/?p=79882"},"modified":"2015-10-27T16:43:40","modified_gmt":"2015-10-27T15:43:40","slug":"faites-des-tetes-denterrement","status":"publish","type":"post","link":"https:\/\/welovecinema.be\/fr\/faites-des-tetes-denterrement\/","title":{"rendered":"Faites des t\u00eates d&rsquo;enterrement"},"content":{"rendered":"<p>La \u00a0production recherche des femmes et hommes de 16 \u00e0 90 ans, afin d&rsquo;assister \u00e0 &#8230; enterrement film\u00e9 pour le long m\u00e9trage<em> Scribe,<\/em>\u00a0r\u00e9alis\u00e9e par Thomas Kruithof, avec Fran\u00e7ois Cluzet, Denis Podalyd\u00e8s, Sami Bouajila et Simon Abkarian.<!--more--><\/p>\n<p>&nbsp;<\/p>\n<p>L\u2019histoire : Duval, quinquag\u00e9naire au ch\u00f4mage, est contact\u00e9 par un myst\u00e9rieux employeur pour retranscrire des \u00e9coutes t\u00e9l\u00e9phoniques. Aux abois financi\u00e8rement, accepte. Ce travail simple, va n\u00e9anmoins le placer tr\u00e8s vite au coeur d\u2019un complot politique et le plonger dans la brutalit\u00e9 et l\u2019\u00e9tranget\u00e9 du monde des services secrets.<\/p>\n<p>&nbsp;<\/p>\n<p><strong>Caract\u00e9ristiques physiques:<\/strong><br \/>\nFemmes et hommes, prinpallement d\u2019origine caucasienne, \u00e2g\u00e9s de 16 \u00e0 90 ans.<\/p>\n<p><strong>Infos importantes:<\/strong><br \/>\nUne r\u00e9mun\u00e9ration de 45\u20ac est pr\u00e9vue par jour de prestation.<\/p>\n<p>Si vous \u00eates int\u00e9ress\u00e9(e) et que vous correspondez aux profils recherch\u00e9s, cliquez sur le lien \u201cProposer sa candidature\u201d au bas de l\u2019annonce.<br \/>\nNous rappellerons les personnes s\u00e9lectionn\u00e9es dans le courant du mois d\u2019octobre.<\/p>\n<div class=\"field field-type-text field-field-credit-photo\"><\/div>\n<p class=\"fieldgroup group-infos-pratiques\">Informations pratiques concernant le tournage<\/p>\n<div class=\"field field-type-datestamp field-field-date-debut\">\n<div class=\"field-items\">\n<div class=\"field-item odd\">\n<div class=\"field-label-inline-first\">Date(s):<\/div>\n<p><span class=\"date-display-single\">Je, 26\/11\/2015 &#8211; <span class=\"date-display-start\">07:30<\/span><span class=\"date-display-separator\"> &#8211; <\/span><span class=\"date-display-end\">18:30<\/span><\/span><\/p>\n<\/div>\n<\/div>\n<\/div>\n<div class=\"field field-type-text field-field-localite-evenement\">\n<div class=\"field-items\">\n<div class=\"field-item odd\">\n<div class=\"field-label-inline-first\">Ville \/ Localit\u00e9:<\/div>\n<p>Bruxelles<\/p>\n<\/div>\n<\/div>\n<\/div>\n<div class=\"field field-type-text field-field-statut-candidature\">\n<p class=\"field-label\">Les candidatures sont ouvertes <a href=\"http:\/\/casting7.com\/annonce\/femmes-et-hommes-de-16-%C3%A0-90-ans-famille-enterrement\">sur le site Casting 7<\/a> (connectez-vous ou cr\u00e9ez un compte)<\/p>\n<\/div>\n","protected":false},"excerpt":{"rendered":"<p>La \u00a0production recherche des femmes et hommes de 16 \u00e0 90 ans, afin d&rsquo;assister \u00e0 &#8230; enterrement film\u00e9 pour le long m\u00e9trage Scribe,\u00a0r\u00e9alis\u00e9e par Thomas Kruithof, avec Fran\u00e7ois Cluzet, Denis Podalyd\u00e8s, Sami Bouajila et Simon Abkarian.<\/p>\n","protected":false},"author":7,"featured_media":79884,"comment_status":"closed","ping_status":"closed","sticky":false,"template":"","format":"standard","meta":{"ngg_post_thumbnail":0,"footnotes":""},"categories":[20],"tags":[],"class_list":["post-79882","post","type-post","status-publish","format-standard","has-post-thumbnail","","category-cinejobs"],"yoast_head":"<!-- This site is optimized with the Yoast SEO plugin v20.4 - https:\/\/yoast.com\/wordpress\/plugins\/seo\/ -->\n<title>Faites des t\u00eates d&#039;enterrement - We Love Cinema<\/title>\n<meta name=\"robots\" content=\"index, follow, max-snippet:-1, max-image-preview:large, max-video-preview:-1\" \/>\n<link rel=\"canonical\" href=\"https:\/\/welovecinema.be\/fr\/faites-des-tetes-denterrement\/\" \/>\n<meta property=\"og:locale\" content=\"fr_FR\" \/>\n<meta property=\"og:type\" content=\"article\" \/>\n<meta property=\"og:title\" content=\"Faites des t\u00eates d&#039;enterrement - We Love Cinema\" \/>\n<meta property=\"og:description\" content=\"La \u00a0production recherche des femmes et hommes de 16 \u00e0 90 ans, afin d&rsquo;assister \u00e0 &#8230; enterrement film\u00e9 pour le long m\u00e9trage Scribe,\u00a0r\u00e9alis\u00e9e par Thomas Kruithof, avec Fran\u00e7ois Cluzet, Denis Podalyd\u00e8s, Sami Bouajila et Simon Abkarian.\" \/>\n<meta property=\"og:url\" content=\"https:\/\/welovecinema.be\/fr\/faites-des-tetes-denterrement\/\" \/>\n<meta property=\"og:site_name\" content=\"We Love Cinema\" \/>\n<meta property=\"article:publisher\" content=\"https:\/\/www.facebook.com\/welovecinema.be\" \/>\n<meta property=\"article:published_time\" content=\"2015-10-27T15:43:28+00:00\" \/>\n<meta property=\"article:modified_time\" content=\"2015-10-27T15:43:40+00:00\" \/>\n<meta property=\"og:image\" content=\"https:\/\/welovecinema.be\/wp-content\/uploads\/sites\/2\/2015\/10\/r-SIX-FEET-UNDER-large570.jpg\" \/>\n\t<meta property=\"og:image:width\" content=\"570\" \/>\n\t<meta property=\"og:image:height\" content=\"238\" \/>\n\t<meta property=\"og:image:type\" content=\"image\/jpeg\" \/>\n<meta name=\"author\" content=\"Philippe.Pierquin\" \/>\n<meta name=\"twitter:card\" content=\"summary_large_image\" \/>\n<meta name=\"twitter:label1\" content=\"\u00c9crit par\" \/>\n\t<meta name=\"twitter:data1\" content=\"Philippe.Pierquin\" \/>\n\t<meta name=\"twitter:label2\" content=\"Dur\u00e9e de lecture estim\u00e9e\" \/>\n\t<meta name=\"twitter:data2\" content=\"1 minute\" \/>\n<script type=\"application\/ld+json\" class=\"yoast-schema-graph\">{\"@context\":\"https:\/\/schema.org\",\"@graph\":[{\"@type\":\"Article\",\"@id\":\"https:\/\/welovecinema.be\/fr\/faites-des-tetes-denterrement\/#article\",\"isPartOf\":{\"@id\":\"https:\/\/welovecinema.be\/fr\/faites-des-tetes-denterrement\/\"},\"author\":{\"name\":\"Philippe.Pierquin\",\"@id\":\"https:\/\/welovecinema.be\/nl\/#\/schema\/person\/4b9b1d857f0943453a38a7c2859ef756\"},\"headline\":\"Faites des t\u00eates d&rsquo;enterrement\",\"datePublished\":\"2015-10-27T15:43:28+00:00\",\"dateModified\":\"2015-10-27T15:43:40+00:00\",\"mainEntityOfPage\":{\"@id\":\"https:\/\/welovecinema.be\/fr\/faites-des-tetes-denterrement\/\"},\"wordCount\":199,\"publisher\":{\"@id\":\"https:\/\/welovecinema.be\/nl\/#organization\"},\"articleSection\":[\"Cinejobs\"],\"inLanguage\":\"fr-FR\"},{\"@type\":\"WebPage\",\"@id\":\"https:\/\/welovecinema.be\/fr\/faites-des-tetes-denterrement\/\",\"url\":\"https:\/\/welovecinema.be\/fr\/faites-des-tetes-denterrement\/\",\"name\":\"Faites des t\u00eates d'enterrement - We Love Cinema\",\"isPartOf\":{\"@id\":\"https:\/\/welovecinema.be\/nl\/#website\"},\"datePublished\":\"2015-10-27T15:43:28+00:00\",\"dateModified\":\"2015-10-27T15:43:40+00:00\",\"breadcrumb\":{\"@id\":\"https:\/\/welovecinema.be\/fr\/faites-des-tetes-denterrement\/#breadcrumb\"},\"inLanguage\":\"fr-FR\",\"potentialAction\":[{\"@type\":\"ReadAction\",\"target\":[\"https:\/\/welovecinema.be\/fr\/faites-des-tetes-denterrement\/\"]}]},{\"@type\":\"BreadcrumbList\",\"@id\":\"https:\/\/welovecinema.be\/fr\/faites-des-tetes-denterrement\/#breadcrumb\",\"itemListElement\":[{\"@type\":\"ListItem\",\"position\":1,\"name\":\"Accueil\",\"item\":\"https:\/\/welovecinema.be\/fr\/\"},{\"@type\":\"ListItem\",\"position\":2,\"name\":\"Faites des t\u00eates d&rsquo;enterrement\"}]},{\"@type\":\"WebSite\",\"@id\":\"https:\/\/welovecinema.be\/nl\/#website\",\"url\":\"https:\/\/welovecinema.be\/nl\/\",\"name\":\"We Love Cinema\",\"description\":\"Toute l\u2019information du cin\u00e9ma en Belgique\",\"publisher\":{\"@id\":\"https:\/\/welovecinema.be\/nl\/#organization\"},\"potentialAction\":[{\"@type\":\"SearchAction\",\"target\":{\"@type\":\"EntryPoint\",\"urlTemplate\":\"https:\/\/welovecinema.be\/nl\/?s={search_term_string}\"},\"query-input\":\"required name=search_term_string\"}],\"inLanguage\":\"fr-FR\"},{\"@type\":\"Organization\",\"@id\":\"https:\/\/welovecinema.be\/nl\/#organization\",\"name\":\"We Love Cinema\",\"url\":\"https:\/\/welovecinema.be\/nl\/\",\"logo\":{\"@type\":\"ImageObject\",\"inLanguage\":\"fr-FR\",\"@id\":\"https:\/\/welovecinema.be\/nl\/#\/schema\/logo\/image\/\",\"url\":\"https:\/\/welovecinema.be\/wp-content\/uploads\/sites\/2\/2023\/03\/Logo-We-Love-Cinema305x128.jpg\",\"contentUrl\":\"https:\/\/welovecinema.be\/wp-content\/uploads\/sites\/2\/2023\/03\/Logo-We-Love-Cinema305x128.jpg\",\"width\":305,\"height\":128,\"caption\":\"We Love Cinema\"},\"image\":{\"@id\":\"https:\/\/welovecinema.be\/nl\/#\/schema\/logo\/image\/\"},\"sameAs\":[\"https:\/\/www.facebook.com\/welovecinema.be\",\"https:\/\/www.youtube.com\/channel\/UCX5LYGVhnKvYauW4Nta4HJA\",\"https:\/\/www.instagram.com\/welovecinema.be\/\"]},{\"@type\":\"Person\",\"@id\":\"https:\/\/welovecinema.be\/nl\/#\/schema\/person\/4b9b1d857f0943453a38a7c2859ef756\",\"name\":\"Philippe.Pierquin\",\"url\":\"https:\/\/welovecinema.be\/fr\/author\/philippe-pierquin\/\"}]}<\/script>\n<!-- \/ Yoast SEO plugin. -->","yoast_head_json":{"title":"Faites des t\u00eates d'enterrement - We Love Cinema","robots":{"index":"index","follow":"follow","max-snippet":"max-snippet:-1","max-image-preview":"max-image-preview:large","max-video-preview":"max-video-preview:-1"},"canonical":"https:\/\/welovecinema.be\/fr\/faites-des-tetes-denterrement\/","og_locale":"fr_FR","og_type":"article","og_title":"Faites des t\u00eates d'enterrement - We Love Cinema","og_description":"La \u00a0production recherche des femmes et hommes de 16 \u00e0 90 ans, afin d&rsquo;assister \u00e0 &#8230; enterrement film\u00e9 pour le long m\u00e9trage Scribe,\u00a0r\u00e9alis\u00e9e par Thomas Kruithof, avec Fran\u00e7ois Cluzet, Denis Podalyd\u00e8s, Sami Bouajila et Simon Abkarian.","og_url":"https:\/\/welovecinema.be\/fr\/faites-des-tetes-denterrement\/","og_site_name":"We Love Cinema","article_publisher":"https:\/\/www.facebook.com\/welovecinema.be","article_published_time":"2015-10-27T15:43:28+00:00","article_modified_time":"2015-10-27T15:43:40+00:00","og_image":[{"width":570,"height":238,"url":"https:\/\/welovecinema.be\/wp-content\/uploads\/sites\/2\/2015\/10\/r-SIX-FEET-UNDER-large570.jpg","type":"image\/jpeg"}],"author":"Philippe.Pierquin","twitter_card":"summary_large_image","twitter_misc":{"\u00c9crit par":"Philippe.Pierquin","Dur\u00e9e de lecture estim\u00e9e":"1 minute"},"schema":{"@context":"https:\/\/schema.org","@graph":[{"@type":"Article","@id":"https:\/\/welovecinema.be\/fr\/faites-des-tetes-denterrement\/#article","isPartOf":{"@id":"https:\/\/welovecinema.be\/fr\/faites-des-tetes-denterrement\/"},"author":{"name":"Philippe.Pierquin","@id":"https:\/\/welovecinema.be\/nl\/#\/schema\/person\/4b9b1d857f0943453a38a7c2859ef756"},"headline":"Faites des t\u00eates d&rsquo;enterrement","datePublished":"2015-10-27T15:43:28+00:00","dateModified":"2015-10-27T15:43:40+00:00","mainEntityOfPage":{"@id":"https:\/\/welovecinema.be\/fr\/faites-des-tetes-denterrement\/"},"wordCount":199,"publisher":{"@id":"https:\/\/welovecinema.be\/nl\/#organization"},"articleSection":["Cinejobs"],"inLanguage":"fr-FR"},{"@type":"WebPage","@id":"https:\/\/welovecinema.be\/fr\/faites-des-tetes-denterrement\/","url":"https:\/\/welovecinema.be\/fr\/faites-des-tetes-denterrement\/","name":"Faites des t\u00eates d'enterrement - We Love Cinema","isPartOf":{"@id":"https:\/\/welovecinema.be\/nl\/#website"},"datePublished":"2015-10-27T15:43:28+00:00","dateModified":"2015-10-27T15:43:40+00:00","breadcrumb":{"@id":"https:\/\/welovecinema.be\/fr\/faites-des-tetes-denterrement\/#breadcrumb"},"inLanguage":"fr-FR","potentialAction":[{"@type":"ReadAction","target":["https:\/\/welovecinema.be\/fr\/faites-des-tetes-denterrement\/"]}]},{"@type":"BreadcrumbList","@id":"https:\/\/welovecinema.be\/fr\/faites-des-tetes-denterrement\/#breadcrumb","itemListElement":[{"@type":"ListItem","position":1,"name":"Accueil","item":"https:\/\/welovecinema.be\/fr\/"},{"@type":"ListItem","position":2,"name":"Faites des t\u00eates d&rsquo;enterrement"}]},{"@type":"WebSite","@id":"https:\/\/welovecinema.be\/nl\/#website","url":"https:\/\/welovecinema.be\/nl\/","name":"We Love Cinema","description":"Toute l\u2019information du cin\u00e9ma en Belgique","publisher":{"@id":"https:\/\/welovecinema.be\/nl\/#organization"},"potentialAction":[{"@type":"SearchAction","target":{"@type":"EntryPoint","urlTemplate":"https:\/\/welovecinema.be\/nl\/?s={search_term_string}"},"query-input":"required name=search_term_string"}],"inLanguage":"fr-FR"},{"@type":"Organization","@id":"https:\/\/welovecinema.be\/nl\/#organization","name":"We Love Cinema","url":"https:\/\/welovecinema.be\/nl\/","logo":{"@type":"ImageObject","inLanguage":"fr-FR","@id":"https:\/\/welovecinema.be\/nl\/#\/schema\/logo\/image\/","url":"https:\/\/welovecinema.be\/wp-content\/uploads\/sites\/2\/2023\/03\/Logo-We-Love-Cinema305x128.jpg","contentUrl":"https:\/\/welovecinema.be\/wp-content\/uploads\/sites\/2\/2023\/03\/Logo-We-Love-Cinema305x128.jpg","width":305,"height":128,"caption":"We Love Cinema"},"image":{"@id":"https:\/\/welovecinema.be\/nl\/#\/schema\/logo\/image\/"},"sameAs":["https:\/\/www.facebook.com\/welovecinema.be","https:\/\/www.youtube.com\/channel\/UCX5LYGVhnKvYauW4Nta4HJA","https:\/\/www.instagram.com\/welovecinema.be\/"]},{"@type":"Person","@id":"https:\/\/welovecinema.be\/nl\/#\/schema\/person\/4b9b1d857f0943453a38a7c2859ef756","name":"Philippe.Pierquin","url":"https:\/\/welovecinema.be\/fr\/author\/philippe-pierquin\/"}]}},"_links":{"self":[{"href":"https:\/\/welovecinema.be\/fr\/wp-json\/wp\/v2\/posts\/79882","targetHints":{"allow":["GET"]}}],"collection":[{"href":"https:\/\/welovecinema.be\/fr\/wp-json\/wp\/v2\/posts"}],"about":[{"href":"https:\/\/welovecinema.be\/fr\/wp-json\/wp\/v2\/types\/post"}],"author":[{"embeddable":true,"href":"https:\/\/welovecinema.be\/fr\/wp-json\/wp\/v2\/users\/7"}],"replies":[{"embeddable":true,"href":"https:\/\/welovecinema.be\/fr\/wp-json\/wp\/v2\/comments?post=79882"}],"version-history":[{"count":0,"href":"https:\/\/welovecinema.be\/fr\/wp-json\/wp\/v2\/posts\/79882\/revisions"}],"wp:featuredmedia":[{"embeddable":true,"href":"https:\/\/welovecinema.be\/fr\/wp-json\/wp\/v2\/media\/79884"}],"wp:attachment":[{"href":"https:\/\/welovecinema.be\/fr\/wp-json\/wp\/v2\/media?parent=79882"}],"wp:term":[{"taxonomy":"category","embeddable":true,"href":"https:\/\/welovecinema.be\/fr\/wp-json\/wp\/v2\/categories?post=79882"},{"taxonomy":"post_tag","embeddable":true,"href":"https:\/\/welovecinema.be\/fr\/wp-json\/wp\/v2\/tags?post=79882"}],"curies":[{"name":"wp","href":"https:\/\/api.w.org\/{rel}","templated":true}]}}