{"id":79778,"date":"2015-10-28T10:36:57","date_gmt":"2015-10-28T09:36:57","guid":{"rendered":"http:\/\/www.cinevox.be\/?p=79778"},"modified":"2015-10-27T15:18:33","modified_gmt":"2015-10-27T14:18:33","slug":"le-brussels-film-festival-devoile-son-affiche-2016","status":"publish","type":"post","link":"https:\/\/welovecinema.be\/fr\/le-brussels-film-festival-devoile-son-affiche-2016\/","title":{"rendered":"Le Brussels film festival \u00a0d\u00e9voile son affiche 2016"},"content":{"rendered":"<p>Le prochain Brussels film festival L se d\u00e9roulera du 17 au 24 juin 2016 \u00e0 Flagey et \u00e0 la Cinematek. Alors la programmation de cette 14e \u00e9dition d\u00e9bute \u00e0 peine, le festival vient d\u00e9j\u00e0 de d\u00e9voiler sa superbe affiche, r\u00e9alis\u00e9e par l\u2019artiste belge Laurent Durieux.<!--more--><\/p>\n<p>&nbsp;<\/p>\n<p>A travers ses affiches au fil des ann\u00e9es, le Brussels Film Festival a soulign\u00e9 la richesse et la diversit\u00e9 du cin\u00e9ma europ\u00e9en. Ainsi, en 2014, les diff\u00e9rentes affiches du festival citaient des phrases cultes de cin\u00e9astes internationaux de Wim Wenders \u00e0 Ken Loach, jusqu\u2019\u00e0 Woody Allen \u00ab J\u2019ai toujours r\u00eav\u00e9 d\u2019\u00eatre un r\u00e9alisateur europ\u00e9en \u00bb et m\u00eame James Bond et sa c\u00e9l\u00e8bre r\u00e9plique \u00ab I\u2019ll do anything for a woman with a knife \u00bb.<\/p>\n<p>En 2015, les affiches du festival rendaient hommage \u00e0 des films cultes, clins d\u2019\u0153il \u00e0 des cin\u00e9astes aussi vari\u00e9s que Pedro Almodovar, Jean-Pierre Jeunet ou encore Stanley Kubrick.<\/p>\n<p>Pour cette prochaine \u00e9dition 2016, le Brussels Film Festival rend un hommage supr\u00eame \u00e0 l\u2019un des plus grands films cultes de l\u2019histoire du cin\u00e9ma, Metropolis du cin\u00e9aste allemand Fritz Lang.<\/p>\n<p>&nbsp;<\/p>\n<p><a href=\"http:\/\/www.cinevox.be\/wp-content\/uploads\/sites\/2\/2015\/10\/brussels-film-festival-2016.png\"><img loading=\"lazy\" decoding=\"async\" class=\"alignright size-large wp-image-79779\" src=\"http:\/\/www.cinevox.be\/wp-content\/uploads\/sites\/2\/2015\/10\/brussels-film-festival-2016-423x600.png\" alt=\"\" width=\"423\" height=\"600\" srcset=\"https:\/\/welovecinema.be\/wp-content\/uploads\/sites\/2\/2015\/10\/brussels-film-festival-2016-423x600.png 423w, https:\/\/welovecinema.be\/wp-content\/uploads\/sites\/2\/2015\/10\/brussels-film-festival-2016-190x270.png 190w, https:\/\/welovecinema.be\/wp-content\/uploads\/sites\/2\/2015\/10\/brussels-film-festival-2016.png 544w\" sizes=\"auto, (max-width: 423px) 100vw, 423px\" \/><\/a>Peu connu en Belgique, Laurent Durieux est particuli\u00e8rement actif sur la sc\u00e8ne new-yorkaise.<\/p>\n<p>N\u00e9 \u00e0 Braine-l\u2019Alleud et install\u00e9 \u00e0 Bruxelles, il a \u00e9tudi\u00e9 \u00e0 La Cambre. Sur commande en partenariat avec les studios de cin\u00e9ma et ayants droit, cet artiste de 45 ans a recr\u00e9\u00e9 les affiches de films aussi c\u00e9l\u00e8bres que King Kong, Vertigo, The Master, Jaws, The Wizard of Oz, The Phantom of the Opera ou encore The Godfather, attirant l\u2019attention de r\u00e9alisateurs tels que Steven Spielberg et Francis Ford Coppola.<\/p>\n<p>Influenc\u00e9es par les illustrateurs des ann\u00e9es 30 \u00e0 50, ses \u0153uvres construisent un univers r\u00e9tro-futuriste t\u00e9moignant de sa fascination pour un \u00ab futur qui n\u2019a jamais eu lieu \u00bb.<\/p>\n<p>En 2010, il r\u00e9alise pour Canal+ France un court m\u00e9trage en images de synth\u00e8se, Hellville, qui sera \u00e9pingl\u00e9 par le magazine am\u00e9ricain de r\u00e9f\u00e9rence Variety et pr\u00e9sent\u00e9 dans de nombreux festivals dont ceux d\u2019Annecy, Porto et Chicago.<br \/>\nIl est aujourd\u2019hui r\u00e9pertori\u00e9 parmi les 200 meilleurs illustrateurs au monde et ses \u0153uvres sont expos\u00e9es dans de nombreuses galeries am\u00e9ricaines.<\/p>\n<p>&nbsp;<\/p>\n<p>En faisant appel \u00e0 lui pour la cr\u00e9ation de son affiche, le Brussels Film Festival met ainsi enfin cet artiste \u00e0 l\u2019honneur dans son propre pays. Lors du festival en juin prochain, une exposition de ses \u0153uvres aura lieu au c\u0153ur m\u00eame du festival \u00e0 Flagey ainsi qu\u2019\u00e0 la Maison de l\u2019image, nouveau partenaire du festival.<\/p>\n","protected":false},"excerpt":{"rendered":"<p>Le prochain Brussels film festival L se d\u00e9roulera du 17 au 24 juin 2016 \u00e0 Flagey et \u00e0 la Cinematek. Alors la programmation de cette 14e \u00e9dition d\u00e9bute \u00e0 peine, le festival vient d\u00e9j\u00e0 de d\u00e9voiler sa superbe affiche, r\u00e9alis\u00e9e par l\u2019artiste belge Laurent Durieux.<\/p>\n","protected":false},"author":7,"featured_media":79781,"comment_status":"closed","ping_status":"closed","sticky":false,"template":"","format":"standard","meta":{"ngg_post_thumbnail":0,"footnotes":""},"categories":[1923],"tags":[],"class_list":["post-79778","post","type-post","status-publish","format-standard","has-post-thumbnail","","category-en-bref"],"yoast_head":"<!-- This site is optimized with the Yoast SEO plugin v20.4 - https:\/\/yoast.com\/wordpress\/plugins\/seo\/ -->\n<title>Le Brussels film festival \u00a0d\u00e9voile son affiche 2016 - We Love Cinema<\/title>\n<meta name=\"robots\" content=\"index, follow, max-snippet:-1, max-image-preview:large, max-video-preview:-1\" \/>\n<link rel=\"canonical\" href=\"https:\/\/welovecinema.be\/fr\/le-brussels-film-festival-devoile-son-affiche-2016\/\" \/>\n<meta property=\"og:locale\" content=\"fr_FR\" \/>\n<meta property=\"og:type\" content=\"article\" \/>\n<meta property=\"og:title\" content=\"Le Brussels film festival \u00a0d\u00e9voile son affiche 2016 - We Love Cinema\" \/>\n<meta property=\"og:description\" content=\"Le prochain Brussels film festival L se d\u00e9roulera du 17 au 24 juin 2016 \u00e0 Flagey et \u00e0 la Cinematek. Alors la programmation de cette 14e \u00e9dition d\u00e9bute \u00e0 peine, le festival vient d\u00e9j\u00e0 de d\u00e9voiler sa superbe affiche, r\u00e9alis\u00e9e par l\u2019artiste belge Laurent Durieux.\" \/>\n<meta property=\"og:url\" content=\"https:\/\/welovecinema.be\/fr\/le-brussels-film-festival-devoile-son-affiche-2016\/\" \/>\n<meta property=\"og:site_name\" content=\"We Love Cinema\" \/>\n<meta property=\"article:publisher\" content=\"https:\/\/www.facebook.com\/welovecinema.be\" \/>\n<meta property=\"article:published_time\" content=\"2015-10-28T09:36:57+00:00\" \/>\n<meta property=\"article:modified_time\" content=\"2015-10-27T14:18:33+00:00\" \/>\n<meta property=\"og:image\" content=\"https:\/\/welovecinema.be\/wp-content\/uploads\/sites\/2\/2010\/10\/BFF-2016.png\" \/>\n\t<meta property=\"og:image:width\" content=\"530\" \/>\n\t<meta property=\"og:image:height\" content=\"204\" \/>\n\t<meta property=\"og:image:type\" content=\"image\/png\" \/>\n<meta name=\"author\" content=\"Philippe.Pierquin\" \/>\n<meta name=\"twitter:card\" content=\"summary_large_image\" \/>\n<meta name=\"twitter:label1\" content=\"\u00c9crit par\" \/>\n\t<meta name=\"twitter:data1\" content=\"Philippe.Pierquin\" \/>\n\t<meta name=\"twitter:label2\" content=\"Dur\u00e9e de lecture estim\u00e9e\" \/>\n\t<meta name=\"twitter:data2\" content=\"2 minutes\" \/>\n<script type=\"application\/ld+json\" class=\"yoast-schema-graph\">{\"@context\":\"https:\/\/schema.org\",\"@graph\":[{\"@type\":\"Article\",\"@id\":\"https:\/\/welovecinema.be\/fr\/le-brussels-film-festival-devoile-son-affiche-2016\/#article\",\"isPartOf\":{\"@id\":\"https:\/\/welovecinema.be\/fr\/le-brussels-film-festival-devoile-son-affiche-2016\/\"},\"author\":{\"name\":\"Philippe.Pierquin\",\"@id\":\"https:\/\/welovecinema.be\/nl\/#\/schema\/person\/4b9b1d857f0943453a38a7c2859ef756\"},\"headline\":\"Le Brussels film festival \u00a0d\u00e9voile son affiche 2016\",\"datePublished\":\"2015-10-28T09:36:57+00:00\",\"dateModified\":\"2015-10-27T14:18:33+00:00\",\"mainEntityOfPage\":{\"@id\":\"https:\/\/welovecinema.be\/fr\/le-brussels-film-festival-devoile-son-affiche-2016\/\"},\"wordCount\":443,\"publisher\":{\"@id\":\"https:\/\/welovecinema.be\/nl\/#organization\"},\"articleSection\":[\"En bref\"],\"inLanguage\":\"fr-FR\"},{\"@type\":\"WebPage\",\"@id\":\"https:\/\/welovecinema.be\/fr\/le-brussels-film-festival-devoile-son-affiche-2016\/\",\"url\":\"https:\/\/welovecinema.be\/fr\/le-brussels-film-festival-devoile-son-affiche-2016\/\",\"name\":\"Le Brussels film festival \u00a0d\u00e9voile son affiche 2016 - We Love Cinema\",\"isPartOf\":{\"@id\":\"https:\/\/welovecinema.be\/nl\/#website\"},\"datePublished\":\"2015-10-28T09:36:57+00:00\",\"dateModified\":\"2015-10-27T14:18:33+00:00\",\"breadcrumb\":{\"@id\":\"https:\/\/welovecinema.be\/fr\/le-brussels-film-festival-devoile-son-affiche-2016\/#breadcrumb\"},\"inLanguage\":\"fr-FR\",\"potentialAction\":[{\"@type\":\"ReadAction\",\"target\":[\"https:\/\/welovecinema.be\/fr\/le-brussels-film-festival-devoile-son-affiche-2016\/\"]}]},{\"@type\":\"BreadcrumbList\",\"@id\":\"https:\/\/welovecinema.be\/fr\/le-brussels-film-festival-devoile-son-affiche-2016\/#breadcrumb\",\"itemListElement\":[{\"@type\":\"ListItem\",\"position\":1,\"name\":\"Accueil\",\"item\":\"https:\/\/welovecinema.be\/fr\/\"},{\"@type\":\"ListItem\",\"position\":2,\"name\":\"Le Brussels film festival \u00a0d\u00e9voile son affiche 2016\"}]},{\"@type\":\"WebSite\",\"@id\":\"https:\/\/welovecinema.be\/nl\/#website\",\"url\":\"https:\/\/welovecinema.be\/nl\/\",\"name\":\"We Love Cinema\",\"description\":\"Toute l\u2019information du cin\u00e9ma en Belgique\",\"publisher\":{\"@id\":\"https:\/\/welovecinema.be\/nl\/#organization\"},\"potentialAction\":[{\"@type\":\"SearchAction\",\"target\":{\"@type\":\"EntryPoint\",\"urlTemplate\":\"https:\/\/welovecinema.be\/nl\/?s={search_term_string}\"},\"query-input\":\"required name=search_term_string\"}],\"inLanguage\":\"fr-FR\"},{\"@type\":\"Organization\",\"@id\":\"https:\/\/welovecinema.be\/nl\/#organization\",\"name\":\"We Love Cinema\",\"url\":\"https:\/\/welovecinema.be\/nl\/\",\"logo\":{\"@type\":\"ImageObject\",\"inLanguage\":\"fr-FR\",\"@id\":\"https:\/\/welovecinema.be\/nl\/#\/schema\/logo\/image\/\",\"url\":\"https:\/\/welovecinema.be\/wp-content\/uploads\/sites\/2\/2023\/03\/Logo-We-Love-Cinema305x128.jpg\",\"contentUrl\":\"https:\/\/welovecinema.be\/wp-content\/uploads\/sites\/2\/2023\/03\/Logo-We-Love-Cinema305x128.jpg\",\"width\":305,\"height\":128,\"caption\":\"We Love Cinema\"},\"image\":{\"@id\":\"https:\/\/welovecinema.be\/nl\/#\/schema\/logo\/image\/\"},\"sameAs\":[\"https:\/\/www.facebook.com\/welovecinema.be\",\"https:\/\/www.youtube.com\/channel\/UCX5LYGVhnKvYauW4Nta4HJA\",\"https:\/\/www.instagram.com\/welovecinema.be\/\"]},{\"@type\":\"Person\",\"@id\":\"https:\/\/welovecinema.be\/nl\/#\/schema\/person\/4b9b1d857f0943453a38a7c2859ef756\",\"name\":\"Philippe.Pierquin\",\"url\":\"https:\/\/welovecinema.be\/fr\/author\/philippe-pierquin\/\"}]}<\/script>\n<!-- \/ Yoast SEO plugin. -->","yoast_head_json":{"title":"Le Brussels film festival \u00a0d\u00e9voile son affiche 2016 - We Love Cinema","robots":{"index":"index","follow":"follow","max-snippet":"max-snippet:-1","max-image-preview":"max-image-preview:large","max-video-preview":"max-video-preview:-1"},"canonical":"https:\/\/welovecinema.be\/fr\/le-brussels-film-festival-devoile-son-affiche-2016\/","og_locale":"fr_FR","og_type":"article","og_title":"Le Brussels film festival \u00a0d\u00e9voile son affiche 2016 - We Love Cinema","og_description":"Le prochain Brussels film festival L se d\u00e9roulera du 17 au 24 juin 2016 \u00e0 Flagey et \u00e0 la Cinematek. Alors la programmation de cette 14e \u00e9dition d\u00e9bute \u00e0 peine, le festival vient d\u00e9j\u00e0 de d\u00e9voiler sa superbe affiche, r\u00e9alis\u00e9e par l\u2019artiste belge Laurent Durieux.","og_url":"https:\/\/welovecinema.be\/fr\/le-brussels-film-festival-devoile-son-affiche-2016\/","og_site_name":"We Love Cinema","article_publisher":"https:\/\/www.facebook.com\/welovecinema.be","article_published_time":"2015-10-28T09:36:57+00:00","article_modified_time":"2015-10-27T14:18:33+00:00","og_image":[{"width":530,"height":204,"url":"https:\/\/welovecinema.be\/wp-content\/uploads\/sites\/2\/2010\/10\/BFF-2016.png","type":"image\/png"}],"author":"Philippe.Pierquin","twitter_card":"summary_large_image","twitter_misc":{"\u00c9crit par":"Philippe.Pierquin","Dur\u00e9e de lecture estim\u00e9e":"2 minutes"},"schema":{"@context":"https:\/\/schema.org","@graph":[{"@type":"Article","@id":"https:\/\/welovecinema.be\/fr\/le-brussels-film-festival-devoile-son-affiche-2016\/#article","isPartOf":{"@id":"https:\/\/welovecinema.be\/fr\/le-brussels-film-festival-devoile-son-affiche-2016\/"},"author":{"name":"Philippe.Pierquin","@id":"https:\/\/welovecinema.be\/nl\/#\/schema\/person\/4b9b1d857f0943453a38a7c2859ef756"},"headline":"Le Brussels film festival \u00a0d\u00e9voile son affiche 2016","datePublished":"2015-10-28T09:36:57+00:00","dateModified":"2015-10-27T14:18:33+00:00","mainEntityOfPage":{"@id":"https:\/\/welovecinema.be\/fr\/le-brussels-film-festival-devoile-son-affiche-2016\/"},"wordCount":443,"publisher":{"@id":"https:\/\/welovecinema.be\/nl\/#organization"},"articleSection":["En bref"],"inLanguage":"fr-FR"},{"@type":"WebPage","@id":"https:\/\/welovecinema.be\/fr\/le-brussels-film-festival-devoile-son-affiche-2016\/","url":"https:\/\/welovecinema.be\/fr\/le-brussels-film-festival-devoile-son-affiche-2016\/","name":"Le Brussels film festival \u00a0d\u00e9voile son affiche 2016 - We Love Cinema","isPartOf":{"@id":"https:\/\/welovecinema.be\/nl\/#website"},"datePublished":"2015-10-28T09:36:57+00:00","dateModified":"2015-10-27T14:18:33+00:00","breadcrumb":{"@id":"https:\/\/welovecinema.be\/fr\/le-brussels-film-festival-devoile-son-affiche-2016\/#breadcrumb"},"inLanguage":"fr-FR","potentialAction":[{"@type":"ReadAction","target":["https:\/\/welovecinema.be\/fr\/le-brussels-film-festival-devoile-son-affiche-2016\/"]}]},{"@type":"BreadcrumbList","@id":"https:\/\/welovecinema.be\/fr\/le-brussels-film-festival-devoile-son-affiche-2016\/#breadcrumb","itemListElement":[{"@type":"ListItem","position":1,"name":"Accueil","item":"https:\/\/welovecinema.be\/fr\/"},{"@type":"ListItem","position":2,"name":"Le Brussels film festival \u00a0d\u00e9voile son affiche 2016"}]},{"@type":"WebSite","@id":"https:\/\/welovecinema.be\/nl\/#website","url":"https:\/\/welovecinema.be\/nl\/","name":"We Love Cinema","description":"Toute l\u2019information du cin\u00e9ma en Belgique","publisher":{"@id":"https:\/\/welovecinema.be\/nl\/#organization"},"potentialAction":[{"@type":"SearchAction","target":{"@type":"EntryPoint","urlTemplate":"https:\/\/welovecinema.be\/nl\/?s={search_term_string}"},"query-input":"required name=search_term_string"}],"inLanguage":"fr-FR"},{"@type":"Organization","@id":"https:\/\/welovecinema.be\/nl\/#organization","name":"We Love Cinema","url":"https:\/\/welovecinema.be\/nl\/","logo":{"@type":"ImageObject","inLanguage":"fr-FR","@id":"https:\/\/welovecinema.be\/nl\/#\/schema\/logo\/image\/","url":"https:\/\/welovecinema.be\/wp-content\/uploads\/sites\/2\/2023\/03\/Logo-We-Love-Cinema305x128.jpg","contentUrl":"https:\/\/welovecinema.be\/wp-content\/uploads\/sites\/2\/2023\/03\/Logo-We-Love-Cinema305x128.jpg","width":305,"height":128,"caption":"We Love Cinema"},"image":{"@id":"https:\/\/welovecinema.be\/nl\/#\/schema\/logo\/image\/"},"sameAs":["https:\/\/www.facebook.com\/welovecinema.be","https:\/\/www.youtube.com\/channel\/UCX5LYGVhnKvYauW4Nta4HJA","https:\/\/www.instagram.com\/welovecinema.be\/"]},{"@type":"Person","@id":"https:\/\/welovecinema.be\/nl\/#\/schema\/person\/4b9b1d857f0943453a38a7c2859ef756","name":"Philippe.Pierquin","url":"https:\/\/welovecinema.be\/fr\/author\/philippe-pierquin\/"}]}},"_links":{"self":[{"href":"https:\/\/welovecinema.be\/fr\/wp-json\/wp\/v2\/posts\/79778","targetHints":{"allow":["GET"]}}],"collection":[{"href":"https:\/\/welovecinema.be\/fr\/wp-json\/wp\/v2\/posts"}],"about":[{"href":"https:\/\/welovecinema.be\/fr\/wp-json\/wp\/v2\/types\/post"}],"author":[{"embeddable":true,"href":"https:\/\/welovecinema.be\/fr\/wp-json\/wp\/v2\/users\/7"}],"replies":[{"embeddable":true,"href":"https:\/\/welovecinema.be\/fr\/wp-json\/wp\/v2\/comments?post=79778"}],"version-history":[{"count":0,"href":"https:\/\/welovecinema.be\/fr\/wp-json\/wp\/v2\/posts\/79778\/revisions"}],"wp:featuredmedia":[{"embeddable":true,"href":"https:\/\/welovecinema.be\/fr\/wp-json\/wp\/v2\/media\/79781"}],"wp:attachment":[{"href":"https:\/\/welovecinema.be\/fr\/wp-json\/wp\/v2\/media?parent=79778"}],"wp:term":[{"taxonomy":"category","embeddable":true,"href":"https:\/\/welovecinema.be\/fr\/wp-json\/wp\/v2\/categories?post=79778"},{"taxonomy":"post_tag","embeddable":true,"href":"https:\/\/welovecinema.be\/fr\/wp-json\/wp\/v2\/tags?post=79778"}],"curies":[{"name":"wp","href":"https:\/\/api.w.org\/{rel}","templated":true}]}}