{"id":79618,"date":"2015-10-20T09:37:15","date_gmt":"2015-10-20T07:37:15","guid":{"rendered":"http:\/\/www.cinevox.be\/?p=79618"},"modified":"2015-10-20T09:37:15","modified_gmt":"2015-10-20T07:37:15","slug":"les-grignoux-engagent","status":"publish","type":"post","link":"https:\/\/welovecinema.be\/fr\/les-grignoux-engagent\/","title":{"rendered":"Les Grignoux engagent"},"content":{"rendered":"<p>Pour le cin\u00e9ma Cam\u00e9o \u00e0 Namur, Les Grignoux engagent des charg\u00e9-es d\u2019Accueil-Caisse-Projection<\/p>\n<p>Il s\u2019agit d\u2019un CDI \u2022 trois-quarts temps<!--more--><\/p>\n<p>&nbsp;<\/p>\n<p>&nbsp;<\/p>\n<h2>LE CADRE<\/h2>\n<p>L\u2019asbl Les Grignoux est une entreprise culturelle d\u2019\u00e9conomie sociale. Le projet des Grignoux prend forme dans de multiples activit\u00e9s, initi\u00e9es pour la plupart depuis plus de trente ans. Le cin\u00e9ma en est l\u2019activit\u00e9 principale et prend place dans trois endroits : Le Parc, le Churchill et le Sauveni\u00e8re, \u00e0 Li\u00e8ge et prochainement au Cam\u00e9o \u00e0 Namur.<\/p>\n<p>&nbsp;<\/p>\n<p>En effet, la Ville de Namur, qui est propri\u00e9taire du b\u00e2timent, en a confi\u00e9 l\u2019exploitation aux Grignoux. D\u2019importants travaux de r\u00e9novation sont actuellement en cours et la r\u00e9ouverture est pr\u00e9vue d\u00e9but 2016.<\/p>\n<p>&nbsp;<\/p>\n<p>La programmation des cin\u00e9mas Grignoux est ax\u00e9e sur la d\u00e9fense du cin\u00e9ma d&rsquo;auteur et propose un large choix de films de tous genres et nationalit\u00e9s, en version originale sous-titr\u00e9e. Une part belle est \u00e9galement laiss\u00e9e aux films pour jeune public via le projet Ecran large sur tableau noir et la r\u00e9alisation de dossiers p\u00e9dagogiques pour accompagner ces films.<\/p>\n<p>&nbsp;<\/p>\n<p>Autour du cin\u00e9ma, Les Grignoux, mouvement d\u2019\u00e9ducation permanente, proposent \u00e9galement de nombreuses activit\u00e9s sp\u00e9ciales en lien avec le milieu associatif, des concerts, des conf\u00e9rences, des rencontres, des classiques, etc. L\u2019association g\u00e8re \u00e9galement une brasserie et un caf\u00e9, jouxtant les cin\u00e9mas. Ces deux \u00e9tablissements, en tant que lieux de rencontres et d\u2019animation, soutiennent et contribuent \u00e0 la mission de l\u2019asbl.<\/p>\n<p>&nbsp;<\/p>\n<p>L\u2019asbl occupe actuellement 138 travailleurs.<\/p>\n<p>&nbsp;<\/p>\n<p>&nbsp;<\/p>\n<h2>LE TRAVAIL<\/h2>\n<p>Sous la responsabilit\u00e9 de la coordinatrice du lieu, le travail consiste \u00e0 :<\/p>\n<p>&nbsp;<\/p>\n<p>accueillir, orienter et renseigner les spectateurs ;<\/p>\n<p>vendre des tickets, pr\u00e9ventes, abonnements,\u2026;<\/p>\n<p>pr\u00e9parer minutieusement les t\u00e2ches informatiques n\u00e9cessaires aux projections ;<\/p>\n<p>projeter les films ;<\/p>\n<p>veiller au confort des spectateurs par des s\u00e9ances de qualit\u00e9 (son, image, temp\u00e9rature, propret\u00e9 des lieux) ;<\/p>\n<p>assurer la s\u00e9curit\u00e9 du lieu, des spectateurs et de l\u2019\u00e9quipe ;<\/p>\n<p>relever les anomalies techniques ;<\/p>\n<p>g\u00e9rer les comptes en fin de journ\u00e9e ;<\/p>\n<p>communiquer aux spectateurs les r\u00e8gles en vigueur dans le lieu et veiller \u00e0 leur application;<\/p>\n<p>assurer la transmission de toutes les informations, oralement ou par \u00e9crit, n\u00e9cessaires au bon fonctionnement de la salle et des activit\u00e9s.<\/p>\n<p>&nbsp;<\/p>\n<p>&nbsp;<\/p>\n<h2>LES COMP\u00c9TENCES<\/h2>\n<p>Votre capacit\u00e9 d\u2019accueil est irr\u00e9prochable ;<\/p>\n<p>Vous communiquez oralement avec facilit\u00e9 ;<\/p>\n<p>Vous faites preuve d\u2019assertivit\u00e9 et d&rsquo;\u00e9coute ;<\/p>\n<p>Vous \u00eates capable de d\u00e9samorcer des situations d&rsquo;agressivit\u00e9 ;<\/p>\n<p>Vous \u00eates \u00e0 l\u2019aise avec les chiffres ;<\/p>\n<p>Votre aisance face \u00e0 l\u2019outil informatique vous permet, apr\u00e8s une formation interne, de comprendre le fonctionnement de la projection num\u00e9rique et de la ma\u00eetriser parfaitement ;<\/p>\n<p>Vous disposez d\u2019une facilit\u00e9 \u00e0 travailler en \u00e9quipe ;<\/p>\n<p>Votre ponctualit\u00e9 est irr\u00e9prochable ;<\/p>\n<p>L\u2019ordre et l\u2019organisation font partie de vos qualit\u00e9s ;<\/p>\n<p>Vous \u00eates int\u00e9ress\u00e9-e et disponible pour des horaires de soir\u00e9e et de week-end.<\/p>\n<p>&nbsp;<\/p>\n<p>&nbsp;<\/p>\n<h2>L\u2019OFFRE<\/h2>\n<p>La participation \u00e0 un projet culturel et d\u2019\u00e9conomie sociale ;<\/p>\n<p>Un environnement de travail de qualit\u00e9 ;<\/p>\n<p>Un cadre de travail professionnel et la possibilit\u00e9 de contribuer \u00e0 la dynamique participative d\u00e9velopp\u00e9e en interne ;<\/p>\n<p>Un contrat \u00e0 dur\u00e9e ind\u00e9termin\u00e9e \u00e0 partir du 11 janvier 2016 ;<\/p>\n<p>Un horaire \u00e0 trois-quarts temps, soit une moyenne de 28h30 hebdomadaires ;<\/p>\n<p>Un salaire sur base de la CP 329.02 \u00e9chelon 3 (1 527\u20ac brut \u00e0 trois-quarts temps).<\/p>\n<p>&nbsp;<\/p>\n<p>&nbsp;<\/p>\n<h2>COMMENT POSTULER<\/h2>\n<p>Envoyez une lettre de motivation et votre curriculum vitae au plus tard pour le lundi 2 novembre en remplissant le formulaire ci-dessous et en y joignant votre curriculum vitae et votre lettre de motivation.<\/p>\n<p>Une premi\u00e8re s\u00e9lection sera op\u00e9r\u00e9e sur base des CV. Si votre candidature est retenue, vous serez invit\u00e9(e) \u00e0 participer \u00e0 une \u00e9preuve \u00e9crite la semaine du 16 novembre.<\/p>\n<p>En coh\u00e9rence avec la volont\u00e9 des Grignoux de favoriser le d\u00e9ploiement socio-culturel namurois et pour des raisons de flexibilit\u00e9 face \u00e0 des horaires d\u00e9cal\u00e9s, leur choix se portera de pr\u00e9f\u00e9rence sur des candidats habitant en r\u00e9gion namuroise.<\/p>\n<p>Un passeport APE sera demand\u00e9 \u00e0 l\u2019engagement.<\/p>\n<p>Pour toute question, contactez Mme Hottart, responsable du cin\u00e9ma Cam\u00e9o, au 081\/82 63 51 ou le service Administration\/Ressources humaines au 04 222 27 78.<\/p>\n<p>&nbsp;<\/p>\n<p>Le formulaire pour postuler est <a href=\"http:\/\/grignoux.be\/candidates\/new?job_id=4\">ICI<\/a><\/p>\n","protected":false},"excerpt":{"rendered":"<p>Pour le cin\u00e9ma Cam\u00e9o \u00e0 Namur, Les Grignoux engagent des charg\u00e9-es d\u2019Accueil-Caisse-Projection Il s\u2019agit d\u2019un CDI \u2022 trois-quarts temps<\/p>\n","protected":false},"author":7,"featured_media":79621,"comment_status":"closed","ping_status":"closed","sticky":false,"template":"","format":"standard","meta":{"ngg_post_thumbnail":0,"footnotes":""},"categories":[20],"tags":[],"class_list":["post-79618","post","type-post","status-publish","format-standard","has-post-thumbnail","","category-cinejobs"],"yoast_head":"<!-- This site is optimized with the Yoast SEO plugin v20.4 - https:\/\/yoast.com\/wordpress\/plugins\/seo\/ -->\n<title>Les Grignoux engagent - We Love Cinema<\/title>\n<meta name=\"robots\" content=\"index, follow, max-snippet:-1, max-image-preview:large, max-video-preview:-1\" \/>\n<link rel=\"canonical\" href=\"https:\/\/welovecinema.be\/fr\/les-grignoux-engagent\/\" \/>\n<meta property=\"og:locale\" content=\"fr_FR\" \/>\n<meta property=\"og:type\" content=\"article\" \/>\n<meta property=\"og:title\" content=\"Les Grignoux engagent - We Love Cinema\" \/>\n<meta property=\"og:description\" content=\"Pour le cin\u00e9ma Cam\u00e9o \u00e0 Namur, Les Grignoux engagent des charg\u00e9-es d\u2019Accueil-Caisse-Projection Il s\u2019agit d\u2019un CDI \u2022 trois-quarts temps\" \/>\n<meta property=\"og:url\" content=\"https:\/\/welovecinema.be\/fr\/les-grignoux-engagent\/\" \/>\n<meta property=\"og:site_name\" content=\"We Love Cinema\" \/>\n<meta property=\"article:publisher\" content=\"https:\/\/www.facebook.com\/welovecinema.be\" \/>\n<meta property=\"article:published_time\" content=\"2015-10-20T07:37:15+00:00\" \/>\n<meta property=\"og:image\" content=\"https:\/\/welovecinema.be\/wp-content\/uploads\/sites\/2\/2015\/10\/Job.jpg\" \/>\n\t<meta property=\"og:image:width\" content=\"535\" \/>\n\t<meta property=\"og:image:height\" content=\"275\" \/>\n\t<meta property=\"og:image:type\" content=\"image\/jpeg\" \/>\n<meta name=\"author\" content=\"Philippe.Pierquin\" \/>\n<meta name=\"twitter:card\" content=\"summary_large_image\" \/>\n<meta name=\"twitter:label1\" content=\"\u00c9crit par\" \/>\n\t<meta name=\"twitter:data1\" content=\"Philippe.Pierquin\" \/>\n\t<meta name=\"twitter:label2\" content=\"Dur\u00e9e de lecture estim\u00e9e\" \/>\n\t<meta name=\"twitter:data2\" content=\"4 minutes\" \/>\n<script type=\"application\/ld+json\" class=\"yoast-schema-graph\">{\"@context\":\"https:\/\/schema.org\",\"@graph\":[{\"@type\":\"Article\",\"@id\":\"https:\/\/welovecinema.be\/fr\/les-grignoux-engagent\/#article\",\"isPartOf\":{\"@id\":\"https:\/\/welovecinema.be\/fr\/les-grignoux-engagent\/\"},\"author\":{\"name\":\"Philippe.Pierquin\",\"@id\":\"https:\/\/welovecinema.be\/nl\/#\/schema\/person\/4b9b1d857f0943453a38a7c2859ef756\"},\"headline\":\"Les Grignoux engagent\",\"datePublished\":\"2015-10-20T07:37:15+00:00\",\"dateModified\":\"2015-10-20T07:37:15+00:00\",\"mainEntityOfPage\":{\"@id\":\"https:\/\/welovecinema.be\/fr\/les-grignoux-engagent\/\"},\"wordCount\":721,\"publisher\":{\"@id\":\"https:\/\/welovecinema.be\/nl\/#organization\"},\"articleSection\":[\"Cinejobs\"],\"inLanguage\":\"fr-FR\"},{\"@type\":\"WebPage\",\"@id\":\"https:\/\/welovecinema.be\/fr\/les-grignoux-engagent\/\",\"url\":\"https:\/\/welovecinema.be\/fr\/les-grignoux-engagent\/\",\"name\":\"Les Grignoux engagent - We Love Cinema\",\"isPartOf\":{\"@id\":\"https:\/\/welovecinema.be\/nl\/#website\"},\"datePublished\":\"2015-10-20T07:37:15+00:00\",\"dateModified\":\"2015-10-20T07:37:15+00:00\",\"breadcrumb\":{\"@id\":\"https:\/\/welovecinema.be\/fr\/les-grignoux-engagent\/#breadcrumb\"},\"inLanguage\":\"fr-FR\",\"potentialAction\":[{\"@type\":\"ReadAction\",\"target\":[\"https:\/\/welovecinema.be\/fr\/les-grignoux-engagent\/\"]}]},{\"@type\":\"BreadcrumbList\",\"@id\":\"https:\/\/welovecinema.be\/fr\/les-grignoux-engagent\/#breadcrumb\",\"itemListElement\":[{\"@type\":\"ListItem\",\"position\":1,\"name\":\"Accueil\",\"item\":\"https:\/\/welovecinema.be\/fr\/\"},{\"@type\":\"ListItem\",\"position\":2,\"name\":\"Les Grignoux engagent\"}]},{\"@type\":\"WebSite\",\"@id\":\"https:\/\/welovecinema.be\/nl\/#website\",\"url\":\"https:\/\/welovecinema.be\/nl\/\",\"name\":\"We Love Cinema\",\"description\":\"Toute l\u2019information du cin\u00e9ma en Belgique\",\"publisher\":{\"@id\":\"https:\/\/welovecinema.be\/nl\/#organization\"},\"potentialAction\":[{\"@type\":\"SearchAction\",\"target\":{\"@type\":\"EntryPoint\",\"urlTemplate\":\"https:\/\/welovecinema.be\/nl\/?s={search_term_string}\"},\"query-input\":\"required name=search_term_string\"}],\"inLanguage\":\"fr-FR\"},{\"@type\":\"Organization\",\"@id\":\"https:\/\/welovecinema.be\/nl\/#organization\",\"name\":\"We Love Cinema\",\"url\":\"https:\/\/welovecinema.be\/nl\/\",\"logo\":{\"@type\":\"ImageObject\",\"inLanguage\":\"fr-FR\",\"@id\":\"https:\/\/welovecinema.be\/nl\/#\/schema\/logo\/image\/\",\"url\":\"https:\/\/welovecinema.be\/wp-content\/uploads\/sites\/2\/2023\/03\/Logo-We-Love-Cinema305x128.jpg\",\"contentUrl\":\"https:\/\/welovecinema.be\/wp-content\/uploads\/sites\/2\/2023\/03\/Logo-We-Love-Cinema305x128.jpg\",\"width\":305,\"height\":128,\"caption\":\"We Love Cinema\"},\"image\":{\"@id\":\"https:\/\/welovecinema.be\/nl\/#\/schema\/logo\/image\/\"},\"sameAs\":[\"https:\/\/www.facebook.com\/welovecinema.be\",\"https:\/\/www.youtube.com\/channel\/UCX5LYGVhnKvYauW4Nta4HJA\",\"https:\/\/www.instagram.com\/welovecinema.be\/\"]},{\"@type\":\"Person\",\"@id\":\"https:\/\/welovecinema.be\/nl\/#\/schema\/person\/4b9b1d857f0943453a38a7c2859ef756\",\"name\":\"Philippe.Pierquin\",\"url\":\"https:\/\/welovecinema.be\/fr\/author\/philippe-pierquin\/\"}]}<\/script>\n<!-- \/ Yoast SEO plugin. -->","yoast_head_json":{"title":"Les Grignoux engagent - We Love Cinema","robots":{"index":"index","follow":"follow","max-snippet":"max-snippet:-1","max-image-preview":"max-image-preview:large","max-video-preview":"max-video-preview:-1"},"canonical":"https:\/\/welovecinema.be\/fr\/les-grignoux-engagent\/","og_locale":"fr_FR","og_type":"article","og_title":"Les Grignoux engagent - We Love Cinema","og_description":"Pour le cin\u00e9ma Cam\u00e9o \u00e0 Namur, Les Grignoux engagent des charg\u00e9-es d\u2019Accueil-Caisse-Projection Il s\u2019agit d\u2019un CDI \u2022 trois-quarts temps","og_url":"https:\/\/welovecinema.be\/fr\/les-grignoux-engagent\/","og_site_name":"We Love Cinema","article_publisher":"https:\/\/www.facebook.com\/welovecinema.be","article_published_time":"2015-10-20T07:37:15+00:00","og_image":[{"width":535,"height":275,"url":"https:\/\/welovecinema.be\/wp-content\/uploads\/sites\/2\/2015\/10\/Job.jpg","type":"image\/jpeg"}],"author":"Philippe.Pierquin","twitter_card":"summary_large_image","twitter_misc":{"\u00c9crit par":"Philippe.Pierquin","Dur\u00e9e de lecture estim\u00e9e":"4 minutes"},"schema":{"@context":"https:\/\/schema.org","@graph":[{"@type":"Article","@id":"https:\/\/welovecinema.be\/fr\/les-grignoux-engagent\/#article","isPartOf":{"@id":"https:\/\/welovecinema.be\/fr\/les-grignoux-engagent\/"},"author":{"name":"Philippe.Pierquin","@id":"https:\/\/welovecinema.be\/nl\/#\/schema\/person\/4b9b1d857f0943453a38a7c2859ef756"},"headline":"Les Grignoux engagent","datePublished":"2015-10-20T07:37:15+00:00","dateModified":"2015-10-20T07:37:15+00:00","mainEntityOfPage":{"@id":"https:\/\/welovecinema.be\/fr\/les-grignoux-engagent\/"},"wordCount":721,"publisher":{"@id":"https:\/\/welovecinema.be\/nl\/#organization"},"articleSection":["Cinejobs"],"inLanguage":"fr-FR"},{"@type":"WebPage","@id":"https:\/\/welovecinema.be\/fr\/les-grignoux-engagent\/","url":"https:\/\/welovecinema.be\/fr\/les-grignoux-engagent\/","name":"Les Grignoux engagent - We Love Cinema","isPartOf":{"@id":"https:\/\/welovecinema.be\/nl\/#website"},"datePublished":"2015-10-20T07:37:15+00:00","dateModified":"2015-10-20T07:37:15+00:00","breadcrumb":{"@id":"https:\/\/welovecinema.be\/fr\/les-grignoux-engagent\/#breadcrumb"},"inLanguage":"fr-FR","potentialAction":[{"@type":"ReadAction","target":["https:\/\/welovecinema.be\/fr\/les-grignoux-engagent\/"]}]},{"@type":"BreadcrumbList","@id":"https:\/\/welovecinema.be\/fr\/les-grignoux-engagent\/#breadcrumb","itemListElement":[{"@type":"ListItem","position":1,"name":"Accueil","item":"https:\/\/welovecinema.be\/fr\/"},{"@type":"ListItem","position":2,"name":"Les Grignoux engagent"}]},{"@type":"WebSite","@id":"https:\/\/welovecinema.be\/nl\/#website","url":"https:\/\/welovecinema.be\/nl\/","name":"We Love Cinema","description":"Toute l\u2019information du cin\u00e9ma en Belgique","publisher":{"@id":"https:\/\/welovecinema.be\/nl\/#organization"},"potentialAction":[{"@type":"SearchAction","target":{"@type":"EntryPoint","urlTemplate":"https:\/\/welovecinema.be\/nl\/?s={search_term_string}"},"query-input":"required name=search_term_string"}],"inLanguage":"fr-FR"},{"@type":"Organization","@id":"https:\/\/welovecinema.be\/nl\/#organization","name":"We Love Cinema","url":"https:\/\/welovecinema.be\/nl\/","logo":{"@type":"ImageObject","inLanguage":"fr-FR","@id":"https:\/\/welovecinema.be\/nl\/#\/schema\/logo\/image\/","url":"https:\/\/welovecinema.be\/wp-content\/uploads\/sites\/2\/2023\/03\/Logo-We-Love-Cinema305x128.jpg","contentUrl":"https:\/\/welovecinema.be\/wp-content\/uploads\/sites\/2\/2023\/03\/Logo-We-Love-Cinema305x128.jpg","width":305,"height":128,"caption":"We Love Cinema"},"image":{"@id":"https:\/\/welovecinema.be\/nl\/#\/schema\/logo\/image\/"},"sameAs":["https:\/\/www.facebook.com\/welovecinema.be","https:\/\/www.youtube.com\/channel\/UCX5LYGVhnKvYauW4Nta4HJA","https:\/\/www.instagram.com\/welovecinema.be\/"]},{"@type":"Person","@id":"https:\/\/welovecinema.be\/nl\/#\/schema\/person\/4b9b1d857f0943453a38a7c2859ef756","name":"Philippe.Pierquin","url":"https:\/\/welovecinema.be\/fr\/author\/philippe-pierquin\/"}]}},"_links":{"self":[{"href":"https:\/\/welovecinema.be\/fr\/wp-json\/wp\/v2\/posts\/79618","targetHints":{"allow":["GET"]}}],"collection":[{"href":"https:\/\/welovecinema.be\/fr\/wp-json\/wp\/v2\/posts"}],"about":[{"href":"https:\/\/welovecinema.be\/fr\/wp-json\/wp\/v2\/types\/post"}],"author":[{"embeddable":true,"href":"https:\/\/welovecinema.be\/fr\/wp-json\/wp\/v2\/users\/7"}],"replies":[{"embeddable":true,"href":"https:\/\/welovecinema.be\/fr\/wp-json\/wp\/v2\/comments?post=79618"}],"version-history":[{"count":0,"href":"https:\/\/welovecinema.be\/fr\/wp-json\/wp\/v2\/posts\/79618\/revisions"}],"wp:featuredmedia":[{"embeddable":true,"href":"https:\/\/welovecinema.be\/fr\/wp-json\/wp\/v2\/media\/79621"}],"wp:attachment":[{"href":"https:\/\/welovecinema.be\/fr\/wp-json\/wp\/v2\/media?parent=79618"}],"wp:term":[{"taxonomy":"category","embeddable":true,"href":"https:\/\/welovecinema.be\/fr\/wp-json\/wp\/v2\/categories?post=79618"},{"taxonomy":"post_tag","embeddable":true,"href":"https:\/\/welovecinema.be\/fr\/wp-json\/wp\/v2\/tags?post=79618"}],"curies":[{"name":"wp","href":"https:\/\/api.w.org\/{rel}","templated":true}]}}