{"id":79266,"date":"2015-10-09T09:40:30","date_gmt":"2015-10-09T07:40:30","guid":{"rendered":"http:\/\/www.cinevox.be\/?p=79266"},"modified":"2015-10-09T09:40:30","modified_gmt":"2015-10-09T07:40:30","slug":"concours-mondial-de-dessins-de-costumes-pour-le-prochain-luc-besson","status":"publish","type":"post","link":"https:\/\/welovecinema.be\/fr\/concours-mondial-de-dessins-de-costumes-pour-le-prochain-luc-besson\/","title":{"rendered":"Concours mondial de dessins de costumes pour le prochain Luc Besson"},"content":{"rendered":"<p>Le film n&rsquo;est pas belge, mais le concours peut int\u00e9resser les artistes d&rsquo;ici.<\/p>\n<p>EuropaCorp s\u2019associe \u00e0 Yahoo Style pour rechercher, dans le monde entier, des dessins de costumes innovants et originaux qui appara\u00eetront dans la saga de science-fiction <em>Val\u00e9rian et la Cit\u00e9 des Mille Plan\u00e8tes<\/em>\u00a0, avec Dane DeHaan, Cara Delevingne et Clive Owen.<\/p>\n<p>Les\u00a0artistes sont invit\u00e9s \u00e0\u00a0soumettre leurs cr\u00e9ations originales pour le film, dont le tournage d\u00e9butera en Europe en janvier 2016.<!--more--><\/p>\n<p>&nbsp;<\/p>\n<p><a href=\"http:\/\/www.cinevox.be\/wp-content\/uploads\/sites\/2\/2015\/10\/valerian.jpg\"><img loading=\"lazy\" decoding=\"async\" class=\"alignright size-large wp-image-79270\" src=\"http:\/\/www.cinevox.be\/wp-content\/uploads\/sites\/2\/2015\/10\/valerian-455x600.jpg\" alt=\"\" width=\"455\" height=\"600\" srcset=\"https:\/\/welovecinema.be\/wp-content\/uploads\/sites\/2\/2015\/10\/valerian-455x600.jpg 455w, https:\/\/welovecinema.be\/wp-content\/uploads\/sites\/2\/2015\/10\/valerian-205x270.jpg 205w, https:\/\/welovecinema.be\/wp-content\/uploads\/sites\/2\/2015\/10\/valerian.jpg 648w\" sizes=\"auto, (max-width: 455px) 100vw, 455px\" \/><\/a>\u00ab\u00a0<em>Val\u00e9rian et la Cit\u00e9 des Mille Plan\u00e8tes<\/em>\u00a0rassemble un \u00e9ventail tr\u00e8s vari\u00e9 de personnages, provenant des confins de l\u2019univers\u00a0\u00bb, pr\u00e9cise le sc\u00e9nariste et r\u00e9alisateur Luc Besson. \u00ab\u00a0Je crois que le monde dans lequel nous vivons est rempli de personnes de tous horizons qui poss\u00e8dent une formidable cr\u00e9ativit\u00e9 et un potentiel m\u00e9connu. En proposant un concours comme celui-ci aux artistes du monde entier, nous esp\u00e9rons avoir acc\u00e8s \u00e0 des cr\u00e9ations originales et inspir\u00e9es, offrant des perspectives nouvelles qui apporteront un r\u00e9el atout au film.\u00a0\u00bb<\/p>\n<p>&nbsp;<\/p>\n<p>Le concours a \u00e9t\u00e9 lanc\u00e9 sur Yahoo Style le 7 octobre 2015 et se d\u00e9roulera jusqu\u2019au 27 novembre 2015.<\/p>\n<p>Le r\u00e9dacteur en chef de Yahoo Style, Joe Zee, sera l\u2019un des membres du jury, aux c\u00f4t\u00e9s du sc\u00e9nariste et r\u00e9alisateur Luc Besson et du cr\u00e9ateur des costumes du film, Olivier B\u00e9riot. Ils s\u00e9lectionneront jusqu\u2019\u00e0 20 gagnants dont les designs appara\u00eetront dans le film. Les gagnants seront annonc\u00e9s le 14 d\u00e9cembre 2015.<\/p>\n<p>Vous trouverez tous les d\u00e9tails <a href=\"https:\/\/www.talenthouse.com\/i\/design-for-valerian\" target=\"_blank\">ICI<\/a><\/p>\n<p>&nbsp;<\/p>\n<p><strong>\u00a0VAL\u00c9RIAN ET LA CIT\u00c9 DES MILLE PLAN\u00c8TES<\/strong><\/p>\n<p><strong>\u00a0<\/strong>S\u2019inspirant de la s\u00e9rie culte de bandes dessin\u00e9es\u00a0<em>Val\u00e9rian et Laureline<\/em>, le sc\u00e9nariste et r\u00e9alisateur visionnaire Luc Besson propulse cette source d\u2019inspiration originelle dans une saga contemporaine unique, une \u00e9pop\u00e9e de science-fiction.<\/p>\n<p>&nbsp;<\/p>\n<p><a href=\"http:\/\/www.cinevox.be\/wp-content\/uploads\/sites\/2\/2015\/10\/dane-dehaan-photo-130.jpg\"><img loading=\"lazy\" decoding=\"async\" class=\"aligncenter size-full wp-image-79267\" src=\"http:\/\/www.cinevox.be\/wp-content\/uploads\/sites\/2\/2015\/10\/dane-dehaan-photo-130.jpg\" alt=\"\" width=\"750\" height=\"422\" srcset=\"https:\/\/welovecinema.be\/wp-content\/uploads\/sites\/2\/2015\/10\/dane-dehaan-photo-130.jpg 750w, https:\/\/welovecinema.be\/wp-content\/uploads\/sites\/2\/2015\/10\/dane-dehaan-photo-130-200x113.jpg 200w, https:\/\/welovecinema.be\/wp-content\/uploads\/sites\/2\/2015\/10\/dane-dehaan-photo-130-480x270.jpg 480w, https:\/\/welovecinema.be\/wp-content\/uploads\/sites\/2\/2015\/10\/dane-dehaan-photo-130-300x169.jpg 300w, https:\/\/welovecinema.be\/wp-content\/uploads\/sites\/2\/2015\/10\/dane-dehaan-photo-130-620x350.jpg 620w\" sizes=\"auto, (max-width: 750px) 100vw, 750px\" \/><\/a><\/p>\n<p>&nbsp;<\/p>\n<p>Val\u00e9rian (Dane DeHaan) et Laureline (Cara Delevingne) sont des agents spatio-temporels du gouvernement des territoires humains, charg\u00e9s de maintenir l\u2019ordre dans l\u2019univers. Val\u00e9rian ambitionne depuis longtemps de d\u00e9passer le stade des simples relations professionnelles\u00a0 qui le lient \u00e0 sa partenaire. Mais sa r\u00e9putation de s\u00e9ducteur se heurte aux valeurs un peu \u00ab\u00a0traditionnelles\u00a0\u00bb de Laureline qui va continuellement\u00a0 repousser ses avances.<\/p>\n<p>&nbsp;<\/p>\n<p><a href=\"http:\/\/www.cinevox.be\/wp-content\/uploads\/sites\/2\/2015\/10\/cara-delevigne.jpg\"><img loading=\"lazy\" decoding=\"async\" class=\"aligncenter size-full wp-image-79268\" src=\"http:\/\/www.cinevox.be\/wp-content\/uploads\/sites\/2\/2015\/10\/cara-delevigne.jpg\" alt=\"\" width=\"728\" height=\"485\" srcset=\"https:\/\/welovecinema.be\/wp-content\/uploads\/sites\/2\/2015\/10\/cara-delevigne.jpg 728w, https:\/\/welovecinema.be\/wp-content\/uploads\/sites\/2\/2015\/10\/cara-delevigne-405x270.jpg 405w\" sizes=\"auto, (max-width: 728px) 100vw, 728px\" \/><\/a><\/p>\n<p>&nbsp;<\/p>\n<p>Sous la direction de leur Commandant (Clive Owen), Val\u00e9rian et Laureline embarquent pour une mission sur l\u2019incroyable cit\u00e9 intergalactique Alpha, une m\u00e9galopole en perp\u00e9tuelle expansion constitu\u00e9e de milliers d\u2019esp\u00e8ces diff\u00e9rentes, issues des quatre coins de l\u2019univers. Les 17 millions d\u2019habitants d\u2019Alpha se sont organis\u00e9s au fil du temps, unissant leurs talents, leur technologie et leurs ressources pour le bien de tous.<\/p>\n<p>Malheureusement, sur Alpha tout le monde ne poursuit pas les m\u00eames objectifs\u00a0; en r\u00e9alit\u00e9, des forces invisibles sont \u00e0 l\u2019\u0153uvre et mettent notre esp\u00e8ce en grand danger.<\/p>\n<p>&nbsp;<\/p>\n<p>Pour plus d\u2019informations, cliquez <a href=\"https:\/\/www.facebook.com\/valerianlefilm\" target=\"_blank\">ICI<\/a><\/p>\n<p>&nbsp;<\/p>\n<p><a href=\"http:\/\/www.cinevox.be\/wp-content\/uploads\/sites\/2\/2015\/10\/clive-owen.jpeg\"><img loading=\"lazy\" decoding=\"async\" class=\"aligncenter size-large wp-image-79269\" src=\"http:\/\/www.cinevox.be\/wp-content\/uploads\/sites\/2\/2015\/10\/clive-owen-800x533.jpeg\" alt=\"\" width=\"640\" height=\"426\" srcset=\"https:\/\/welovecinema.be\/wp-content\/uploads\/sites\/2\/2015\/10\/clive-owen-800x533.jpeg 800w, https:\/\/welovecinema.be\/wp-content\/uploads\/sites\/2\/2015\/10\/clive-owen-405x270.jpeg 405w\" sizes=\"auto, (max-width: 640px) 100vw, 640px\" \/><\/a><\/p>\n<p>&nbsp;<\/p>\n<p><strong>EuropaCorp<\/strong><\/p>\n<p>EuropaCorp est un studio de cin\u00e9ma et de t\u00e9l\u00e9vision fond\u00e9 par le r\u00e9alisateur, sc\u00e9nariste et producteur visionnaire Luc Besson (<em>Le Grand Bleu, Nikita, L\u00e9on, Le Cinqui\u00e8me \u00e9l\u00e9ment, The Lady<\/em>\u00a0et\u00a0<em>Lucy<\/em>). EuropaCorp a produit les trilogies\u00a0<em>Taken<\/em>\u00a0et\u00a0<em>Le Transporteur<\/em>\u00a0ainsi que le blockbuster\u00a0<em>Lucy<\/em>, entre autres succ\u00e8s internationaux.<\/p>\n<p>EuropaCorp\u00a0a r\u00e9cemment commenc\u00e9 \u00e0 distribuer ses propres films aux Etats-Unis via sa filiale am\u00e9ricaine RED et gr\u00e2ce \u00e0 des partenariats cl\u00e9 avec certains distributeurs internationaux. Le line-up du studio est constitu\u00e9 de films tels que\u00a0<em>Shut In<\/em>\u00a0avec Naomi Watts, la com\u00e9die\u00a0<em>Nine Lives<\/em>\u00a0r\u00e9alis\u00e9e par Barry Sonnenfeld et mettant en sc\u00e8ne Kevin Spacey et Jennifer Garner, le thriller d\u2019action\u00a0<em>The Lake<\/em>\u00a0de Steven Quale avec Sullivan Stapleton et JK Simmons, et bien s\u00fbr\u00a0<em>Val\u00e9rian<\/em>\u00a0de Luc Besson avec Dane DeHaan et Cara Delevingne.<\/p>\n<p>&nbsp;<\/p>\n<p>&nbsp;<\/p>\n<p><strong>BELGA FILMS<\/strong><\/p>\n<p>Actif depuis 1937, BELGA FILMS est non seulement une soci\u00e9t\u00e9 de distribution ind\u00e9pendante 100% belge, mais aussi le plus grand distributeur ind\u00e9pendant dans le Benelux. Au fil des ann\u00e9es, BELGA FILMS a d\u00e9velopp\u00e9 une relation forte avec des producteurs et des studios locaux et internationaux reconnus tels que Summit , Lion\u2019s Gate, EuropaCorp , StudioCanal, Gaumont\u2026 Belga Films compte aujourd&rsquo;hui un large \u00e9ventail de films tels que la saga \u00ab\u00a0Twilight\u00a0\u00bb, Arthur et les Minimoys , The Hunger Games , Prisoners, 12 Years A Slave, Babel, The Tree of life, Step Up, Taken, Divergent, Belle &amp; S\u00e9bastien\u2026.<\/p>\n<p>Belga Films s\u2019occupe aussi de la distribution vid\u00e9o du catalogue theatrical.<\/p>\n<p>Ses autres partenaires dans le home entertainment sont TF1 Vid\u00e9o, Gaumont, SND- M6, EuropaCorp , Citel &#8230; L&rsquo;exploitation des droits TV &#8211; gratuite et payante &#8211; VOD, SVOD de ces titres sont aussi g\u00e9r\u00e9s par BELGA FILMS.<\/p>\n<p>&nbsp;<\/p>\n","protected":false},"excerpt":{"rendered":"<p>Le film n&rsquo;est pas belge, mais le concours peut int\u00e9resser les artistes d&rsquo;ici. EuropaCorp s\u2019associe \u00e0 Yahoo Style pour rechercher, dans le monde entier, des dessins de costumes innovants et originaux qui appara\u00eetront dans la saga de science-fiction Val\u00e9rian et la Cit\u00e9 des Mille Plan\u00e8tes\u00a0, avec Dane DeHaan, Cara Delevingne et Clive Owen. Les\u00a0artistes sont &hellip;<\/p>\n","protected":false},"author":7,"featured_media":79272,"comment_status":"closed","ping_status":"closed","sticky":false,"template":"","format":"standard","meta":{"ngg_post_thumbnail":0,"footnotes":""},"categories":[20],"tags":[],"class_list":["post-79266","post","type-post","status-publish","format-standard","has-post-thumbnail","","category-cinejobs"],"yoast_head":"<!-- This site is optimized with the Yoast SEO plugin v20.4 - https:\/\/yoast.com\/wordpress\/plugins\/seo\/ -->\n<title>Concours mondial de dessins de costumes pour le prochain Luc Besson - We Love Cinema<\/title>\n<meta name=\"robots\" content=\"index, follow, max-snippet:-1, max-image-preview:large, max-video-preview:-1\" \/>\n<link rel=\"canonical\" href=\"https:\/\/welovecinema.be\/fr\/concours-mondial-de-dessins-de-costumes-pour-le-prochain-luc-besson\/\" \/>\n<meta property=\"og:locale\" content=\"fr_FR\" \/>\n<meta property=\"og:type\" content=\"article\" \/>\n<meta property=\"og:title\" content=\"Concours mondial de dessins de costumes pour le prochain Luc Besson - We Love Cinema\" \/>\n<meta property=\"og:description\" content=\"Le film n&rsquo;est pas belge, mais le concours peut int\u00e9resser les artistes d&rsquo;ici. EuropaCorp s\u2019associe \u00e0 Yahoo Style pour rechercher, dans le monde entier, des dessins de costumes innovants et originaux qui appara\u00eetront dans la saga de science-fiction Val\u00e9rian et la Cit\u00e9 des Mille Plan\u00e8tes\u00a0, avec Dane DeHaan, Cara Delevingne et Clive Owen. Les\u00a0artistes sont &hellip;\" \/>\n<meta property=\"og:url\" content=\"https:\/\/welovecinema.be\/fr\/concours-mondial-de-dessins-de-costumes-pour-le-prochain-luc-besson\/\" \/>\n<meta property=\"og:site_name\" content=\"We Love Cinema\" \/>\n<meta property=\"article:publisher\" content=\"https:\/\/www.facebook.com\/welovecinema.be\" \/>\n<meta property=\"article:published_time\" content=\"2015-10-09T07:40:30+00:00\" \/>\n<meta property=\"og:image\" content=\"https:\/\/welovecinema.be\/wp-content\/uploads\/sites\/2\/2015\/10\/LucBesson.jpg\" \/>\n\t<meta property=\"og:image:width\" content=\"858\" \/>\n\t<meta property=\"og:image:height\" content=\"429\" \/>\n\t<meta property=\"og:image:type\" content=\"image\/jpeg\" \/>\n<meta name=\"author\" content=\"Philippe.Pierquin\" \/>\n<meta name=\"twitter:card\" content=\"summary_large_image\" \/>\n<meta name=\"twitter:label1\" content=\"\u00c9crit par\" \/>\n\t<meta name=\"twitter:data1\" content=\"Philippe.Pierquin\" \/>\n\t<meta name=\"twitter:label2\" content=\"Dur\u00e9e de lecture estim\u00e9e\" \/>\n\t<meta name=\"twitter:data2\" content=\"4 minutes\" \/>\n<script type=\"application\/ld+json\" class=\"yoast-schema-graph\">{\"@context\":\"https:\/\/schema.org\",\"@graph\":[{\"@type\":\"Article\",\"@id\":\"https:\/\/welovecinema.be\/fr\/concours-mondial-de-dessins-de-costumes-pour-le-prochain-luc-besson\/#article\",\"isPartOf\":{\"@id\":\"https:\/\/welovecinema.be\/fr\/concours-mondial-de-dessins-de-costumes-pour-le-prochain-luc-besson\/\"},\"author\":{\"name\":\"Philippe.Pierquin\",\"@id\":\"https:\/\/welovecinema.be\/nl\/#\/schema\/person\/4b9b1d857f0943453a38a7c2859ef756\"},\"headline\":\"Concours mondial de dessins de costumes pour le prochain Luc Besson\",\"datePublished\":\"2015-10-09T07:40:30+00:00\",\"dateModified\":\"2015-10-09T07:40:30+00:00\",\"mainEntityOfPage\":{\"@id\":\"https:\/\/welovecinema.be\/fr\/concours-mondial-de-dessins-de-costumes-pour-le-prochain-luc-besson\/\"},\"wordCount\":814,\"publisher\":{\"@id\":\"https:\/\/welovecinema.be\/nl\/#organization\"},\"articleSection\":[\"Cinejobs\"],\"inLanguage\":\"fr-FR\"},{\"@type\":\"WebPage\",\"@id\":\"https:\/\/welovecinema.be\/fr\/concours-mondial-de-dessins-de-costumes-pour-le-prochain-luc-besson\/\",\"url\":\"https:\/\/welovecinema.be\/fr\/concours-mondial-de-dessins-de-costumes-pour-le-prochain-luc-besson\/\",\"name\":\"Concours mondial de dessins de costumes pour le prochain Luc Besson - We Love Cinema\",\"isPartOf\":{\"@id\":\"https:\/\/welovecinema.be\/nl\/#website\"},\"datePublished\":\"2015-10-09T07:40:30+00:00\",\"dateModified\":\"2015-10-09T07:40:30+00:00\",\"breadcrumb\":{\"@id\":\"https:\/\/welovecinema.be\/fr\/concours-mondial-de-dessins-de-costumes-pour-le-prochain-luc-besson\/#breadcrumb\"},\"inLanguage\":\"fr-FR\",\"potentialAction\":[{\"@type\":\"ReadAction\",\"target\":[\"https:\/\/welovecinema.be\/fr\/concours-mondial-de-dessins-de-costumes-pour-le-prochain-luc-besson\/\"]}]},{\"@type\":\"BreadcrumbList\",\"@id\":\"https:\/\/welovecinema.be\/fr\/concours-mondial-de-dessins-de-costumes-pour-le-prochain-luc-besson\/#breadcrumb\",\"itemListElement\":[{\"@type\":\"ListItem\",\"position\":1,\"name\":\"Accueil\",\"item\":\"https:\/\/welovecinema.be\/fr\/\"},{\"@type\":\"ListItem\",\"position\":2,\"name\":\"Concours mondial de dessins de costumes pour le prochain Luc Besson\"}]},{\"@type\":\"WebSite\",\"@id\":\"https:\/\/welovecinema.be\/nl\/#website\",\"url\":\"https:\/\/welovecinema.be\/nl\/\",\"name\":\"We Love Cinema\",\"description\":\"Toute l\u2019information du cin\u00e9ma en Belgique\",\"publisher\":{\"@id\":\"https:\/\/welovecinema.be\/nl\/#organization\"},\"potentialAction\":[{\"@type\":\"SearchAction\",\"target\":{\"@type\":\"EntryPoint\",\"urlTemplate\":\"https:\/\/welovecinema.be\/nl\/?s={search_term_string}\"},\"query-input\":\"required name=search_term_string\"}],\"inLanguage\":\"fr-FR\"},{\"@type\":\"Organization\",\"@id\":\"https:\/\/welovecinema.be\/nl\/#organization\",\"name\":\"We Love Cinema\",\"url\":\"https:\/\/welovecinema.be\/nl\/\",\"logo\":{\"@type\":\"ImageObject\",\"inLanguage\":\"fr-FR\",\"@id\":\"https:\/\/welovecinema.be\/nl\/#\/schema\/logo\/image\/\",\"url\":\"https:\/\/welovecinema.be\/wp-content\/uploads\/sites\/2\/2023\/03\/Logo-We-Love-Cinema305x128.jpg\",\"contentUrl\":\"https:\/\/welovecinema.be\/wp-content\/uploads\/sites\/2\/2023\/03\/Logo-We-Love-Cinema305x128.jpg\",\"width\":305,\"height\":128,\"caption\":\"We Love Cinema\"},\"image\":{\"@id\":\"https:\/\/welovecinema.be\/nl\/#\/schema\/logo\/image\/\"},\"sameAs\":[\"https:\/\/www.facebook.com\/welovecinema.be\",\"https:\/\/www.youtube.com\/channel\/UCX5LYGVhnKvYauW4Nta4HJA\",\"https:\/\/www.instagram.com\/welovecinema.be\/\"]},{\"@type\":\"Person\",\"@id\":\"https:\/\/welovecinema.be\/nl\/#\/schema\/person\/4b9b1d857f0943453a38a7c2859ef756\",\"name\":\"Philippe.Pierquin\",\"url\":\"https:\/\/welovecinema.be\/fr\/author\/philippe-pierquin\/\"}]}<\/script>\n<!-- \/ Yoast SEO plugin. -->","yoast_head_json":{"title":"Concours mondial de dessins de costumes pour le prochain Luc Besson - We Love Cinema","robots":{"index":"index","follow":"follow","max-snippet":"max-snippet:-1","max-image-preview":"max-image-preview:large","max-video-preview":"max-video-preview:-1"},"canonical":"https:\/\/welovecinema.be\/fr\/concours-mondial-de-dessins-de-costumes-pour-le-prochain-luc-besson\/","og_locale":"fr_FR","og_type":"article","og_title":"Concours mondial de dessins de costumes pour le prochain Luc Besson - We Love Cinema","og_description":"Le film n&rsquo;est pas belge, mais le concours peut int\u00e9resser les artistes d&rsquo;ici. EuropaCorp s\u2019associe \u00e0 Yahoo Style pour rechercher, dans le monde entier, des dessins de costumes innovants et originaux qui appara\u00eetront dans la saga de science-fiction Val\u00e9rian et la Cit\u00e9 des Mille Plan\u00e8tes\u00a0, avec Dane DeHaan, Cara Delevingne et Clive Owen. Les\u00a0artistes sont &hellip;","og_url":"https:\/\/welovecinema.be\/fr\/concours-mondial-de-dessins-de-costumes-pour-le-prochain-luc-besson\/","og_site_name":"We Love Cinema","article_publisher":"https:\/\/www.facebook.com\/welovecinema.be","article_published_time":"2015-10-09T07:40:30+00:00","og_image":[{"width":858,"height":429,"url":"https:\/\/welovecinema.be\/wp-content\/uploads\/sites\/2\/2015\/10\/LucBesson.jpg","type":"image\/jpeg"}],"author":"Philippe.Pierquin","twitter_card":"summary_large_image","twitter_misc":{"\u00c9crit par":"Philippe.Pierquin","Dur\u00e9e de lecture estim\u00e9e":"4 minutes"},"schema":{"@context":"https:\/\/schema.org","@graph":[{"@type":"Article","@id":"https:\/\/welovecinema.be\/fr\/concours-mondial-de-dessins-de-costumes-pour-le-prochain-luc-besson\/#article","isPartOf":{"@id":"https:\/\/welovecinema.be\/fr\/concours-mondial-de-dessins-de-costumes-pour-le-prochain-luc-besson\/"},"author":{"name":"Philippe.Pierquin","@id":"https:\/\/welovecinema.be\/nl\/#\/schema\/person\/4b9b1d857f0943453a38a7c2859ef756"},"headline":"Concours mondial de dessins de costumes pour le prochain Luc Besson","datePublished":"2015-10-09T07:40:30+00:00","dateModified":"2015-10-09T07:40:30+00:00","mainEntityOfPage":{"@id":"https:\/\/welovecinema.be\/fr\/concours-mondial-de-dessins-de-costumes-pour-le-prochain-luc-besson\/"},"wordCount":814,"publisher":{"@id":"https:\/\/welovecinema.be\/nl\/#organization"},"articleSection":["Cinejobs"],"inLanguage":"fr-FR"},{"@type":"WebPage","@id":"https:\/\/welovecinema.be\/fr\/concours-mondial-de-dessins-de-costumes-pour-le-prochain-luc-besson\/","url":"https:\/\/welovecinema.be\/fr\/concours-mondial-de-dessins-de-costumes-pour-le-prochain-luc-besson\/","name":"Concours mondial de dessins de costumes pour le prochain Luc Besson - We Love Cinema","isPartOf":{"@id":"https:\/\/welovecinema.be\/nl\/#website"},"datePublished":"2015-10-09T07:40:30+00:00","dateModified":"2015-10-09T07:40:30+00:00","breadcrumb":{"@id":"https:\/\/welovecinema.be\/fr\/concours-mondial-de-dessins-de-costumes-pour-le-prochain-luc-besson\/#breadcrumb"},"inLanguage":"fr-FR","potentialAction":[{"@type":"ReadAction","target":["https:\/\/welovecinema.be\/fr\/concours-mondial-de-dessins-de-costumes-pour-le-prochain-luc-besson\/"]}]},{"@type":"BreadcrumbList","@id":"https:\/\/welovecinema.be\/fr\/concours-mondial-de-dessins-de-costumes-pour-le-prochain-luc-besson\/#breadcrumb","itemListElement":[{"@type":"ListItem","position":1,"name":"Accueil","item":"https:\/\/welovecinema.be\/fr\/"},{"@type":"ListItem","position":2,"name":"Concours mondial de dessins de costumes pour le prochain Luc Besson"}]},{"@type":"WebSite","@id":"https:\/\/welovecinema.be\/nl\/#website","url":"https:\/\/welovecinema.be\/nl\/","name":"We Love Cinema","description":"Toute l\u2019information du cin\u00e9ma en Belgique","publisher":{"@id":"https:\/\/welovecinema.be\/nl\/#organization"},"potentialAction":[{"@type":"SearchAction","target":{"@type":"EntryPoint","urlTemplate":"https:\/\/welovecinema.be\/nl\/?s={search_term_string}"},"query-input":"required name=search_term_string"}],"inLanguage":"fr-FR"},{"@type":"Organization","@id":"https:\/\/welovecinema.be\/nl\/#organization","name":"We Love Cinema","url":"https:\/\/welovecinema.be\/nl\/","logo":{"@type":"ImageObject","inLanguage":"fr-FR","@id":"https:\/\/welovecinema.be\/nl\/#\/schema\/logo\/image\/","url":"https:\/\/welovecinema.be\/wp-content\/uploads\/sites\/2\/2023\/03\/Logo-We-Love-Cinema305x128.jpg","contentUrl":"https:\/\/welovecinema.be\/wp-content\/uploads\/sites\/2\/2023\/03\/Logo-We-Love-Cinema305x128.jpg","width":305,"height":128,"caption":"We Love Cinema"},"image":{"@id":"https:\/\/welovecinema.be\/nl\/#\/schema\/logo\/image\/"},"sameAs":["https:\/\/www.facebook.com\/welovecinema.be","https:\/\/www.youtube.com\/channel\/UCX5LYGVhnKvYauW4Nta4HJA","https:\/\/www.instagram.com\/welovecinema.be\/"]},{"@type":"Person","@id":"https:\/\/welovecinema.be\/nl\/#\/schema\/person\/4b9b1d857f0943453a38a7c2859ef756","name":"Philippe.Pierquin","url":"https:\/\/welovecinema.be\/fr\/author\/philippe-pierquin\/"}]}},"_links":{"self":[{"href":"https:\/\/welovecinema.be\/fr\/wp-json\/wp\/v2\/posts\/79266","targetHints":{"allow":["GET"]}}],"collection":[{"href":"https:\/\/welovecinema.be\/fr\/wp-json\/wp\/v2\/posts"}],"about":[{"href":"https:\/\/welovecinema.be\/fr\/wp-json\/wp\/v2\/types\/post"}],"author":[{"embeddable":true,"href":"https:\/\/welovecinema.be\/fr\/wp-json\/wp\/v2\/users\/7"}],"replies":[{"embeddable":true,"href":"https:\/\/welovecinema.be\/fr\/wp-json\/wp\/v2\/comments?post=79266"}],"version-history":[{"count":0,"href":"https:\/\/welovecinema.be\/fr\/wp-json\/wp\/v2\/posts\/79266\/revisions"}],"wp:featuredmedia":[{"embeddable":true,"href":"https:\/\/welovecinema.be\/fr\/wp-json\/wp\/v2\/media\/79272"}],"wp:attachment":[{"href":"https:\/\/welovecinema.be\/fr\/wp-json\/wp\/v2\/media?parent=79266"}],"wp:term":[{"taxonomy":"category","embeddable":true,"href":"https:\/\/welovecinema.be\/fr\/wp-json\/wp\/v2\/categories?post=79266"},{"taxonomy":"post_tag","embeddable":true,"href":"https:\/\/welovecinema.be\/fr\/wp-json\/wp\/v2\/tags?post=79266"}],"curies":[{"name":"wp","href":"https:\/\/api.w.org\/{rel}","templated":true}]}}