{"id":79218,"date":"2016-02-16T08:09:33","date_gmt":"2016-02-16T07:09:33","guid":{"rendered":"http:\/\/www.cinevox.be\/?p=79218"},"modified":"2017-05-16T19:49:38","modified_gmt":"2017-05-16T17:49:38","slug":"parasol-lautre-cote-du-soleil","status":"publish","type":"post","link":"https:\/\/welovecinema.be\/fr\/parasol-lautre-cote-du-soleil\/","title":{"rendered":"Parasol\u00a0: l\u2019autre c\u00f4t\u00e9 du soleil\u2026"},"content":{"rendered":"<p>Voir son premier long m\u00e9trage de fiction s\u00e9lectionn\u00e9 dans diff\u00e9rents festivals de cin\u00e9ma \u00e0 travers le monde alors qu\u2019il n\u2019est m\u00eame pas termin\u00e9 est une chance immense qu\u2019envient sans doute beaucoup de r\u00e9alisateurs, parfois (beaucoup) plus chevronn\u00e9s.<\/p>\n<p>Notamment remarqu\u00e9 avec <em>Dimanches <\/em>et <em>Silence radio,<\/em> <strong>Valery Rosier<\/strong> s\u2019est rapidement fait un nom dans le petit monde du cin\u00e9ma belge. Sa patte imm\u00e9diatement identifiable, son style unique et totalement en marge font mouche \u00e0 chaque fois. Il collectionne les prix et son nom est d\u00e9j\u00e0 une r\u00e9f\u00e9rence pour beaucoup de s\u00e9lectionneurs.<!--more--><\/p>\n<p>&nbsp;<\/p>\n<p><em>Parasol,<\/em> c\u2019est certain, ne sera pas le prochain <em>Tout Nouveau Testament<\/em> dans les salles de cin\u00e9ma. Il n\u2019en a ni la structure, ni la volont\u00e9. Et s\u2019il s\u2019agit clairement d\u2019un film de fiction, agenc\u00e9 en trois histoires entrem\u00eal\u00e9es qui ne se rejoignent pas, mais proposent globalement un instantan\u00e9 de la vie sur une \u00eele m\u00e9diterran\u00e9enne fort fr\u00e9quent\u00e9e par les touristes du monde entier, la forme est quasi documentaire.<\/p>\n<p>&nbsp;<\/p>\n<p>Devant la cam\u00e9ra de Valery Rosier et de son chef op Olivier Boonjing, le strass et les paillettes s\u2019effacent derri\u00e8re les buildings d\u00e9cr\u00e9pis, les sentiers poussi\u00e9reux et l\u2019indiff\u00e9rence des autochtones qui ont leurs propres soucis.<\/p>\n<p>&nbsp;<\/p>\n<p><a href=\"http:\/\/www.cinevox.be\/wp-content\/uploads\/sites\/2\/2015\/10\/2015-10-02_11h02_06.jpg\"><img loading=\"lazy\" decoding=\"async\" class=\"aligncenter size-large wp-image-79219\" src=\"http:\/\/www.cinevox.be\/wp-content\/uploads\/sites\/2\/2015\/10\/2015-10-02_11h02_06-800x335.jpg\" alt=\"\" width=\"640\" height=\"268\" srcset=\"https:\/\/welovecinema.be\/wp-content\/uploads\/sites\/2\/2015\/10\/2015-10-02_11h02_06-800x335.jpg 800w, https:\/\/welovecinema.be\/wp-content\/uploads\/sites\/2\/2015\/10\/2015-10-02_11h02_06-480x201.jpg 480w, https:\/\/welovecinema.be\/wp-content\/uploads\/sites\/2\/2015\/10\/2015-10-02_11h02_06.jpg 1243w\" sizes=\"auto, (max-width: 640px) 100vw, 640px\" \/><\/a><\/p>\n<p>&nbsp;<\/p>\n<p>Les personnages de <em>Parasol <\/em>sont \u00e0 la fois path\u00e9tiques et attachants.<\/p>\n<p>Il y a d\u2019abord Annie, pensionn\u00e9e qui a quitt\u00e9 la Belgique sans pr\u00e9venir personne et est bien d\u00e9cid\u00e9e \u00e0 s\u2019\u00e9clater au soleil. Seulement, le soleil est absent et l\u2019amant qui l\u2019a attir\u00e9e dans son lit se transforme rapidement en un fant\u00f4me qu\u2019elle tra\u00eene derri\u00e8re elle comme un boulet.<\/p>\n<p>&nbsp;<\/p>\n<p><a href=\"http:\/\/www.cinevox.be\/wp-content\/uploads\/sites\/2\/2015\/10\/2015-10-02_11h01_52.jpg\"><img loading=\"lazy\" decoding=\"async\" class=\"aligncenter size-large wp-image-79220\" src=\"http:\/\/www.cinevox.be\/wp-content\/uploads\/sites\/2\/2015\/10\/2015-10-02_11h01_52-800x329.jpg\" alt=\"\" width=\"640\" height=\"263\" srcset=\"https:\/\/welovecinema.be\/wp-content\/uploads\/sites\/2\/2015\/10\/2015-10-02_11h01_52-800x329.jpg 800w, https:\/\/welovecinema.be\/wp-content\/uploads\/sites\/2\/2015\/10\/2015-10-02_11h01_52-480x197.jpg 480w, https:\/\/welovecinema.be\/wp-content\/uploads\/sites\/2\/2015\/10\/2015-10-02_11h01_52.jpg 1251w\" sizes=\"auto, (max-width: 640px) 100vw, 640px\" \/><\/a><\/p>\n<p>&nbsp;<\/p>\n<p>Alfie est en vacances avec son p\u00e8re et sa belle-m\u00e8re. Pour cette victime de la vie, cette escapade tourne vite au vinaigre. Solitude, ennui, mensonges aux proches rest\u00e9s au pays\u2026, le tableau est triste. Quand il tombe sur deux touristes venus comme lui de la fi\u00e8re Albion il croit au miracle, mais le cauchemar ne fait que commencer pour lui aussi.<\/p>\n<p>&nbsp;<\/p>\n<p><a href=\"http:\/\/www.cinevox.be\/wp-content\/uploads\/sites\/2\/2015\/10\/2015-10-02_11h01_30.jpg\"><img loading=\"lazy\" decoding=\"async\" class=\"aligncenter size-large wp-image-79221\" src=\"http:\/\/www.cinevox.be\/wp-content\/uploads\/sites\/2\/2015\/10\/2015-10-02_11h01_30-800x330.jpg\" alt=\"\" width=\"640\" height=\"264\" srcset=\"https:\/\/welovecinema.be\/wp-content\/uploads\/sites\/2\/2015\/10\/2015-10-02_11h01_30-800x330.jpg 800w, https:\/\/welovecinema.be\/wp-content\/uploads\/sites\/2\/2015\/10\/2015-10-02_11h01_30-480x198.jpg 480w, https:\/\/welovecinema.be\/wp-content\/uploads\/sites\/2\/2015\/10\/2015-10-02_11h01_30.jpg 1243w\" sizes=\"auto, (max-width: 640px) 100vw, 640px\" \/><\/a><\/p>\n<p>&nbsp;<\/p>\n<p>Le troisi\u00e8me personnage de Parasol n\u2019a pas de pr\u00e9nom. Il est conducteur de train tra\u00eenant des touristes le long de \u00ab\u00a0terrains de tennis extraordinaires\u00a0\u00bb et des \u00ab\u00a0buissons typiques\u00a0\u00bb. L\u2019ennui total. Sa seule motivation du moment est sa fille qui passe quelques jours chez lui et de qui il aimerait s\u2019occuper un peu plus.<\/p>\n<p>&nbsp;<\/p>\n<p>Par petites touches souvent dr\u00f4les, <em>Parasol<\/em> montre la face cach\u00e9e d\u2019un mensonge commercial \u00e0 travers le regard de personnages qui passent \u00e0 c\u00f4t\u00e9 de leur vie m\u00eame s\u2019ils font semblant d\u2019y croire encore. Et encore.<\/p>\n<p>&nbsp;<\/p>\n<p><a href=\"http:\/\/www.cinevox.be\/wp-content\/uploads\/sites\/2\/2015\/10\/2015-10-02_11h03_41.jpg\"><img loading=\"lazy\" decoding=\"async\" class=\"aligncenter size-large wp-image-79222\" src=\"http:\/\/www.cinevox.be\/wp-content\/uploads\/sites\/2\/2015\/10\/2015-10-02_11h03_41-800x420.jpg\" alt=\"\" width=\"640\" height=\"336\" srcset=\"https:\/\/welovecinema.be\/wp-content\/uploads\/sites\/2\/2015\/10\/2015-10-02_11h03_41-800x420.jpg 800w, https:\/\/welovecinema.be\/wp-content\/uploads\/sites\/2\/2015\/10\/2015-10-02_11h03_41-480x252.jpg 480w, https:\/\/welovecinema.be\/wp-content\/uploads\/sites\/2\/2015\/10\/2015-10-02_11h03_41.jpg 1245w\" sizes=\"auto, (max-width: 640px) 100vw, 640px\" \/><\/a><\/p>\n<p>&nbsp;<\/p>\n<p>Avec son c\u00f4t\u00e9 \u00ab\u00a0Strip Tease\u00a0\u00bb, le film pourrait n\u2019\u00eatre qu\u2019une m\u00e9chante farce s\u2019il ne faisait en fait grand cas de ses personnages. C\u2019est une marque de fabrique du cin\u00e9ma de Valery Rosier de mettre en lumi\u00e8re des personnages qui n\u2019int\u00e9ressent personne d\u2019autre avec une attention et une bienveillance qui n\u2019appartiennent qu\u2019\u00e0 lui.<\/p>\n<p>&nbsp;<\/p>\n<p><a href=\"http:\/\/www.cinevox.be\/wp-content\/uploads\/sites\/2\/2015\/10\/2015-10-02_11h03_08.jpg\"><img loading=\"lazy\" decoding=\"async\" class=\"aligncenter size-large wp-image-79223\" src=\"http:\/\/www.cinevox.be\/wp-content\/uploads\/sites\/2\/2015\/10\/2015-10-02_11h03_08-800x327.jpg\" alt=\"\" width=\"640\" height=\"261\" srcset=\"https:\/\/welovecinema.be\/wp-content\/uploads\/sites\/2\/2015\/10\/2015-10-02_11h03_08-800x327.jpg 800w, https:\/\/welovecinema.be\/wp-content\/uploads\/sites\/2\/2015\/10\/2015-10-02_11h03_08-480x196.jpg 480w, https:\/\/welovecinema.be\/wp-content\/uploads\/sites\/2\/2015\/10\/2015-10-02_11h03_08.jpg 1242w\" sizes=\"auto, (max-width: 640px) 100vw, 640px\" \/><\/a><\/p>\n<p>&nbsp;<\/p>\n<p>Jamais moqueur, ni vraiment grotesque, encore moins surcharg\u00e9 d\u2019une \u00e9motion factice, ce film excelle aussi par une mise en images \u00e0 nouveau atypique.<\/p>\n<p>Fid\u00e8le complice du cin\u00e9aste, Olivier Boonjing con\u00e7oit ses images comme des peintures\u00a0: plans fixes volontier d\u00e9cadr\u00e9s, d\u00e9cors improbables, regards absents ou tristes, les images qu\u2019il construit avec minutie (mais souvent dans l\u2019urgence) sont pour beaucoup dans le charme de ce (court) long m\u00e9trage qui arpente\u00a0 les festivals\u00a0: San Sebastian, Namur, la Cor\u00e9e, la route parcourue par Parasol est d\u00e9j\u00e0 riche et enthousiasmante.<br \/>\nEt on imagine que son r\u00e9alisateur, parti \u00e0 l\u2019autre bout du monde, en est heureux.<\/p>\n<p>&nbsp;<\/p>\n<p>&nbsp;<\/p>\n","protected":false},"excerpt":{"rendered":"<p>Voir son premier long m\u00e9trage de fiction s\u00e9lectionn\u00e9 dans diff\u00e9rents festivals de cin\u00e9ma \u00e0 travers le monde alors qu\u2019il n\u2019est m\u00eame pas termin\u00e9 est une chance immense qu\u2019envient sans doute beaucoup de r\u00e9alisateurs, parfois (beaucoup) plus chevronn\u00e9s. Notamment remarqu\u00e9 avec Dimanches et Silence radio, Valery Rosier s\u2019est rapidement fait un nom dans le petit monde &hellip;<\/p>\n","protected":false},"author":7,"featured_media":79225,"comment_status":"closed","ping_status":"closed","sticky":false,"template":"","format":"standard","meta":{"ngg_post_thumbnail":0,"footnotes":""},"categories":[53,12],"tags":[],"class_list":["post-79218","post","type-post","status-publish","format-standard","has-post-thumbnail","","category-coming-soon","category-awards"],"yoast_head":"<!-- This site is optimized with the Yoast SEO plugin v20.4 - https:\/\/yoast.com\/wordpress\/plugins\/seo\/ -->\n<title>Parasol\u00a0: l\u2019autre c\u00f4t\u00e9 du soleil\u2026 - We Love Cinema<\/title>\n<meta name=\"robots\" content=\"index, follow, max-snippet:-1, max-image-preview:large, max-video-preview:-1\" \/>\n<link rel=\"canonical\" href=\"https:\/\/welovecinema.be\/fr\/parasol-lautre-cote-du-soleil\/\" \/>\n<meta property=\"og:locale\" content=\"fr_FR\" \/>\n<meta property=\"og:type\" content=\"article\" \/>\n<meta property=\"og:title\" content=\"Parasol\u00a0: l\u2019autre c\u00f4t\u00e9 du soleil\u2026 - We Love Cinema\" \/>\n<meta property=\"og:description\" content=\"Voir son premier long m\u00e9trage de fiction s\u00e9lectionn\u00e9 dans diff\u00e9rents festivals de cin\u00e9ma \u00e0 travers le monde alors qu\u2019il n\u2019est m\u00eame pas termin\u00e9 est une chance immense qu\u2019envient sans doute beaucoup de r\u00e9alisateurs, parfois (beaucoup) plus chevronn\u00e9s. Notamment remarqu\u00e9 avec Dimanches et Silence radio, Valery Rosier s\u2019est rapidement fait un nom dans le petit monde &hellip;\" \/>\n<meta property=\"og:url\" content=\"https:\/\/welovecinema.be\/fr\/parasol-lautre-cote-du-soleil\/\" \/>\n<meta property=\"og:site_name\" content=\"We Love Cinema\" \/>\n<meta property=\"article:publisher\" content=\"https:\/\/www.facebook.com\/welovecinema.be\" \/>\n<meta property=\"article:published_time\" content=\"2016-02-16T07:09:33+00:00\" \/>\n<meta property=\"article:modified_time\" content=\"2017-05-16T17:49:38+00:00\" \/>\n<meta property=\"og:image\" content=\"https:\/\/welovecinema.be\/wp-content\/uploads\/sites\/2\/2010\/10\/2015-10-02_11h03_58.jpg\" \/>\n\t<meta property=\"og:image:width\" content=\"1254\" \/>\n\t<meta property=\"og:image:height\" content=\"517\" \/>\n\t<meta property=\"og:image:type\" content=\"image\/jpeg\" \/>\n<meta name=\"author\" content=\"Philippe.Pierquin\" \/>\n<meta name=\"twitter:card\" content=\"summary_large_image\" \/>\n<meta name=\"twitter:label1\" content=\"\u00c9crit par\" \/>\n\t<meta name=\"twitter:data1\" content=\"Philippe.Pierquin\" \/>\n\t<meta name=\"twitter:label2\" content=\"Dur\u00e9e de lecture estim\u00e9e\" \/>\n\t<meta name=\"twitter:data2\" content=\"3 minutes\" \/>\n<script type=\"application\/ld+json\" class=\"yoast-schema-graph\">{\"@context\":\"https:\/\/schema.org\",\"@graph\":[{\"@type\":\"Article\",\"@id\":\"https:\/\/welovecinema.be\/fr\/parasol-lautre-cote-du-soleil\/#article\",\"isPartOf\":{\"@id\":\"https:\/\/welovecinema.be\/fr\/parasol-lautre-cote-du-soleil\/\"},\"author\":{\"name\":\"Philippe.Pierquin\",\"@id\":\"https:\/\/welovecinema.be\/nl\/#\/schema\/person\/4b9b1d857f0943453a38a7c2859ef756\"},\"headline\":\"Parasol\u00a0: l\u2019autre c\u00f4t\u00e9 du soleil\u2026\",\"datePublished\":\"2016-02-16T07:09:33+00:00\",\"dateModified\":\"2017-05-16T17:49:38+00:00\",\"mainEntityOfPage\":{\"@id\":\"https:\/\/welovecinema.be\/fr\/parasol-lautre-cote-du-soleil\/\"},\"wordCount\":660,\"publisher\":{\"@id\":\"https:\/\/welovecinema.be\/nl\/#organization\"},\"articleSection\":[\"Coming soon\",\"Evenements\"],\"inLanguage\":\"fr-FR\"},{\"@type\":\"WebPage\",\"@id\":\"https:\/\/welovecinema.be\/fr\/parasol-lautre-cote-du-soleil\/\",\"url\":\"https:\/\/welovecinema.be\/fr\/parasol-lautre-cote-du-soleil\/\",\"name\":\"Parasol\u00a0: l\u2019autre c\u00f4t\u00e9 du soleil\u2026 - We Love Cinema\",\"isPartOf\":{\"@id\":\"https:\/\/welovecinema.be\/nl\/#website\"},\"datePublished\":\"2016-02-16T07:09:33+00:00\",\"dateModified\":\"2017-05-16T17:49:38+00:00\",\"breadcrumb\":{\"@id\":\"https:\/\/welovecinema.be\/fr\/parasol-lautre-cote-du-soleil\/#breadcrumb\"},\"inLanguage\":\"fr-FR\",\"potentialAction\":[{\"@type\":\"ReadAction\",\"target\":[\"https:\/\/welovecinema.be\/fr\/parasol-lautre-cote-du-soleil\/\"]}]},{\"@type\":\"BreadcrumbList\",\"@id\":\"https:\/\/welovecinema.be\/fr\/parasol-lautre-cote-du-soleil\/#breadcrumb\",\"itemListElement\":[{\"@type\":\"ListItem\",\"position\":1,\"name\":\"Accueil\",\"item\":\"https:\/\/welovecinema.be\/fr\/\"},{\"@type\":\"ListItem\",\"position\":2,\"name\":\"Parasol\u00a0: l\u2019autre c\u00f4t\u00e9 du soleil\u2026\"}]},{\"@type\":\"WebSite\",\"@id\":\"https:\/\/welovecinema.be\/nl\/#website\",\"url\":\"https:\/\/welovecinema.be\/nl\/\",\"name\":\"We Love Cinema\",\"description\":\"Toute l\u2019information du cin\u00e9ma en Belgique\",\"publisher\":{\"@id\":\"https:\/\/welovecinema.be\/nl\/#organization\"},\"potentialAction\":[{\"@type\":\"SearchAction\",\"target\":{\"@type\":\"EntryPoint\",\"urlTemplate\":\"https:\/\/welovecinema.be\/nl\/?s={search_term_string}\"},\"query-input\":\"required name=search_term_string\"}],\"inLanguage\":\"fr-FR\"},{\"@type\":\"Organization\",\"@id\":\"https:\/\/welovecinema.be\/nl\/#organization\",\"name\":\"We Love Cinema\",\"url\":\"https:\/\/welovecinema.be\/nl\/\",\"logo\":{\"@type\":\"ImageObject\",\"inLanguage\":\"fr-FR\",\"@id\":\"https:\/\/welovecinema.be\/nl\/#\/schema\/logo\/image\/\",\"url\":\"https:\/\/welovecinema.be\/wp-content\/uploads\/sites\/2\/2023\/03\/Logo-We-Love-Cinema305x128.jpg\",\"contentUrl\":\"https:\/\/welovecinema.be\/wp-content\/uploads\/sites\/2\/2023\/03\/Logo-We-Love-Cinema305x128.jpg\",\"width\":305,\"height\":128,\"caption\":\"We Love Cinema\"},\"image\":{\"@id\":\"https:\/\/welovecinema.be\/nl\/#\/schema\/logo\/image\/\"},\"sameAs\":[\"https:\/\/www.facebook.com\/welovecinema.be\",\"https:\/\/www.youtube.com\/channel\/UCX5LYGVhnKvYauW4Nta4HJA\",\"https:\/\/www.instagram.com\/welovecinema.be\/\"]},{\"@type\":\"Person\",\"@id\":\"https:\/\/welovecinema.be\/nl\/#\/schema\/person\/4b9b1d857f0943453a38a7c2859ef756\",\"name\":\"Philippe.Pierquin\",\"url\":\"https:\/\/welovecinema.be\/fr\/author\/philippe-pierquin\/\"}]}<\/script>\n<!-- \/ Yoast SEO plugin. -->","yoast_head_json":{"title":"Parasol\u00a0: l\u2019autre c\u00f4t\u00e9 du soleil\u2026 - We Love Cinema","robots":{"index":"index","follow":"follow","max-snippet":"max-snippet:-1","max-image-preview":"max-image-preview:large","max-video-preview":"max-video-preview:-1"},"canonical":"https:\/\/welovecinema.be\/fr\/parasol-lautre-cote-du-soleil\/","og_locale":"fr_FR","og_type":"article","og_title":"Parasol\u00a0: l\u2019autre c\u00f4t\u00e9 du soleil\u2026 - We Love Cinema","og_description":"Voir son premier long m\u00e9trage de fiction s\u00e9lectionn\u00e9 dans diff\u00e9rents festivals de cin\u00e9ma \u00e0 travers le monde alors qu\u2019il n\u2019est m\u00eame pas termin\u00e9 est une chance immense qu\u2019envient sans doute beaucoup de r\u00e9alisateurs, parfois (beaucoup) plus chevronn\u00e9s. Notamment remarqu\u00e9 avec Dimanches et Silence radio, Valery Rosier s\u2019est rapidement fait un nom dans le petit monde &hellip;","og_url":"https:\/\/welovecinema.be\/fr\/parasol-lautre-cote-du-soleil\/","og_site_name":"We Love Cinema","article_publisher":"https:\/\/www.facebook.com\/welovecinema.be","article_published_time":"2016-02-16T07:09:33+00:00","article_modified_time":"2017-05-16T17:49:38+00:00","og_image":[{"width":1254,"height":517,"url":"https:\/\/welovecinema.be\/wp-content\/uploads\/sites\/2\/2010\/10\/2015-10-02_11h03_58.jpg","type":"image\/jpeg"}],"author":"Philippe.Pierquin","twitter_card":"summary_large_image","twitter_misc":{"\u00c9crit par":"Philippe.Pierquin","Dur\u00e9e de lecture estim\u00e9e":"3 minutes"},"schema":{"@context":"https:\/\/schema.org","@graph":[{"@type":"Article","@id":"https:\/\/welovecinema.be\/fr\/parasol-lautre-cote-du-soleil\/#article","isPartOf":{"@id":"https:\/\/welovecinema.be\/fr\/parasol-lautre-cote-du-soleil\/"},"author":{"name":"Philippe.Pierquin","@id":"https:\/\/welovecinema.be\/nl\/#\/schema\/person\/4b9b1d857f0943453a38a7c2859ef756"},"headline":"Parasol\u00a0: l\u2019autre c\u00f4t\u00e9 du soleil\u2026","datePublished":"2016-02-16T07:09:33+00:00","dateModified":"2017-05-16T17:49:38+00:00","mainEntityOfPage":{"@id":"https:\/\/welovecinema.be\/fr\/parasol-lautre-cote-du-soleil\/"},"wordCount":660,"publisher":{"@id":"https:\/\/welovecinema.be\/nl\/#organization"},"articleSection":["Coming soon","Evenements"],"inLanguage":"fr-FR"},{"@type":"WebPage","@id":"https:\/\/welovecinema.be\/fr\/parasol-lautre-cote-du-soleil\/","url":"https:\/\/welovecinema.be\/fr\/parasol-lautre-cote-du-soleil\/","name":"Parasol\u00a0: l\u2019autre c\u00f4t\u00e9 du soleil\u2026 - We Love Cinema","isPartOf":{"@id":"https:\/\/welovecinema.be\/nl\/#website"},"datePublished":"2016-02-16T07:09:33+00:00","dateModified":"2017-05-16T17:49:38+00:00","breadcrumb":{"@id":"https:\/\/welovecinema.be\/fr\/parasol-lautre-cote-du-soleil\/#breadcrumb"},"inLanguage":"fr-FR","potentialAction":[{"@type":"ReadAction","target":["https:\/\/welovecinema.be\/fr\/parasol-lautre-cote-du-soleil\/"]}]},{"@type":"BreadcrumbList","@id":"https:\/\/welovecinema.be\/fr\/parasol-lautre-cote-du-soleil\/#breadcrumb","itemListElement":[{"@type":"ListItem","position":1,"name":"Accueil","item":"https:\/\/welovecinema.be\/fr\/"},{"@type":"ListItem","position":2,"name":"Parasol\u00a0: l\u2019autre c\u00f4t\u00e9 du soleil\u2026"}]},{"@type":"WebSite","@id":"https:\/\/welovecinema.be\/nl\/#website","url":"https:\/\/welovecinema.be\/nl\/","name":"We Love Cinema","description":"Toute l\u2019information du cin\u00e9ma en Belgique","publisher":{"@id":"https:\/\/welovecinema.be\/nl\/#organization"},"potentialAction":[{"@type":"SearchAction","target":{"@type":"EntryPoint","urlTemplate":"https:\/\/welovecinema.be\/nl\/?s={search_term_string}"},"query-input":"required name=search_term_string"}],"inLanguage":"fr-FR"},{"@type":"Organization","@id":"https:\/\/welovecinema.be\/nl\/#organization","name":"We Love Cinema","url":"https:\/\/welovecinema.be\/nl\/","logo":{"@type":"ImageObject","inLanguage":"fr-FR","@id":"https:\/\/welovecinema.be\/nl\/#\/schema\/logo\/image\/","url":"https:\/\/welovecinema.be\/wp-content\/uploads\/sites\/2\/2023\/03\/Logo-We-Love-Cinema305x128.jpg","contentUrl":"https:\/\/welovecinema.be\/wp-content\/uploads\/sites\/2\/2023\/03\/Logo-We-Love-Cinema305x128.jpg","width":305,"height":128,"caption":"We Love Cinema"},"image":{"@id":"https:\/\/welovecinema.be\/nl\/#\/schema\/logo\/image\/"},"sameAs":["https:\/\/www.facebook.com\/welovecinema.be","https:\/\/www.youtube.com\/channel\/UCX5LYGVhnKvYauW4Nta4HJA","https:\/\/www.instagram.com\/welovecinema.be\/"]},{"@type":"Person","@id":"https:\/\/welovecinema.be\/nl\/#\/schema\/person\/4b9b1d857f0943453a38a7c2859ef756","name":"Philippe.Pierquin","url":"https:\/\/welovecinema.be\/fr\/author\/philippe-pierquin\/"}]}},"_links":{"self":[{"href":"https:\/\/welovecinema.be\/fr\/wp-json\/wp\/v2\/posts\/79218","targetHints":{"allow":["GET"]}}],"collection":[{"href":"https:\/\/welovecinema.be\/fr\/wp-json\/wp\/v2\/posts"}],"about":[{"href":"https:\/\/welovecinema.be\/fr\/wp-json\/wp\/v2\/types\/post"}],"author":[{"embeddable":true,"href":"https:\/\/welovecinema.be\/fr\/wp-json\/wp\/v2\/users\/7"}],"replies":[{"embeddable":true,"href":"https:\/\/welovecinema.be\/fr\/wp-json\/wp\/v2\/comments?post=79218"}],"version-history":[{"count":0,"href":"https:\/\/welovecinema.be\/fr\/wp-json\/wp\/v2\/posts\/79218\/revisions"}],"wp:featuredmedia":[{"embeddable":true,"href":"https:\/\/welovecinema.be\/fr\/wp-json\/wp\/v2\/media\/79225"}],"wp:attachment":[{"href":"https:\/\/welovecinema.be\/fr\/wp-json\/wp\/v2\/media?parent=79218"}],"wp:term":[{"taxonomy":"category","embeddable":true,"href":"https:\/\/welovecinema.be\/fr\/wp-json\/wp\/v2\/categories?post=79218"},{"taxonomy":"post_tag","embeddable":true,"href":"https:\/\/welovecinema.be\/fr\/wp-json\/wp\/v2\/tags?post=79218"}],"curies":[{"name":"wp","href":"https:\/\/api.w.org\/{rel}","templated":true}]}}