{"id":78702,"date":"2015-09-28T12:25:13","date_gmt":"2015-09-28T10:25:13","guid":{"rendered":"http:\/\/www.cinevox.be\/?p=78702"},"modified":"2015-09-28T12:25:56","modified_gmt":"2015-09-28T10:25:56","slug":"les-oiseaux-de-passage-se-posent-au-danemark","status":"publish","type":"post","link":"https:\/\/welovecinema.be\/fr\/les-oiseaux-de-passage-se-posent-au-danemark\/","title":{"rendered":"Les Oiseaux de passage se posent au Danemark"},"content":{"rendered":"<p>Lors de la c\u00e9r\u00e9monie de remise des prix du Buster international Film Festival de Copenhague, le Prix sp\u00e9cial du jury est all\u00e9 au film d&rsquo;Olivier et Yves Ringer, <em>Les Oiseaux de Passage.<\/em><!--more--><\/p>\n<p>&nbsp;<\/p>\n<p>&nbsp;<\/p>\n<p>&nbsp;<\/p>\n<p>Les Oiseaux de Passage suit le parcours initiatique de Cathy, qui re\u00e7oit pour ses dix ans un oeuf \u00e0 faire \u00e9clore. Quand un caneton sort de la coquille en pr\u00e9sence de sa meilleure amie Margaux, celui-ci est persuad\u00e9 que la petite fille est sa maman.<\/p>\n<p>Mais Margaux n&rsquo;est pas en \u00e9tat de s&rsquo;occuper d&rsquo;un b\u00e9b\u00e9 canard, elle est coinc\u00e9e sur un fauteuil roulant et elle doit bient\u00f4t partir vivre en institution.<\/p>\n<p>Ses parents d\u00e9cident de se d\u00e9barrasser de l&rsquo;oiseau. Et quand Cathy et Margaux apprennent que le canard finira sans doute en conserve, elles se lancent dans un p\u00e9riple o\u00f9 elles d\u00e9couvriront bien plus sur elles-m\u00eames que sur le sauvetage d&rsquo;un palmip\u00e8de.<\/p>\n<p>&nbsp;<\/p>\n<p>&nbsp;<\/p>\n<p><a href=\"http:\/\/www.cinevox.be\/wp-content\/uploads\/sites\/2\/2015\/09\/unnamed3.jpg\"><img loading=\"lazy\" decoding=\"async\" class=\"alignright  wp-image-78703\" src=\"http:\/\/www.cinevox.be\/wp-content\/uploads\/sites\/2\/2015\/09\/unnamed3-450x600.jpg\" alt=\"\" width=\"347\" height=\"463\" srcset=\"https:\/\/welovecinema.be\/wp-content\/uploads\/sites\/2\/2015\/09\/unnamed3-450x600.jpg 450w, https:\/\/welovecinema.be\/wp-content\/uploads\/sites\/2\/2015\/09\/unnamed3-202x270.jpg 202w, https:\/\/welovecinema.be\/wp-content\/uploads\/sites\/2\/2015\/09\/unnamed3.jpg 576w\" sizes=\"auto, (max-width: 347px) 100vw, 347px\" \/><\/a>Produit par Ring Production, distribu\u00e9 par Jekino, le film a b\u00e9n\u00e9fici\u00e9 du soutien du Centre du cin\u00e9ma et de l\u2019audiovisuel de la F\u00e9d\u00e9ration Wallonie Bruxelles.<\/p>\n<p>&nbsp;<\/p>\n<p>Ce prix s&rsquo;ajoute \u00e0 une longue liste parmi lesquels le Grand Prix du Festival du Zlin (R\u00e9publique tch\u00e8que), le Grand Prix du Festival international du Film pour Enfants de Montr\u00e9al, le Grand Prix du Jury international du Kineko Film Festival de Tokyo et le Prix sp\u00e9cial du Jury de Giffoni (Italie).<\/p>\n<p>&nbsp;<\/p>\n<p>&nbsp;<\/p>\n<p>Le Buster Film Festival est l&rsquo;un des principaux festivals de films pour enfants d&rsquo;Europe et le plus important du Danemark.<\/p>\n<p>&nbsp;<\/p>\n<p>&nbsp;<\/p>\n<p>Si vous n&rsquo;avez jamais entendu parler de ce film tr\u00e8s sympa, humaniste et positif, retrouvez <a href=\"http:\/\/www.cinevox.be\/deux-fillettes-et-un-caneton\/\">ICI<\/a> notre pr\u00e9sentation et <a href=\"http:\/\/www.cinevox.be\/les-oiseaux-de-passage\">ICI<\/a>, la bande annonce.<\/p>\n<p>&nbsp;<\/p>\n","protected":false},"excerpt":{"rendered":"<p>Lors de la c\u00e9r\u00e9monie de remise des prix du Buster international Film Festival de Copenhague, le Prix sp\u00e9cial du jury est all\u00e9 au film d&rsquo;Olivier et Yves Ringer, Les Oiseaux de Passage.<\/p>\n","protected":false},"author":7,"featured_media":78705,"comment_status":"closed","ping_status":"closed","sticky":false,"template":"","format":"standard","meta":{"ngg_post_thumbnail":0,"footnotes":""},"categories":[12],"tags":[],"class_list":["post-78702","post","type-post","status-publish","format-standard","has-post-thumbnail","","category-awards"],"yoast_head":"<!-- This site is optimized with the Yoast SEO plugin v20.4 - https:\/\/yoast.com\/wordpress\/plugins\/seo\/ -->\n<title>Les Oiseaux de passage se posent au Danemark - We Love Cinema<\/title>\n<meta name=\"robots\" content=\"index, follow, max-snippet:-1, max-image-preview:large, max-video-preview:-1\" \/>\n<link rel=\"canonical\" href=\"https:\/\/welovecinema.be\/fr\/les-oiseaux-de-passage-se-posent-au-danemark\/\" \/>\n<meta property=\"og:locale\" content=\"fr_FR\" \/>\n<meta property=\"og:type\" content=\"article\" \/>\n<meta property=\"og:title\" content=\"Les Oiseaux de passage se posent au Danemark - We Love Cinema\" \/>\n<meta property=\"og:description\" content=\"Lors de la c\u00e9r\u00e9monie de remise des prix du Buster international Film Festival de Copenhague, le Prix sp\u00e9cial du jury est all\u00e9 au film d&rsquo;Olivier et Yves Ringer, Les Oiseaux de Passage.\" \/>\n<meta property=\"og:url\" content=\"https:\/\/welovecinema.be\/fr\/les-oiseaux-de-passage-se-posent-au-danemark\/\" \/>\n<meta property=\"og:site_name\" content=\"We Love Cinema\" \/>\n<meta property=\"article:publisher\" content=\"https:\/\/www.facebook.com\/welovecinema.be\" \/>\n<meta property=\"article:published_time\" content=\"2015-09-28T10:25:13+00:00\" \/>\n<meta property=\"article:modified_time\" content=\"2015-09-28T10:25:56+00:00\" \/>\n<meta property=\"og:image\" content=\"https:\/\/welovecinema.be\/wp-content\/uploads\/sites\/2\/2015\/09\/0009.jpg\" \/>\n\t<meta property=\"og:image:width\" content=\"2300\" \/>\n\t<meta property=\"og:image:height\" content=\"1533\" \/>\n\t<meta property=\"og:image:type\" content=\"image\/jpeg\" \/>\n<meta name=\"author\" content=\"Philippe.Pierquin\" \/>\n<meta name=\"twitter:card\" content=\"summary_large_image\" \/>\n<meta name=\"twitter:label1\" content=\"\u00c9crit par\" \/>\n\t<meta name=\"twitter:data1\" content=\"Philippe.Pierquin\" \/>\n\t<meta name=\"twitter:label2\" content=\"Dur\u00e9e de lecture estim\u00e9e\" \/>\n\t<meta name=\"twitter:data2\" content=\"1 minute\" \/>\n<script type=\"application\/ld+json\" class=\"yoast-schema-graph\">{\"@context\":\"https:\/\/schema.org\",\"@graph\":[{\"@type\":\"Article\",\"@id\":\"https:\/\/welovecinema.be\/fr\/les-oiseaux-de-passage-se-posent-au-danemark\/#article\",\"isPartOf\":{\"@id\":\"https:\/\/welovecinema.be\/fr\/les-oiseaux-de-passage-se-posent-au-danemark\/\"},\"author\":{\"name\":\"Philippe.Pierquin\",\"@id\":\"https:\/\/welovecinema.be\/nl\/#\/schema\/person\/4b9b1d857f0943453a38a7c2859ef756\"},\"headline\":\"Les Oiseaux de passage se posent au Danemark\",\"datePublished\":\"2015-09-28T10:25:13+00:00\",\"dateModified\":\"2015-09-28T10:25:56+00:00\",\"mainEntityOfPage\":{\"@id\":\"https:\/\/welovecinema.be\/fr\/les-oiseaux-de-passage-se-posent-au-danemark\/\"},\"wordCount\":316,\"publisher\":{\"@id\":\"https:\/\/welovecinema.be\/nl\/#organization\"},\"articleSection\":[\"Evenements\"],\"inLanguage\":\"fr-FR\"},{\"@type\":\"WebPage\",\"@id\":\"https:\/\/welovecinema.be\/fr\/les-oiseaux-de-passage-se-posent-au-danemark\/\",\"url\":\"https:\/\/welovecinema.be\/fr\/les-oiseaux-de-passage-se-posent-au-danemark\/\",\"name\":\"Les Oiseaux de passage se posent au Danemark - We Love Cinema\",\"isPartOf\":{\"@id\":\"https:\/\/welovecinema.be\/nl\/#website\"},\"datePublished\":\"2015-09-28T10:25:13+00:00\",\"dateModified\":\"2015-09-28T10:25:56+00:00\",\"breadcrumb\":{\"@id\":\"https:\/\/welovecinema.be\/fr\/les-oiseaux-de-passage-se-posent-au-danemark\/#breadcrumb\"},\"inLanguage\":\"fr-FR\",\"potentialAction\":[{\"@type\":\"ReadAction\",\"target\":[\"https:\/\/welovecinema.be\/fr\/les-oiseaux-de-passage-se-posent-au-danemark\/\"]}]},{\"@type\":\"BreadcrumbList\",\"@id\":\"https:\/\/welovecinema.be\/fr\/les-oiseaux-de-passage-se-posent-au-danemark\/#breadcrumb\",\"itemListElement\":[{\"@type\":\"ListItem\",\"position\":1,\"name\":\"Accueil\",\"item\":\"https:\/\/welovecinema.be\/fr\/\"},{\"@type\":\"ListItem\",\"position\":2,\"name\":\"Les Oiseaux de passage se posent au Danemark\"}]},{\"@type\":\"WebSite\",\"@id\":\"https:\/\/welovecinema.be\/nl\/#website\",\"url\":\"https:\/\/welovecinema.be\/nl\/\",\"name\":\"We Love Cinema\",\"description\":\"Toute l\u2019information du cin\u00e9ma en Belgique\",\"publisher\":{\"@id\":\"https:\/\/welovecinema.be\/nl\/#organization\"},\"potentialAction\":[{\"@type\":\"SearchAction\",\"target\":{\"@type\":\"EntryPoint\",\"urlTemplate\":\"https:\/\/welovecinema.be\/nl\/?s={search_term_string}\"},\"query-input\":\"required name=search_term_string\"}],\"inLanguage\":\"fr-FR\"},{\"@type\":\"Organization\",\"@id\":\"https:\/\/welovecinema.be\/nl\/#organization\",\"name\":\"We Love Cinema\",\"url\":\"https:\/\/welovecinema.be\/nl\/\",\"logo\":{\"@type\":\"ImageObject\",\"inLanguage\":\"fr-FR\",\"@id\":\"https:\/\/welovecinema.be\/nl\/#\/schema\/logo\/image\/\",\"url\":\"https:\/\/welovecinema.be\/wp-content\/uploads\/sites\/2\/2023\/03\/Logo-We-Love-Cinema305x128.jpg\",\"contentUrl\":\"https:\/\/welovecinema.be\/wp-content\/uploads\/sites\/2\/2023\/03\/Logo-We-Love-Cinema305x128.jpg\",\"width\":305,\"height\":128,\"caption\":\"We Love Cinema\"},\"image\":{\"@id\":\"https:\/\/welovecinema.be\/nl\/#\/schema\/logo\/image\/\"},\"sameAs\":[\"https:\/\/www.facebook.com\/welovecinema.be\",\"https:\/\/www.youtube.com\/channel\/UCX5LYGVhnKvYauW4Nta4HJA\",\"https:\/\/www.instagram.com\/welovecinema.be\/\"]},{\"@type\":\"Person\",\"@id\":\"https:\/\/welovecinema.be\/nl\/#\/schema\/person\/4b9b1d857f0943453a38a7c2859ef756\",\"name\":\"Philippe.Pierquin\",\"url\":\"https:\/\/welovecinema.be\/fr\/author\/philippe-pierquin\/\"}]}<\/script>\n<!-- \/ Yoast SEO plugin. -->","yoast_head_json":{"title":"Les Oiseaux de passage se posent au Danemark - We Love Cinema","robots":{"index":"index","follow":"follow","max-snippet":"max-snippet:-1","max-image-preview":"max-image-preview:large","max-video-preview":"max-video-preview:-1"},"canonical":"https:\/\/welovecinema.be\/fr\/les-oiseaux-de-passage-se-posent-au-danemark\/","og_locale":"fr_FR","og_type":"article","og_title":"Les Oiseaux de passage se posent au Danemark - We Love Cinema","og_description":"Lors de la c\u00e9r\u00e9monie de remise des prix du Buster international Film Festival de Copenhague, le Prix sp\u00e9cial du jury est all\u00e9 au film d&rsquo;Olivier et Yves Ringer, Les Oiseaux de Passage.","og_url":"https:\/\/welovecinema.be\/fr\/les-oiseaux-de-passage-se-posent-au-danemark\/","og_site_name":"We Love Cinema","article_publisher":"https:\/\/www.facebook.com\/welovecinema.be","article_published_time":"2015-09-28T10:25:13+00:00","article_modified_time":"2015-09-28T10:25:56+00:00","og_image":[{"width":2300,"height":1533,"url":"https:\/\/welovecinema.be\/wp-content\/uploads\/sites\/2\/2015\/09\/0009.jpg","type":"image\/jpeg"}],"author":"Philippe.Pierquin","twitter_card":"summary_large_image","twitter_misc":{"\u00c9crit par":"Philippe.Pierquin","Dur\u00e9e de lecture estim\u00e9e":"1 minute"},"schema":{"@context":"https:\/\/schema.org","@graph":[{"@type":"Article","@id":"https:\/\/welovecinema.be\/fr\/les-oiseaux-de-passage-se-posent-au-danemark\/#article","isPartOf":{"@id":"https:\/\/welovecinema.be\/fr\/les-oiseaux-de-passage-se-posent-au-danemark\/"},"author":{"name":"Philippe.Pierquin","@id":"https:\/\/welovecinema.be\/nl\/#\/schema\/person\/4b9b1d857f0943453a38a7c2859ef756"},"headline":"Les Oiseaux de passage se posent au Danemark","datePublished":"2015-09-28T10:25:13+00:00","dateModified":"2015-09-28T10:25:56+00:00","mainEntityOfPage":{"@id":"https:\/\/welovecinema.be\/fr\/les-oiseaux-de-passage-se-posent-au-danemark\/"},"wordCount":316,"publisher":{"@id":"https:\/\/welovecinema.be\/nl\/#organization"},"articleSection":["Evenements"],"inLanguage":"fr-FR"},{"@type":"WebPage","@id":"https:\/\/welovecinema.be\/fr\/les-oiseaux-de-passage-se-posent-au-danemark\/","url":"https:\/\/welovecinema.be\/fr\/les-oiseaux-de-passage-se-posent-au-danemark\/","name":"Les Oiseaux de passage se posent au Danemark - We Love Cinema","isPartOf":{"@id":"https:\/\/welovecinema.be\/nl\/#website"},"datePublished":"2015-09-28T10:25:13+00:00","dateModified":"2015-09-28T10:25:56+00:00","breadcrumb":{"@id":"https:\/\/welovecinema.be\/fr\/les-oiseaux-de-passage-se-posent-au-danemark\/#breadcrumb"},"inLanguage":"fr-FR","potentialAction":[{"@type":"ReadAction","target":["https:\/\/welovecinema.be\/fr\/les-oiseaux-de-passage-se-posent-au-danemark\/"]}]},{"@type":"BreadcrumbList","@id":"https:\/\/welovecinema.be\/fr\/les-oiseaux-de-passage-se-posent-au-danemark\/#breadcrumb","itemListElement":[{"@type":"ListItem","position":1,"name":"Accueil","item":"https:\/\/welovecinema.be\/fr\/"},{"@type":"ListItem","position":2,"name":"Les Oiseaux de passage se posent au Danemark"}]},{"@type":"WebSite","@id":"https:\/\/welovecinema.be\/nl\/#website","url":"https:\/\/welovecinema.be\/nl\/","name":"We Love Cinema","description":"Toute l\u2019information du cin\u00e9ma en Belgique","publisher":{"@id":"https:\/\/welovecinema.be\/nl\/#organization"},"potentialAction":[{"@type":"SearchAction","target":{"@type":"EntryPoint","urlTemplate":"https:\/\/welovecinema.be\/nl\/?s={search_term_string}"},"query-input":"required name=search_term_string"}],"inLanguage":"fr-FR"},{"@type":"Organization","@id":"https:\/\/welovecinema.be\/nl\/#organization","name":"We Love Cinema","url":"https:\/\/welovecinema.be\/nl\/","logo":{"@type":"ImageObject","inLanguage":"fr-FR","@id":"https:\/\/welovecinema.be\/nl\/#\/schema\/logo\/image\/","url":"https:\/\/welovecinema.be\/wp-content\/uploads\/sites\/2\/2023\/03\/Logo-We-Love-Cinema305x128.jpg","contentUrl":"https:\/\/welovecinema.be\/wp-content\/uploads\/sites\/2\/2023\/03\/Logo-We-Love-Cinema305x128.jpg","width":305,"height":128,"caption":"We Love Cinema"},"image":{"@id":"https:\/\/welovecinema.be\/nl\/#\/schema\/logo\/image\/"},"sameAs":["https:\/\/www.facebook.com\/welovecinema.be","https:\/\/www.youtube.com\/channel\/UCX5LYGVhnKvYauW4Nta4HJA","https:\/\/www.instagram.com\/welovecinema.be\/"]},{"@type":"Person","@id":"https:\/\/welovecinema.be\/nl\/#\/schema\/person\/4b9b1d857f0943453a38a7c2859ef756","name":"Philippe.Pierquin","url":"https:\/\/welovecinema.be\/fr\/author\/philippe-pierquin\/"}]}},"_links":{"self":[{"href":"https:\/\/welovecinema.be\/fr\/wp-json\/wp\/v2\/posts\/78702","targetHints":{"allow":["GET"]}}],"collection":[{"href":"https:\/\/welovecinema.be\/fr\/wp-json\/wp\/v2\/posts"}],"about":[{"href":"https:\/\/welovecinema.be\/fr\/wp-json\/wp\/v2\/types\/post"}],"author":[{"embeddable":true,"href":"https:\/\/welovecinema.be\/fr\/wp-json\/wp\/v2\/users\/7"}],"replies":[{"embeddable":true,"href":"https:\/\/welovecinema.be\/fr\/wp-json\/wp\/v2\/comments?post=78702"}],"version-history":[{"count":0,"href":"https:\/\/welovecinema.be\/fr\/wp-json\/wp\/v2\/posts\/78702\/revisions"}],"wp:featuredmedia":[{"embeddable":true,"href":"https:\/\/welovecinema.be\/fr\/wp-json\/wp\/v2\/media\/78705"}],"wp:attachment":[{"href":"https:\/\/welovecinema.be\/fr\/wp-json\/wp\/v2\/media?parent=78702"}],"wp:term":[{"taxonomy":"category","embeddable":true,"href":"https:\/\/welovecinema.be\/fr\/wp-json\/wp\/v2\/categories?post=78702"},{"taxonomy":"post_tag","embeddable":true,"href":"https:\/\/welovecinema.be\/fr\/wp-json\/wp\/v2\/tags?post=78702"}],"curies":[{"name":"wp","href":"https:\/\/api.w.org\/{rel}","templated":true}]}}