{"id":7867,"date":"2011-09-15T07:39:46","date_gmt":"2011-09-15T07:39:46","guid":{"rendered":"http:\/\/www.cinevox.be\/?p=7867"},"modified":"2011-09-20T21:54:08","modified_gmt":"2011-09-20T21:54:08","slug":"un-boeuf-limbourgeois-ou-un-velo-seresien-pour-rafler-loscar","status":"publish","type":"post","link":"https:\/\/welovecinema.be\/fr\/un-boeuf-limbourgeois-ou-un-velo-seresien-pour-rafler-loscar\/","title":{"rendered":"Un b\u0153uf limbourgeois ou un v\u00e9lo ser\u00e9sien pour rafler l&rsquo;Oscar ?"},"content":{"rendered":"<p>Quel sera le film que la Belgique, unie bien s\u00fbr, va envoyer \u00e0 Hollywood pour la repr\u00e9senter\u00a0aux Academy Awards, mieux connus chez nous sous le label \u00ab\u00a0Oscars\u00a0\u00bb ? Nous l&rsquo;apprendrons tr\u00e8s vite et les pronostics vont bon train. Ils sont 18 longs m\u00e9trages sortis entre le 1<sup>er<\/sup> octobre 2010 et le 30 septembre 2011 (on y est presque) \u00e0 revendiquer cet honneur.<\/p>\n<p>Tout le monde est d&rsquo;accord pour dire que deux favoris se d\u00e9gagent, un flamand et un francophone, quoique le flamand soit en fait un film presque bilingue coproduit par les trois r\u00e9gions, ce qui pourrait lui valoir un petit avantage d\u00e9cisif. D&rsquo;autant que, selon une loi d&rsquo;alternance assez logique bien que non \u00e9crite dans les statuts, un film flamand devrait s&rsquo;imposer cette ann\u00e9e.<!--more--><\/p>\n<p>&nbsp;<\/p>\n<p><a rel=\"attachment wp-att-7868\" href=\"http:\/\/www.cinevox.be\/un-boeuf-limbourgeois-ou-un-velo-seresien-pour-rafler-loscar\/rk-5\/\"><img loading=\"lazy\" decoding=\"async\" class=\"alignright size-medium wp-image-7868\" title=\"rk\" src=\"http:\/\/www.cinevox.be\/wp-content\/uploads\/sites\/2\/2011\/09\/rk-480x270.jpg\" alt=\"\" width=\"384\" height=\"216\" srcset=\"https:\/\/welovecinema.be\/wp-content\/uploads\/sites\/2\/2011\/09\/rk-480x270.jpg 480w, https:\/\/welovecinema.be\/wp-content\/uploads\/sites\/2\/2011\/09\/rk-200x113.jpg 200w, https:\/\/welovecinema.be\/wp-content\/uploads\/sites\/2\/2011\/09\/rk-300x169.jpg 300w, https:\/\/welovecinema.be\/wp-content\/uploads\/sites\/2\/2011\/09\/rk-620x350.jpg 620w, https:\/\/welovecinema.be\/wp-content\/uploads\/sites\/2\/2011\/09\/rk.jpg 800w\" sizes=\"auto, (max-width: 384px) 100vw, 384px\" \/><\/a>Au nord, \u00a0on a donc\u00a0<em>Rundskop\/T\u00eate de Boeuf<\/em>, le thriller rural de <strong>Michael R.Roskam<\/strong> qui a remport\u00e9 le festival de Beaune, le prix de la nouvelle chair \u00e0 Toronto, un prix \u00e0 l&rsquo;\u00e9trange festival de Paris et surtout six Vlaamse Filmprijzen remis lors du tout r\u00e9cent festival d&rsquo;Ostende. Un agent am\u00e9ricain a pris en main la carri\u00e8re internationale du r\u00e9alisateur que d&rsquo;aucuns comparent d\u00e9j\u00e0 \u00e0 Scorcese. Flatteur\u2026 mais pas usurp\u00e9.<\/p>\n<p>&nbsp;<\/p>\n<p>&nbsp;<\/p>\n<p><a rel=\"attachment wp-att-7869\" href=\"http:\/\/www.cinevox.be\/un-boeuf-limbourgeois-ou-un-velo-seresien-pour-rafler-loscar\/gamin-2-4\/\"><img loading=\"lazy\" decoding=\"async\" class=\"alignleft size-medium wp-image-7869\" title=\"gamin 2\" src=\"http:\/\/www.cinevox.be\/wp-content\/uploads\/sites\/2\/2011\/09\/gamin-2-480x225.jpg\" alt=\"\" width=\"384\" height=\"180\" srcset=\"https:\/\/welovecinema.be\/wp-content\/uploads\/sites\/2\/2011\/09\/gamin-2-480x225.jpg 480w, https:\/\/welovecinema.be\/wp-content\/uploads\/sites\/2\/2011\/09\/gamin-2.jpg 628w\" sizes=\"auto, (max-width: 384px) 100vw, 384px\" \/><\/a>Au sud, le favori logique est l&rsquo;autre long m\u00e9trage belge qui vient d&rsquo;\u00eatre pr\u00e9s\u00e9lectionn\u00e9 pour les European Film Awards 2011 (les nominations d\u00e9finitives seront annonc\u00e9es le 5 novembre pendant le festival de S\u00e9ville. La c\u00e9r\u00e9monie aura lieu le 3 d\u00e9cembre \u00e0 Berlin), soit l&rsquo;incontournable <em>Gamin au v\u00e9lo<\/em>. Incontournable, parce que sign\u00e9 par les fr\u00e8res <strong>Dardenne<\/strong>, soit nos cin\u00e9astes les plus connus dans le monde. Connus, respect\u00e9s, voire adul\u00e9s. Ce qui leur donne une belle chance de se hisser dans le quintet final.<\/p>\n<p>&nbsp;<\/p>\n<p>Car oui, \u00eatre d\u00e9sign\u00e9 par son pays, c&rsquo;est bien, mais \u00eatre vraiment nomm\u00e9 aux Oscars, c&rsquo;est \u00e9videmment beaucoup mieux. Et pour savoir si notre repr\u00e9sentant aura cet honneur, il faudra patienter jusqu&rsquo;au 24 janvier 2012.<\/p>\n<p>&nbsp;<\/p>\n<p><a rel=\"attachment wp-att-7870\" href=\"http:\/\/www.cinevox.be\/un-boeuf-limbourgeois-ou-un-velo-seresien-pour-rafler-loscar\/hasta-la-vista-3\/\"><img loading=\"lazy\" decoding=\"async\" class=\"alignright size-medium wp-image-7870\" title=\"Hasta-la-vista\" src=\"http:\/\/www.cinevox.be\/wp-content\/uploads\/sites\/2\/2011\/09\/Hasta-la-vista-394x270.jpg\" alt=\"\" width=\"315\" height=\"216\" srcset=\"https:\/\/welovecinema.be\/wp-content\/uploads\/sites\/2\/2011\/09\/Hasta-la-vista-394x270.jpg 394w, https:\/\/welovecinema.be\/wp-content\/uploads\/sites\/2\/2011\/09\/Hasta-la-vista.jpg 800w\" sizes=\"auto, (max-width: 315px) 100vw, 315px\" \/><\/a>Derri\u00e8re <em>Rundskop<\/em> et <em>Le Gamin au V\u00e9lo<\/em>, seize films vont tenter de contredire les pronostics. Le mieux plac\u00e9 est un autre film flamand, \u00e0 savoir <em>Hasta la Vista<\/em>, r\u00e9cemment couronn\u00e9 au Festival des Films du Monde \u00e0 Montr\u00e9al qui a donc d\u00e9montr\u00e9 sa facult\u00e9 \u00e0 voyager. Comme <em>Rundskop,<\/em> il a d\u00e9j\u00e0 \u00e9t\u00e9 vendu sur de nombreux pays \u00e0 travers le monde, preuve de son potentiel.<\/p>\n<p>&nbsp;<\/p>\n<p>L&rsquo;an dernier on savait de longue date que la lutte se circonscrirait entre <em>Adem<\/em> et <em>Ill\u00e9gal <\/em>qui l&rsquo;a emport\u00e9\u2026 mais n&rsquo;a pas r\u00e9ussi \u00e0 concr\u00e9tiser cette d\u00e9signation par une nomination dans la cat\u00e9gorie \u00ab\u00a0Meilleur film en langue \u00e9trang\u00e8re\u00a0\u00bb.<\/p>\n<p>&nbsp;<\/p>\n<p>Jusqu&rsquo;ici, il faut le souligner, aucun Belge n&rsquo;a jamais gagn\u00e9 l&rsquo;Oscar. Mais cinq \u0153uvres produites et r\u00e9alis\u00e9es chez nous se sont hiss\u00e9es dans le quintet final : <em>Paix sur les Champs<\/em> de <strong>Jacques Boigelot<\/strong> (1970), <em>Le Ma\u00eetre de Musique<\/em> de <strong>G\u00e9rard Corbiau<\/strong> (1988), <em>Daens <\/em>de <strong>Stijn Coninx<\/strong> (92, avec un Matthias Schoenaerts, d\u00e9butant),<em> Farinelli<\/em> de <strong>G\u00e9rard Corbiau<\/strong> encore en 1994 et enfin la plus inattendue de toutes peut-\u00eatre, mais pas le moins bouleversante, <em>Iedereen Beroemd<\/em> de <strong>Dominique Deruddere<\/strong> en 2000.<\/p>\n<p>&nbsp;<\/p>\n<p><a rel=\"attachment wp-att-7871\" href=\"http:\/\/www.cinevox.be\/un-boeuf-limbourgeois-ou-un-velo-seresien-pour-rafler-loscar\/81st-academy-awards%c2%a8-press-kit-images\/\"><img loading=\"lazy\" decoding=\"async\" class=\"alignleft size-large wp-image-7871\" title=\"81st Academy Awards\u00a8 Press Kit Images\" src=\"http:\/\/www.cinevox.be\/wp-content\/uploads\/sites\/2\/2011\/09\/oscars-495x600.jpg\" alt=\"\" width=\"347\" height=\"420\" srcset=\"https:\/\/welovecinema.be\/wp-content\/uploads\/sites\/2\/2011\/09\/oscars-495x600.jpg 495w, https:\/\/welovecinema.be\/wp-content\/uploads\/sites\/2\/2011\/09\/oscars-222x270.jpg 222w\" sizes=\"auto, (max-width: 347px) 100vw, 347px\" \/><\/a>Pour notre petite satisfaction tr\u00e8s personnelle, signalons qu&rsquo;un r\u00e9alisateur qui a effectu\u00e9 ses \u00e9tudes cin\u00e9matographiques en Belgique et qui fut coproduit chez nous a quand m\u00eame d\u00e9croch\u00e9 la r\u00e9compense ultime. Il s&rsquo;agit bien s\u00fbr de <strong>Danis Tanovic<\/strong> qui pr\u00e9senta <em>No Man&rsquo;s Land<\/em> sous banni\u00e8re bosniaque en 2002.<\/p>\n<p>Jusqu&rsquo;ici une poign\u00e9e de pays seulement ont d\u00e9j\u00e0 d\u00e9sign\u00e9 leur repr\u00e9sentant pour 2012: La Cor\u00e9e du Sud a choisi le film de guerre\u00a0<em>The Front Line<\/em> sign\u00e9 <strong>Jang Hoon<\/strong>. La Norv\u00e8ge vient d&rsquo;annoncer que son candidat serait \u00a0<em>Happy Happy<\/em> d&rsquo;<strong>Anne Sewitsky<\/strong> tr\u00e8s bien accueilli lors de sa projection \u00e0 Sundance o\u00f9 il a remport\u00e9 le Grand Prix, cat\u00e9gorie films \u00e9trangers. Quant au Maroc, il a s\u00e9lectionn\u00e9 <em>Omar m&rsquo;a Tuer<\/em> de <strong>Roschdy Zem<\/strong>, un choix fort, presque politique, qui s&rsquo;inscrit dans la logique qui a pouss\u00e9 l&rsquo;Alg\u00e9rie a aligner, l&rsquo;an dernier, le <em>Hors-La-Loi<\/em> de <strong>Rachid Bouchareb<\/strong> qui a finalement \u00e9t\u00e9 retenu par les votants. Inutile de dire que pour le Maroc, faire au moins aussi bien est un objectif minimal\u2026 et que ce film s&rsquo;y pr\u00eate \u00e0 merveille.<\/p>\n<p>&nbsp;<\/p>\n<p>Ces derni\u00e8res ann\u00e9es, les vainqueurs n&rsquo;ont jamais \u00e9t\u00e9 de tr\u00e8s grosses productions clinquantes. Les trois derniers films \u00e0 s&rsquo;\u00eatre impos\u00e9s \u00e0 Hollywood sont <em>Revenge<\/em> de la Danoise <strong>Susanne Bier<\/strong>, <em>Dans Ses Yeux <\/em>de l&rsquo;Argentin <strong>Juan Jos\u00e9 Campanella<\/strong>, <em>Departures<\/em> du japonais <strong>Yojiro Takita<\/strong>, soit des \u0153uvresqui respirent la singularit\u00e9 de leurs pays respectifs. Un espoir peut-\u00eatre pour nos favoris belgo-belges\u2026<\/p>\n<p>&nbsp;<\/p>\n<p>Si les nominations du\u00a0 24 janvier 2012 nous sont favorables, il faudra encore patienter un mois, jusqu&rsquo;au 26 f\u00e9vrier 2012 pour la remise officielle des Academy Awards au Kodak Theater de Hollywood. Mais ceci est d\u00e9j\u00e0 une tout autre histoire.<\/p>\n<p>&nbsp;<\/p>\n","protected":false},"excerpt":{"rendered":"<p>Quel sera le film que la Belgique, unie bien s\u00fbr, va envoyer \u00e0 Hollywood pour la repr\u00e9senter\u00a0aux Academy Awards, mieux connus chez nous sous le label \u00ab\u00a0Oscars\u00a0\u00bb ? Nous l&rsquo;apprendrons tr\u00e8s vite et les pronostics vont bon train. Ils sont 18 longs m\u00e9trages sortis entre le 1er octobre 2010 et le 30 septembre 2011 (on &hellip;<\/p>\n","protected":false},"author":7,"featured_media":7875,"comment_status":"closed","ping_status":"closed","sticky":false,"template":"","format":"standard","meta":{"ngg_post_thumbnail":0,"footnotes":""},"categories":[12,7],"tags":[],"class_list":["post-7867","post","type-post","status-publish","format-standard","has-post-thumbnail","","category-awards","category-actualites"],"yoast_head":"<!-- This site is optimized with the Yoast SEO plugin v20.4 - https:\/\/yoast.com\/wordpress\/plugins\/seo\/ -->\n<title>Un b\u0153uf limbourgeois ou un v\u00e9lo ser\u00e9sien pour rafler l&#039;Oscar ? - We Love Cinema<\/title>\n<meta name=\"robots\" content=\"index, follow, max-snippet:-1, max-image-preview:large, max-video-preview:-1\" \/>\n<link rel=\"canonical\" href=\"https:\/\/welovecinema.be\/fr\/un-boeuf-limbourgeois-ou-un-velo-seresien-pour-rafler-loscar\/\" \/>\n<meta property=\"og:locale\" content=\"fr_FR\" \/>\n<meta property=\"og:type\" content=\"article\" \/>\n<meta property=\"og:title\" content=\"Un b\u0153uf limbourgeois ou un v\u00e9lo ser\u00e9sien pour rafler l&#039;Oscar ? - We Love Cinema\" \/>\n<meta property=\"og:description\" content=\"Quel sera le film que la Belgique, unie bien s\u00fbr, va envoyer \u00e0 Hollywood pour la repr\u00e9senter\u00a0aux Academy Awards, mieux connus chez nous sous le label \u00ab\u00a0Oscars\u00a0\u00bb ? Nous l&rsquo;apprendrons tr\u00e8s vite et les pronostics vont bon train. Ils sont 18 longs m\u00e9trages sortis entre le 1er octobre 2010 et le 30 septembre 2011 (on &hellip;\" \/>\n<meta property=\"og:url\" content=\"https:\/\/welovecinema.be\/fr\/un-boeuf-limbourgeois-ou-un-velo-seresien-pour-rafler-loscar\/\" \/>\n<meta property=\"og:site_name\" content=\"We Love Cinema\" \/>\n<meta property=\"article:publisher\" content=\"https:\/\/www.facebook.com\/welovecinema.be\" \/>\n<meta property=\"article:published_time\" content=\"2011-09-15T07:39:46+00:00\" \/>\n<meta property=\"article:modified_time\" content=\"2011-09-20T21:54:08+00:00\" \/>\n<meta property=\"og:image\" content=\"https:\/\/welovecinema.be\/wp-content\/uploads\/sites\/2\/2011\/09\/academy-awards-stage.jpg\" \/>\n\t<meta property=\"og:image:width\" content=\"980\" \/>\n\t<meta property=\"og:image:height\" content=\"632\" \/>\n\t<meta property=\"og:image:type\" content=\"image\/jpeg\" \/>\n<meta name=\"author\" content=\"Philippe.Pierquin\" \/>\n<meta name=\"twitter:card\" content=\"summary_large_image\" \/>\n<meta name=\"twitter:label1\" content=\"\u00c9crit par\" \/>\n\t<meta name=\"twitter:data1\" content=\"Philippe.Pierquin\" \/>\n\t<meta name=\"twitter:label2\" content=\"Dur\u00e9e de lecture estim\u00e9e\" \/>\n\t<meta name=\"twitter:data2\" content=\"4 minutes\" \/>\n<script type=\"application\/ld+json\" class=\"yoast-schema-graph\">{\"@context\":\"https:\/\/schema.org\",\"@graph\":[{\"@type\":\"Article\",\"@id\":\"https:\/\/welovecinema.be\/fr\/un-boeuf-limbourgeois-ou-un-velo-seresien-pour-rafler-loscar\/#article\",\"isPartOf\":{\"@id\":\"https:\/\/welovecinema.be\/fr\/un-boeuf-limbourgeois-ou-un-velo-seresien-pour-rafler-loscar\/\"},\"author\":{\"name\":\"Philippe.Pierquin\",\"@id\":\"https:\/\/welovecinema.be\/nl\/#\/schema\/person\/4b9b1d857f0943453a38a7c2859ef756\"},\"headline\":\"Un b\u0153uf limbourgeois ou un v\u00e9lo ser\u00e9sien pour rafler l&rsquo;Oscar ?\",\"datePublished\":\"2011-09-15T07:39:46+00:00\",\"dateModified\":\"2011-09-20T21:54:08+00:00\",\"mainEntityOfPage\":{\"@id\":\"https:\/\/welovecinema.be\/fr\/un-boeuf-limbourgeois-ou-un-velo-seresien-pour-rafler-loscar\/\"},\"wordCount\":871,\"publisher\":{\"@id\":\"https:\/\/welovecinema.be\/nl\/#organization\"},\"articleSection\":[\"Evenements\",\"News\"],\"inLanguage\":\"fr-FR\"},{\"@type\":\"WebPage\",\"@id\":\"https:\/\/welovecinema.be\/fr\/un-boeuf-limbourgeois-ou-un-velo-seresien-pour-rafler-loscar\/\",\"url\":\"https:\/\/welovecinema.be\/fr\/un-boeuf-limbourgeois-ou-un-velo-seresien-pour-rafler-loscar\/\",\"name\":\"Un b\u0153uf limbourgeois ou un v\u00e9lo ser\u00e9sien pour rafler l'Oscar ? - We Love Cinema\",\"isPartOf\":{\"@id\":\"https:\/\/welovecinema.be\/nl\/#website\"},\"datePublished\":\"2011-09-15T07:39:46+00:00\",\"dateModified\":\"2011-09-20T21:54:08+00:00\",\"breadcrumb\":{\"@id\":\"https:\/\/welovecinema.be\/fr\/un-boeuf-limbourgeois-ou-un-velo-seresien-pour-rafler-loscar\/#breadcrumb\"},\"inLanguage\":\"fr-FR\",\"potentialAction\":[{\"@type\":\"ReadAction\",\"target\":[\"https:\/\/welovecinema.be\/fr\/un-boeuf-limbourgeois-ou-un-velo-seresien-pour-rafler-loscar\/\"]}]},{\"@type\":\"BreadcrumbList\",\"@id\":\"https:\/\/welovecinema.be\/fr\/un-boeuf-limbourgeois-ou-un-velo-seresien-pour-rafler-loscar\/#breadcrumb\",\"itemListElement\":[{\"@type\":\"ListItem\",\"position\":1,\"name\":\"Accueil\",\"item\":\"https:\/\/welovecinema.be\/fr\/\"},{\"@type\":\"ListItem\",\"position\":2,\"name\":\"Un b\u0153uf limbourgeois ou un v\u00e9lo ser\u00e9sien pour rafler l&rsquo;Oscar ?\"}]},{\"@type\":\"WebSite\",\"@id\":\"https:\/\/welovecinema.be\/nl\/#website\",\"url\":\"https:\/\/welovecinema.be\/nl\/\",\"name\":\"We Love Cinema\",\"description\":\"Toute l\u2019information du cin\u00e9ma en Belgique\",\"publisher\":{\"@id\":\"https:\/\/welovecinema.be\/nl\/#organization\"},\"potentialAction\":[{\"@type\":\"SearchAction\",\"target\":{\"@type\":\"EntryPoint\",\"urlTemplate\":\"https:\/\/welovecinema.be\/nl\/?s={search_term_string}\"},\"query-input\":\"required name=search_term_string\"}],\"inLanguage\":\"fr-FR\"},{\"@type\":\"Organization\",\"@id\":\"https:\/\/welovecinema.be\/nl\/#organization\",\"name\":\"We Love Cinema\",\"url\":\"https:\/\/welovecinema.be\/nl\/\",\"logo\":{\"@type\":\"ImageObject\",\"inLanguage\":\"fr-FR\",\"@id\":\"https:\/\/welovecinema.be\/nl\/#\/schema\/logo\/image\/\",\"url\":\"https:\/\/welovecinema.be\/wp-content\/uploads\/sites\/2\/2023\/03\/Logo-We-Love-Cinema305x128.jpg\",\"contentUrl\":\"https:\/\/welovecinema.be\/wp-content\/uploads\/sites\/2\/2023\/03\/Logo-We-Love-Cinema305x128.jpg\",\"width\":305,\"height\":128,\"caption\":\"We Love Cinema\"},\"image\":{\"@id\":\"https:\/\/welovecinema.be\/nl\/#\/schema\/logo\/image\/\"},\"sameAs\":[\"https:\/\/www.facebook.com\/welovecinema.be\",\"https:\/\/www.youtube.com\/channel\/UCX5LYGVhnKvYauW4Nta4HJA\",\"https:\/\/www.instagram.com\/welovecinema.be\/\"]},{\"@type\":\"Person\",\"@id\":\"https:\/\/welovecinema.be\/nl\/#\/schema\/person\/4b9b1d857f0943453a38a7c2859ef756\",\"name\":\"Philippe.Pierquin\",\"url\":\"https:\/\/welovecinema.be\/fr\/author\/philippe-pierquin\/\"}]}<\/script>\n<!-- \/ Yoast SEO plugin. -->","yoast_head_json":{"title":"Un b\u0153uf limbourgeois ou un v\u00e9lo ser\u00e9sien pour rafler l'Oscar ? - We Love Cinema","robots":{"index":"index","follow":"follow","max-snippet":"max-snippet:-1","max-image-preview":"max-image-preview:large","max-video-preview":"max-video-preview:-1"},"canonical":"https:\/\/welovecinema.be\/fr\/un-boeuf-limbourgeois-ou-un-velo-seresien-pour-rafler-loscar\/","og_locale":"fr_FR","og_type":"article","og_title":"Un b\u0153uf limbourgeois ou un v\u00e9lo ser\u00e9sien pour rafler l'Oscar ? - We Love Cinema","og_description":"Quel sera le film que la Belgique, unie bien s\u00fbr, va envoyer \u00e0 Hollywood pour la repr\u00e9senter\u00a0aux Academy Awards, mieux connus chez nous sous le label \u00ab\u00a0Oscars\u00a0\u00bb ? Nous l&rsquo;apprendrons tr\u00e8s vite et les pronostics vont bon train. Ils sont 18 longs m\u00e9trages sortis entre le 1er octobre 2010 et le 30 septembre 2011 (on &hellip;","og_url":"https:\/\/welovecinema.be\/fr\/un-boeuf-limbourgeois-ou-un-velo-seresien-pour-rafler-loscar\/","og_site_name":"We Love Cinema","article_publisher":"https:\/\/www.facebook.com\/welovecinema.be","article_published_time":"2011-09-15T07:39:46+00:00","article_modified_time":"2011-09-20T21:54:08+00:00","og_image":[{"width":"980","height":"632","url":"https:\/\/welovecinema.be\/wp-content\/uploads\/sites\/2\/2011\/09\/academy-awards-stage.jpg","type":"image\/jpeg"}],"author":"Philippe.Pierquin","twitter_card":"summary_large_image","twitter_misc":{"\u00c9crit par":"Philippe.Pierquin","Dur\u00e9e de lecture estim\u00e9e":"4 minutes"},"schema":{"@context":"https:\/\/schema.org","@graph":[{"@type":"Article","@id":"https:\/\/welovecinema.be\/fr\/un-boeuf-limbourgeois-ou-un-velo-seresien-pour-rafler-loscar\/#article","isPartOf":{"@id":"https:\/\/welovecinema.be\/fr\/un-boeuf-limbourgeois-ou-un-velo-seresien-pour-rafler-loscar\/"},"author":{"name":"Philippe.Pierquin","@id":"https:\/\/welovecinema.be\/nl\/#\/schema\/person\/4b9b1d857f0943453a38a7c2859ef756"},"headline":"Un b\u0153uf limbourgeois ou un v\u00e9lo ser\u00e9sien pour rafler l&rsquo;Oscar ?","datePublished":"2011-09-15T07:39:46+00:00","dateModified":"2011-09-20T21:54:08+00:00","mainEntityOfPage":{"@id":"https:\/\/welovecinema.be\/fr\/un-boeuf-limbourgeois-ou-un-velo-seresien-pour-rafler-loscar\/"},"wordCount":871,"publisher":{"@id":"https:\/\/welovecinema.be\/nl\/#organization"},"articleSection":["Evenements","News"],"inLanguage":"fr-FR"},{"@type":"WebPage","@id":"https:\/\/welovecinema.be\/fr\/un-boeuf-limbourgeois-ou-un-velo-seresien-pour-rafler-loscar\/","url":"https:\/\/welovecinema.be\/fr\/un-boeuf-limbourgeois-ou-un-velo-seresien-pour-rafler-loscar\/","name":"Un b\u0153uf limbourgeois ou un v\u00e9lo ser\u00e9sien pour rafler l'Oscar ? - We Love Cinema","isPartOf":{"@id":"https:\/\/welovecinema.be\/nl\/#website"},"datePublished":"2011-09-15T07:39:46+00:00","dateModified":"2011-09-20T21:54:08+00:00","breadcrumb":{"@id":"https:\/\/welovecinema.be\/fr\/un-boeuf-limbourgeois-ou-un-velo-seresien-pour-rafler-loscar\/#breadcrumb"},"inLanguage":"fr-FR","potentialAction":[{"@type":"ReadAction","target":["https:\/\/welovecinema.be\/fr\/un-boeuf-limbourgeois-ou-un-velo-seresien-pour-rafler-loscar\/"]}]},{"@type":"BreadcrumbList","@id":"https:\/\/welovecinema.be\/fr\/un-boeuf-limbourgeois-ou-un-velo-seresien-pour-rafler-loscar\/#breadcrumb","itemListElement":[{"@type":"ListItem","position":1,"name":"Accueil","item":"https:\/\/welovecinema.be\/fr\/"},{"@type":"ListItem","position":2,"name":"Un b\u0153uf limbourgeois ou un v\u00e9lo ser\u00e9sien pour rafler l&rsquo;Oscar ?"}]},{"@type":"WebSite","@id":"https:\/\/welovecinema.be\/nl\/#website","url":"https:\/\/welovecinema.be\/nl\/","name":"We Love Cinema","description":"Toute l\u2019information du cin\u00e9ma en Belgique","publisher":{"@id":"https:\/\/welovecinema.be\/nl\/#organization"},"potentialAction":[{"@type":"SearchAction","target":{"@type":"EntryPoint","urlTemplate":"https:\/\/welovecinema.be\/nl\/?s={search_term_string}"},"query-input":"required name=search_term_string"}],"inLanguage":"fr-FR"},{"@type":"Organization","@id":"https:\/\/welovecinema.be\/nl\/#organization","name":"We Love Cinema","url":"https:\/\/welovecinema.be\/nl\/","logo":{"@type":"ImageObject","inLanguage":"fr-FR","@id":"https:\/\/welovecinema.be\/nl\/#\/schema\/logo\/image\/","url":"https:\/\/welovecinema.be\/wp-content\/uploads\/sites\/2\/2023\/03\/Logo-We-Love-Cinema305x128.jpg","contentUrl":"https:\/\/welovecinema.be\/wp-content\/uploads\/sites\/2\/2023\/03\/Logo-We-Love-Cinema305x128.jpg","width":305,"height":128,"caption":"We Love Cinema"},"image":{"@id":"https:\/\/welovecinema.be\/nl\/#\/schema\/logo\/image\/"},"sameAs":["https:\/\/www.facebook.com\/welovecinema.be","https:\/\/www.youtube.com\/channel\/UCX5LYGVhnKvYauW4Nta4HJA","https:\/\/www.instagram.com\/welovecinema.be\/"]},{"@type":"Person","@id":"https:\/\/welovecinema.be\/nl\/#\/schema\/person\/4b9b1d857f0943453a38a7c2859ef756","name":"Philippe.Pierquin","url":"https:\/\/welovecinema.be\/fr\/author\/philippe-pierquin\/"}]}},"_links":{"self":[{"href":"https:\/\/welovecinema.be\/fr\/wp-json\/wp\/v2\/posts\/7867","targetHints":{"allow":["GET"]}}],"collection":[{"href":"https:\/\/welovecinema.be\/fr\/wp-json\/wp\/v2\/posts"}],"about":[{"href":"https:\/\/welovecinema.be\/fr\/wp-json\/wp\/v2\/types\/post"}],"author":[{"embeddable":true,"href":"https:\/\/welovecinema.be\/fr\/wp-json\/wp\/v2\/users\/7"}],"replies":[{"embeddable":true,"href":"https:\/\/welovecinema.be\/fr\/wp-json\/wp\/v2\/comments?post=7867"}],"version-history":[{"count":0,"href":"https:\/\/welovecinema.be\/fr\/wp-json\/wp\/v2\/posts\/7867\/revisions"}],"wp:featuredmedia":[{"embeddable":true,"href":"https:\/\/welovecinema.be\/fr\/wp-json\/wp\/v2\/media\/7875"}],"wp:attachment":[{"href":"https:\/\/welovecinema.be\/fr\/wp-json\/wp\/v2\/media?parent=7867"}],"wp:term":[{"taxonomy":"category","embeddable":true,"href":"https:\/\/welovecinema.be\/fr\/wp-json\/wp\/v2\/categories?post=7867"},{"taxonomy":"post_tag","embeddable":true,"href":"https:\/\/welovecinema.be\/fr\/wp-json\/wp\/v2\/tags?post=7867"}],"curies":[{"name":"wp","href":"https:\/\/api.w.org\/{rel}","templated":true}]}}