{"id":78514,"date":"2015-09-24T07:41:56","date_gmt":"2015-09-24T05:41:56","guid":{"rendered":"http:\/\/www.cinevox.be\/?p=78514"},"modified":"2015-09-24T08:06:34","modified_gmt":"2015-09-24T06:06:34","slug":"qui-va-dejeuner-avec-lequipe-de-deux-au-carre","status":"publish","type":"post","link":"https:\/\/welovecinema.be\/fr\/qui-va-dejeuner-avec-lequipe-de-deux-au-carre\/","title":{"rendered":"Qui va d\u00e9jeuner avec l&rsquo;\u00e9quipe de Deux au Carr\u00e9?"},"content":{"rendered":"<p>Le concours qui vous permettait de remporter un repas au Marcel Burger Bar avec Tania Garbarski , Charlie Dupont et l&rsquo;\u00e9quipe du film <em>Deux au Carr\u00e9<\/em> s&rsquo;est achev\u00e9 hier soir.<!--more--><\/p>\n<p>&nbsp;<\/p>\n<p>&nbsp;<\/p>\n<p>&nbsp;<\/p>\n<p>&nbsp;<\/p>\n<p>&nbsp;<\/p>\n<p>&nbsp;<\/p>\n<p>&nbsp;<\/p>\n<p>On vous posait trois questions.<\/p>\n<ol>\n<li>Combien font deux au carr\u00e9 ? Haha. Ben oui, c&rsquo;est 4. Jusque-l\u00e0, tout va bien.<\/li>\n<li>Comment s&rsquo;appelle le court m\u00e9trage r\u00e9alis\u00e9 par Charlie Dupont? Non, pas <em>Charlie et la Chocolaterie, <\/em>mais <em>Pierre Papier Ciseaux<\/em>.<\/li>\n<li>Comment s&rsquo;appelle le court m\u00e9trage r\u00e9alis\u00e9 par Tania Garbarski, avec son papa, Sam? Il s&rsquo;agissait bien de <em>Madame Papa<\/em> que nous vous avions offert dans un Cinevox Happening tr\u00e8s sp\u00e9cial en 2011, en double programme avec <em>Bxl\/USA<\/em><\/li>\n<\/ol>\n<p>&nbsp;<\/p>\n<p>Beaucoup de participants nous ont donn\u00e9 les trois r\u00e9ponses exactes.<\/p>\n<p>Pour les d\u00e9partager, nous vous demandions d&rsquo;estimer le nombre de visites re\u00e7ues par le site de Cinevox ce mercredi 23 septembre.<\/p>\n<p>Ceux qui calculent bien ont tabl\u00e9 sur un chiffre autour des 2000 (nombre total de visites en 2014 divis\u00e9 par 365).<\/p>\n<p>Mais hier a \u00e9t\u00e9 un jour assez exceptionnel avec notamment l&rsquo;annonce du premier film hollywoodien d&rsquo;un r\u00e9alisateur belge (<a href=\"http:\/\/www.cinevox.be\/brad-pitt-engage-felix-van-groeningen\/\">ici<\/a>) et la mise en ligne de la vid\u00e9o de la soir\u00e9e d&rsquo;avant-premi\u00e8res de Nous Quatre, un triomphe populaire comme tout ce qui touche \u00e0 ce film (voir <a href=\"http:\/\/www.cinevox.be\/?p=78500\">ici<\/a>)<br \/>\nBref, avec 3911 visiteurs, le site est rest\u00e9 toute la journ\u00e9e sous haute tension.<\/p>\n<p>Les deux vainqueurs du concours sont donc des demoiselles: <strong>Christel Ghislain<\/strong> et <strong>M\u00e9lanie Laroche<\/strong> qui seront invit\u00e9es ce soir \u00e0 la Premi\u00e8re Bruxelloise du film et \u00e0 qui nous souhaitons d\u00e9j\u00e0 un tr\u00e8s bon app\u00e9tit.<\/p>\n<p>&nbsp;<\/p>\n","protected":false},"excerpt":{"rendered":"<p>Le concours qui vous permettait de remporter un repas au Marcel Burger Bar avec Tania Garbarski , Charlie Dupont et l&rsquo;\u00e9quipe du film Deux au Carr\u00e9 s&rsquo;est achev\u00e9 hier soir.<\/p>\n","protected":false},"author":7,"featured_media":78516,"comment_status":"closed","ping_status":"closed","sticky":false,"template":"","format":"standard","meta":{"ngg_post_thumbnail":0,"footnotes":""},"categories":[1923],"tags":[],"class_list":["post-78514","post","type-post","status-publish","format-standard","has-post-thumbnail","","category-en-bref"],"yoast_head":"<!-- This site is optimized with the Yoast SEO plugin v20.4 - https:\/\/yoast.com\/wordpress\/plugins\/seo\/ -->\n<title>Qui va d\u00e9jeuner avec l&#039;\u00e9quipe de Deux au Carr\u00e9? - We Love Cinema<\/title>\n<meta name=\"robots\" content=\"index, follow, max-snippet:-1, max-image-preview:large, max-video-preview:-1\" \/>\n<link rel=\"canonical\" href=\"https:\/\/welovecinema.be\/fr\/qui-va-dejeuner-avec-lequipe-de-deux-au-carre\/\" \/>\n<meta property=\"og:locale\" content=\"fr_FR\" \/>\n<meta property=\"og:type\" content=\"article\" \/>\n<meta property=\"og:title\" content=\"Qui va d\u00e9jeuner avec l&#039;\u00e9quipe de Deux au Carr\u00e9? - We Love Cinema\" \/>\n<meta property=\"og:description\" content=\"Le concours qui vous permettait de remporter un repas au Marcel Burger Bar avec Tania Garbarski , Charlie Dupont et l&rsquo;\u00e9quipe du film Deux au Carr\u00e9 s&rsquo;est achev\u00e9 hier soir.\" \/>\n<meta property=\"og:url\" content=\"https:\/\/welovecinema.be\/fr\/qui-va-dejeuner-avec-lequipe-de-deux-au-carre\/\" \/>\n<meta property=\"og:site_name\" content=\"We Love Cinema\" \/>\n<meta property=\"article:publisher\" content=\"https:\/\/www.facebook.com\/welovecinema.be\" \/>\n<meta property=\"article:published_time\" content=\"2015-09-24T05:41:56+00:00\" \/>\n<meta property=\"article:modified_time\" content=\"2015-09-24T06:06:34+00:00\" \/>\n<meta property=\"og:image\" content=\"https:\/\/welovecinema.be\/wp-content\/uploads\/sites\/2\/2015\/09\/2015-02-14_19h24_54.jpg\" \/>\n\t<meta property=\"og:image:width\" content=\"678\" \/>\n\t<meta property=\"og:image:height\" content=\"332\" \/>\n\t<meta property=\"og:image:type\" content=\"image\/jpeg\" \/>\n<meta name=\"author\" content=\"Philippe.Pierquin\" \/>\n<meta name=\"twitter:card\" content=\"summary_large_image\" \/>\n<meta name=\"twitter:label1\" content=\"\u00c9crit par\" \/>\n\t<meta name=\"twitter:data1\" content=\"Philippe.Pierquin\" \/>\n\t<meta name=\"twitter:label2\" content=\"Dur\u00e9e de lecture estim\u00e9e\" \/>\n\t<meta name=\"twitter:data2\" content=\"1 minute\" \/>\n<script type=\"application\/ld+json\" class=\"yoast-schema-graph\">{\"@context\":\"https:\/\/schema.org\",\"@graph\":[{\"@type\":\"Article\",\"@id\":\"https:\/\/welovecinema.be\/fr\/qui-va-dejeuner-avec-lequipe-de-deux-au-carre\/#article\",\"isPartOf\":{\"@id\":\"https:\/\/welovecinema.be\/fr\/qui-va-dejeuner-avec-lequipe-de-deux-au-carre\/\"},\"author\":{\"name\":\"Philippe.Pierquin\",\"@id\":\"https:\/\/welovecinema.be\/nl\/#\/schema\/person\/4b9b1d857f0943453a38a7c2859ef756\"},\"headline\":\"Qui va d\u00e9jeuner avec l&rsquo;\u00e9quipe de Deux au Carr\u00e9?\",\"datePublished\":\"2015-09-24T05:41:56+00:00\",\"dateModified\":\"2015-09-24T06:06:34+00:00\",\"mainEntityOfPage\":{\"@id\":\"https:\/\/welovecinema.be\/fr\/qui-va-dejeuner-avec-lequipe-de-deux-au-carre\/\"},\"wordCount\":293,\"publisher\":{\"@id\":\"https:\/\/welovecinema.be\/nl\/#organization\"},\"articleSection\":[\"En bref\"],\"inLanguage\":\"fr-FR\"},{\"@type\":\"WebPage\",\"@id\":\"https:\/\/welovecinema.be\/fr\/qui-va-dejeuner-avec-lequipe-de-deux-au-carre\/\",\"url\":\"https:\/\/welovecinema.be\/fr\/qui-va-dejeuner-avec-lequipe-de-deux-au-carre\/\",\"name\":\"Qui va d\u00e9jeuner avec l'\u00e9quipe de Deux au Carr\u00e9? - We Love Cinema\",\"isPartOf\":{\"@id\":\"https:\/\/welovecinema.be\/nl\/#website\"},\"datePublished\":\"2015-09-24T05:41:56+00:00\",\"dateModified\":\"2015-09-24T06:06:34+00:00\",\"breadcrumb\":{\"@id\":\"https:\/\/welovecinema.be\/fr\/qui-va-dejeuner-avec-lequipe-de-deux-au-carre\/#breadcrumb\"},\"inLanguage\":\"fr-FR\",\"potentialAction\":[{\"@type\":\"ReadAction\",\"target\":[\"https:\/\/welovecinema.be\/fr\/qui-va-dejeuner-avec-lequipe-de-deux-au-carre\/\"]}]},{\"@type\":\"BreadcrumbList\",\"@id\":\"https:\/\/welovecinema.be\/fr\/qui-va-dejeuner-avec-lequipe-de-deux-au-carre\/#breadcrumb\",\"itemListElement\":[{\"@type\":\"ListItem\",\"position\":1,\"name\":\"Accueil\",\"item\":\"https:\/\/welovecinema.be\/fr\/\"},{\"@type\":\"ListItem\",\"position\":2,\"name\":\"Qui va d\u00e9jeuner avec l&rsquo;\u00e9quipe de Deux au Carr\u00e9?\"}]},{\"@type\":\"WebSite\",\"@id\":\"https:\/\/welovecinema.be\/nl\/#website\",\"url\":\"https:\/\/welovecinema.be\/nl\/\",\"name\":\"We Love Cinema\",\"description\":\"Toute l\u2019information du cin\u00e9ma en Belgique\",\"publisher\":{\"@id\":\"https:\/\/welovecinema.be\/nl\/#organization\"},\"potentialAction\":[{\"@type\":\"SearchAction\",\"target\":{\"@type\":\"EntryPoint\",\"urlTemplate\":\"https:\/\/welovecinema.be\/nl\/?s={search_term_string}\"},\"query-input\":\"required name=search_term_string\"}],\"inLanguage\":\"fr-FR\"},{\"@type\":\"Organization\",\"@id\":\"https:\/\/welovecinema.be\/nl\/#organization\",\"name\":\"We Love Cinema\",\"url\":\"https:\/\/welovecinema.be\/nl\/\",\"logo\":{\"@type\":\"ImageObject\",\"inLanguage\":\"fr-FR\",\"@id\":\"https:\/\/welovecinema.be\/nl\/#\/schema\/logo\/image\/\",\"url\":\"https:\/\/welovecinema.be\/wp-content\/uploads\/sites\/2\/2023\/03\/Logo-We-Love-Cinema305x128.jpg\",\"contentUrl\":\"https:\/\/welovecinema.be\/wp-content\/uploads\/sites\/2\/2023\/03\/Logo-We-Love-Cinema305x128.jpg\",\"width\":305,\"height\":128,\"caption\":\"We Love Cinema\"},\"image\":{\"@id\":\"https:\/\/welovecinema.be\/nl\/#\/schema\/logo\/image\/\"},\"sameAs\":[\"https:\/\/www.facebook.com\/welovecinema.be\",\"https:\/\/www.youtube.com\/channel\/UCX5LYGVhnKvYauW4Nta4HJA\",\"https:\/\/www.instagram.com\/welovecinema.be\/\"]},{\"@type\":\"Person\",\"@id\":\"https:\/\/welovecinema.be\/nl\/#\/schema\/person\/4b9b1d857f0943453a38a7c2859ef756\",\"name\":\"Philippe.Pierquin\",\"url\":\"https:\/\/welovecinema.be\/fr\/author\/philippe-pierquin\/\"}]}<\/script>\n<!-- \/ Yoast SEO plugin. -->","yoast_head_json":{"title":"Qui va d\u00e9jeuner avec l'\u00e9quipe de Deux au Carr\u00e9? - We Love Cinema","robots":{"index":"index","follow":"follow","max-snippet":"max-snippet:-1","max-image-preview":"max-image-preview:large","max-video-preview":"max-video-preview:-1"},"canonical":"https:\/\/welovecinema.be\/fr\/qui-va-dejeuner-avec-lequipe-de-deux-au-carre\/","og_locale":"fr_FR","og_type":"article","og_title":"Qui va d\u00e9jeuner avec l'\u00e9quipe de Deux au Carr\u00e9? - We Love Cinema","og_description":"Le concours qui vous permettait de remporter un repas au Marcel Burger Bar avec Tania Garbarski , Charlie Dupont et l&rsquo;\u00e9quipe du film Deux au Carr\u00e9 s&rsquo;est achev\u00e9 hier soir.","og_url":"https:\/\/welovecinema.be\/fr\/qui-va-dejeuner-avec-lequipe-de-deux-au-carre\/","og_site_name":"We Love Cinema","article_publisher":"https:\/\/www.facebook.com\/welovecinema.be","article_published_time":"2015-09-24T05:41:56+00:00","article_modified_time":"2015-09-24T06:06:34+00:00","og_image":[{"width":678,"height":332,"url":"https:\/\/welovecinema.be\/wp-content\/uploads\/sites\/2\/2015\/09\/2015-02-14_19h24_54.jpg","type":"image\/jpeg"}],"author":"Philippe.Pierquin","twitter_card":"summary_large_image","twitter_misc":{"\u00c9crit par":"Philippe.Pierquin","Dur\u00e9e de lecture estim\u00e9e":"1 minute"},"schema":{"@context":"https:\/\/schema.org","@graph":[{"@type":"Article","@id":"https:\/\/welovecinema.be\/fr\/qui-va-dejeuner-avec-lequipe-de-deux-au-carre\/#article","isPartOf":{"@id":"https:\/\/welovecinema.be\/fr\/qui-va-dejeuner-avec-lequipe-de-deux-au-carre\/"},"author":{"name":"Philippe.Pierquin","@id":"https:\/\/welovecinema.be\/nl\/#\/schema\/person\/4b9b1d857f0943453a38a7c2859ef756"},"headline":"Qui va d\u00e9jeuner avec l&rsquo;\u00e9quipe de Deux au Carr\u00e9?","datePublished":"2015-09-24T05:41:56+00:00","dateModified":"2015-09-24T06:06:34+00:00","mainEntityOfPage":{"@id":"https:\/\/welovecinema.be\/fr\/qui-va-dejeuner-avec-lequipe-de-deux-au-carre\/"},"wordCount":293,"publisher":{"@id":"https:\/\/welovecinema.be\/nl\/#organization"},"articleSection":["En bref"],"inLanguage":"fr-FR"},{"@type":"WebPage","@id":"https:\/\/welovecinema.be\/fr\/qui-va-dejeuner-avec-lequipe-de-deux-au-carre\/","url":"https:\/\/welovecinema.be\/fr\/qui-va-dejeuner-avec-lequipe-de-deux-au-carre\/","name":"Qui va d\u00e9jeuner avec l'\u00e9quipe de Deux au Carr\u00e9? - We Love Cinema","isPartOf":{"@id":"https:\/\/welovecinema.be\/nl\/#website"},"datePublished":"2015-09-24T05:41:56+00:00","dateModified":"2015-09-24T06:06:34+00:00","breadcrumb":{"@id":"https:\/\/welovecinema.be\/fr\/qui-va-dejeuner-avec-lequipe-de-deux-au-carre\/#breadcrumb"},"inLanguage":"fr-FR","potentialAction":[{"@type":"ReadAction","target":["https:\/\/welovecinema.be\/fr\/qui-va-dejeuner-avec-lequipe-de-deux-au-carre\/"]}]},{"@type":"BreadcrumbList","@id":"https:\/\/welovecinema.be\/fr\/qui-va-dejeuner-avec-lequipe-de-deux-au-carre\/#breadcrumb","itemListElement":[{"@type":"ListItem","position":1,"name":"Accueil","item":"https:\/\/welovecinema.be\/fr\/"},{"@type":"ListItem","position":2,"name":"Qui va d\u00e9jeuner avec l&rsquo;\u00e9quipe de Deux au Carr\u00e9?"}]},{"@type":"WebSite","@id":"https:\/\/welovecinema.be\/nl\/#website","url":"https:\/\/welovecinema.be\/nl\/","name":"We Love Cinema","description":"Toute l\u2019information du cin\u00e9ma en Belgique","publisher":{"@id":"https:\/\/welovecinema.be\/nl\/#organization"},"potentialAction":[{"@type":"SearchAction","target":{"@type":"EntryPoint","urlTemplate":"https:\/\/welovecinema.be\/nl\/?s={search_term_string}"},"query-input":"required name=search_term_string"}],"inLanguage":"fr-FR"},{"@type":"Organization","@id":"https:\/\/welovecinema.be\/nl\/#organization","name":"We Love Cinema","url":"https:\/\/welovecinema.be\/nl\/","logo":{"@type":"ImageObject","inLanguage":"fr-FR","@id":"https:\/\/welovecinema.be\/nl\/#\/schema\/logo\/image\/","url":"https:\/\/welovecinema.be\/wp-content\/uploads\/sites\/2\/2023\/03\/Logo-We-Love-Cinema305x128.jpg","contentUrl":"https:\/\/welovecinema.be\/wp-content\/uploads\/sites\/2\/2023\/03\/Logo-We-Love-Cinema305x128.jpg","width":305,"height":128,"caption":"We Love Cinema"},"image":{"@id":"https:\/\/welovecinema.be\/nl\/#\/schema\/logo\/image\/"},"sameAs":["https:\/\/www.facebook.com\/welovecinema.be","https:\/\/www.youtube.com\/channel\/UCX5LYGVhnKvYauW4Nta4HJA","https:\/\/www.instagram.com\/welovecinema.be\/"]},{"@type":"Person","@id":"https:\/\/welovecinema.be\/nl\/#\/schema\/person\/4b9b1d857f0943453a38a7c2859ef756","name":"Philippe.Pierquin","url":"https:\/\/welovecinema.be\/fr\/author\/philippe-pierquin\/"}]}},"_links":{"self":[{"href":"https:\/\/welovecinema.be\/fr\/wp-json\/wp\/v2\/posts\/78514","targetHints":{"allow":["GET"]}}],"collection":[{"href":"https:\/\/welovecinema.be\/fr\/wp-json\/wp\/v2\/posts"}],"about":[{"href":"https:\/\/welovecinema.be\/fr\/wp-json\/wp\/v2\/types\/post"}],"author":[{"embeddable":true,"href":"https:\/\/welovecinema.be\/fr\/wp-json\/wp\/v2\/users\/7"}],"replies":[{"embeddable":true,"href":"https:\/\/welovecinema.be\/fr\/wp-json\/wp\/v2\/comments?post=78514"}],"version-history":[{"count":0,"href":"https:\/\/welovecinema.be\/fr\/wp-json\/wp\/v2\/posts\/78514\/revisions"}],"wp:featuredmedia":[{"embeddable":true,"href":"https:\/\/welovecinema.be\/fr\/wp-json\/wp\/v2\/media\/78516"}],"wp:attachment":[{"href":"https:\/\/welovecinema.be\/fr\/wp-json\/wp\/v2\/media?parent=78514"}],"wp:term":[{"taxonomy":"category","embeddable":true,"href":"https:\/\/welovecinema.be\/fr\/wp-json\/wp\/v2\/categories?post=78514"},{"taxonomy":"post_tag","embeddable":true,"href":"https:\/\/welovecinema.be\/fr\/wp-json\/wp\/v2\/tags?post=78514"}],"curies":[{"name":"wp","href":"https:\/\/api.w.org\/{rel}","templated":true}]}}