{"id":78310,"date":"2015-09-23T12:02:55","date_gmt":"2015-09-23T10:02:55","guid":{"rendered":"http:\/\/www.cinevox.be\/?p=78310"},"modified":"2015-10-08T15:47:31","modified_gmt":"2015-10-08T13:47:31","slug":"question-de-regards","status":"publish","type":"post","link":"https:\/\/welovecinema.be\/fr\/question-de-regards\/","title":{"rendered":"Question de regard(s)\u2026"},"content":{"rendered":"<p>Le monde n&rsquo;est pas uniforme: chacun porte sur lui un regard propre, un regard particulier d\u00e9termin\u00e9 par sa propre personnalit\u00e9, son environnement, son \u00e9ducation, sa culture.<br \/>\n<em>Les corps \u00e9trangers,<\/em> court m\u00e9trage de <strong>Laura Wandel<\/strong> pr\u00e9sent\u00e9 \u00e0 Cannes en 2014 et lors de la nuit du palmar\u00e8s qui a suivi le festival questionne ce regard dans un film vertigineux qui superpose la forme et le fond avec une vraie virtuosit\u00e9.<\/p>\n<p>Dans un tout autre registre, Vincent Smitz s&rsquo;amuse \u00e0 pi\u00e9ger le spectateur et ses personnages dans un r\u00e9cit concentrique o\u00f9 la r\u00e9alit\u00e9 rattrape la fiction. \u00c0 moins que ce ne soit l&rsquo;inverse.<\/p>\n<p>Et s&rsquo;il n&rsquo;y a priori aucun rapport entre ces deux films courts \u00e0 part le fait qu&rsquo;ils ont \u00e9t\u00e9 produits en Belgique, on ne manquera pas de rapprocher leur exigence formelle : deux visions de la mise en sc\u00e8ne et deux belles r\u00e9ussites.<\/p>\n<p>Enthousiasmant, ce jeune cin\u00e9ma belge<\/p>\n<p>&nbsp;<\/p>\n<p><em>ATTENTION ! Exceptionnellement, Tout Court sera diffus\u00e9 jeudi soir et non mercredi. Sur la Trois, toujours<\/em><\/p>\n<p><!--more--><br \/>\n<a href=\"http:\/\/www.cinevox.be\/wp-content\/uploads\/sites\/2\/2015\/09\/corps-\u00e9trangers-3.jpg\"><img loading=\"lazy\" decoding=\"async\" class=\"aligncenter size-large wp-image-78311\" src=\"http:\/\/www.cinevox.be\/wp-content\/uploads\/sites\/2\/2015\/09\/corps-\u00e9trangers-3-800x337.jpg\" alt=\"\" width=\"640\" height=\"269\" srcset=\"https:\/\/welovecinema.be\/wp-content\/uploads\/sites\/2\/2015\/09\/corps-\u00e9trangers-3-800x337.jpg 800w, https:\/\/welovecinema.be\/wp-content\/uploads\/sites\/2\/2015\/09\/corps-\u00e9trangers-3-480x202.jpg 480w, https:\/\/welovecinema.be\/wp-content\/uploads\/sites\/2\/2015\/09\/corps-\u00e9trangers-3.jpg 896w\" sizes=\"auto, (max-width: 640px) 100vw, 640px\" \/><\/a><\/p>\n<p>&nbsp;<\/p>\n<h2>23:20\u00a0&#8211; <strong>Les corps \u00e9trangers<\/strong><\/h2>\n<ul>\n<li><strong>Dur\u00e9e\u00a0:<\/strong>\u00a000:15<\/li>\n<\/ul>\n<p>Lors de sa r\u00e9\u00e9ducation dans une piscine municipale, un homme doit apprendre \u00e0 faire face \u00e0 son nouveau corps, alors qu&rsquo;il n&rsquo;est pas pr\u00eat \u00e0 l&rsquo;assumer. Le kin\u00e9 qui l&rsquo;accompagne va tenter de rompre la distance qu&rsquo;il entretient, tant avec son corps qu&rsquo;avec l&rsquo;environnement de la piscine.<\/p>\n<ul>\n<li><strong>R\u00e9alisateur\u00a0:\u00a0<\/strong>Laura Wandel<\/li>\n<li><strong>Sc\u00e9nariste\u00a0:\u00a0<\/strong>Laura Wandel<\/li>\n<li><strong>Acteur\/Actrice\u00a0:\u00a0<\/strong>Alain Eloy, Micha\u00ebl Abiteboul, Thomas Stuyck<\/li>\n<\/ul>\n<p>&nbsp;<\/p>\n<p><a href=\"http:\/\/www.cinevox.be\/wp-content\/uploads\/sites\/2\/2015\/09\/figures.jpg\"><img loading=\"lazy\" decoding=\"async\" class=\"aligncenter size-large wp-image-78312\" src=\"http:\/\/www.cinevox.be\/wp-content\/uploads\/sites\/2\/2015\/09\/figures-800x450.jpg\" alt=\"\" width=\"640\" height=\"360\" srcset=\"https:\/\/welovecinema.be\/wp-content\/uploads\/sites\/2\/2015\/09\/figures-800x450.jpg 800w, https:\/\/welovecinema.be\/wp-content\/uploads\/sites\/2\/2015\/09\/figures-200x113.jpg 200w, https:\/\/welovecinema.be\/wp-content\/uploads\/sites\/2\/2015\/09\/figures-480x270.jpg 480w, https:\/\/welovecinema.be\/wp-content\/uploads\/sites\/2\/2015\/09\/figures-300x169.jpg 300w, https:\/\/welovecinema.be\/wp-content\/uploads\/sites\/2\/2015\/09\/figures-620x350.jpg 620w, https:\/\/welovecinema.be\/wp-content\/uploads\/sites\/2\/2015\/09\/figures.jpg 2048w\" sizes=\"auto, (max-width: 640px) 100vw, 640px\" \/><\/a><\/p>\n<p>&nbsp;<\/p>\n<h2>23:35\u00a0&#8211; <strong>Figures<\/strong><\/h2>\n<ul>\n<li><strong>Dur\u00e9e\u00a0:<\/strong>\u00a000:19<\/li>\n<\/ul>\n<p>Hannah est une petite fille sourde et muette. Pourtant un jour, lors d&rsquo;une promenade au parc, elle est persuad\u00e9e d&rsquo;entendre un bruit. Sa m\u00e8re ne la croit pas et n&rsquo;a plus assez d&rsquo;attention pour elle depuis l&rsquo;arriv\u00e9e de son petit fr\u00e8re Paul, \u00e2g\u00e9 aujourd&rsquo;hui de dix mois. La petite fille devient mutique et solitaire, persuad\u00e9e que le parc qu&rsquo;elle surnomme d\u00e9sormais \u00ab\u00a0la reine\u00a0\u00bb veut lui communiquer quelque chose. Jusqu&rsquo;o\u00f9 la conduira cette fascination ?<\/p>\n<ul>\n<li><strong>R\u00e9alisateur\u00a0:\u00a0<\/strong>Miklos Keleti<\/li>\n<li><strong>Sc\u00e9nariste\u00a0:\u00a0<\/strong>Miklos Keleti<\/li>\n<li><strong>Acteur\/Actrice\u00a0:\u00a0<\/strong>Alice Haugness, B\u00e9n\u00e9dicte Chabot, Frederik Haugness<\/li>\n<\/ul>\n<p>&nbsp;<\/p>\n<p><a href=\"http:\/\/www.cinevox.be\/wp-content\/uploads\/sites\/2\/2015\/09\/babysiitting.jpg\"><img loading=\"lazy\" decoding=\"async\" class=\"aligncenter size-full wp-image-78313\" src=\"http:\/\/www.cinevox.be\/wp-content\/uploads\/sites\/2\/2015\/09\/babysiitting.jpg\" alt=\"\" width=\"650\" height=\"433\" srcset=\"https:\/\/welovecinema.be\/wp-content\/uploads\/sites\/2\/2015\/09\/babysiitting.jpg 650w, https:\/\/welovecinema.be\/wp-content\/uploads\/sites\/2\/2015\/09\/babysiitting-405x270.jpg 405w\" sizes=\"auto, (max-width: 650px) 100vw, 650px\" \/><\/a><\/p>\n<p>&nbsp;<\/p>\n<h2>23:55\u00a0&#8211; <strong>Babysitting Story<\/strong><\/h2>\n<ul>\n<li><strong>Dur\u00e9e\u00a0:<\/strong>\u00a000:19<\/li>\n<li><\/li>\n<\/ul>\n<p>Deux jeunes filles, Sarah et Julie, se rendent chez la tante d&rsquo;un ami pour y faire du baby-sitting. Une fois seules dans la maison, et alors qu&rsquo;un orage gronde, Sarah profite de la na\u00efvet\u00e9 de Julie pour lui raconter une histoire terrifiante qui se serait r\u00e9ellement pass\u00e9e dans la r\u00e9gion. Le r\u00e9cit de la jeune fille prend une tournure fantastique, mais Sarah y met tout son c\u0153ur pour la rendre cr\u00e9dible&#8230; au point de se prendre elle-m\u00eame pour l&rsquo;un des personnages. Lorsque l&rsquo;histoire se termine, les filles se remettent tout doucement de leurs \u00e9motions. Mais quelque chose cloche. L&rsquo;histoire est-elle vraiment termin\u00e9e ? Les deux gamines ne sont-elles pas en train de la prolonger ?<\/p>\n<ul>\n<li><strong>R\u00e9alisateur\u00a0:\u00a0<\/strong>Vincent Smitz<\/li>\n<li><strong>Sc\u00e9nariste\u00a0:\u00a0<\/strong>Vincent Smitz<\/li>\n<li><strong>Compositeur\u00a0:\u00a0<\/strong>Simon Fransquet<\/li>\n<li><strong>Acteur\/Actrice\u00a0:\u00a0<\/strong>Sophie Breyer, Pauline Brisy, Julie Dacquin, Pierre Nisse<\/li>\n<\/ul>\n<p>&nbsp;<\/p>\n<p><a href=\"http:\/\/www.cinevox.be\/wp-content\/uploads\/sites\/2\/2015\/09\/r\u00eaves-de-brume.jpg\"><img loading=\"lazy\" decoding=\"async\" class=\"aligncenter size-large wp-image-78314\" src=\"http:\/\/www.cinevox.be\/wp-content\/uploads\/sites\/2\/2015\/09\/r\u00eaves-de-brume-800x449.jpg\" alt=\"\" width=\"640\" height=\"359\" srcset=\"https:\/\/welovecinema.be\/wp-content\/uploads\/sites\/2\/2015\/09\/r\u00eaves-de-brume-800x449.jpg 800w, https:\/\/welovecinema.be\/wp-content\/uploads\/sites\/2\/2015\/09\/r\u00eaves-de-brume-200x113.jpg 200w, https:\/\/welovecinema.be\/wp-content\/uploads\/sites\/2\/2015\/09\/r\u00eaves-de-brume-480x270.jpg 480w, https:\/\/welovecinema.be\/wp-content\/uploads\/sites\/2\/2015\/09\/r\u00eaves-de-brume-300x169.jpg 300w, https:\/\/welovecinema.be\/wp-content\/uploads\/sites\/2\/2015\/09\/r\u00eaves-de-brume.jpg 1030w\" sizes=\"auto, (max-width: 640px) 100vw, 640px\" \/><\/a><\/p>\n<p>&nbsp;<\/p>\n<h2>00:15\u00a0&#8211; <strong>R\u00eaves de brume<\/strong><\/h2>\n<ul>\n<li><strong>Dur\u00e9e\u00a0:<\/strong>\u00a000:05<\/li>\n<\/ul>\n<p>Pour fuir le mouvement tr\u00e9pidant de la ville un homme part en montagne pour s\u2019isoler. Arriv\u00e9 \u00e0 un refuge le brouillard a envahi la montagne, laissant place \u00e0 un paysage tout blanc. Il s\u2019arr\u00eate. \u00c0 partir d\u2019un \u00e9l\u00e9ment du paysage environnent que la brume d\u00e9voile, d\u2019autres paysages apparaissent, qui l\u2019embarquent dans une r\u00eaverie pleine de vie.<\/p>\n<p><strong>\u00a0<\/strong><\/p>\n<ul>\n<li><strong>R\u00e9alisatrice et sc\u00e9nariste\u00a0:\u00a0<\/strong>Sophie Racine<\/li>\n<\/ul>\n<p>&nbsp;<\/p>\n<p>&nbsp;<\/p>\n","protected":false},"excerpt":{"rendered":"<p>Le monde n&rsquo;est pas uniforme: chacun porte sur lui un regard propre, un regard particulier d\u00e9termin\u00e9 par sa propre personnalit\u00e9, son environnement, son \u00e9ducation, sa culture. Les corps \u00e9trangers, court m\u00e9trage de Laura Wandel pr\u00e9sent\u00e9 \u00e0 Cannes en 2014 et lors de la nuit du palmar\u00e8s qui a suivi le festival questionne ce regard dans &hellip;<\/p>\n","protected":false},"author":7,"featured_media":78316,"comment_status":"closed","ping_status":"closed","sticky":false,"template":"","format":"standard","meta":{"ngg_post_thumbnail":0,"footnotes":""},"categories":[14],"tags":[],"class_list":["post-78310","post","type-post","status-publish","format-standard","has-post-thumbnail","","category-home-cinema"],"yoast_head":"<!-- This site is optimized with the Yoast SEO plugin v20.4 - https:\/\/yoast.com\/wordpress\/plugins\/seo\/ -->\n<title>Question de regard(s)\u2026 - We Love Cinema<\/title>\n<meta name=\"robots\" content=\"index, follow, max-snippet:-1, max-image-preview:large, max-video-preview:-1\" \/>\n<link rel=\"canonical\" href=\"https:\/\/welovecinema.be\/fr\/question-de-regards\/\" \/>\n<meta property=\"og:locale\" content=\"fr_FR\" \/>\n<meta property=\"og:type\" content=\"article\" \/>\n<meta property=\"og:title\" content=\"Question de regard(s)\u2026 - We Love Cinema\" \/>\n<meta property=\"og:description\" content=\"Le monde n&rsquo;est pas uniforme: chacun porte sur lui un regard propre, un regard particulier d\u00e9termin\u00e9 par sa propre personnalit\u00e9, son environnement, son \u00e9ducation, sa culture. Les corps \u00e9trangers, court m\u00e9trage de Laura Wandel pr\u00e9sent\u00e9 \u00e0 Cannes en 2014 et lors de la nuit du palmar\u00e8s qui a suivi le festival questionne ce regard dans &hellip;\" \/>\n<meta property=\"og:url\" content=\"https:\/\/welovecinema.be\/fr\/question-de-regards\/\" \/>\n<meta property=\"og:site_name\" content=\"We Love Cinema\" \/>\n<meta property=\"article:publisher\" content=\"https:\/\/www.facebook.com\/welovecinema.be\" \/>\n<meta property=\"article:published_time\" content=\"2015-09-23T10:02:55+00:00\" \/>\n<meta property=\"article:modified_time\" content=\"2015-10-08T13:47:31+00:00\" \/>\n<meta property=\"og:image\" content=\"https:\/\/welovecinema.be\/wp-content\/uploads\/sites\/2\/2015\/09\/babysitting-story-5.jpg\" \/>\n\t<meta property=\"og:image:width\" content=\"1688\" \/>\n\t<meta property=\"og:image:height\" content=\"744\" \/>\n\t<meta property=\"og:image:type\" content=\"image\/jpeg\" \/>\n<meta name=\"author\" content=\"Philippe.Pierquin\" \/>\n<meta name=\"twitter:card\" content=\"summary_large_image\" \/>\n<meta name=\"twitter:label1\" content=\"\u00c9crit par\" \/>\n\t<meta name=\"twitter:data1\" content=\"Philippe.Pierquin\" \/>\n\t<meta name=\"twitter:label2\" content=\"Dur\u00e9e de lecture estim\u00e9e\" \/>\n\t<meta name=\"twitter:data2\" content=\"3 minutes\" \/>\n<script type=\"application\/ld+json\" class=\"yoast-schema-graph\">{\"@context\":\"https:\/\/schema.org\",\"@graph\":[{\"@type\":\"Article\",\"@id\":\"https:\/\/welovecinema.be\/fr\/question-de-regards\/#article\",\"isPartOf\":{\"@id\":\"https:\/\/welovecinema.be\/fr\/question-de-regards\/\"},\"author\":{\"name\":\"Philippe.Pierquin\",\"@id\":\"https:\/\/welovecinema.be\/nl\/#\/schema\/person\/4b9b1d857f0943453a38a7c2859ef756\"},\"headline\":\"Question de regard(s)\u2026\",\"datePublished\":\"2015-09-23T10:02:55+00:00\",\"dateModified\":\"2015-10-08T13:47:31+00:00\",\"mainEntityOfPage\":{\"@id\":\"https:\/\/welovecinema.be\/fr\/question-de-regards\/\"},\"wordCount\":603,\"publisher\":{\"@id\":\"https:\/\/welovecinema.be\/nl\/#organization\"},\"articleSection\":[\"Plateau t\u00e9l\u00e9\"],\"inLanguage\":\"fr-FR\"},{\"@type\":\"WebPage\",\"@id\":\"https:\/\/welovecinema.be\/fr\/question-de-regards\/\",\"url\":\"https:\/\/welovecinema.be\/fr\/question-de-regards\/\",\"name\":\"Question de regard(s)\u2026 - We Love Cinema\",\"isPartOf\":{\"@id\":\"https:\/\/welovecinema.be\/nl\/#website\"},\"datePublished\":\"2015-09-23T10:02:55+00:00\",\"dateModified\":\"2015-10-08T13:47:31+00:00\",\"breadcrumb\":{\"@id\":\"https:\/\/welovecinema.be\/fr\/question-de-regards\/#breadcrumb\"},\"inLanguage\":\"fr-FR\",\"potentialAction\":[{\"@type\":\"ReadAction\",\"target\":[\"https:\/\/welovecinema.be\/fr\/question-de-regards\/\"]}]},{\"@type\":\"BreadcrumbList\",\"@id\":\"https:\/\/welovecinema.be\/fr\/question-de-regards\/#breadcrumb\",\"itemListElement\":[{\"@type\":\"ListItem\",\"position\":1,\"name\":\"Accueil\",\"item\":\"https:\/\/welovecinema.be\/fr\/\"},{\"@type\":\"ListItem\",\"position\":2,\"name\":\"Question de regard(s)\u2026\"}]},{\"@type\":\"WebSite\",\"@id\":\"https:\/\/welovecinema.be\/nl\/#website\",\"url\":\"https:\/\/welovecinema.be\/nl\/\",\"name\":\"We Love Cinema\",\"description\":\"Toute l\u2019information du cin\u00e9ma en Belgique\",\"publisher\":{\"@id\":\"https:\/\/welovecinema.be\/nl\/#organization\"},\"potentialAction\":[{\"@type\":\"SearchAction\",\"target\":{\"@type\":\"EntryPoint\",\"urlTemplate\":\"https:\/\/welovecinema.be\/nl\/?s={search_term_string}\"},\"query-input\":\"required name=search_term_string\"}],\"inLanguage\":\"fr-FR\"},{\"@type\":\"Organization\",\"@id\":\"https:\/\/welovecinema.be\/nl\/#organization\",\"name\":\"We Love Cinema\",\"url\":\"https:\/\/welovecinema.be\/nl\/\",\"logo\":{\"@type\":\"ImageObject\",\"inLanguage\":\"fr-FR\",\"@id\":\"https:\/\/welovecinema.be\/nl\/#\/schema\/logo\/image\/\",\"url\":\"https:\/\/welovecinema.be\/wp-content\/uploads\/sites\/2\/2023\/03\/Logo-We-Love-Cinema305x128.jpg\",\"contentUrl\":\"https:\/\/welovecinema.be\/wp-content\/uploads\/sites\/2\/2023\/03\/Logo-We-Love-Cinema305x128.jpg\",\"width\":305,\"height\":128,\"caption\":\"We Love Cinema\"},\"image\":{\"@id\":\"https:\/\/welovecinema.be\/nl\/#\/schema\/logo\/image\/\"},\"sameAs\":[\"https:\/\/www.facebook.com\/welovecinema.be\",\"https:\/\/www.youtube.com\/channel\/UCX5LYGVhnKvYauW4Nta4HJA\",\"https:\/\/www.instagram.com\/welovecinema.be\/\"]},{\"@type\":\"Person\",\"@id\":\"https:\/\/welovecinema.be\/nl\/#\/schema\/person\/4b9b1d857f0943453a38a7c2859ef756\",\"name\":\"Philippe.Pierquin\",\"url\":\"https:\/\/welovecinema.be\/fr\/author\/philippe-pierquin\/\"}]}<\/script>\n<!-- \/ Yoast SEO plugin. -->","yoast_head_json":{"title":"Question de regard(s)\u2026 - We Love Cinema","robots":{"index":"index","follow":"follow","max-snippet":"max-snippet:-1","max-image-preview":"max-image-preview:large","max-video-preview":"max-video-preview:-1"},"canonical":"https:\/\/welovecinema.be\/fr\/question-de-regards\/","og_locale":"fr_FR","og_type":"article","og_title":"Question de regard(s)\u2026 - We Love Cinema","og_description":"Le monde n&rsquo;est pas uniforme: chacun porte sur lui un regard propre, un regard particulier d\u00e9termin\u00e9 par sa propre personnalit\u00e9, son environnement, son \u00e9ducation, sa culture. Les corps \u00e9trangers, court m\u00e9trage de Laura Wandel pr\u00e9sent\u00e9 \u00e0 Cannes en 2014 et lors de la nuit du palmar\u00e8s qui a suivi le festival questionne ce regard dans &hellip;","og_url":"https:\/\/welovecinema.be\/fr\/question-de-regards\/","og_site_name":"We Love Cinema","article_publisher":"https:\/\/www.facebook.com\/welovecinema.be","article_published_time":"2015-09-23T10:02:55+00:00","article_modified_time":"2015-10-08T13:47:31+00:00","og_image":[{"width":1688,"height":744,"url":"https:\/\/welovecinema.be\/wp-content\/uploads\/sites\/2\/2015\/09\/babysitting-story-5.jpg","type":"image\/jpeg"}],"author":"Philippe.Pierquin","twitter_card":"summary_large_image","twitter_misc":{"\u00c9crit par":"Philippe.Pierquin","Dur\u00e9e de lecture estim\u00e9e":"3 minutes"},"schema":{"@context":"https:\/\/schema.org","@graph":[{"@type":"Article","@id":"https:\/\/welovecinema.be\/fr\/question-de-regards\/#article","isPartOf":{"@id":"https:\/\/welovecinema.be\/fr\/question-de-regards\/"},"author":{"name":"Philippe.Pierquin","@id":"https:\/\/welovecinema.be\/nl\/#\/schema\/person\/4b9b1d857f0943453a38a7c2859ef756"},"headline":"Question de regard(s)\u2026","datePublished":"2015-09-23T10:02:55+00:00","dateModified":"2015-10-08T13:47:31+00:00","mainEntityOfPage":{"@id":"https:\/\/welovecinema.be\/fr\/question-de-regards\/"},"wordCount":603,"publisher":{"@id":"https:\/\/welovecinema.be\/nl\/#organization"},"articleSection":["Plateau t\u00e9l\u00e9"],"inLanguage":"fr-FR"},{"@type":"WebPage","@id":"https:\/\/welovecinema.be\/fr\/question-de-regards\/","url":"https:\/\/welovecinema.be\/fr\/question-de-regards\/","name":"Question de regard(s)\u2026 - We Love Cinema","isPartOf":{"@id":"https:\/\/welovecinema.be\/nl\/#website"},"datePublished":"2015-09-23T10:02:55+00:00","dateModified":"2015-10-08T13:47:31+00:00","breadcrumb":{"@id":"https:\/\/welovecinema.be\/fr\/question-de-regards\/#breadcrumb"},"inLanguage":"fr-FR","potentialAction":[{"@type":"ReadAction","target":["https:\/\/welovecinema.be\/fr\/question-de-regards\/"]}]},{"@type":"BreadcrumbList","@id":"https:\/\/welovecinema.be\/fr\/question-de-regards\/#breadcrumb","itemListElement":[{"@type":"ListItem","position":1,"name":"Accueil","item":"https:\/\/welovecinema.be\/fr\/"},{"@type":"ListItem","position":2,"name":"Question de regard(s)\u2026"}]},{"@type":"WebSite","@id":"https:\/\/welovecinema.be\/nl\/#website","url":"https:\/\/welovecinema.be\/nl\/","name":"We Love Cinema","description":"Toute l\u2019information du cin\u00e9ma en Belgique","publisher":{"@id":"https:\/\/welovecinema.be\/nl\/#organization"},"potentialAction":[{"@type":"SearchAction","target":{"@type":"EntryPoint","urlTemplate":"https:\/\/welovecinema.be\/nl\/?s={search_term_string}"},"query-input":"required name=search_term_string"}],"inLanguage":"fr-FR"},{"@type":"Organization","@id":"https:\/\/welovecinema.be\/nl\/#organization","name":"We Love Cinema","url":"https:\/\/welovecinema.be\/nl\/","logo":{"@type":"ImageObject","inLanguage":"fr-FR","@id":"https:\/\/welovecinema.be\/nl\/#\/schema\/logo\/image\/","url":"https:\/\/welovecinema.be\/wp-content\/uploads\/sites\/2\/2023\/03\/Logo-We-Love-Cinema305x128.jpg","contentUrl":"https:\/\/welovecinema.be\/wp-content\/uploads\/sites\/2\/2023\/03\/Logo-We-Love-Cinema305x128.jpg","width":305,"height":128,"caption":"We Love Cinema"},"image":{"@id":"https:\/\/welovecinema.be\/nl\/#\/schema\/logo\/image\/"},"sameAs":["https:\/\/www.facebook.com\/welovecinema.be","https:\/\/www.youtube.com\/channel\/UCX5LYGVhnKvYauW4Nta4HJA","https:\/\/www.instagram.com\/welovecinema.be\/"]},{"@type":"Person","@id":"https:\/\/welovecinema.be\/nl\/#\/schema\/person\/4b9b1d857f0943453a38a7c2859ef756","name":"Philippe.Pierquin","url":"https:\/\/welovecinema.be\/fr\/author\/philippe-pierquin\/"}]}},"_links":{"self":[{"href":"https:\/\/welovecinema.be\/fr\/wp-json\/wp\/v2\/posts\/78310","targetHints":{"allow":["GET"]}}],"collection":[{"href":"https:\/\/welovecinema.be\/fr\/wp-json\/wp\/v2\/posts"}],"about":[{"href":"https:\/\/welovecinema.be\/fr\/wp-json\/wp\/v2\/types\/post"}],"author":[{"embeddable":true,"href":"https:\/\/welovecinema.be\/fr\/wp-json\/wp\/v2\/users\/7"}],"replies":[{"embeddable":true,"href":"https:\/\/welovecinema.be\/fr\/wp-json\/wp\/v2\/comments?post=78310"}],"version-history":[{"count":0,"href":"https:\/\/welovecinema.be\/fr\/wp-json\/wp\/v2\/posts\/78310\/revisions"}],"wp:featuredmedia":[{"embeddable":true,"href":"https:\/\/welovecinema.be\/fr\/wp-json\/wp\/v2\/media\/78316"}],"wp:attachment":[{"href":"https:\/\/welovecinema.be\/fr\/wp-json\/wp\/v2\/media?parent=78310"}],"wp:term":[{"taxonomy":"category","embeddable":true,"href":"https:\/\/welovecinema.be\/fr\/wp-json\/wp\/v2\/categories?post=78310"},{"taxonomy":"post_tag","embeddable":true,"href":"https:\/\/welovecinema.be\/fr\/wp-json\/wp\/v2\/tags?post=78310"}],"curies":[{"name":"wp","href":"https:\/\/api.w.org\/{rel}","templated":true}]}}