{"id":7797,"date":"2011-09-14T08:44:30","date_gmt":"2011-09-14T08:44:30","guid":{"rendered":"http:\/\/www.cinevox.be\/?p=7797"},"modified":"2011-09-14T09:02:44","modified_gmt":"2011-09-14T09:02:44","slug":"la-fee-sort-en-france-un-accueil-magique","status":"publish","type":"post","link":"https:\/\/welovecinema.be\/fr\/la-fee-sort-en-france-un-accueil-magique\/","title":{"rendered":"La F\u00e9e sort en France <br> Un accueil magique"},"content":{"rendered":"<p><em>La F\u00e9e<\/em> vient tout juste de sortir en France. Et l&rsquo;accueil de la presse est dithyrambique. Chacun s&rsquo;extasie de cette po\u00e9sie d\u00e9cal\u00e9e, de l&rsquo;audace formelle et applaudit \u00e0 tout rompre la volont\u00e9 de proposer un univers original sans se soucier des vell\u00e9it\u00e9s de formatage qui sont cens\u00e9 garantir un succ\u00e8s commercial. Abel, Gordon et Romy cultivent l&rsquo;art pour l&rsquo;art, l&rsquo;humour et un humanisme revigorant. Ils agissent comme un courant d&rsquo;air frais qui souffle sur le cin\u00e9ma francophone et sont, l&rsquo;air de rien, en train d&rsquo;imposer leurs r\u00eaves aupr\u00e8s d&rsquo;un public qui red\u00e9couvre les vertus de la libert\u00e9 et de l&rsquo;enthousiasme.<!--more--><\/p>\n<p>Par plaisir autant que pour vous informer le plus compl\u00e8tement possible, nous avons donc compil\u00e9 quelques extraits de critiques parues ces derniers jours dans la presse fran\u00e7aise. Vous allez voir: il y a de quoi pavoiser !<\/p>\n<p>&nbsp;<\/p>\n<p><a rel=\"attachment wp-att-7798\" href=\"http:\/\/www.cinevox.be\/la-fee-sort-en-france-un-accueil-magique\/la-fee-2\/\"><img loading=\"lazy\" decoding=\"async\" class=\"alignright size-medium wp-image-7798\" title=\"la f\u00e9e\" src=\"http:\/\/www.cinevox.be\/wp-content\/uploads\/sites\/2\/2011\/09\/la-f\u00e9e-405x270.jpg\" alt=\"\" width=\"405\" height=\"270\" srcset=\"https:\/\/welovecinema.be\/wp-content\/uploads\/sites\/2\/2011\/09\/la-f\u00e9e-405x270.jpg 405w, https:\/\/welovecinema.be\/wp-content\/uploads\/sites\/2\/2011\/09\/la-f\u00e9e.jpg 617w\" sizes=\"auto, (max-width: 405px) 100vw, 405px\" \/><\/a>\u00ab\u00a0Chez Abel, Gordon et Romy, le gag na\u00eet de la fa\u00e7on incongrue dont les corps s&rsquo;immiscent dans le cadre, dans des plans le plus souvent longs et fixes. Ce qui donne toute leur force aux meilleures sc\u00e8nes: celle de l&rsquo;accouchement o\u00f9 les hommes monopolisent l&rsquo;avant-plan pour un malheureux bobo au doigt, ou la chor\u00e9graphie sou- marine du couple de h\u00e9ros au milieu des algues et des sacs-poubelle.\u00a0\u00bb (Positif, n\u00b0605)<\/p>\n<p>&nbsp;<\/p>\n<p>\u00ab\u00a0Fid\u00e8les \u00e0 l&rsquo;univers de leurs deux premiers longs-m\u00e9trages (\u00ab L&rsquo;Iceberg \u00bb et \u00ab Rumba \u00bb), les Belges Dominique Abel, Fiona Gordon et Bruno Romy, poursuivent avec \u00ab La F\u00e9e \u00bb leurs aventures burlesques, rayonnantes de tendresse, de fantaisie et d&rsquo;acuit\u00e9 au monde d&rsquo;aujourd&rsquo;hui\u2026 \u00ab\u00a0(<a href=\"http:\/\/www.sudouest.fr\/2011\/09\/11\/la-fee-des-miracles-496130-4690.php\">Sud-Ouest<\/a>)<\/p>\n<p>&nbsp;<\/p>\n<p><a rel=\"attachment wp-att-7799\" href=\"http:\/\/www.cinevox.be\/la-fee-sort-en-france-un-accueil-magique\/fee-affiche-2\/\"><img loading=\"lazy\" decoding=\"async\" class=\"alignleft size-medium wp-image-7799\" title=\"f\u00e9e affiche\" src=\"http:\/\/www.cinevox.be\/wp-content\/uploads\/sites\/2\/2011\/09\/f\u00e9e-affiche-199x270.jpg\" alt=\"\" width=\"199\" height=\"270\" srcset=\"https:\/\/welovecinema.be\/wp-content\/uploads\/sites\/2\/2011\/09\/f\u00e9e-affiche-199x270.jpg 199w, https:\/\/welovecinema.be\/wp-content\/uploads\/sites\/2\/2011\/09\/f\u00e9e-affiche-443x600.jpg 443w, https:\/\/welovecinema.be\/wp-content\/uploads\/sites\/2\/2011\/09\/f\u00e9e-affiche.jpg 650w\" sizes=\"auto, (max-width: 199px) 100vw, 199px\" \/><\/a>\u00ab\u00a0Apr\u00e8s\u00a0<em>L&rsquo;iceberg<\/em> et\u00a0<em>Rumba<\/em>, le trio franco-belge Dominique Abel, Fiona Gordon, Bruno Romy, pr\u00e9sent des deux c\u00f4t\u00e9s de la cam\u00e9ra, effectue son retour avec cette fiction inclassable et po\u00e9tique qui doit ce qu&rsquo;elle doit \u00e0 Jacques Tati. Sous le signe de la fantaisie et de l&rsquo;imaginaire, les cin\u00e9astes entra\u00eenent dans un univers cocasse et onirique qui fait gentiment d\u00e9railler le quotidien.\u00a0\u00bb <a href=\"http:\/\/www.lepoint.fr\/cinema\/la-fee-le-havre-feerique-12-09-2011-1372436_35.php\">(Le Point)<\/a><\/p>\n<p>&nbsp;<\/p>\n<p>&nbsp;<\/p>\n<p>\u00ab\u00a0On retrouve ici intacts leur amour f\u00e9tichiste du burlesque (Chaplin et \u00c9taix en bandouli\u00e8re) et leur vieux fond anar (les immigr\u00e9s clandestins planqu\u00e9s dans des coffres de bagnoles). Parfois, on fr\u00f4le l\u2019exercice de style, n\u2019\u00e9taient la gr\u00e2ce punk et l\u2019\u00e9nergie libertaire du film. Leur optimisme prolo, leur \u00e9tranget\u00e9\u0301 mi rigolote, mi-inqui\u00e9tante et leur observation d\u00e9cal\u00e9e du quotidien en font des cousins \u00e9loign\u00e9s d\u2019Aki Kaurism\u00e4ki et de Charles Bukowski. Aujourd\u2019hui, \u00e7a n\u2019a pas de prix.\u00a0\u00bb (Premi\u00e8re)<\/p>\n<p>&nbsp;<\/p>\n<p>&nbsp;<\/p>\n<p>\u00ab\u00a0Le monde d&rsquo;Abel, Gordon et Romy est un monde plein d&rsquo;humanit\u00e9 dont les \u00e9preuves et les difficult\u00e9s en tous genres sont celles de notre soci\u00e9t\u00e9, mais transcend\u00e9e dans un espace de pure cr\u00e9ation. C&rsquo;est la force de ce cin\u00e9ma \u00e0 la marge qui, loin de tout r\u00e9alisme, retrouve la v\u00e9rit\u00e9 de l&rsquo;existence par le truchement d&rsquo;artifices repoussant sans cesse les limites du genre.\u00a0\u00bb (<a href=\"http:\/\/www.sudouest.fr\/2011\/09\/11\/la-fee-des-miracles-496130-4690.php\">Sud-Ouest<\/a>, encore)<\/p>\n<p>&nbsp;<\/p>\n<p>&nbsp;<\/p>\n<p><a rel=\"attachment wp-att-7814\" href=\"http:\/\/www.cinevox.be\/la-fee-sort-en-france-un-accueil-magique\/fee-11-2\/\"><img loading=\"lazy\" decoding=\"async\" class=\"alignright size-medium wp-image-7814\" title=\"f\u00e9e 11\" src=\"http:\/\/www.cinevox.be\/wp-content\/uploads\/sites\/2\/2011\/09\/f\u00e9e-11-473x270.jpg\" alt=\"\" width=\"378\" height=\"216\" srcset=\"https:\/\/welovecinema.be\/wp-content\/uploads\/sites\/2\/2011\/09\/f\u00e9e-11-473x270.jpg 473w, https:\/\/welovecinema.be\/wp-content\/uploads\/sites\/2\/2011\/09\/f\u00e9e-11-200x113.jpg 200w, https:\/\/welovecinema.be\/wp-content\/uploads\/sites\/2\/2011\/09\/f\u00e9e-11-800x456.jpg 800w, https:\/\/welovecinema.be\/wp-content\/uploads\/sites\/2\/2011\/09\/f\u00e9e-11.jpg 852w\" sizes=\"auto, (max-width: 378px) 100vw, 378px\" \/><\/a>\u00ab\u00a0Nos trois auteurs, qui ne manquent pas de m\u00e9tier, savent parfaitement relancer la m\u00e9canique narrative au moment o\u00f9 le r\u00e9cit commencerait un peu \u00e0 s\u2019\u00e9puiser dans des gags un peu \u00e9tir\u00e9s (le chien dans le sac \u00e9cossais) ou les chor\u00e9graphies du couple Abel\/Gordon certes gracieuses et cocasses, mais qui finissent par lasser un peu. <strong>C\u00f4t\u00e9 inventivit\u00e9 gaguesque, on peut souvent compter sur eux :<\/strong> le burlesque est un romantisme, qui octroie aux objets inanim\u00e9s une \u00e2me malicieuse qui refl\u00e8te au plus juste l\u2019humeur des \u00eatres anim\u00e9s qui en sont victimes.\u00a0Or c\u2019est leur m\u00e9tier, aux Abel-Gordon, et ils le font bien. Ils savent comme personne (ou plut\u00f4t comme Tati) \u00e9puiser les lieux et le comique gymnastique qu\u2019on peut en tirer.\u00a0\u00bb <a href=\"http:\/\/www.lesinrocks.com\/cine\/cinema-article\/t\/69943\/date\/2011-09-13\/article\/la-fe\/\">(Les Inrocks)<\/a><\/p>\n<p>&nbsp;<\/p>\n<p><a rel=\"attachment wp-att-7819\" href=\"http:\/\/www.cinevox.be\/la-fee-sort-en-france-un-accueil-magique\/fee-13-3\/\"><img loading=\"lazy\" decoding=\"async\" class=\"alignleft size-medium wp-image-7819\" title=\"f\u00e9e 13\" src=\"http:\/\/www.cinevox.be\/wp-content\/uploads\/sites\/2\/2011\/09\/f\u00e9e-13-405x270.jpg\" alt=\"\" width=\"405\" height=\"270\" srcset=\"https:\/\/welovecinema.be\/wp-content\/uploads\/sites\/2\/2011\/09\/f\u00e9e-13-405x270.jpg 405w, https:\/\/welovecinema.be\/wp-content\/uploads\/sites\/2\/2011\/09\/f\u00e9e-13.jpg 600w\" sizes=\"auto, (max-width: 405px) 100vw, 405px\" \/><\/a>\u00ab\u00a0V\u00e9ritable po\u00e8me burlesque nourri de tendresse et d\u2019humour dont la na\u00efvet\u00e9 et l\u2019optimisme reposent sur une chor\u00e9graphie visuelle tr\u00e8s \u00e9labor\u00e9e, \u00ab\u00a0la F\u00e9e\u00a0\u00bb est un pur moment de bonheur\u00a0\u00bb <a href=\"http:\/\/cinema.nouvelobs.com\/film\/la-fee,183118\">(Le Nouvel Observateur)<\/a><\/p>\n<p>&nbsp;<\/p>\n<p>On terminera ce tour d&rsquo;horizon euphorisant en signalant que l&rsquo;hebdomadaire Marianne a consacr\u00e9 (dans son num\u00e9ro 751 sorti samedi dernier) une pleine page \u00e0 <em>La F\u00e9e<\/em>. Sous la plume de Dani\u00e8le Heyman, une des critiques phares de l&rsquo;\u00e9mission Le Masque et la plume sur France Inter explique que : \u00a0\u00bb\u00a0Toute la philosophie r\u00e9confortante du trio est l\u00e0: dans un monde o\u00f9 l&rsquo;efficacit\u00e9 est reine o\u00f9 il faut \u00eatre conforme et performant, les fautes, les failles peuvent \u00eatre source de beaut\u00e9. Une beaut\u00e9 diff\u00e9rente, claudicante, emport\u00e9e sur les ailes rhumatisantes d&rsquo;un amour flou.\u00a0\u00bb<\/p>\n<p>&nbsp;<\/p>\n<p>On ne peut r\u00eaver plus belle conclusion\u2026<\/p>\n<p>&nbsp;<\/p>\n<p>&nbsp;<\/p>\n<p>&nbsp;<\/p>\n<p>&nbsp;<\/p>\n<p>&nbsp;<\/p>\n<p>&nbsp;<\/p>\n","protected":false},"excerpt":{"rendered":"<p>La F\u00e9e vient tout juste de sortir en France. Et l&rsquo;accueil de la presse est dithyrambique. Chacun s&rsquo;extasie de cette po\u00e9sie d\u00e9cal\u00e9e, de l&rsquo;audace formelle et applaudit \u00e0 tout rompre la volont\u00e9 de proposer un univers original sans se soucier des vell\u00e9it\u00e9s de formatage qui sont cens\u00e9 garantir un succ\u00e8s commercial. Abel, Gordon et Romy &hellip;<\/p>\n","protected":false},"author":7,"featured_media":7801,"comment_status":"closed","ping_status":"closed","sticky":false,"template":"","format":"standard","meta":{"ngg_post_thumbnail":0,"footnotes":""},"categories":[53,7],"tags":[],"class_list":["post-7797","post","type-post","status-publish","format-standard","has-post-thumbnail","","category-coming-soon","category-actualites"],"yoast_head":"<!-- This site is optimized with the Yoast SEO plugin v20.4 - https:\/\/yoast.com\/wordpress\/plugins\/seo\/ -->\n<title>La F\u00e9e sort en France  Un accueil magique - We Love Cinema<\/title>\n<meta name=\"robots\" content=\"index, follow, max-snippet:-1, max-image-preview:large, max-video-preview:-1\" \/>\n<link rel=\"canonical\" href=\"https:\/\/welovecinema.be\/fr\/la-fee-sort-en-france-un-accueil-magique\/\" \/>\n<meta property=\"og:locale\" content=\"fr_FR\" \/>\n<meta property=\"og:type\" content=\"article\" \/>\n<meta property=\"og:title\" content=\"La F\u00e9e sort en France  Un accueil magique - We Love Cinema\" \/>\n<meta property=\"og:description\" content=\"La F\u00e9e vient tout juste de sortir en France. Et l&rsquo;accueil de la presse est dithyrambique. Chacun s&rsquo;extasie de cette po\u00e9sie d\u00e9cal\u00e9e, de l&rsquo;audace formelle et applaudit \u00e0 tout rompre la volont\u00e9 de proposer un univers original sans se soucier des vell\u00e9it\u00e9s de formatage qui sont cens\u00e9 garantir un succ\u00e8s commercial. Abel, Gordon et Romy &hellip;\" \/>\n<meta property=\"og:url\" content=\"https:\/\/welovecinema.be\/fr\/la-fee-sort-en-france-un-accueil-magique\/\" \/>\n<meta property=\"og:site_name\" content=\"We Love Cinema\" \/>\n<meta property=\"article:publisher\" content=\"https:\/\/www.facebook.com\/welovecinema.be\" \/>\n<meta property=\"article:published_time\" content=\"2011-09-14T08:44:30+00:00\" \/>\n<meta property=\"article:modified_time\" content=\"2011-09-14T09:02:44+00:00\" \/>\n<meta property=\"og:image\" content=\"https:\/\/welovecinema.be\/wp-content\/uploads\/sites\/2\/2011\/09\/f\u00e9e-12.jpg\" \/>\n\t<meta property=\"og:image:width\" content=\"600\" \/>\n\t<meta property=\"og:image:height\" content=\"400\" \/>\n\t<meta property=\"og:image:type\" content=\"image\/jpeg\" \/>\n<meta name=\"author\" content=\"Philippe.Pierquin\" \/>\n<meta name=\"twitter:card\" content=\"summary_large_image\" \/>\n<meta name=\"twitter:label1\" content=\"\u00c9crit par\" \/>\n\t<meta name=\"twitter:data1\" content=\"Philippe.Pierquin\" \/>\n\t<meta name=\"twitter:label2\" content=\"Dur\u00e9e de lecture estim\u00e9e\" \/>\n\t<meta name=\"twitter:data2\" content=\"4 minutes\" \/>\n<script type=\"application\/ld+json\" class=\"yoast-schema-graph\">{\"@context\":\"https:\/\/schema.org\",\"@graph\":[{\"@type\":\"Article\",\"@id\":\"https:\/\/welovecinema.be\/fr\/la-fee-sort-en-france-un-accueil-magique\/#article\",\"isPartOf\":{\"@id\":\"https:\/\/welovecinema.be\/fr\/la-fee-sort-en-france-un-accueil-magique\/\"},\"author\":{\"name\":\"Philippe.Pierquin\",\"@id\":\"https:\/\/welovecinema.be\/nl\/#\/schema\/person\/4b9b1d857f0943453a38a7c2859ef756\"},\"headline\":\"La F\u00e9e sort en France Un accueil magique\",\"datePublished\":\"2011-09-14T08:44:30+00:00\",\"dateModified\":\"2011-09-14T09:02:44+00:00\",\"mainEntityOfPage\":{\"@id\":\"https:\/\/welovecinema.be\/fr\/la-fee-sort-en-france-un-accueil-magique\/\"},\"wordCount\":835,\"publisher\":{\"@id\":\"https:\/\/welovecinema.be\/nl\/#organization\"},\"articleSection\":[\"Coming soon\",\"News\"],\"inLanguage\":\"fr-FR\"},{\"@type\":\"WebPage\",\"@id\":\"https:\/\/welovecinema.be\/fr\/la-fee-sort-en-france-un-accueil-magique\/\",\"url\":\"https:\/\/welovecinema.be\/fr\/la-fee-sort-en-france-un-accueil-magique\/\",\"name\":\"La F\u00e9e sort en France Un accueil magique - We Love Cinema\",\"isPartOf\":{\"@id\":\"https:\/\/welovecinema.be\/nl\/#website\"},\"datePublished\":\"2011-09-14T08:44:30+00:00\",\"dateModified\":\"2011-09-14T09:02:44+00:00\",\"breadcrumb\":{\"@id\":\"https:\/\/welovecinema.be\/fr\/la-fee-sort-en-france-un-accueil-magique\/#breadcrumb\"},\"inLanguage\":\"fr-FR\",\"potentialAction\":[{\"@type\":\"ReadAction\",\"target\":[\"https:\/\/welovecinema.be\/fr\/la-fee-sort-en-france-un-accueil-magique\/\"]}]},{\"@type\":\"BreadcrumbList\",\"@id\":\"https:\/\/welovecinema.be\/fr\/la-fee-sort-en-france-un-accueil-magique\/#breadcrumb\",\"itemListElement\":[{\"@type\":\"ListItem\",\"position\":1,\"name\":\"Accueil\",\"item\":\"https:\/\/welovecinema.be\/fr\/\"},{\"@type\":\"ListItem\",\"position\":2,\"name\":\"La F\u00e9e sort en France Un accueil magique\"}]},{\"@type\":\"WebSite\",\"@id\":\"https:\/\/welovecinema.be\/nl\/#website\",\"url\":\"https:\/\/welovecinema.be\/nl\/\",\"name\":\"We Love Cinema\",\"description\":\"Toute l\u2019information du cin\u00e9ma en Belgique\",\"publisher\":{\"@id\":\"https:\/\/welovecinema.be\/nl\/#organization\"},\"potentialAction\":[{\"@type\":\"SearchAction\",\"target\":{\"@type\":\"EntryPoint\",\"urlTemplate\":\"https:\/\/welovecinema.be\/nl\/?s={search_term_string}\"},\"query-input\":\"required name=search_term_string\"}],\"inLanguage\":\"fr-FR\"},{\"@type\":\"Organization\",\"@id\":\"https:\/\/welovecinema.be\/nl\/#organization\",\"name\":\"We Love Cinema\",\"url\":\"https:\/\/welovecinema.be\/nl\/\",\"logo\":{\"@type\":\"ImageObject\",\"inLanguage\":\"fr-FR\",\"@id\":\"https:\/\/welovecinema.be\/nl\/#\/schema\/logo\/image\/\",\"url\":\"https:\/\/welovecinema.be\/wp-content\/uploads\/sites\/2\/2023\/03\/Logo-We-Love-Cinema305x128.jpg\",\"contentUrl\":\"https:\/\/welovecinema.be\/wp-content\/uploads\/sites\/2\/2023\/03\/Logo-We-Love-Cinema305x128.jpg\",\"width\":305,\"height\":128,\"caption\":\"We Love Cinema\"},\"image\":{\"@id\":\"https:\/\/welovecinema.be\/nl\/#\/schema\/logo\/image\/\"},\"sameAs\":[\"https:\/\/www.facebook.com\/welovecinema.be\",\"https:\/\/www.youtube.com\/channel\/UCX5LYGVhnKvYauW4Nta4HJA\",\"https:\/\/www.instagram.com\/welovecinema.be\/\"]},{\"@type\":\"Person\",\"@id\":\"https:\/\/welovecinema.be\/nl\/#\/schema\/person\/4b9b1d857f0943453a38a7c2859ef756\",\"name\":\"Philippe.Pierquin\",\"url\":\"https:\/\/welovecinema.be\/fr\/author\/philippe-pierquin\/\"}]}<\/script>\n<!-- \/ Yoast SEO plugin. -->","yoast_head_json":{"title":"La F\u00e9e sort en France  Un accueil magique - We Love Cinema","robots":{"index":"index","follow":"follow","max-snippet":"max-snippet:-1","max-image-preview":"max-image-preview:large","max-video-preview":"max-video-preview:-1"},"canonical":"https:\/\/welovecinema.be\/fr\/la-fee-sort-en-france-un-accueil-magique\/","og_locale":"fr_FR","og_type":"article","og_title":"La F\u00e9e sort en France  Un accueil magique - We Love Cinema","og_description":"La F\u00e9e vient tout juste de sortir en France. Et l&rsquo;accueil de la presse est dithyrambique. Chacun s&rsquo;extasie de cette po\u00e9sie d\u00e9cal\u00e9e, de l&rsquo;audace formelle et applaudit \u00e0 tout rompre la volont\u00e9 de proposer un univers original sans se soucier des vell\u00e9it\u00e9s de formatage qui sont cens\u00e9 garantir un succ\u00e8s commercial. Abel, Gordon et Romy &hellip;","og_url":"https:\/\/welovecinema.be\/fr\/la-fee-sort-en-france-un-accueil-magique\/","og_site_name":"We Love Cinema","article_publisher":"https:\/\/www.facebook.com\/welovecinema.be","article_published_time":"2011-09-14T08:44:30+00:00","article_modified_time":"2011-09-14T09:02:44+00:00","og_image":[{"width":"600","height":"400","url":"https:\/\/welovecinema.be\/wp-content\/uploads\/sites\/2\/2011\/09\/f\u00e9e-12.jpg","type":"image\/jpeg"}],"author":"Philippe.Pierquin","twitter_card":"summary_large_image","twitter_misc":{"\u00c9crit par":"Philippe.Pierquin","Dur\u00e9e de lecture estim\u00e9e":"4 minutes"},"schema":{"@context":"https:\/\/schema.org","@graph":[{"@type":"Article","@id":"https:\/\/welovecinema.be\/fr\/la-fee-sort-en-france-un-accueil-magique\/#article","isPartOf":{"@id":"https:\/\/welovecinema.be\/fr\/la-fee-sort-en-france-un-accueil-magique\/"},"author":{"name":"Philippe.Pierquin","@id":"https:\/\/welovecinema.be\/nl\/#\/schema\/person\/4b9b1d857f0943453a38a7c2859ef756"},"headline":"La F\u00e9e sort en France Un accueil magique","datePublished":"2011-09-14T08:44:30+00:00","dateModified":"2011-09-14T09:02:44+00:00","mainEntityOfPage":{"@id":"https:\/\/welovecinema.be\/fr\/la-fee-sort-en-france-un-accueil-magique\/"},"wordCount":835,"publisher":{"@id":"https:\/\/welovecinema.be\/nl\/#organization"},"articleSection":["Coming soon","News"],"inLanguage":"fr-FR"},{"@type":"WebPage","@id":"https:\/\/welovecinema.be\/fr\/la-fee-sort-en-france-un-accueil-magique\/","url":"https:\/\/welovecinema.be\/fr\/la-fee-sort-en-france-un-accueil-magique\/","name":"La F\u00e9e sort en France Un accueil magique - We Love Cinema","isPartOf":{"@id":"https:\/\/welovecinema.be\/nl\/#website"},"datePublished":"2011-09-14T08:44:30+00:00","dateModified":"2011-09-14T09:02:44+00:00","breadcrumb":{"@id":"https:\/\/welovecinema.be\/fr\/la-fee-sort-en-france-un-accueil-magique\/#breadcrumb"},"inLanguage":"fr-FR","potentialAction":[{"@type":"ReadAction","target":["https:\/\/welovecinema.be\/fr\/la-fee-sort-en-france-un-accueil-magique\/"]}]},{"@type":"BreadcrumbList","@id":"https:\/\/welovecinema.be\/fr\/la-fee-sort-en-france-un-accueil-magique\/#breadcrumb","itemListElement":[{"@type":"ListItem","position":1,"name":"Accueil","item":"https:\/\/welovecinema.be\/fr\/"},{"@type":"ListItem","position":2,"name":"La F\u00e9e sort en France Un accueil magique"}]},{"@type":"WebSite","@id":"https:\/\/welovecinema.be\/nl\/#website","url":"https:\/\/welovecinema.be\/nl\/","name":"We Love Cinema","description":"Toute l\u2019information du cin\u00e9ma en Belgique","publisher":{"@id":"https:\/\/welovecinema.be\/nl\/#organization"},"potentialAction":[{"@type":"SearchAction","target":{"@type":"EntryPoint","urlTemplate":"https:\/\/welovecinema.be\/nl\/?s={search_term_string}"},"query-input":"required name=search_term_string"}],"inLanguage":"fr-FR"},{"@type":"Organization","@id":"https:\/\/welovecinema.be\/nl\/#organization","name":"We Love Cinema","url":"https:\/\/welovecinema.be\/nl\/","logo":{"@type":"ImageObject","inLanguage":"fr-FR","@id":"https:\/\/welovecinema.be\/nl\/#\/schema\/logo\/image\/","url":"https:\/\/welovecinema.be\/wp-content\/uploads\/sites\/2\/2023\/03\/Logo-We-Love-Cinema305x128.jpg","contentUrl":"https:\/\/welovecinema.be\/wp-content\/uploads\/sites\/2\/2023\/03\/Logo-We-Love-Cinema305x128.jpg","width":305,"height":128,"caption":"We Love Cinema"},"image":{"@id":"https:\/\/welovecinema.be\/nl\/#\/schema\/logo\/image\/"},"sameAs":["https:\/\/www.facebook.com\/welovecinema.be","https:\/\/www.youtube.com\/channel\/UCX5LYGVhnKvYauW4Nta4HJA","https:\/\/www.instagram.com\/welovecinema.be\/"]},{"@type":"Person","@id":"https:\/\/welovecinema.be\/nl\/#\/schema\/person\/4b9b1d857f0943453a38a7c2859ef756","name":"Philippe.Pierquin","url":"https:\/\/welovecinema.be\/fr\/author\/philippe-pierquin\/"}]}},"_links":{"self":[{"href":"https:\/\/welovecinema.be\/fr\/wp-json\/wp\/v2\/posts\/7797","targetHints":{"allow":["GET"]}}],"collection":[{"href":"https:\/\/welovecinema.be\/fr\/wp-json\/wp\/v2\/posts"}],"about":[{"href":"https:\/\/welovecinema.be\/fr\/wp-json\/wp\/v2\/types\/post"}],"author":[{"embeddable":true,"href":"https:\/\/welovecinema.be\/fr\/wp-json\/wp\/v2\/users\/7"}],"replies":[{"embeddable":true,"href":"https:\/\/welovecinema.be\/fr\/wp-json\/wp\/v2\/comments?post=7797"}],"version-history":[{"count":0,"href":"https:\/\/welovecinema.be\/fr\/wp-json\/wp\/v2\/posts\/7797\/revisions"}],"wp:featuredmedia":[{"embeddable":true,"href":"https:\/\/welovecinema.be\/fr\/wp-json\/wp\/v2\/media\/7801"}],"wp:attachment":[{"href":"https:\/\/welovecinema.be\/fr\/wp-json\/wp\/v2\/media?parent=7797"}],"wp:term":[{"taxonomy":"category","embeddable":true,"href":"https:\/\/welovecinema.be\/fr\/wp-json\/wp\/v2\/categories?post=7797"},{"taxonomy":"post_tag","embeddable":true,"href":"https:\/\/welovecinema.be\/fr\/wp-json\/wp\/v2\/tags?post=7797"}],"curies":[{"name":"wp","href":"https:\/\/api.w.org\/{rel}","templated":true}]}}