{"id":77537,"date":"2015-09-07T07:57:05","date_gmt":"2015-09-07T05:57:05","guid":{"rendered":"http:\/\/www.cinevox.be\/?p=77537"},"modified":"2015-09-06T11:00:00","modified_gmt":"2015-09-06T09:00:00","slug":"fiff-2015-la-bande-annonce-drolatique","status":"publish","type":"post","link":"https:\/\/welovecinema.be\/fr\/fiff-2015-la-bande-annonce-drolatique\/","title":{"rendered":"FIFF 2015 : la bande-annonce dr\u00f4latique"},"content":{"rendered":"<p>Pour la bande-annonce du FIFF 2015, Le r\u00e9alisateur <strong>Pablo Munoz Gomez<\/strong>, qui a sign\u00e9 le formidable\u00a0<em>Welkom,<\/em> Prix du Meilleur court m\u00e9trage de la FWB au FIFF en 2013 et Magritte du Meilleur Court m\u00e9trage en 2014, retrouve un habitu\u00e9 du festival, <strong>Wim Willaert.<\/strong><\/p>\n<p>Hilarant !<\/p>\n","protected":false},"excerpt":{"rendered":"<p>Pour la bande-annonce du FIFF 2015, Le r\u00e9alisateur Pablo Munoz Gomez, qui a sign\u00e9 le formidable\u00a0Welkom, Prix du Meilleur court m\u00e9trage de la FWB au FIFF en 2013 et Magritte du Meilleur Court m\u00e9trage en 2014, retrouve un habitu\u00e9 du festival, Wim Willaert. Hilarant !<\/p>\n","protected":false},"author":7,"featured_media":77538,"comment_status":"closed","ping_status":"closed","sticky":false,"template":"","format":"standard","meta":{"ngg_post_thumbnail":0,"footnotes":""},"categories":[53],"tags":[],"class_list":["post-77537","post","type-post","status-publish","format-standard","has-post-thumbnail","","category-coming-soon"],"yoast_head":"<!-- This site is optimized with the Yoast SEO plugin v20.4 - https:\/\/yoast.com\/wordpress\/plugins\/seo\/ -->\n<title>FIFF 2015 : la bande-annonce dr\u00f4latique - We Love Cinema<\/title>\n<meta name=\"robots\" content=\"index, follow, max-snippet:-1, max-image-preview:large, max-video-preview:-1\" \/>\n<link rel=\"canonical\" href=\"https:\/\/welovecinema.be\/fr\/fiff-2015-la-bande-annonce-drolatique\/\" \/>\n<meta property=\"og:locale\" content=\"fr_FR\" \/>\n<meta property=\"og:type\" content=\"article\" \/>\n<meta property=\"og:title\" content=\"FIFF 2015 : la bande-annonce dr\u00f4latique - We Love Cinema\" \/>\n<meta property=\"og:description\" content=\"Pour la bande-annonce du FIFF 2015, Le r\u00e9alisateur Pablo Munoz Gomez, qui a sign\u00e9 le formidable\u00a0Welkom, Prix du Meilleur court m\u00e9trage de la FWB au FIFF en 2013 et Magritte du Meilleur Court m\u00e9trage en 2014, retrouve un habitu\u00e9 du festival, Wim Willaert. Hilarant !\" \/>\n<meta property=\"og:url\" content=\"https:\/\/welovecinema.be\/fr\/fiff-2015-la-bande-annonce-drolatique\/\" \/>\n<meta property=\"og:site_name\" content=\"We Love Cinema\" \/>\n<meta property=\"article:publisher\" content=\"https:\/\/www.facebook.com\/welovecinema.be\" \/>\n<meta property=\"article:published_time\" content=\"2015-09-07T05:57:05+00:00\" \/>\n<meta property=\"article:modified_time\" content=\"2015-09-06T09:00:00+00:00\" \/>\n<meta property=\"og:image\" content=\"https:\/\/welovecinema.be\/wp-content\/uploads\/sites\/2\/2015\/09\/2015-09-06_10h56_28.jpg\" \/>\n\t<meta property=\"og:image:width\" content=\"1199\" \/>\n\t<meta property=\"og:image:height\" content=\"635\" \/>\n\t<meta property=\"og:image:type\" content=\"image\/jpeg\" \/>\n<meta name=\"author\" content=\"Philippe.Pierquin\" \/>\n<meta name=\"twitter:card\" content=\"summary_large_image\" \/>\n<meta name=\"twitter:label1\" content=\"\u00c9crit par\" \/>\n\t<meta name=\"twitter:data1\" content=\"Philippe.Pierquin\" \/>\n<script type=\"application\/ld+json\" class=\"yoast-schema-graph\">{\"@context\":\"https:\/\/schema.org\",\"@graph\":[{\"@type\":\"Article\",\"@id\":\"https:\/\/welovecinema.be\/fr\/fiff-2015-la-bande-annonce-drolatique\/#article\",\"isPartOf\":{\"@id\":\"https:\/\/welovecinema.be\/fr\/fiff-2015-la-bande-annonce-drolatique\/\"},\"author\":{\"name\":\"Philippe.Pierquin\",\"@id\":\"https:\/\/welovecinema.be\/nl\/#\/schema\/person\/4b9b1d857f0943453a38a7c2859ef756\"},\"headline\":\"FIFF 2015 : la bande-annonce dr\u00f4latique\",\"datePublished\":\"2015-09-07T05:57:05+00:00\",\"dateModified\":\"2015-09-06T09:00:00+00:00\",\"mainEntityOfPage\":{\"@id\":\"https:\/\/welovecinema.be\/fr\/fiff-2015-la-bande-annonce-drolatique\/\"},\"wordCount\":50,\"publisher\":{\"@id\":\"https:\/\/welovecinema.be\/nl\/#organization\"},\"articleSection\":[\"Coming soon\"],\"inLanguage\":\"fr-FR\"},{\"@type\":\"WebPage\",\"@id\":\"https:\/\/welovecinema.be\/fr\/fiff-2015-la-bande-annonce-drolatique\/\",\"url\":\"https:\/\/welovecinema.be\/fr\/fiff-2015-la-bande-annonce-drolatique\/\",\"name\":\"FIFF 2015 : la bande-annonce dr\u00f4latique - We Love Cinema\",\"isPartOf\":{\"@id\":\"https:\/\/welovecinema.be\/nl\/#website\"},\"datePublished\":\"2015-09-07T05:57:05+00:00\",\"dateModified\":\"2015-09-06T09:00:00+00:00\",\"breadcrumb\":{\"@id\":\"https:\/\/welovecinema.be\/fr\/fiff-2015-la-bande-annonce-drolatique\/#breadcrumb\"},\"inLanguage\":\"fr-FR\",\"potentialAction\":[{\"@type\":\"ReadAction\",\"target\":[\"https:\/\/welovecinema.be\/fr\/fiff-2015-la-bande-annonce-drolatique\/\"]}]},{\"@type\":\"BreadcrumbList\",\"@id\":\"https:\/\/welovecinema.be\/fr\/fiff-2015-la-bande-annonce-drolatique\/#breadcrumb\",\"itemListElement\":[{\"@type\":\"ListItem\",\"position\":1,\"name\":\"Accueil\",\"item\":\"https:\/\/welovecinema.be\/fr\/\"},{\"@type\":\"ListItem\",\"position\":2,\"name\":\"FIFF 2015 : la bande-annonce dr\u00f4latique\"}]},{\"@type\":\"WebSite\",\"@id\":\"https:\/\/welovecinema.be\/nl\/#website\",\"url\":\"https:\/\/welovecinema.be\/nl\/\",\"name\":\"We Love Cinema\",\"description\":\"Toute l\u2019information du cin\u00e9ma en Belgique\",\"publisher\":{\"@id\":\"https:\/\/welovecinema.be\/nl\/#organization\"},\"potentialAction\":[{\"@type\":\"SearchAction\",\"target\":{\"@type\":\"EntryPoint\",\"urlTemplate\":\"https:\/\/welovecinema.be\/nl\/?s={search_term_string}\"},\"query-input\":\"required name=search_term_string\"}],\"inLanguage\":\"fr-FR\"},{\"@type\":\"Organization\",\"@id\":\"https:\/\/welovecinema.be\/nl\/#organization\",\"name\":\"We Love Cinema\",\"url\":\"https:\/\/welovecinema.be\/nl\/\",\"logo\":{\"@type\":\"ImageObject\",\"inLanguage\":\"fr-FR\",\"@id\":\"https:\/\/welovecinema.be\/nl\/#\/schema\/logo\/image\/\",\"url\":\"https:\/\/welovecinema.be\/wp-content\/uploads\/sites\/2\/2023\/03\/Logo-We-Love-Cinema305x128.jpg\",\"contentUrl\":\"https:\/\/welovecinema.be\/wp-content\/uploads\/sites\/2\/2023\/03\/Logo-We-Love-Cinema305x128.jpg\",\"width\":305,\"height\":128,\"caption\":\"We Love Cinema\"},\"image\":{\"@id\":\"https:\/\/welovecinema.be\/nl\/#\/schema\/logo\/image\/\"},\"sameAs\":[\"https:\/\/www.facebook.com\/welovecinema.be\",\"https:\/\/www.youtube.com\/channel\/UCX5LYGVhnKvYauW4Nta4HJA\",\"https:\/\/www.instagram.com\/welovecinema.be\/\"]},{\"@type\":\"Person\",\"@id\":\"https:\/\/welovecinema.be\/nl\/#\/schema\/person\/4b9b1d857f0943453a38a7c2859ef756\",\"name\":\"Philippe.Pierquin\",\"url\":\"https:\/\/welovecinema.be\/fr\/author\/philippe-pierquin\/\"}]}<\/script>\n<!-- \/ Yoast SEO plugin. -->","yoast_head_json":{"title":"FIFF 2015 : la bande-annonce dr\u00f4latique - We Love Cinema","robots":{"index":"index","follow":"follow","max-snippet":"max-snippet:-1","max-image-preview":"max-image-preview:large","max-video-preview":"max-video-preview:-1"},"canonical":"https:\/\/welovecinema.be\/fr\/fiff-2015-la-bande-annonce-drolatique\/","og_locale":"fr_FR","og_type":"article","og_title":"FIFF 2015 : la bande-annonce dr\u00f4latique - We Love Cinema","og_description":"Pour la bande-annonce du FIFF 2015, Le r\u00e9alisateur Pablo Munoz Gomez, qui a sign\u00e9 le formidable\u00a0Welkom, Prix du Meilleur court m\u00e9trage de la FWB au FIFF en 2013 et Magritte du Meilleur Court m\u00e9trage en 2014, retrouve un habitu\u00e9 du festival, Wim Willaert. Hilarant !","og_url":"https:\/\/welovecinema.be\/fr\/fiff-2015-la-bande-annonce-drolatique\/","og_site_name":"We Love Cinema","article_publisher":"https:\/\/www.facebook.com\/welovecinema.be","article_published_time":"2015-09-07T05:57:05+00:00","article_modified_time":"2015-09-06T09:00:00+00:00","og_image":[{"width":1199,"height":635,"url":"https:\/\/welovecinema.be\/wp-content\/uploads\/sites\/2\/2015\/09\/2015-09-06_10h56_28.jpg","type":"image\/jpeg"}],"author":"Philippe.Pierquin","twitter_card":"summary_large_image","twitter_misc":{"\u00c9crit par":"Philippe.Pierquin"},"schema":{"@context":"https:\/\/schema.org","@graph":[{"@type":"Article","@id":"https:\/\/welovecinema.be\/fr\/fiff-2015-la-bande-annonce-drolatique\/#article","isPartOf":{"@id":"https:\/\/welovecinema.be\/fr\/fiff-2015-la-bande-annonce-drolatique\/"},"author":{"name":"Philippe.Pierquin","@id":"https:\/\/welovecinema.be\/nl\/#\/schema\/person\/4b9b1d857f0943453a38a7c2859ef756"},"headline":"FIFF 2015 : la bande-annonce dr\u00f4latique","datePublished":"2015-09-07T05:57:05+00:00","dateModified":"2015-09-06T09:00:00+00:00","mainEntityOfPage":{"@id":"https:\/\/welovecinema.be\/fr\/fiff-2015-la-bande-annonce-drolatique\/"},"wordCount":50,"publisher":{"@id":"https:\/\/welovecinema.be\/nl\/#organization"},"articleSection":["Coming soon"],"inLanguage":"fr-FR"},{"@type":"WebPage","@id":"https:\/\/welovecinema.be\/fr\/fiff-2015-la-bande-annonce-drolatique\/","url":"https:\/\/welovecinema.be\/fr\/fiff-2015-la-bande-annonce-drolatique\/","name":"FIFF 2015 : la bande-annonce dr\u00f4latique - We Love Cinema","isPartOf":{"@id":"https:\/\/welovecinema.be\/nl\/#website"},"datePublished":"2015-09-07T05:57:05+00:00","dateModified":"2015-09-06T09:00:00+00:00","breadcrumb":{"@id":"https:\/\/welovecinema.be\/fr\/fiff-2015-la-bande-annonce-drolatique\/#breadcrumb"},"inLanguage":"fr-FR","potentialAction":[{"@type":"ReadAction","target":["https:\/\/welovecinema.be\/fr\/fiff-2015-la-bande-annonce-drolatique\/"]}]},{"@type":"BreadcrumbList","@id":"https:\/\/welovecinema.be\/fr\/fiff-2015-la-bande-annonce-drolatique\/#breadcrumb","itemListElement":[{"@type":"ListItem","position":1,"name":"Accueil","item":"https:\/\/welovecinema.be\/fr\/"},{"@type":"ListItem","position":2,"name":"FIFF 2015 : la bande-annonce dr\u00f4latique"}]},{"@type":"WebSite","@id":"https:\/\/welovecinema.be\/nl\/#website","url":"https:\/\/welovecinema.be\/nl\/","name":"We Love Cinema","description":"Toute l\u2019information du cin\u00e9ma en Belgique","publisher":{"@id":"https:\/\/welovecinema.be\/nl\/#organization"},"potentialAction":[{"@type":"SearchAction","target":{"@type":"EntryPoint","urlTemplate":"https:\/\/welovecinema.be\/nl\/?s={search_term_string}"},"query-input":"required name=search_term_string"}],"inLanguage":"fr-FR"},{"@type":"Organization","@id":"https:\/\/welovecinema.be\/nl\/#organization","name":"We Love Cinema","url":"https:\/\/welovecinema.be\/nl\/","logo":{"@type":"ImageObject","inLanguage":"fr-FR","@id":"https:\/\/welovecinema.be\/nl\/#\/schema\/logo\/image\/","url":"https:\/\/welovecinema.be\/wp-content\/uploads\/sites\/2\/2023\/03\/Logo-We-Love-Cinema305x128.jpg","contentUrl":"https:\/\/welovecinema.be\/wp-content\/uploads\/sites\/2\/2023\/03\/Logo-We-Love-Cinema305x128.jpg","width":305,"height":128,"caption":"We Love Cinema"},"image":{"@id":"https:\/\/welovecinema.be\/nl\/#\/schema\/logo\/image\/"},"sameAs":["https:\/\/www.facebook.com\/welovecinema.be","https:\/\/www.youtube.com\/channel\/UCX5LYGVhnKvYauW4Nta4HJA","https:\/\/www.instagram.com\/welovecinema.be\/"]},{"@type":"Person","@id":"https:\/\/welovecinema.be\/nl\/#\/schema\/person\/4b9b1d857f0943453a38a7c2859ef756","name":"Philippe.Pierquin","url":"https:\/\/welovecinema.be\/fr\/author\/philippe-pierquin\/"}]}},"_links":{"self":[{"href":"https:\/\/welovecinema.be\/fr\/wp-json\/wp\/v2\/posts\/77537","targetHints":{"allow":["GET"]}}],"collection":[{"href":"https:\/\/welovecinema.be\/fr\/wp-json\/wp\/v2\/posts"}],"about":[{"href":"https:\/\/welovecinema.be\/fr\/wp-json\/wp\/v2\/types\/post"}],"author":[{"embeddable":true,"href":"https:\/\/welovecinema.be\/fr\/wp-json\/wp\/v2\/users\/7"}],"replies":[{"embeddable":true,"href":"https:\/\/welovecinema.be\/fr\/wp-json\/wp\/v2\/comments?post=77537"}],"version-history":[{"count":0,"href":"https:\/\/welovecinema.be\/fr\/wp-json\/wp\/v2\/posts\/77537\/revisions"}],"wp:featuredmedia":[{"embeddable":true,"href":"https:\/\/welovecinema.be\/fr\/wp-json\/wp\/v2\/media\/77538"}],"wp:attachment":[{"href":"https:\/\/welovecinema.be\/fr\/wp-json\/wp\/v2\/media?parent=77537"}],"wp:term":[{"taxonomy":"category","embeddable":true,"href":"https:\/\/welovecinema.be\/fr\/wp-json\/wp\/v2\/categories?post=77537"},{"taxonomy":"post_tag","embeddable":true,"href":"https:\/\/welovecinema.be\/fr\/wp-json\/wp\/v2\/tags?post=77537"}],"curies":[{"name":"wp","href":"https:\/\/api.w.org\/{rel}","templated":true}]}}