{"id":77515,"date":"2015-09-06T09:38:55","date_gmt":"2015-09-06T07:38:55","guid":{"rendered":"http:\/\/www.cinevox.be\/?p=77515"},"modified":"2015-09-06T09:42:11","modified_gmt":"2015-09-06T07:42:11","slug":"stage-pour-les-comediens-belges","status":"publish","type":"post","link":"https:\/\/welovecinema.be\/fr\/stage-pour-les-comediens-belges\/","title":{"rendered":"Stage pour les com\u00e9diens belges"},"content":{"rendered":"<p><strong>Stage coaching, casting, photos &amp; images pro avec Elise Mc Leod<\/strong><\/p>\n<p>C-ME-ACTING &#8211; 19 au 24 octobre 2015<\/p>\n<p>&nbsp;<\/p>\n<p>Coaching sc\u00e8ne ou monologue en anglais ou fran\u00e7ais.<\/p>\n<p>Rencontre avec un directeur de casting fran\u00e7ais.<\/p>\n<p>Tournage pro pour bande d\u00e9mo\/ Photos pro pour book.<!--more--><\/p>\n<p>&nbsp;<\/p>\n<p><a href=\"http:\/\/www.cinevox.be\/wp-content\/uploads\/sites\/2\/2015\/09\/unnamed-1.png\"><img loading=\"lazy\" decoding=\"async\" class=\"aligncenter  wp-image-77521\" src=\"http:\/\/www.cinevox.be\/wp-content\/uploads\/sites\/2\/2015\/09\/unnamed-1.png\" alt=\"\" width=\"616\" height=\"93\" \/><\/a><\/p>\n<p>&nbsp;<\/p>\n<p>Un stage intensif pour acteurs professionnels ou ayant un minimum d\u2019exp\u00e9rience cam\u00e9ra et monologue, qui d\u00e9sirent travailler sur leur instrument, \u00e9tendre leur r\u00e9seau et obtenir des images et photos de qualit\u00e9 \u00e0 destination des professionnels du cin\u00e9ma.<\/p>\n<p>&nbsp;<\/p>\n<p><em>Sur interview\/audition avec Elise Mc Leod.<\/em><\/p>\n<p>&nbsp;<\/p>\n<h2>\u00a0PROGRAMME<\/h2>\n<p>&nbsp;<\/p>\n<p><a href=\"http:\/\/www.cinevox.be\/wp-content\/uploads\/sites\/2\/2015\/09\/unnamed.png\"><img loading=\"lazy\" decoding=\"async\" class=\"alignleft  wp-image-77520\" src=\"http:\/\/www.cinevox.be\/wp-content\/uploads\/sites\/2\/2015\/09\/unnamed.png\" alt=\"\" width=\"376\" height=\"319\" srcset=\"https:\/\/welovecinema.be\/wp-content\/uploads\/sites\/2\/2015\/09\/unnamed.png 567w, https:\/\/welovecinema.be\/wp-content\/uploads\/sites\/2\/2015\/09\/unnamed-318x270.png 318w\" sizes=\"auto, (max-width: 376px) 100vw, 376px\" \/><\/a><\/p>\n<p>Jour 1-2 -&gt; Training et coaching sc\u00e8nes avec ELISE MC LEOD, en fran\u00e7ais ou en anglais au choix<\/p>\n<p>Jour 3 -&gt; Rencontre et feedback sc\u00e8nes par la directrice de fran\u00e7aise FABIENNE BICHET<\/p>\n<p>Jour 4 -&gt; Training \/ coaching des sc\u00e8nes par Elise, avec int\u00e9gration des commentaires du jour 3<\/p>\n<p>Jour 5-6 -&gt; Tournages par une \u00e9quipe pro (DOP, preneur de son). Shooting photographe parisien JEAN-MARC ROCHAS (http:\/\/marcorochas.wix.com\/jeanmarcrochas)<\/p>\n<p>&nbsp;<\/p>\n<p>Prix : 600\u20ac, images et photos pro comprises.<\/p>\n<p>R\u00e9servation sur acompte. Maximum 14 participants.<\/p>\n<p><strong>R\u00e9servation \/ infos pratiques : c.me.acting@gmail.com \/ www.c-me-acting.com<\/strong><\/p>\n<p>&nbsp;<\/p>\n<p><a href=\"http:\/\/www.cinevox.be\/wp-content\/uploads\/sites\/2\/2015\/09\/DSC02652.jpeg\"><img loading=\"lazy\" decoding=\"async\" class=\"aligncenter size-large wp-image-77516\" src=\"http:\/\/www.cinevox.be\/wp-content\/uploads\/sites\/2\/2015\/09\/DSC02652-800x600.jpeg\" alt=\"\" width=\"640\" height=\"480\" srcset=\"https:\/\/welovecinema.be\/wp-content\/uploads\/sites\/2\/2015\/09\/DSC02652-800x600.jpeg 800w, https:\/\/welovecinema.be\/wp-content\/uploads\/sites\/2\/2015\/09\/DSC02652-360x270.jpeg 360w, https:\/\/welovecinema.be\/wp-content\/uploads\/sites\/2\/2015\/09\/DSC02652-300x225.jpeg 300w, https:\/\/welovecinema.be\/wp-content\/uploads\/sites\/2\/2015\/09\/DSC02652.jpeg 1280w\" sizes=\"auto, (max-width: 640px) 100vw, 640px\" \/><\/a><\/p>\n<p>&nbsp;<\/p>\n<h2>ELISE MC LEOD \/ Mini bio<\/h2>\n<p>N\u00e9e en Australie, elle travaille \u00e0 Paris depuis 1997. Elle a coach\u00e9 des com\u00e9diens fran\u00e7ais comme Audrey Dana, (Prix Romy Schneider \u2013 Nomination C\u00e9sar du meilleur espoir ), Anne Charrier, Boris Ventura Diaz, Val\u00e9rie Decobert, Flavie P\u00e9an, ainsi que des acteurs anglo-saxons, notamment l\u2019actrice bilingue Sabine Crossen, et bien d\u2019autres encore.<\/p>\n<p>Elle coache les acteurs en pr\u00e9paration de longs m\u00e9trages, t\u00e9l\u00e9films et castings, en priv\u00e9 mais aussi sur le plateau. Son enseignement puise dans les techniques de diff\u00e9rentes \u00e9coles d&rsquo;art dramatique pour g\u00e9n\u00e9rer une dynamique de training unique et plurielle, permettant de capturer l&rsquo;essence d&rsquo;un r\u00f4le ou d&rsquo;une \u00e9motion. Elle s\u2019adapte, tant humainement qu\u2019au niveau technique, aux besoins sp\u00e9cifiques de chaque acteur, tout en le guidant dans ses choix de carri\u00e8re, afin de mettre en lumi\u00e8re son potentiel et qu\u2019il devienne un acteur complet.<\/p>\n<p>Elise Mc Leod a cr\u00e9\u00e9, avec l\u2019actrice, r\u00e9alisatrice et productrice Sabine Crossen, une structure consacr\u00e9e \u00e0 l\u2019acting \u00e0 Paris, C Me Acting.<\/p>\n<p>Lieu : Bruxelles<\/p>\n<p>R\u00e9gion : R\u00e9gion Bruxelloise<\/p>\n<p>Commune : Bruxelles<\/p>\n<p>Dates : De 19 au 24 octobre 2015<\/p>\n<p>Cible : professionnels<\/p>\n<p>Type : stage<\/p>\n<p>Contact : c.me.acting@gmail.com<\/p>\n","protected":false},"excerpt":{"rendered":"<p>Stage coaching, casting, photos &amp; images pro avec Elise Mc Leod C-ME-ACTING &#8211; 19 au 24 octobre 2015 &nbsp; Coaching sc\u00e8ne ou monologue en anglais ou fran\u00e7ais. Rencontre avec un directeur de casting fran\u00e7ais. Tournage pro pour bande d\u00e9mo\/ Photos pro pour book.<\/p>\n","protected":false},"author":7,"featured_media":77519,"comment_status":"closed","ping_status":"closed","sticky":false,"template":"","format":"standard","meta":{"ngg_post_thumbnail":0,"footnotes":""},"categories":[20,7],"tags":[],"class_list":["post-77515","post","type-post","status-publish","format-standard","has-post-thumbnail","","category-cinejobs","category-actualites"],"yoast_head":"<!-- This site is optimized with the Yoast SEO plugin v20.4 - https:\/\/yoast.com\/wordpress\/plugins\/seo\/ -->\n<title>Stage pour les com\u00e9diens belges - We Love Cinema<\/title>\n<meta name=\"robots\" content=\"index, follow, max-snippet:-1, max-image-preview:large, max-video-preview:-1\" \/>\n<link rel=\"canonical\" href=\"https:\/\/welovecinema.be\/fr\/stage-pour-les-comediens-belges\/\" \/>\n<meta property=\"og:locale\" content=\"fr_FR\" \/>\n<meta property=\"og:type\" content=\"article\" \/>\n<meta property=\"og:title\" content=\"Stage pour les com\u00e9diens belges - We Love Cinema\" \/>\n<meta property=\"og:description\" content=\"Stage coaching, casting, photos &amp; images pro avec Elise Mc Leod C-ME-ACTING &#8211; 19 au 24 octobre 2015 &nbsp; Coaching sc\u00e8ne ou monologue en anglais ou fran\u00e7ais. Rencontre avec un directeur de casting fran\u00e7ais. Tournage pro pour bande d\u00e9mo\/ Photos pro pour book.\" \/>\n<meta property=\"og:url\" content=\"https:\/\/welovecinema.be\/fr\/stage-pour-les-comediens-belges\/\" \/>\n<meta property=\"og:site_name\" content=\"We Love Cinema\" \/>\n<meta property=\"article:publisher\" content=\"https:\/\/www.facebook.com\/welovecinema.be\" \/>\n<meta property=\"article:published_time\" content=\"2015-09-06T07:38:55+00:00\" \/>\n<meta property=\"article:modified_time\" content=\"2015-09-06T07:42:11+00:00\" \/>\n<meta property=\"og:image\" content=\"https:\/\/welovecinema.be\/wp-content\/uploads\/sites\/2\/2015\/09\/204318_941027877464321061.jpg\" \/>\n\t<meta property=\"og:image:width\" content=\"1162\" \/>\n\t<meta property=\"og:image:height\" content=\"470\" \/>\n\t<meta property=\"og:image:type\" content=\"image\/jpeg\" \/>\n<meta name=\"author\" content=\"Philippe.Pierquin\" \/>\n<meta name=\"twitter:card\" content=\"summary_large_image\" \/>\n<meta name=\"twitter:label1\" content=\"\u00c9crit par\" \/>\n\t<meta name=\"twitter:data1\" content=\"Philippe.Pierquin\" \/>\n\t<meta name=\"twitter:label2\" content=\"Dur\u00e9e de lecture estim\u00e9e\" \/>\n\t<meta name=\"twitter:data2\" content=\"2 minutes\" \/>\n<script type=\"application\/ld+json\" class=\"yoast-schema-graph\">{\"@context\":\"https:\/\/schema.org\",\"@graph\":[{\"@type\":\"Article\",\"@id\":\"https:\/\/welovecinema.be\/fr\/stage-pour-les-comediens-belges\/#article\",\"isPartOf\":{\"@id\":\"https:\/\/welovecinema.be\/fr\/stage-pour-les-comediens-belges\/\"},\"author\":{\"name\":\"Philippe.Pierquin\",\"@id\":\"https:\/\/welovecinema.be\/nl\/#\/schema\/person\/4b9b1d857f0943453a38a7c2859ef756\"},\"headline\":\"Stage pour les com\u00e9diens belges\",\"datePublished\":\"2015-09-06T07:38:55+00:00\",\"dateModified\":\"2015-09-06T07:42:11+00:00\",\"mainEntityOfPage\":{\"@id\":\"https:\/\/welovecinema.be\/fr\/stage-pour-les-comediens-belges\/\"},\"wordCount\":417,\"publisher\":{\"@id\":\"https:\/\/welovecinema.be\/nl\/#organization\"},\"articleSection\":[\"Cinejobs\",\"News\"],\"inLanguage\":\"fr-FR\"},{\"@type\":\"WebPage\",\"@id\":\"https:\/\/welovecinema.be\/fr\/stage-pour-les-comediens-belges\/\",\"url\":\"https:\/\/welovecinema.be\/fr\/stage-pour-les-comediens-belges\/\",\"name\":\"Stage pour les com\u00e9diens belges - We Love Cinema\",\"isPartOf\":{\"@id\":\"https:\/\/welovecinema.be\/nl\/#website\"},\"datePublished\":\"2015-09-06T07:38:55+00:00\",\"dateModified\":\"2015-09-06T07:42:11+00:00\",\"breadcrumb\":{\"@id\":\"https:\/\/welovecinema.be\/fr\/stage-pour-les-comediens-belges\/#breadcrumb\"},\"inLanguage\":\"fr-FR\",\"potentialAction\":[{\"@type\":\"ReadAction\",\"target\":[\"https:\/\/welovecinema.be\/fr\/stage-pour-les-comediens-belges\/\"]}]},{\"@type\":\"BreadcrumbList\",\"@id\":\"https:\/\/welovecinema.be\/fr\/stage-pour-les-comediens-belges\/#breadcrumb\",\"itemListElement\":[{\"@type\":\"ListItem\",\"position\":1,\"name\":\"Accueil\",\"item\":\"https:\/\/welovecinema.be\/fr\/\"},{\"@type\":\"ListItem\",\"position\":2,\"name\":\"Stage pour les com\u00e9diens belges\"}]},{\"@type\":\"WebSite\",\"@id\":\"https:\/\/welovecinema.be\/nl\/#website\",\"url\":\"https:\/\/welovecinema.be\/nl\/\",\"name\":\"We Love Cinema\",\"description\":\"Toute l\u2019information du cin\u00e9ma en Belgique\",\"publisher\":{\"@id\":\"https:\/\/welovecinema.be\/nl\/#organization\"},\"potentialAction\":[{\"@type\":\"SearchAction\",\"target\":{\"@type\":\"EntryPoint\",\"urlTemplate\":\"https:\/\/welovecinema.be\/nl\/?s={search_term_string}\"},\"query-input\":\"required name=search_term_string\"}],\"inLanguage\":\"fr-FR\"},{\"@type\":\"Organization\",\"@id\":\"https:\/\/welovecinema.be\/nl\/#organization\",\"name\":\"We Love Cinema\",\"url\":\"https:\/\/welovecinema.be\/nl\/\",\"logo\":{\"@type\":\"ImageObject\",\"inLanguage\":\"fr-FR\",\"@id\":\"https:\/\/welovecinema.be\/nl\/#\/schema\/logo\/image\/\",\"url\":\"https:\/\/welovecinema.be\/wp-content\/uploads\/sites\/2\/2023\/03\/Logo-We-Love-Cinema305x128.jpg\",\"contentUrl\":\"https:\/\/welovecinema.be\/wp-content\/uploads\/sites\/2\/2023\/03\/Logo-We-Love-Cinema305x128.jpg\",\"width\":305,\"height\":128,\"caption\":\"We Love Cinema\"},\"image\":{\"@id\":\"https:\/\/welovecinema.be\/nl\/#\/schema\/logo\/image\/\"},\"sameAs\":[\"https:\/\/www.facebook.com\/welovecinema.be\",\"https:\/\/www.youtube.com\/channel\/UCX5LYGVhnKvYauW4Nta4HJA\",\"https:\/\/www.instagram.com\/welovecinema.be\/\"]},{\"@type\":\"Person\",\"@id\":\"https:\/\/welovecinema.be\/nl\/#\/schema\/person\/4b9b1d857f0943453a38a7c2859ef756\",\"name\":\"Philippe.Pierquin\",\"url\":\"https:\/\/welovecinema.be\/fr\/author\/philippe-pierquin\/\"}]}<\/script>\n<!-- \/ Yoast SEO plugin. -->","yoast_head_json":{"title":"Stage pour les com\u00e9diens belges - We Love Cinema","robots":{"index":"index","follow":"follow","max-snippet":"max-snippet:-1","max-image-preview":"max-image-preview:large","max-video-preview":"max-video-preview:-1"},"canonical":"https:\/\/welovecinema.be\/fr\/stage-pour-les-comediens-belges\/","og_locale":"fr_FR","og_type":"article","og_title":"Stage pour les com\u00e9diens belges - We Love Cinema","og_description":"Stage coaching, casting, photos &amp; images pro avec Elise Mc Leod C-ME-ACTING &#8211; 19 au 24 octobre 2015 &nbsp; Coaching sc\u00e8ne ou monologue en anglais ou fran\u00e7ais. Rencontre avec un directeur de casting fran\u00e7ais. Tournage pro pour bande d\u00e9mo\/ Photos pro pour book.","og_url":"https:\/\/welovecinema.be\/fr\/stage-pour-les-comediens-belges\/","og_site_name":"We Love Cinema","article_publisher":"https:\/\/www.facebook.com\/welovecinema.be","article_published_time":"2015-09-06T07:38:55+00:00","article_modified_time":"2015-09-06T07:42:11+00:00","og_image":[{"width":1162,"height":470,"url":"https:\/\/welovecinema.be\/wp-content\/uploads\/sites\/2\/2015\/09\/204318_941027877464321061.jpg","type":"image\/jpeg"}],"author":"Philippe.Pierquin","twitter_card":"summary_large_image","twitter_misc":{"\u00c9crit par":"Philippe.Pierquin","Dur\u00e9e de lecture estim\u00e9e":"2 minutes"},"schema":{"@context":"https:\/\/schema.org","@graph":[{"@type":"Article","@id":"https:\/\/welovecinema.be\/fr\/stage-pour-les-comediens-belges\/#article","isPartOf":{"@id":"https:\/\/welovecinema.be\/fr\/stage-pour-les-comediens-belges\/"},"author":{"name":"Philippe.Pierquin","@id":"https:\/\/welovecinema.be\/nl\/#\/schema\/person\/4b9b1d857f0943453a38a7c2859ef756"},"headline":"Stage pour les com\u00e9diens belges","datePublished":"2015-09-06T07:38:55+00:00","dateModified":"2015-09-06T07:42:11+00:00","mainEntityOfPage":{"@id":"https:\/\/welovecinema.be\/fr\/stage-pour-les-comediens-belges\/"},"wordCount":417,"publisher":{"@id":"https:\/\/welovecinema.be\/nl\/#organization"},"articleSection":["Cinejobs","News"],"inLanguage":"fr-FR"},{"@type":"WebPage","@id":"https:\/\/welovecinema.be\/fr\/stage-pour-les-comediens-belges\/","url":"https:\/\/welovecinema.be\/fr\/stage-pour-les-comediens-belges\/","name":"Stage pour les com\u00e9diens belges - We Love Cinema","isPartOf":{"@id":"https:\/\/welovecinema.be\/nl\/#website"},"datePublished":"2015-09-06T07:38:55+00:00","dateModified":"2015-09-06T07:42:11+00:00","breadcrumb":{"@id":"https:\/\/welovecinema.be\/fr\/stage-pour-les-comediens-belges\/#breadcrumb"},"inLanguage":"fr-FR","potentialAction":[{"@type":"ReadAction","target":["https:\/\/welovecinema.be\/fr\/stage-pour-les-comediens-belges\/"]}]},{"@type":"BreadcrumbList","@id":"https:\/\/welovecinema.be\/fr\/stage-pour-les-comediens-belges\/#breadcrumb","itemListElement":[{"@type":"ListItem","position":1,"name":"Accueil","item":"https:\/\/welovecinema.be\/fr\/"},{"@type":"ListItem","position":2,"name":"Stage pour les com\u00e9diens belges"}]},{"@type":"WebSite","@id":"https:\/\/welovecinema.be\/nl\/#website","url":"https:\/\/welovecinema.be\/nl\/","name":"We Love Cinema","description":"Toute l\u2019information du cin\u00e9ma en Belgique","publisher":{"@id":"https:\/\/welovecinema.be\/nl\/#organization"},"potentialAction":[{"@type":"SearchAction","target":{"@type":"EntryPoint","urlTemplate":"https:\/\/welovecinema.be\/nl\/?s={search_term_string}"},"query-input":"required name=search_term_string"}],"inLanguage":"fr-FR"},{"@type":"Organization","@id":"https:\/\/welovecinema.be\/nl\/#organization","name":"We Love Cinema","url":"https:\/\/welovecinema.be\/nl\/","logo":{"@type":"ImageObject","inLanguage":"fr-FR","@id":"https:\/\/welovecinema.be\/nl\/#\/schema\/logo\/image\/","url":"https:\/\/welovecinema.be\/wp-content\/uploads\/sites\/2\/2023\/03\/Logo-We-Love-Cinema305x128.jpg","contentUrl":"https:\/\/welovecinema.be\/wp-content\/uploads\/sites\/2\/2023\/03\/Logo-We-Love-Cinema305x128.jpg","width":305,"height":128,"caption":"We Love Cinema"},"image":{"@id":"https:\/\/welovecinema.be\/nl\/#\/schema\/logo\/image\/"},"sameAs":["https:\/\/www.facebook.com\/welovecinema.be","https:\/\/www.youtube.com\/channel\/UCX5LYGVhnKvYauW4Nta4HJA","https:\/\/www.instagram.com\/welovecinema.be\/"]},{"@type":"Person","@id":"https:\/\/welovecinema.be\/nl\/#\/schema\/person\/4b9b1d857f0943453a38a7c2859ef756","name":"Philippe.Pierquin","url":"https:\/\/welovecinema.be\/fr\/author\/philippe-pierquin\/"}]}},"_links":{"self":[{"href":"https:\/\/welovecinema.be\/fr\/wp-json\/wp\/v2\/posts\/77515","targetHints":{"allow":["GET"]}}],"collection":[{"href":"https:\/\/welovecinema.be\/fr\/wp-json\/wp\/v2\/posts"}],"about":[{"href":"https:\/\/welovecinema.be\/fr\/wp-json\/wp\/v2\/types\/post"}],"author":[{"embeddable":true,"href":"https:\/\/welovecinema.be\/fr\/wp-json\/wp\/v2\/users\/7"}],"replies":[{"embeddable":true,"href":"https:\/\/welovecinema.be\/fr\/wp-json\/wp\/v2\/comments?post=77515"}],"version-history":[{"count":0,"href":"https:\/\/welovecinema.be\/fr\/wp-json\/wp\/v2\/posts\/77515\/revisions"}],"wp:featuredmedia":[{"embeddable":true,"href":"https:\/\/welovecinema.be\/fr\/wp-json\/wp\/v2\/media\/77519"}],"wp:attachment":[{"href":"https:\/\/welovecinema.be\/fr\/wp-json\/wp\/v2\/media?parent=77515"}],"wp:term":[{"taxonomy":"category","embeddable":true,"href":"https:\/\/welovecinema.be\/fr\/wp-json\/wp\/v2\/categories?post=77515"},{"taxonomy":"post_tag","embeddable":true,"href":"https:\/\/welovecinema.be\/fr\/wp-json\/wp\/v2\/tags?post=77515"}],"curies":[{"name":"wp","href":"https:\/\/api.w.org\/{rel}","templated":true}]}}