{"id":76822,"date":"2015-08-17T10:38:43","date_gmt":"2015-08-17T08:38:43","guid":{"rendered":"http:\/\/www.cinevox.be\/?p=76822"},"modified":"2015-08-15T10:45:37","modified_gmt":"2015-08-15T08:45:37","slug":"alan-parker-presidera-le-jury-du-42e-festival-de-gand-qui-accueille-un-nouveau-directeur-general","status":"publish","type":"post","link":"https:\/\/welovecinema.be\/fr\/alan-parker-presidera-le-jury-du-42e-festival-de-gand-qui-accueille-un-nouveau-directeur-general\/","title":{"rendered":"Alan Parker pr\u00e9sidera le jury du 42e Festival de Gand qui accueille un nouveau directeur g\u00e9n\u00e9ral"},"content":{"rendered":"<p>Le r\u00e9alisateur britannique <strong>Alan Parker<\/strong> pr\u00e9sidera le jury international du 42e Film Fest Gent (du 13 au 24 octobre), aux c\u00f4t\u00e9s de Marjane Satrapi, Caroline Strubbe, Boyd van Hoeij et Franco Lolli. En plus d\u2019annoncer le jury, le festival pr\u00e9sente l\u2019affiche officielle, avec l\u2019ic\u00f4ne britannique de la mode Twiggy, dans le cadre de la mise \u00e0 l\u2019honneur du cin\u00e9ma britannique.<!--more--><\/p>\n<p>&nbsp;<\/p>\n<p>&nbsp;<\/p>\n<p>&nbsp;<\/p>\n<p>Le directeur artistique du Festival, <strong>Patrick Duynslaegher,<\/strong> d\u00e9clare \u00e0 propos du choix d\u2019Alan Parker comme pr\u00e9sident du jury:<\/p>\n<p>\u00ab \u00c0 l\u2019instar de nombreux r\u00e9alisateurs de sa g\u00e9n\u00e9ration, Alan Parker a toujours altern\u00e9 des films purement britanniques avec de grosses productions am\u00e9ricaines,\u00a0 mais il ne s\u2019agissait jamais de simples divertissements hollywoodiens.<\/p>\n<p>\u00ab\u00a0If you haven\u2019t got something to say, I don\u2019t think you should be a filmmaker\u00a0\u00bb, telle est sa devise. C\u2019est pourquoi il a r\u00e9alis\u00e9 plusieurs films critiques, qui montrent la face sombre du r\u00eave am\u00e9ricain, comme <em>Mississippi Burning<\/em> (1988), <em>Come See the Paradise<\/em> (1990) ou son dernier film, <em>The Life of David Gale <\/em>(2003), dans lequel il fustige la peine de mort. Le r\u00e9alisateur n&rsquo;\u00e9vite donc nullement la controverse.<\/p>\n<p>&nbsp;<\/p>\n<p><a href=\"http:\/\/www.cinevox.be\/wp-content\/uploads\/sites\/2\/2015\/08\/Pink-floyd-film-Stills131.jpg\"><img loading=\"lazy\" decoding=\"async\" class=\"aligncenter size-large wp-image-76823\" src=\"http:\/\/www.cinevox.be\/wp-content\/uploads\/sites\/2\/2015\/08\/Pink-floyd-film-Stills131-800x533.jpg\" alt=\"\" width=\"640\" height=\"426\" srcset=\"https:\/\/welovecinema.be\/wp-content\/uploads\/sites\/2\/2015\/08\/Pink-floyd-film-Stills131-800x533.jpg 800w, https:\/\/welovecinema.be\/wp-content\/uploads\/sites\/2\/2015\/08\/Pink-floyd-film-Stills131-405x270.jpg 405w, https:\/\/welovecinema.be\/wp-content\/uploads\/sites\/2\/2015\/08\/Pink-floyd-film-Stills131.jpg 1500w\" sizes=\"auto, (max-width: 640px) 100vw, 640px\" \/><\/a><\/p>\n<p>&nbsp;<\/p>\n<p>De plus, Parker est le seul cin\u00e9aste que je connaisse qui r\u00e9dige lui-m\u00eame le dossier de presse de ses films, parce qu\u2019il tient \u00e0 d\u00e9crire le processus de cr\u00e9ation cin\u00e9matographique de la mani\u00e8re la plus honn\u00eate et la plus franche possible.<\/p>\n<p>Il est aussi frappant de constater le r\u00f4le d\u00e9terminant que joue la musique dans bon nombre de ses films. Il a \u00e9galement tourn\u00e9 des films v\u00e9ritablement musicaux, comme <em>Fame<\/em> (1980), <em>Pink Floyd, The Wall <\/em>(1982), <em>The Commitments<\/em> (1991) et <em>Evita<\/em> (1996). Bien qu\u2019un grand nombre de ses films se caract\u00e9risent par leur noirceur et se terminent rarement sur une note optimiste, Alan Parker poss\u00e8de un solide sens de l\u2019humour, qui ressort notamment de ses caricatures des m\u00e9tiers du cin\u00e9ma. Tout cela fait d\u2019Alan Parker un pr\u00e9sident de jury id\u00e9al. \u00bb<\/p>\n<p>&nbsp;<\/p>\n<p><a href=\"http:\/\/www.cinevox.be\/wp-content\/uploads\/sites\/2\/2015\/08\/65790735_65790734.jpg\"><img loading=\"lazy\" decoding=\"async\" class=\"aligncenter size-full wp-image-76824\" src=\"http:\/\/www.cinevox.be\/wp-content\/uploads\/sites\/2\/2015\/08\/65790735_65790734.jpg\" alt=\"\" width=\"640\" height=\"360\" srcset=\"https:\/\/welovecinema.be\/wp-content\/uploads\/sites\/2\/2015\/08\/65790735_65790734.jpg 640w, https:\/\/welovecinema.be\/wp-content\/uploads\/sites\/2\/2015\/08\/65790735_65790734-200x113.jpg 200w, https:\/\/welovecinema.be\/wp-content\/uploads\/sites\/2\/2015\/08\/65790735_65790734-480x270.jpg 480w, https:\/\/welovecinema.be\/wp-content\/uploads\/sites\/2\/2015\/08\/65790735_65790734-300x169.jpg 300w, https:\/\/welovecinema.be\/wp-content\/uploads\/sites\/2\/2015\/08\/65790735_65790734-620x350.jpg 620w\" sizes=\"auto, (max-width: 640px) 100vw, 640px\" \/><\/a><\/p>\n<p>&nbsp;<\/p>\n<p>L\u2019auteure et r\u00e9alisatrice Marjane Satrapi, la r\u00e9alisatrice Caroline Strubbe, le r\u00e9alisateur Franco Lolli et le critique de cin\u00e9ma Boyd van Hoeij font aussi partie du jury (voir les biographies en annexe), aux c\u00f4t\u00e9s d&rsquo;Alan Parker.<\/p>\n<p>&nbsp;<\/p>\n<p><a href=\"http:\/\/www.cinevox.be\/wp-content\/uploads\/sites\/2\/2015\/08\/ffg2015_affiche_A4.jpg\"><img loading=\"lazy\" decoding=\"async\" class=\"alignright size-large wp-image-76825\" src=\"http:\/\/www.cinevox.be\/wp-content\/uploads\/sites\/2\/2015\/08\/ffg2015_affiche_A4-424x600.jpg\" alt=\"\" width=\"424\" height=\"600\" srcset=\"https:\/\/welovecinema.be\/wp-content\/uploads\/sites\/2\/2015\/08\/ffg2015_affiche_A4-424x600.jpg 424w, https:\/\/welovecinema.be\/wp-content\/uploads\/sites\/2\/2015\/08\/ffg2015_affiche_A4-190x270.jpg 190w, https:\/\/welovecinema.be\/wp-content\/uploads\/sites\/2\/2015\/08\/ffg2015_affiche_A4.jpg 1654w\" sizes=\"auto, (max-width: 424px) 100vw, 424px\" \/><\/a>Pour l\u2019affiche de la 42e \u00e9dition, le choix du Film Fest Gent se porte sur une illustration embl\u00e9matique en rapport avec le programme dans une \u00e9dition ax\u00e9e sur le cin\u00e9ma britannique. Twiggy \u00e9tait non seulement le premier mannequin avec un statut de superstar, mais \u00e9galement l\u2019incarnation de l\u2019esprit des Swinging Sixties lorsque Londres \u00e9tait le centre tr\u00e9pidant de tout ce qui \u00e9tait jeune, branch\u00e9, os\u00e9 et color\u00e9.<\/p>\n<p>Pour lui rendre hommage est \u00e9galement pr\u00e9vue une rare projection du seul long m\u00e9trage dans lequel Twiggy interpr\u00e8te le r\u00f4le principal : <em>The Boy Friend<\/em> (1971), un hommage vibrant et nostalgique de Ken Russell \u00e0 l\u2019\u00e2ge d\u2019or de la com\u00e9die musicale britannique et hollywoodienne.<\/p>\n<p>&nbsp;<\/p>\n<p>Le Conseil d\u2019administration du Film Fest Gent a par ailleurs d\u00e9sign\u00e9 <strong>Martijn Bal<\/strong> comme directeur g\u00e9n\u00e9ral du festival. Il prendra officiellement ses fonctions le 1er octobre 2015.<\/p>\n<p>&nbsp;<\/p>\n<p>L&rsquo;homme peut d\u00e9j\u00e0 se targuer d\u2019une belle carri\u00e8re dans le secteur audiovisuel. Au terme de ses \u00e9tudes au conservatoire d\u2019Anvers, il a fait ses premi\u00e8res armes dans le secteur de la presse \u00e9crite et l\u2019industrie musicale avant de d\u00e9couvrir la t\u00e9l\u00e9vision.<\/p>\n<p>&nbsp;<\/p>\n<p><a href=\"http:\/\/www.cinevox.be\/wp-content\/uploads\/sites\/2\/2015\/08\/ImageProxy.jpg\"><img loading=\"lazy\" decoding=\"async\" class=\"aligncenter size-full wp-image-76826\" src=\"http:\/\/www.cinevox.be\/wp-content\/uploads\/sites\/2\/2015\/08\/ImageProxy.jpg\" alt=\"\" width=\"700\" height=\"536\" srcset=\"https:\/\/welovecinema.be\/wp-content\/uploads\/sites\/2\/2015\/08\/ImageProxy.jpg 700w, https:\/\/welovecinema.be\/wp-content\/uploads\/sites\/2\/2015\/08\/ImageProxy-352x270.jpg 352w\" sizes=\"auto, (max-width: 700px) 100vw, 700px\" \/><\/a><\/p>\n<p>&nbsp;<\/p>\n<p>\u00c0 partir de 1989, il a travaill\u00e9 comme producteur aupr\u00e8s de diff\u00e9rentes soci\u00e9t\u00e9s de production parmi lesquelles IDTv et Kladaradatch!<\/p>\n<p>Il a exerc\u00e9 la fonction de responsable des divertissements et d\u2019Adjunct Netmanager au sein du d\u00e9partement programmation du VTM et de la VRT. Il a attrap\u00e9 le virus du num\u00e9rique au sein du d\u00e9partement M\u00e9dias num\u00e9riques de Medialaan, o\u00f9 il a lanc\u00e9 de nouveaux canaux de t\u00e9l\u00e9vision num\u00e9rique et o\u00f9 il a d\u00e9velopp\u00e9 une offre consistante de vid\u00e9o \u00e0 la demande (VOD) sous la marque \u2018iWatch\u2019.<\/p>\n<p>En 2012, Martijn a commenc\u00e9 comme Creative Senior Producer aupr\u00e8s de la soci\u00e9t\u00e9 de production De Filistijnen et, la m\u00eame ann\u00e9e, on lui proposa de devenir directeur du Media Innovation Centre d\u2019iMinds.<\/p>\n<p>&nbsp;<\/p>\n<p>Martijn Bal est tr\u00e8s enthousiaste \u00e0 l\u2019id\u00e9e de mener \u00e0 bien cette mission :<\/p>\n<p>\u00ab Le Film Fest Gent continue de soutenir le cin\u00e9ma de qualit\u00e9 et les talents qu\u2019il rec\u00e8le. Nous offrons une tribune unique o\u00f9 un large public peut d\u00e9couvrir ces films et leurs cr\u00e9ateurs dans un cadre authentique propre au festival.<\/p>\n<p>Il s\u2019agit \u00e9galement d\u2019un \u00e9v\u00e9nement incontournable pour les professionnels. L\u2019exp\u00e9rience est plus que jamais primordiale et Film Fest Gent est le candidat par excellence pour remplir ce r\u00f4le. De plus, les World Soundtrack Awards continuent de b\u00e9n\u00e9ficier d\u2019un prestige international. J\u2019ai h\u00e2te de venir renforcer la position forte occup\u00e9e par le festival au sein du paysage cin\u00e9matographique et m\u00e9diatique en \u00e9volution constante et de relever de nouveaux d\u00e9fis avec l\u2019\u00e9quipe. \u00bb<\/p>\n<p>&nbsp;<\/p>\n<p>Patrick Duynslaegher reste le directeur artistique de la manifestation et Wim De Witte, le programmateur.<\/p>\n<p>&nbsp;<\/p>\n<p>&nbsp;<\/p>\n<p>Le 42e Film Fest Gent se d\u00e9roulera du 13 au 24 octobre inclus au Kinepolis Gand, Studio Skoop, Sphinx, Vooruit, KASKcinema, Bijloke et \u2019t Kuipke. Infos et billets disponibles sur <a href=\"http:\/\/www.filmfestival.be.\/\">le site officiel<\/a><\/p>\n<p>&nbsp;<\/p>\n","protected":false},"excerpt":{"rendered":"<p>Le r\u00e9alisateur britannique Alan Parker pr\u00e9sidera le jury international du 42e Film Fest Gent (du 13 au 24 octobre), aux c\u00f4t\u00e9s de Marjane Satrapi, Caroline Strubbe, Boyd van Hoeij et Franco Lolli. En plus d\u2019annoncer le jury, le festival pr\u00e9sente l\u2019affiche officielle, avec l\u2019ic\u00f4ne britannique de la mode Twiggy, dans le cadre de la mise &hellip;<\/p>\n","protected":false},"author":7,"featured_media":76828,"comment_status":"closed","ping_status":"closed","sticky":false,"template":"","format":"standard","meta":{"ngg_post_thumbnail":0,"footnotes":""},"categories":[12],"tags":[],"class_list":["post-76822","post","type-post","status-publish","format-standard","has-post-thumbnail","","category-awards"],"yoast_head":"<!-- This site is optimized with the Yoast SEO plugin v20.4 - https:\/\/yoast.com\/wordpress\/plugins\/seo\/ -->\n<title>Alan Parker pr\u00e9sidera le jury du 42e Festival de Gand qui accueille un nouveau directeur g\u00e9n\u00e9ral - We Love Cinema<\/title>\n<meta name=\"robots\" content=\"index, follow, max-snippet:-1, max-image-preview:large, max-video-preview:-1\" \/>\n<link rel=\"canonical\" href=\"https:\/\/welovecinema.be\/fr\/alan-parker-presidera-le-jury-du-42e-festival-de-gand-qui-accueille-un-nouveau-directeur-general\/\" \/>\n<meta property=\"og:locale\" content=\"fr_FR\" \/>\n<meta property=\"og:type\" content=\"article\" \/>\n<meta property=\"og:title\" content=\"Alan Parker pr\u00e9sidera le jury du 42e Festival de Gand qui accueille un nouveau directeur g\u00e9n\u00e9ral - We Love Cinema\" \/>\n<meta property=\"og:description\" content=\"Le r\u00e9alisateur britannique Alan Parker pr\u00e9sidera le jury international du 42e Film Fest Gent (du 13 au 24 octobre), aux c\u00f4t\u00e9s de Marjane Satrapi, Caroline Strubbe, Boyd van Hoeij et Franco Lolli. En plus d\u2019annoncer le jury, le festival pr\u00e9sente l\u2019affiche officielle, avec l\u2019ic\u00f4ne britannique de la mode Twiggy, dans le cadre de la mise &hellip;\" \/>\n<meta property=\"og:url\" content=\"https:\/\/welovecinema.be\/fr\/alan-parker-presidera-le-jury-du-42e-festival-de-gand-qui-accueille-un-nouveau-directeur-general\/\" \/>\n<meta property=\"og:site_name\" content=\"We Love Cinema\" \/>\n<meta property=\"article:publisher\" content=\"https:\/\/www.facebook.com\/welovecinema.be\" \/>\n<meta property=\"article:published_time\" content=\"2015-08-17T08:38:43+00:00\" \/>\n<meta property=\"article:modified_time\" content=\"2015-08-15T08:45:37+00:00\" \/>\n<meta property=\"og:image\" content=\"https:\/\/welovecinema.be\/wp-content\/uploads\/sites\/2\/2010\/08\/Director-Sir-Alan-Parker-008.jpg\" \/>\n\t<meta property=\"og:image:width\" content=\"460\" \/>\n\t<meta property=\"og:image:height\" content=\"276\" \/>\n\t<meta property=\"og:image:type\" content=\"image\/jpeg\" \/>\n<meta name=\"author\" content=\"Philippe.Pierquin\" \/>\n<meta name=\"twitter:card\" content=\"summary_large_image\" \/>\n<meta name=\"twitter:label1\" content=\"\u00c9crit par\" \/>\n\t<meta name=\"twitter:data1\" content=\"Philippe.Pierquin\" \/>\n\t<meta name=\"twitter:label2\" content=\"Dur\u00e9e de lecture estim\u00e9e\" \/>\n\t<meta name=\"twitter:data2\" content=\"5 minutes\" \/>\n<script type=\"application\/ld+json\" class=\"yoast-schema-graph\">{\"@context\":\"https:\/\/schema.org\",\"@graph\":[{\"@type\":\"Article\",\"@id\":\"https:\/\/welovecinema.be\/fr\/alan-parker-presidera-le-jury-du-42e-festival-de-gand-qui-accueille-un-nouveau-directeur-general\/#article\",\"isPartOf\":{\"@id\":\"https:\/\/welovecinema.be\/fr\/alan-parker-presidera-le-jury-du-42e-festival-de-gand-qui-accueille-un-nouveau-directeur-general\/\"},\"author\":{\"name\":\"Philippe.Pierquin\",\"@id\":\"https:\/\/welovecinema.be\/nl\/#\/schema\/person\/4b9b1d857f0943453a38a7c2859ef756\"},\"headline\":\"Alan Parker pr\u00e9sidera le jury du 42e Festival de Gand qui accueille un nouveau directeur g\u00e9n\u00e9ral\",\"datePublished\":\"2015-08-17T08:38:43+00:00\",\"dateModified\":\"2015-08-15T08:45:37+00:00\",\"mainEntityOfPage\":{\"@id\":\"https:\/\/welovecinema.be\/fr\/alan-parker-presidera-le-jury-du-42e-festival-de-gand-qui-accueille-un-nouveau-directeur-general\/\"},\"wordCount\":951,\"publisher\":{\"@id\":\"https:\/\/welovecinema.be\/nl\/#organization\"},\"articleSection\":[\"Evenements\"],\"inLanguage\":\"fr-FR\"},{\"@type\":\"WebPage\",\"@id\":\"https:\/\/welovecinema.be\/fr\/alan-parker-presidera-le-jury-du-42e-festival-de-gand-qui-accueille-un-nouveau-directeur-general\/\",\"url\":\"https:\/\/welovecinema.be\/fr\/alan-parker-presidera-le-jury-du-42e-festival-de-gand-qui-accueille-un-nouveau-directeur-general\/\",\"name\":\"Alan Parker pr\u00e9sidera le jury du 42e Festival de Gand qui accueille un nouveau directeur g\u00e9n\u00e9ral - We Love Cinema\",\"isPartOf\":{\"@id\":\"https:\/\/welovecinema.be\/nl\/#website\"},\"datePublished\":\"2015-08-17T08:38:43+00:00\",\"dateModified\":\"2015-08-15T08:45:37+00:00\",\"breadcrumb\":{\"@id\":\"https:\/\/welovecinema.be\/fr\/alan-parker-presidera-le-jury-du-42e-festival-de-gand-qui-accueille-un-nouveau-directeur-general\/#breadcrumb\"},\"inLanguage\":\"fr-FR\",\"potentialAction\":[{\"@type\":\"ReadAction\",\"target\":[\"https:\/\/welovecinema.be\/fr\/alan-parker-presidera-le-jury-du-42e-festival-de-gand-qui-accueille-un-nouveau-directeur-general\/\"]}]},{\"@type\":\"BreadcrumbList\",\"@id\":\"https:\/\/welovecinema.be\/fr\/alan-parker-presidera-le-jury-du-42e-festival-de-gand-qui-accueille-un-nouveau-directeur-general\/#breadcrumb\",\"itemListElement\":[{\"@type\":\"ListItem\",\"position\":1,\"name\":\"Accueil\",\"item\":\"https:\/\/welovecinema.be\/fr\/\"},{\"@type\":\"ListItem\",\"position\":2,\"name\":\"Alan Parker pr\u00e9sidera le jury du 42e Festival de Gand qui accueille un nouveau directeur g\u00e9n\u00e9ral\"}]},{\"@type\":\"WebSite\",\"@id\":\"https:\/\/welovecinema.be\/nl\/#website\",\"url\":\"https:\/\/welovecinema.be\/nl\/\",\"name\":\"We Love Cinema\",\"description\":\"Toute l\u2019information du cin\u00e9ma en Belgique\",\"publisher\":{\"@id\":\"https:\/\/welovecinema.be\/nl\/#organization\"},\"potentialAction\":[{\"@type\":\"SearchAction\",\"target\":{\"@type\":\"EntryPoint\",\"urlTemplate\":\"https:\/\/welovecinema.be\/nl\/?s={search_term_string}\"},\"query-input\":\"required name=search_term_string\"}],\"inLanguage\":\"fr-FR\"},{\"@type\":\"Organization\",\"@id\":\"https:\/\/welovecinema.be\/nl\/#organization\",\"name\":\"We Love Cinema\",\"url\":\"https:\/\/welovecinema.be\/nl\/\",\"logo\":{\"@type\":\"ImageObject\",\"inLanguage\":\"fr-FR\",\"@id\":\"https:\/\/welovecinema.be\/nl\/#\/schema\/logo\/image\/\",\"url\":\"https:\/\/welovecinema.be\/wp-content\/uploads\/sites\/2\/2023\/03\/Logo-We-Love-Cinema305x128.jpg\",\"contentUrl\":\"https:\/\/welovecinema.be\/wp-content\/uploads\/sites\/2\/2023\/03\/Logo-We-Love-Cinema305x128.jpg\",\"width\":305,\"height\":128,\"caption\":\"We Love Cinema\"},\"image\":{\"@id\":\"https:\/\/welovecinema.be\/nl\/#\/schema\/logo\/image\/\"},\"sameAs\":[\"https:\/\/www.facebook.com\/welovecinema.be\",\"https:\/\/www.youtube.com\/channel\/UCX5LYGVhnKvYauW4Nta4HJA\",\"https:\/\/www.instagram.com\/welovecinema.be\/\"]},{\"@type\":\"Person\",\"@id\":\"https:\/\/welovecinema.be\/nl\/#\/schema\/person\/4b9b1d857f0943453a38a7c2859ef756\",\"name\":\"Philippe.Pierquin\",\"url\":\"https:\/\/welovecinema.be\/fr\/author\/philippe-pierquin\/\"}]}<\/script>\n<!-- \/ Yoast SEO plugin. -->","yoast_head_json":{"title":"Alan Parker pr\u00e9sidera le jury du 42e Festival de Gand qui accueille un nouveau directeur g\u00e9n\u00e9ral - We Love Cinema","robots":{"index":"index","follow":"follow","max-snippet":"max-snippet:-1","max-image-preview":"max-image-preview:large","max-video-preview":"max-video-preview:-1"},"canonical":"https:\/\/welovecinema.be\/fr\/alan-parker-presidera-le-jury-du-42e-festival-de-gand-qui-accueille-un-nouveau-directeur-general\/","og_locale":"fr_FR","og_type":"article","og_title":"Alan Parker pr\u00e9sidera le jury du 42e Festival de Gand qui accueille un nouveau directeur g\u00e9n\u00e9ral - We Love Cinema","og_description":"Le r\u00e9alisateur britannique Alan Parker pr\u00e9sidera le jury international du 42e Film Fest Gent (du 13 au 24 octobre), aux c\u00f4t\u00e9s de Marjane Satrapi, Caroline Strubbe, Boyd van Hoeij et Franco Lolli. En plus d\u2019annoncer le jury, le festival pr\u00e9sente l\u2019affiche officielle, avec l\u2019ic\u00f4ne britannique de la mode Twiggy, dans le cadre de la mise &hellip;","og_url":"https:\/\/welovecinema.be\/fr\/alan-parker-presidera-le-jury-du-42e-festival-de-gand-qui-accueille-un-nouveau-directeur-general\/","og_site_name":"We Love Cinema","article_publisher":"https:\/\/www.facebook.com\/welovecinema.be","article_published_time":"2015-08-17T08:38:43+00:00","article_modified_time":"2015-08-15T08:45:37+00:00","og_image":[{"width":460,"height":276,"url":"https:\/\/welovecinema.be\/wp-content\/uploads\/sites\/2\/2010\/08\/Director-Sir-Alan-Parker-008.jpg","type":"image\/jpeg"}],"author":"Philippe.Pierquin","twitter_card":"summary_large_image","twitter_misc":{"\u00c9crit par":"Philippe.Pierquin","Dur\u00e9e de lecture estim\u00e9e":"5 minutes"},"schema":{"@context":"https:\/\/schema.org","@graph":[{"@type":"Article","@id":"https:\/\/welovecinema.be\/fr\/alan-parker-presidera-le-jury-du-42e-festival-de-gand-qui-accueille-un-nouveau-directeur-general\/#article","isPartOf":{"@id":"https:\/\/welovecinema.be\/fr\/alan-parker-presidera-le-jury-du-42e-festival-de-gand-qui-accueille-un-nouveau-directeur-general\/"},"author":{"name":"Philippe.Pierquin","@id":"https:\/\/welovecinema.be\/nl\/#\/schema\/person\/4b9b1d857f0943453a38a7c2859ef756"},"headline":"Alan Parker pr\u00e9sidera le jury du 42e Festival de Gand qui accueille un nouveau directeur g\u00e9n\u00e9ral","datePublished":"2015-08-17T08:38:43+00:00","dateModified":"2015-08-15T08:45:37+00:00","mainEntityOfPage":{"@id":"https:\/\/welovecinema.be\/fr\/alan-parker-presidera-le-jury-du-42e-festival-de-gand-qui-accueille-un-nouveau-directeur-general\/"},"wordCount":951,"publisher":{"@id":"https:\/\/welovecinema.be\/nl\/#organization"},"articleSection":["Evenements"],"inLanguage":"fr-FR"},{"@type":"WebPage","@id":"https:\/\/welovecinema.be\/fr\/alan-parker-presidera-le-jury-du-42e-festival-de-gand-qui-accueille-un-nouveau-directeur-general\/","url":"https:\/\/welovecinema.be\/fr\/alan-parker-presidera-le-jury-du-42e-festival-de-gand-qui-accueille-un-nouveau-directeur-general\/","name":"Alan Parker pr\u00e9sidera le jury du 42e Festival de Gand qui accueille un nouveau directeur g\u00e9n\u00e9ral - We Love Cinema","isPartOf":{"@id":"https:\/\/welovecinema.be\/nl\/#website"},"datePublished":"2015-08-17T08:38:43+00:00","dateModified":"2015-08-15T08:45:37+00:00","breadcrumb":{"@id":"https:\/\/welovecinema.be\/fr\/alan-parker-presidera-le-jury-du-42e-festival-de-gand-qui-accueille-un-nouveau-directeur-general\/#breadcrumb"},"inLanguage":"fr-FR","potentialAction":[{"@type":"ReadAction","target":["https:\/\/welovecinema.be\/fr\/alan-parker-presidera-le-jury-du-42e-festival-de-gand-qui-accueille-un-nouveau-directeur-general\/"]}]},{"@type":"BreadcrumbList","@id":"https:\/\/welovecinema.be\/fr\/alan-parker-presidera-le-jury-du-42e-festival-de-gand-qui-accueille-un-nouveau-directeur-general\/#breadcrumb","itemListElement":[{"@type":"ListItem","position":1,"name":"Accueil","item":"https:\/\/welovecinema.be\/fr\/"},{"@type":"ListItem","position":2,"name":"Alan Parker pr\u00e9sidera le jury du 42e Festival de Gand qui accueille un nouveau directeur g\u00e9n\u00e9ral"}]},{"@type":"WebSite","@id":"https:\/\/welovecinema.be\/nl\/#website","url":"https:\/\/welovecinema.be\/nl\/","name":"We Love Cinema","description":"Toute l\u2019information du cin\u00e9ma en Belgique","publisher":{"@id":"https:\/\/welovecinema.be\/nl\/#organization"},"potentialAction":[{"@type":"SearchAction","target":{"@type":"EntryPoint","urlTemplate":"https:\/\/welovecinema.be\/nl\/?s={search_term_string}"},"query-input":"required name=search_term_string"}],"inLanguage":"fr-FR"},{"@type":"Organization","@id":"https:\/\/welovecinema.be\/nl\/#organization","name":"We Love Cinema","url":"https:\/\/welovecinema.be\/nl\/","logo":{"@type":"ImageObject","inLanguage":"fr-FR","@id":"https:\/\/welovecinema.be\/nl\/#\/schema\/logo\/image\/","url":"https:\/\/welovecinema.be\/wp-content\/uploads\/sites\/2\/2023\/03\/Logo-We-Love-Cinema305x128.jpg","contentUrl":"https:\/\/welovecinema.be\/wp-content\/uploads\/sites\/2\/2023\/03\/Logo-We-Love-Cinema305x128.jpg","width":305,"height":128,"caption":"We Love Cinema"},"image":{"@id":"https:\/\/welovecinema.be\/nl\/#\/schema\/logo\/image\/"},"sameAs":["https:\/\/www.facebook.com\/welovecinema.be","https:\/\/www.youtube.com\/channel\/UCX5LYGVhnKvYauW4Nta4HJA","https:\/\/www.instagram.com\/welovecinema.be\/"]},{"@type":"Person","@id":"https:\/\/welovecinema.be\/nl\/#\/schema\/person\/4b9b1d857f0943453a38a7c2859ef756","name":"Philippe.Pierquin","url":"https:\/\/welovecinema.be\/fr\/author\/philippe-pierquin\/"}]}},"_links":{"self":[{"href":"https:\/\/welovecinema.be\/fr\/wp-json\/wp\/v2\/posts\/76822","targetHints":{"allow":["GET"]}}],"collection":[{"href":"https:\/\/welovecinema.be\/fr\/wp-json\/wp\/v2\/posts"}],"about":[{"href":"https:\/\/welovecinema.be\/fr\/wp-json\/wp\/v2\/types\/post"}],"author":[{"embeddable":true,"href":"https:\/\/welovecinema.be\/fr\/wp-json\/wp\/v2\/users\/7"}],"replies":[{"embeddable":true,"href":"https:\/\/welovecinema.be\/fr\/wp-json\/wp\/v2\/comments?post=76822"}],"version-history":[{"count":0,"href":"https:\/\/welovecinema.be\/fr\/wp-json\/wp\/v2\/posts\/76822\/revisions"}],"wp:featuredmedia":[{"embeddable":true,"href":"https:\/\/welovecinema.be\/fr\/wp-json\/wp\/v2\/media\/76828"}],"wp:attachment":[{"href":"https:\/\/welovecinema.be\/fr\/wp-json\/wp\/v2\/media?parent=76822"}],"wp:term":[{"taxonomy":"category","embeddable":true,"href":"https:\/\/welovecinema.be\/fr\/wp-json\/wp\/v2\/categories?post=76822"},{"taxonomy":"post_tag","embeddable":true,"href":"https:\/\/welovecinema.be\/fr\/wp-json\/wp\/v2\/tags?post=76822"}],"curies":[{"name":"wp","href":"https:\/\/api.w.org\/{rel}","templated":true}]}}