{"id":76800,"date":"2015-08-13T22:41:51","date_gmt":"2015-08-13T20:41:51","guid":{"rendered":"http:\/\/www.cinevox.be\/?p=76800"},"modified":"2015-08-13T22:41:51","modified_gmt":"2015-08-13T20:41:51","slug":"les-grignoux-recrutent-a-namur","status":"publish","type":"post","link":"https:\/\/welovecinema.be\/fr\/les-grignoux-recrutent-a-namur\/","title":{"rendered":"Les grignoux recrutent \u00e0 Namur"},"content":{"rendered":"<p style=\"text-align: center;\">L\u2019asbl Les Grignoux,\u00a0gestionnaire des cin\u00e9mas le Parc, Churchill et Sauveni\u00e8re \u00e0 Li\u00e8ge, et du Cam\u00e9o \u00e0 Namur\u00a0recrute pour son site de\u00a0<strong>Namur<\/strong>\u00a0:<\/p>\n<p style=\"text-align: center;\"><strong>un(e)\u00a0assistant(e)\u00a0d\u2019administration<\/strong><br \/>\n<strong>Contrat \u00e0 dur\u00e9e ind\u00e9termin\u00e9e\u00a0\u2022\u00a0Temps plein<\/p>\n<p><\/strong><!--more--><\/p>\n<p><strong>\u00a0<\/strong><\/p>\n<p>L\u2019asbl Les Grignoux est une entreprise culturelle d\u2019\u00e9conomie sociale. Le projet des Grignoux prend forme dans de multiples activit\u00e9s, initi\u00e9es pour la plupart depuis plus de trente ans. Le cin\u00e9ma en est la facette la plus connue et prend place dans quatre endroits : Le Parc, le Churchill et le Sauveni\u00e8re, \u00e0 Li\u00e8ge et, bient\u00f4t, le Cam\u00e9o \u00e0 Namur.<\/p>\n<p>&nbsp;<\/p>\n<p>La programmation est ax\u00e9e sur la d\u00e9fense du cin\u00e9ma d&rsquo;auteur et propose un large choix de films de tous genres et nationalit\u00e9s, en version originale sous-titr\u00e9e. Une part belle est \u00e9galement laiss\u00e9e aux films pour jeune public via le projet\u00a0<em>Ecran large sur tableau noir<\/em>\u00a0et la r\u00e9alisation de dossiers p\u00e9dagogiques pour accompagner ces films. Autour du cin\u00e9ma, Les Grignoux, mouvement d\u2019\u00e9ducation permanente, proposent \u00e9galement de nombreuses activit\u00e9s sp\u00e9ciales en lien avec le monde associatif, des concerts, des conf\u00e9rences, des rencontres, des classiques, etc. L\u2019association g\u00e8re \u00e9galement des brasseries jouxtant les cin\u00e9mas. Ces \u00e9tablissements, en tant que lieux de rencontres, de concerts et de d\u00e9bats, soutiennent et contribuent \u00e0 la mission de l\u2019asbl.<\/p>\n<p>&nbsp;<\/p>\n<p>L\u2019asbl occupe actuellement 115 travailleuses et travailleurs.<\/p>\n<p>&nbsp;<\/p>\n<p>Sur base de leur candidature, Les Grignoux ont \u00e9t\u00e9 d\u00e9sign\u00e9s par le conseil communal de Namur pour g\u00e9rer le futur Cam\u00e9o et sa brasserie, le Caf\u00e9o, qui ouvriront leurs portes fin 2015. 40 nouveaux postes bas\u00e9s \u00e0 Namur seront cr\u00e9\u00e9s \u00e0 cette occasion.<\/p>\n<p><strong><br \/>\nProfil recherch\u00e9<\/p>\n<p><\/strong><\/p>\n<p>Sous l\u2019\u00e9gide de la responsable du Cam\u00e9o, vous renforcez le p\u00f4le administratif et comptable de l\u2019association, dont vous assurez le relais \u00e0 Namur.<\/p>\n<p>&nbsp;<\/p>\n<p><strong>&#8211; En lien avec le service Administration \u2013 RH,<\/strong><\/p>\n<ul>\n<li>Vous assurez un soutien administratif au recrutement du personnel\u00a0;<\/li>\n<li>Vous participez \u00e0 la gestion administrative du personnel en fonction (Dimona\u00a0; dossiers d\u2019aides \u00e0 l\u2019emploi et suivi\u00a0; calcul, v\u00e9rification et suivi des temps de travail et de cong\u00e9s ; gestion des accidents et maladies\u00a0: remplacements, dossiers \u00e9ventuels et suivi\u00a0; liens avec la gestion sociale et la m\u00e9decine du travail centralis\u00e9s \u00e0 Li\u00e8ge, \u2026)\u00a0;<\/li>\n<li>Vous organisez et assurez le suivi des horaires de travail\u00a0;<\/li>\n<li>Vous veillez au respect de la l\u00e9gislation sociale\u00a0;<\/li>\n<li>Vous organisez et assurez le suivi des formations du personnel\u00a0;<\/li>\n<li>&#8230;<\/li>\n<\/ul>\n<p><strong>&#8211; En lien avec le service Comptabilit\u00e9,<\/strong><\/p>\n<ul>\n<li>Vous organisez et assurez le suivi des comptes hebdomadaires\u00a0;<\/li>\n<li>Vous participez \u00e0 la collecte, au traitement et \u00e0 la v\u00e9rification de donn\u00e9es et de documents comptables\u00a0;<\/li>\n<li>\u2026<\/li>\n<\/ul>\n<p>&nbsp;<\/p>\n<p><strong>Comp\u00e9tences<\/strong><\/p>\n<ul>\n<li>Vous adh\u00e9rez au principe d&rsquo;une soci\u00e9t\u00e9 qui place l\u2019humain au centre de son \u00e9conomie et vous \u00eates persuad\u00e9(e) qu\u2019un mode de gestion participative et d\u00e9mocratique apporte un plus aux travailleurs<\/li>\n<li>Vous \u00eates d\u2019accord pour dire que l\u2019\u00e9conomie sociale est une voie porteuse de d\u00e9veloppement \u00e9conomique, tout en respectant une harmonie soci\u00e9tale<\/li>\n<li>Vous avez envie de prendre part \u00e0 un projet culturel et social qui place ces valeurs d\u00e9mocratiques au centre de son fonctionnement<\/li>\n<li>Vous \u00eates titulaire d\u2019un baccalaur\u00e9at de type administratif, \u00e9conomique ou social ou vous pouvez d\u00e9montrer une exp\u00e9rience \u00e9quivalente r\u00e9cente<\/li>\n<li>Vous avez de bonnes notions de comptabilit\u00e9<\/li>\n<li>Vous \u00eates orient\u00e9 (e) chiffres et maitrisez Excel<\/li>\n<li>Vous utilisez ais\u00e9ment les autres outils bureautiques de base (traitement de texte, courriel, internet)<\/li>\n<li>Vous disposez d\u2019une solide connaissance en l\u00e9gislation sociale et en gestion d\u2019horaires<\/li>\n<li>Vous vous exprimez facilement par \u00e9crit et oralement<\/li>\n<li>Vous \u00eates particuli\u00e8rement autonome, vous savez structurer et planifier votre travail<\/li>\n<li>Vous adorez la vari\u00e9t\u00e9 des t\u00e2ches qu\u2019un nouveau projet va incontestablement g\u00e9n\u00e9rer<\/li>\n<li>Vous \u00eates ordonn\u00e9(e) et extr\u00eamement rigoureux(se) : vous \u00eates \u00e0 m\u00eame de mettre du cadre dans un environnement en pleine \u00e9volution<\/li>\n<li>Ind\u00e9pendant(e) et d\u00e9brouillard(e), vous travaillez n\u00e9anmoins dans une logique de coop\u00e9ration et savez travailler en \u00e9quipe<\/li>\n<li>Vous \u00eates discret(e) et respectez les r\u00e8gles d\u00e9ontologiques propres au m\u00e9tier<\/li>\n<li>Vous actualisez spontan\u00e9ment vos connaissances<\/li>\n<li>Vous b\u00e9n\u00e9ficiez d\u2019une exp\u00e9rience professionnelle de deux ans au moins dans une fonction en rapport avec celle propos\u00e9e<\/li>\n<li>Vous \u00eates en possession d\u2019un passeport APE<\/li>\n<li>La connaissance du monde culturel et des commissions paritaires 329 et 302 constitue des atouts suppl\u00e9mentaire<\/li>\n<\/ul>\n<p>&nbsp;<\/p>\n<p><strong>Les Grignoux offrent<\/strong><\/p>\n<ul>\n<li>La participation \u00e0 un projet culturel et d\u2019\u00e9conomie sociale<\/li>\n<li>Un cadre de travail professionnel o\u00f9 le respect est essentiel<\/li>\n<li>Un environnement de travail de qualit\u00e9<\/li>\n<li>Un contrat \u00e0 dur\u00e9e ind\u00e9termin\u00e9e et \u00e0 temps plein, \u00e0 partir du 12 octobre 2015.<\/li>\n<li>Un salaire fix\u00e9 par les bar\u00e8mes de la CP329.02 R\u00e9gion Wallonne \u00e0 l\u2019\u00e9chelon 4.1 (2\u00a0206,64\u00a0\u20ac brut mensuel pour un temps plein \u00e0 l\u2019anciennet\u00e9 z\u00e9ro).<\/li>\n<li><\/li>\n<\/ul>\n<p><strong>Comment postuler<\/strong><\/p>\n<p><strong>Pour\u00a0le vendredi 28 ao\u00fbt au plus tard<\/strong>, vous pouvez<\/p>\n<p>&nbsp;<\/p>\n<ul>\n<li>Soit remplir le\u00a0<strong>formulaire en ligne \u00a0<a href=\"http:\/\/grignoux.be\/candidates\/new?job_id=2\" target=\"_blank\">ICI<\/a><\/strong>\u00a0en y joignant une\u00a0<strong>lettre de motivation<\/strong>\u00a0ainsi que votre\u00a0<strong>curriculum vitae au format texte ou PDF<\/strong><\/li>\n<\/ul>\n<p>&nbsp;<\/p>\n<ul>\n<li>Soit envoyer votre candidature par\u00a0<strong>voie postale<\/strong>\u00e0 l\u2019asbl Les Grignoux \u2013 Recrutement Namur &#8211; \u00e0 l\u2019attention de M<sup>me<\/sup>\u00a0Odette Dessart, rue S\u0153urs de Hasque, 9 \u00e0 4000 Li\u00e8ge.<\/li>\n<\/ul>\n<p><strong>\u00a0<\/strong><\/p>\n<p>Une premi\u00e8re s\u00e9lection sera op\u00e9r\u00e9e sur base des CV.<\/p>\n<p>Si votre candidature est retenue, vous serez invit\u00e9-e \u00e0 participer \u00e0 une \u00e9preuve \u00e9crite le\u00a0<strong>mercredi 16 septembre<\/strong>, \u00e9ventuellement suivie d\u2019un entretien de s\u00e9lection. Les comp\u00e9tences seront \u00e9valu\u00e9es lors des diff\u00e9rentes \u00e9tapes du recrutement.<\/p>\n<p>&nbsp;<\/p>\n<p>Pour toute question, contactez M<sup>me<\/sup>\u00a0Odette Dessart apr\u00e8s le 18 ao\u00fbt au 04\/222 27 78.<\/p>\n<p>Votre candidature sera trait\u00e9e en toute discr\u00e9tion.<\/p>\n","protected":false},"excerpt":{"rendered":"<p>L\u2019asbl Les Grignoux,\u00a0gestionnaire des cin\u00e9mas le Parc, Churchill et Sauveni\u00e8re \u00e0 Li\u00e8ge, et du Cam\u00e9o \u00e0 Namur\u00a0recrute pour son site de\u00a0Namur\u00a0: un(e)\u00a0assistant(e)\u00a0d\u2019administration Contrat \u00e0 dur\u00e9e ind\u00e9termin\u00e9e\u00a0\u2022\u00a0Temps plein<\/p>\n","protected":false},"author":7,"featured_media":76802,"comment_status":"closed","ping_status":"closed","sticky":false,"template":"","format":"standard","meta":{"ngg_post_thumbnail":0,"footnotes":""},"categories":[20],"tags":[],"class_list":["post-76800","post","type-post","status-publish","format-standard","has-post-thumbnail","","category-cinejobs"],"yoast_head":"<!-- This site is optimized with the Yoast SEO plugin v20.4 - https:\/\/yoast.com\/wordpress\/plugins\/seo\/ -->\n<title>Les grignoux recrutent \u00e0 Namur - We Love Cinema<\/title>\n<meta name=\"robots\" content=\"index, follow, max-snippet:-1, max-image-preview:large, max-video-preview:-1\" \/>\n<link rel=\"canonical\" href=\"https:\/\/welovecinema.be\/fr\/les-grignoux-recrutent-a-namur\/\" \/>\n<meta property=\"og:locale\" content=\"fr_FR\" \/>\n<meta property=\"og:type\" content=\"article\" \/>\n<meta property=\"og:title\" content=\"Les grignoux recrutent \u00e0 Namur - We Love Cinema\" \/>\n<meta property=\"og:description\" content=\"L\u2019asbl Les Grignoux,\u00a0gestionnaire des cin\u00e9mas le Parc, Churchill et Sauveni\u00e8re \u00e0 Li\u00e8ge, et du Cam\u00e9o \u00e0 Namur\u00a0recrute pour son site de\u00a0Namur\u00a0: un(e)\u00a0assistant(e)\u00a0d\u2019administration Contrat \u00e0 dur\u00e9e ind\u00e9termin\u00e9e\u00a0\u2022\u00a0Temps plein\" \/>\n<meta property=\"og:url\" content=\"https:\/\/welovecinema.be\/fr\/les-grignoux-recrutent-a-namur\/\" \/>\n<meta property=\"og:site_name\" content=\"We Love Cinema\" \/>\n<meta property=\"article:publisher\" content=\"https:\/\/www.facebook.com\/welovecinema.be\" \/>\n<meta property=\"article:published_time\" content=\"2015-08-13T20:41:51+00:00\" \/>\n<meta property=\"og:image\" content=\"https:\/\/welovecinema.be\/wp-content\/uploads\/sites\/2\/2015\/08\/2015-08-13_22h41_14.jpg\" \/>\n\t<meta property=\"og:image:width\" content=\"346\" \/>\n\t<meta property=\"og:image:height\" content=\"153\" \/>\n\t<meta property=\"og:image:type\" content=\"image\/jpeg\" \/>\n<meta name=\"author\" content=\"Philippe.Pierquin\" \/>\n<meta name=\"twitter:card\" content=\"summary_large_image\" \/>\n<meta name=\"twitter:label1\" content=\"\u00c9crit par\" \/>\n\t<meta name=\"twitter:data1\" content=\"Philippe.Pierquin\" \/>\n\t<meta name=\"twitter:label2\" content=\"Dur\u00e9e de lecture estim\u00e9e\" \/>\n\t<meta name=\"twitter:data2\" content=\"5 minutes\" \/>\n<script type=\"application\/ld+json\" class=\"yoast-schema-graph\">{\"@context\":\"https:\/\/schema.org\",\"@graph\":[{\"@type\":\"Article\",\"@id\":\"https:\/\/welovecinema.be\/fr\/les-grignoux-recrutent-a-namur\/#article\",\"isPartOf\":{\"@id\":\"https:\/\/welovecinema.be\/fr\/les-grignoux-recrutent-a-namur\/\"},\"author\":{\"name\":\"Philippe.Pierquin\",\"@id\":\"https:\/\/welovecinema.be\/nl\/#\/schema\/person\/4b9b1d857f0943453a38a7c2859ef756\"},\"headline\":\"Les grignoux recrutent \u00e0 Namur\",\"datePublished\":\"2015-08-13T20:41:51+00:00\",\"dateModified\":\"2015-08-13T20:41:51+00:00\",\"mainEntityOfPage\":{\"@id\":\"https:\/\/welovecinema.be\/fr\/les-grignoux-recrutent-a-namur\/\"},\"wordCount\":970,\"publisher\":{\"@id\":\"https:\/\/welovecinema.be\/nl\/#organization\"},\"articleSection\":[\"Cinejobs\"],\"inLanguage\":\"fr-FR\"},{\"@type\":\"WebPage\",\"@id\":\"https:\/\/welovecinema.be\/fr\/les-grignoux-recrutent-a-namur\/\",\"url\":\"https:\/\/welovecinema.be\/fr\/les-grignoux-recrutent-a-namur\/\",\"name\":\"Les grignoux recrutent \u00e0 Namur - We Love Cinema\",\"isPartOf\":{\"@id\":\"https:\/\/welovecinema.be\/nl\/#website\"},\"datePublished\":\"2015-08-13T20:41:51+00:00\",\"dateModified\":\"2015-08-13T20:41:51+00:00\",\"breadcrumb\":{\"@id\":\"https:\/\/welovecinema.be\/fr\/les-grignoux-recrutent-a-namur\/#breadcrumb\"},\"inLanguage\":\"fr-FR\",\"potentialAction\":[{\"@type\":\"ReadAction\",\"target\":[\"https:\/\/welovecinema.be\/fr\/les-grignoux-recrutent-a-namur\/\"]}]},{\"@type\":\"BreadcrumbList\",\"@id\":\"https:\/\/welovecinema.be\/fr\/les-grignoux-recrutent-a-namur\/#breadcrumb\",\"itemListElement\":[{\"@type\":\"ListItem\",\"position\":1,\"name\":\"Accueil\",\"item\":\"https:\/\/welovecinema.be\/fr\/\"},{\"@type\":\"ListItem\",\"position\":2,\"name\":\"Les grignoux recrutent \u00e0 Namur\"}]},{\"@type\":\"WebSite\",\"@id\":\"https:\/\/welovecinema.be\/nl\/#website\",\"url\":\"https:\/\/welovecinema.be\/nl\/\",\"name\":\"We Love Cinema\",\"description\":\"Toute l\u2019information du cin\u00e9ma en Belgique\",\"publisher\":{\"@id\":\"https:\/\/welovecinema.be\/nl\/#organization\"},\"potentialAction\":[{\"@type\":\"SearchAction\",\"target\":{\"@type\":\"EntryPoint\",\"urlTemplate\":\"https:\/\/welovecinema.be\/nl\/?s={search_term_string}\"},\"query-input\":\"required name=search_term_string\"}],\"inLanguage\":\"fr-FR\"},{\"@type\":\"Organization\",\"@id\":\"https:\/\/welovecinema.be\/nl\/#organization\",\"name\":\"We Love Cinema\",\"url\":\"https:\/\/welovecinema.be\/nl\/\",\"logo\":{\"@type\":\"ImageObject\",\"inLanguage\":\"fr-FR\",\"@id\":\"https:\/\/welovecinema.be\/nl\/#\/schema\/logo\/image\/\",\"url\":\"https:\/\/welovecinema.be\/wp-content\/uploads\/sites\/2\/2023\/03\/Logo-We-Love-Cinema305x128.jpg\",\"contentUrl\":\"https:\/\/welovecinema.be\/wp-content\/uploads\/sites\/2\/2023\/03\/Logo-We-Love-Cinema305x128.jpg\",\"width\":305,\"height\":128,\"caption\":\"We Love Cinema\"},\"image\":{\"@id\":\"https:\/\/welovecinema.be\/nl\/#\/schema\/logo\/image\/\"},\"sameAs\":[\"https:\/\/www.facebook.com\/welovecinema.be\",\"https:\/\/www.youtube.com\/channel\/UCX5LYGVhnKvYauW4Nta4HJA\",\"https:\/\/www.instagram.com\/welovecinema.be\/\"]},{\"@type\":\"Person\",\"@id\":\"https:\/\/welovecinema.be\/nl\/#\/schema\/person\/4b9b1d857f0943453a38a7c2859ef756\",\"name\":\"Philippe.Pierquin\",\"url\":\"https:\/\/welovecinema.be\/fr\/author\/philippe-pierquin\/\"}]}<\/script>\n<!-- \/ Yoast SEO plugin. -->","yoast_head_json":{"title":"Les grignoux recrutent \u00e0 Namur - We Love Cinema","robots":{"index":"index","follow":"follow","max-snippet":"max-snippet:-1","max-image-preview":"max-image-preview:large","max-video-preview":"max-video-preview:-1"},"canonical":"https:\/\/welovecinema.be\/fr\/les-grignoux-recrutent-a-namur\/","og_locale":"fr_FR","og_type":"article","og_title":"Les grignoux recrutent \u00e0 Namur - We Love Cinema","og_description":"L\u2019asbl Les Grignoux,\u00a0gestionnaire des cin\u00e9mas le Parc, Churchill et Sauveni\u00e8re \u00e0 Li\u00e8ge, et du Cam\u00e9o \u00e0 Namur\u00a0recrute pour son site de\u00a0Namur\u00a0: un(e)\u00a0assistant(e)\u00a0d\u2019administration Contrat \u00e0 dur\u00e9e ind\u00e9termin\u00e9e\u00a0\u2022\u00a0Temps plein","og_url":"https:\/\/welovecinema.be\/fr\/les-grignoux-recrutent-a-namur\/","og_site_name":"We Love Cinema","article_publisher":"https:\/\/www.facebook.com\/welovecinema.be","article_published_time":"2015-08-13T20:41:51+00:00","og_image":[{"width":346,"height":153,"url":"https:\/\/welovecinema.be\/wp-content\/uploads\/sites\/2\/2015\/08\/2015-08-13_22h41_14.jpg","type":"image\/jpeg"}],"author":"Philippe.Pierquin","twitter_card":"summary_large_image","twitter_misc":{"\u00c9crit par":"Philippe.Pierquin","Dur\u00e9e de lecture estim\u00e9e":"5 minutes"},"schema":{"@context":"https:\/\/schema.org","@graph":[{"@type":"Article","@id":"https:\/\/welovecinema.be\/fr\/les-grignoux-recrutent-a-namur\/#article","isPartOf":{"@id":"https:\/\/welovecinema.be\/fr\/les-grignoux-recrutent-a-namur\/"},"author":{"name":"Philippe.Pierquin","@id":"https:\/\/welovecinema.be\/nl\/#\/schema\/person\/4b9b1d857f0943453a38a7c2859ef756"},"headline":"Les grignoux recrutent \u00e0 Namur","datePublished":"2015-08-13T20:41:51+00:00","dateModified":"2015-08-13T20:41:51+00:00","mainEntityOfPage":{"@id":"https:\/\/welovecinema.be\/fr\/les-grignoux-recrutent-a-namur\/"},"wordCount":970,"publisher":{"@id":"https:\/\/welovecinema.be\/nl\/#organization"},"articleSection":["Cinejobs"],"inLanguage":"fr-FR"},{"@type":"WebPage","@id":"https:\/\/welovecinema.be\/fr\/les-grignoux-recrutent-a-namur\/","url":"https:\/\/welovecinema.be\/fr\/les-grignoux-recrutent-a-namur\/","name":"Les grignoux recrutent \u00e0 Namur - We Love Cinema","isPartOf":{"@id":"https:\/\/welovecinema.be\/nl\/#website"},"datePublished":"2015-08-13T20:41:51+00:00","dateModified":"2015-08-13T20:41:51+00:00","breadcrumb":{"@id":"https:\/\/welovecinema.be\/fr\/les-grignoux-recrutent-a-namur\/#breadcrumb"},"inLanguage":"fr-FR","potentialAction":[{"@type":"ReadAction","target":["https:\/\/welovecinema.be\/fr\/les-grignoux-recrutent-a-namur\/"]}]},{"@type":"BreadcrumbList","@id":"https:\/\/welovecinema.be\/fr\/les-grignoux-recrutent-a-namur\/#breadcrumb","itemListElement":[{"@type":"ListItem","position":1,"name":"Accueil","item":"https:\/\/welovecinema.be\/fr\/"},{"@type":"ListItem","position":2,"name":"Les grignoux recrutent \u00e0 Namur"}]},{"@type":"WebSite","@id":"https:\/\/welovecinema.be\/nl\/#website","url":"https:\/\/welovecinema.be\/nl\/","name":"We Love Cinema","description":"Toute l\u2019information du cin\u00e9ma en Belgique","publisher":{"@id":"https:\/\/welovecinema.be\/nl\/#organization"},"potentialAction":[{"@type":"SearchAction","target":{"@type":"EntryPoint","urlTemplate":"https:\/\/welovecinema.be\/nl\/?s={search_term_string}"},"query-input":"required name=search_term_string"}],"inLanguage":"fr-FR"},{"@type":"Organization","@id":"https:\/\/welovecinema.be\/nl\/#organization","name":"We Love Cinema","url":"https:\/\/welovecinema.be\/nl\/","logo":{"@type":"ImageObject","inLanguage":"fr-FR","@id":"https:\/\/welovecinema.be\/nl\/#\/schema\/logo\/image\/","url":"https:\/\/welovecinema.be\/wp-content\/uploads\/sites\/2\/2023\/03\/Logo-We-Love-Cinema305x128.jpg","contentUrl":"https:\/\/welovecinema.be\/wp-content\/uploads\/sites\/2\/2023\/03\/Logo-We-Love-Cinema305x128.jpg","width":305,"height":128,"caption":"We Love Cinema"},"image":{"@id":"https:\/\/welovecinema.be\/nl\/#\/schema\/logo\/image\/"},"sameAs":["https:\/\/www.facebook.com\/welovecinema.be","https:\/\/www.youtube.com\/channel\/UCX5LYGVhnKvYauW4Nta4HJA","https:\/\/www.instagram.com\/welovecinema.be\/"]},{"@type":"Person","@id":"https:\/\/welovecinema.be\/nl\/#\/schema\/person\/4b9b1d857f0943453a38a7c2859ef756","name":"Philippe.Pierquin","url":"https:\/\/welovecinema.be\/fr\/author\/philippe-pierquin\/"}]}},"_links":{"self":[{"href":"https:\/\/welovecinema.be\/fr\/wp-json\/wp\/v2\/posts\/76800","targetHints":{"allow":["GET"]}}],"collection":[{"href":"https:\/\/welovecinema.be\/fr\/wp-json\/wp\/v2\/posts"}],"about":[{"href":"https:\/\/welovecinema.be\/fr\/wp-json\/wp\/v2\/types\/post"}],"author":[{"embeddable":true,"href":"https:\/\/welovecinema.be\/fr\/wp-json\/wp\/v2\/users\/7"}],"replies":[{"embeddable":true,"href":"https:\/\/welovecinema.be\/fr\/wp-json\/wp\/v2\/comments?post=76800"}],"version-history":[{"count":0,"href":"https:\/\/welovecinema.be\/fr\/wp-json\/wp\/v2\/posts\/76800\/revisions"}],"wp:featuredmedia":[{"embeddable":true,"href":"https:\/\/welovecinema.be\/fr\/wp-json\/wp\/v2\/media\/76802"}],"wp:attachment":[{"href":"https:\/\/welovecinema.be\/fr\/wp-json\/wp\/v2\/media?parent=76800"}],"wp:term":[{"taxonomy":"category","embeddable":true,"href":"https:\/\/welovecinema.be\/fr\/wp-json\/wp\/v2\/categories?post=76800"},{"taxonomy":"post_tag","embeddable":true,"href":"https:\/\/welovecinema.be\/fr\/wp-json\/wp\/v2\/tags?post=76800"}],"curies":[{"name":"wp","href":"https:\/\/api.w.org\/{rel}","templated":true}]}}