{"id":76795,"date":"2015-08-14T08:00:30","date_gmt":"2015-08-14T06:00:30","guid":{"rendered":"http:\/\/www.cinevox.be\/?p=76795"},"modified":"2015-08-13T22:25:11","modified_gmt":"2015-08-13T20:25:11","slug":"huit-films-belges-dont-trois-en-premiere-mondiale-a-montreal","status":"publish","type":"post","link":"https:\/\/welovecinema.be\/fr\/huit-films-belges-dont-trois-en-premiere-mondiale-a-montreal\/","title":{"rendered":"Huit films belges dont trois en Premi\u00e8re Mondiale \u00e0 Montr\u00e9al"},"content":{"rendered":"<p>Le festival des Films du Monde de Montr\u00e9al se d\u00e9roulera du 27 ao\u00fbt au 7 septembre. Strat\u00e9giquement plac\u00e9 juste avant le TIFF de Toronto, il devient une manifestation tr\u00e8s en vue en Am\u00e9rique du Nord qui permet aux autochtones de d\u00e9couvrir des \u0153uvres mises en chantier dans les contr\u00e9es les plus diverses, ce qui n&rsquo;est pas forc\u00e9ment inscrit dans les g\u00e8nes nord-am\u00e9ricains.<\/p>\n<p>Depuis quelques ann\u00e9es, la manifestation a acquis un statut international envi\u00e9 et figurer \u00e0 son affiche est un must pris\u00e9 par les productions ind\u00e9pendantes. En Belgique, comme ailleurs.<!--more--><\/p>\n<p>&nbsp;<\/p>\n<p><em>\u00a0<\/em><em>Terug naar morgen<\/em>, le premier long m\u00e9trage de <strong>Lukas Bossuyt,<\/strong> sera pr\u00e9sent\u00e9 fin ao\u00fbt en premi\u00e8re mondiale au Festival des Films du Monde de Montr\u00e9al Il sera en comp\u00e9tition dans la section \u00ab Premiers Films \u00bb.<\/p>\n<p>Le Festival a \u00e9galement s\u00e9lectionn\u00e9 les courts m\u00e9trages <em>Empire <\/em>et <em>Nkosi Coiffure<\/em> qui y seront pr\u00e9sent\u00e9s pour la premi\u00e8re fois en Comp\u00e9tition.<\/p>\n<p>En outre, le Festival accueillera \u00e9galement des projections de <em>Braban\u00e7onne <\/em>et <em>Trouw met mij<\/em> ainsi que les courts m\u00e9trages Olav, <em>The Soul is Wandering<\/em> et<em> Dissonant.<\/em><\/p>\n<p>&nbsp;<\/p>\n<p><a href=\"http:\/\/www.cinevox.be\/wp-content\/uploads\/sites\/2\/2015\/08\/gallery_1_AvL-still-2.jpg\"><img loading=\"lazy\" decoding=\"async\" class=\"aligncenter size-large wp-image-76796\" src=\"http:\/\/www.cinevox.be\/wp-content\/uploads\/sites\/2\/2015\/08\/gallery_1_AvL-still-2-800x533.jpg\" alt=\"\" width=\"640\" height=\"426\" srcset=\"https:\/\/welovecinema.be\/wp-content\/uploads\/sites\/2\/2015\/08\/gallery_1_AvL-still-2-800x533.jpg 800w, https:\/\/welovecinema.be\/wp-content\/uploads\/sites\/2\/2015\/08\/gallery_1_AvL-still-2-405x270.jpg 405w, https:\/\/welovecinema.be\/wp-content\/uploads\/sites\/2\/2015\/08\/gallery_1_AvL-still-2.jpg 1280w\" sizes=\"auto, (max-width: 640px) 100vw, 640px\" \/><\/a><\/p>\n<p>&nbsp;<\/p>\n<p><em>Terug naar morgen<\/em> de <strong>Lukas Bossuyt<\/strong> m\u00eale drame romantique et science-fiction.<\/p>\n<p>Dans ce film, un chercheur renomm\u00e9, le professeur Viktor, fait une d\u00e9couverte extraordinaire avec l\u2019aide de son fid\u00e8le assistant Titus : il serait possible d\u2019envoyer des e-mails dans le pass\u00e9 ! La tentation est grande de modifier le cours des choses\u2026 mais m\u00eame la plus infime des interventions peut avoir de lourdes cons\u00e9quences.<\/p>\n<p>&nbsp;<\/p>\n<p><em>Terug naar morgen<\/em> est le premier long m\u00e9trage de Lukas Bossuyt qui s\u2019est d\u00e9j\u00e0 fait un nom dans la publicit\u00e9, en tant que sc\u00e9nariste pour la t\u00e9l\u00e9vision (<em>Aspe, De Rodenburgs<\/em>) et \u00e0 la r\u00e9alisation de courts m\u00e9trages. Les r\u00f4les principaux sont interpr\u00e9t\u00e9s par <strong>Koen De Graeve, Matteo Simoni<\/strong> et <strong>Robrecht Vanden Thoren<\/strong>.<br \/>\nLe film est une production de Frank Van Passel et Ivy Vanhaecke pour Caviar et sera pr\u00e9sent\u00e9 \u00e0 Montr\u00e9al dans la comp\u00e9tition des premiers films.<\/p>\n<p>&nbsp;<\/p>\n<p>Deux courts m\u00e9trages belges flamands seront \u00e9galement pr\u00e9sent\u00e9s en premi\u00e8re mondiale en Comp\u00e9tition. Apr\u00e8s<em> Ka\u00efn<\/em> et <em>The Fall<\/em>, <strong>Kristof Hoornaert<\/strong> pr\u00e9sente dans Empire le portrait en temps r\u00e9el d\u2019une famille dans notre soci\u00e9t\u00e9 contemporaine.<\/p>\n<p>Les r\u00f4les sont interpr\u00e9t\u00e9s par <strong>Ina Geerts<\/strong> et <strong>Kris Cuppens,<\/strong> le film est produit par Wim Vanacker de Sireal Films.<\/p>\n<p>&nbsp;<\/p>\n<p>Dans <em>Nkosi Coiffure<\/em> de <strong>Frederike Migom,<\/strong> une femme tente d\u2019\u00e9chapper \u00e0 un conflit avec son compagnon en entrant dans un salon de coiffure africain. Au d\u00e9but, les autres femmes la soutiennent mais lorsqu\u2019on leur explique le motif de la bagarre, les avis divergent. Le film est une production de Jules Debrock pour 2nd to the Right.<\/p>\n<p>&nbsp;<\/p>\n<p><a href=\"http:\/\/www.cinevox.be\/wp-content\/uploads\/sites\/2\/2015\/08\/1405696810IMG_2864_LR.jpg\"><img loading=\"lazy\" decoding=\"async\" class=\"aligncenter size-large wp-image-76797\" src=\"http:\/\/www.cinevox.be\/wp-content\/uploads\/sites\/2\/2015\/08\/1405696810IMG_2864_LR-800x533.jpg\" alt=\"\" width=\"640\" height=\"426\" srcset=\"https:\/\/welovecinema.be\/wp-content\/uploads\/sites\/2\/2015\/08\/1405696810IMG_2864_LR-800x533.jpg 800w, https:\/\/welovecinema.be\/wp-content\/uploads\/sites\/2\/2015\/08\/1405696810IMG_2864_LR-404x270.jpg 404w, https:\/\/welovecinema.be\/wp-content\/uploads\/sites\/2\/2015\/08\/1405696810IMG_2864_LR.jpg 1024w\" sizes=\"auto, (max-width: 640px) 100vw, 640px\" \/><\/a><\/p>\n<p>&nbsp;<\/p>\n<p><em>Braban\u00e7onne, <\/em>le film de <strong>Vincent Bal<\/strong> produit par Eyeworks dans lequel deux fanfares belges s\u2019affrontent \u00e0 un championnat europ\u00e9en, fera partie de la s\u00e9lection World Greats, un programme qui pr\u00e9sente des films de r\u00e9alisateurs confirm\u00e9s.<\/p>\n<p><em>Trouw met mij,<\/em> \u00a0deuxi\u00e8me long m\u00e9trage de <strong>Kadir Balci,<\/strong> sera pr\u00e9sent\u00e9 dans la section Panorama. A Private View a produit cette com\u00e9die dans laquelle un professeur de sport belge demande sa coll\u00e8gue turque en mariage sans se rendre compte de l\u2019obstacle que vont causer les pr\u00e9jug\u00e9s de leurs familles respectives.<\/p>\n<p>&nbsp;<\/p>\n<p>Le court m\u00e9trage <em>Olav <\/em>de <strong>Jacinta Agten<\/strong> sera pr\u00e9sent\u00e9 en premi\u00e8re internationale dans le Focus sur le Cin\u00e9ma du Monde. Le point de d\u00e9part de ce film est la relation de pouvoir et de manipulation entre une m\u00e8re de 70 ans et son fils de 38 ans qui cohabitent dans une maison isol\u00e9e.<\/p>\n<p>&nbsp;<\/p>\n<p>La cat\u00e9gorie des documentaires accueillera quant \u00e0 elle <em>The Soul is Wandering<\/em> de <strong>Guillaume Vandenberghe<\/strong>. On y suit le fils du peintre <strong>Philippe Vandenberg<\/strong> qui retourne \u00e0 l\u2019appartement o\u00f9 son p\u00e8re a termin\u00e9 sa vie en 2009. Enfin, <em>Dissonant,<\/em> un court m\u00e9trage de <strong>Jurgen Willocx,<\/strong> sera pr\u00e9sent\u00e9 au Festival du Film Etudiant qui est organis\u00e9 en marge du Festival des Films du Monde. Dans ce film, le jeune et taciturne Mario, 13 ans, se rapproche de son p\u00e8re qui s\u2019est repli\u00e9 sur lui-m\u00eame gr\u00e2ce \u00e0 une cassette.<\/p>\n","protected":false},"excerpt":{"rendered":"<p>Le festival des Films du Monde de Montr\u00e9al se d\u00e9roulera du 27 ao\u00fbt au 7 septembre. Strat\u00e9giquement plac\u00e9 juste avant le TIFF de Toronto, il devient une manifestation tr\u00e8s en vue en Am\u00e9rique du Nord qui permet aux autochtones de d\u00e9couvrir des \u0153uvres mises en chantier dans les contr\u00e9es les plus diverses, ce qui n&rsquo;est &hellip;<\/p>\n","protected":false},"author":7,"featured_media":76799,"comment_status":"closed","ping_status":"closed","sticky":false,"template":"","format":"standard","meta":{"ngg_post_thumbnail":0,"footnotes":""},"categories":[12],"tags":[],"class_list":["post-76795","post","type-post","status-publish","format-standard","has-post-thumbnail","","category-awards"],"yoast_head":"<!-- This site is optimized with the Yoast SEO plugin v20.4 - https:\/\/yoast.com\/wordpress\/plugins\/seo\/ -->\n<title>Huit films belges dont trois en Premi\u00e8re Mondiale \u00e0 Montr\u00e9al - We Love Cinema<\/title>\n<meta name=\"robots\" content=\"index, follow, max-snippet:-1, max-image-preview:large, max-video-preview:-1\" \/>\n<link rel=\"canonical\" href=\"https:\/\/welovecinema.be\/fr\/huit-films-belges-dont-trois-en-premiere-mondiale-a-montreal\/\" \/>\n<meta property=\"og:locale\" content=\"fr_FR\" \/>\n<meta property=\"og:type\" content=\"article\" \/>\n<meta property=\"og:title\" content=\"Huit films belges dont trois en Premi\u00e8re Mondiale \u00e0 Montr\u00e9al - We Love Cinema\" \/>\n<meta property=\"og:description\" content=\"Le festival des Films du Monde de Montr\u00e9al se d\u00e9roulera du 27 ao\u00fbt au 7 septembre. Strat\u00e9giquement plac\u00e9 juste avant le TIFF de Toronto, il devient une manifestation tr\u00e8s en vue en Am\u00e9rique du Nord qui permet aux autochtones de d\u00e9couvrir des \u0153uvres mises en chantier dans les contr\u00e9es les plus diverses, ce qui n&rsquo;est &hellip;\" \/>\n<meta property=\"og:url\" content=\"https:\/\/welovecinema.be\/fr\/huit-films-belges-dont-trois-en-premiere-mondiale-a-montreal\/\" \/>\n<meta property=\"og:site_name\" content=\"We Love Cinema\" \/>\n<meta property=\"article:publisher\" content=\"https:\/\/www.facebook.com\/welovecinema.be\" \/>\n<meta property=\"article:published_time\" content=\"2015-08-14T06:00:30+00:00\" \/>\n<meta property=\"article:modified_time\" content=\"2015-08-13T20:25:11+00:00\" \/>\n<meta property=\"og:image\" content=\"https:\/\/welovecinema.be\/wp-content\/uploads\/sites\/2\/2010\/08\/10951424_411120909055593_8573389585757339217_o.jpg\" \/>\n\t<meta property=\"og:image:width\" content=\"2048\" \/>\n\t<meta property=\"og:image:height\" content=\"1365\" \/>\n\t<meta property=\"og:image:type\" content=\"image\/jpeg\" \/>\n<meta name=\"author\" content=\"Philippe.Pierquin\" \/>\n<meta name=\"twitter:card\" content=\"summary_large_image\" \/>\n<meta name=\"twitter:label1\" content=\"\u00c9crit par\" \/>\n\t<meta name=\"twitter:data1\" content=\"Philippe.Pierquin\" \/>\n\t<meta name=\"twitter:label2\" content=\"Dur\u00e9e de lecture estim\u00e9e\" \/>\n\t<meta name=\"twitter:data2\" content=\"4 minutes\" \/>\n<script type=\"application\/ld+json\" class=\"yoast-schema-graph\">{\"@context\":\"https:\/\/schema.org\",\"@graph\":[{\"@type\":\"Article\",\"@id\":\"https:\/\/welovecinema.be\/fr\/huit-films-belges-dont-trois-en-premiere-mondiale-a-montreal\/#article\",\"isPartOf\":{\"@id\":\"https:\/\/welovecinema.be\/fr\/huit-films-belges-dont-trois-en-premiere-mondiale-a-montreal\/\"},\"author\":{\"name\":\"Philippe.Pierquin\",\"@id\":\"https:\/\/welovecinema.be\/nl\/#\/schema\/person\/4b9b1d857f0943453a38a7c2859ef756\"},\"headline\":\"Huit films belges dont trois en Premi\u00e8re Mondiale \u00e0 Montr\u00e9al\",\"datePublished\":\"2015-08-14T06:00:30+00:00\",\"dateModified\":\"2015-08-13T20:25:11+00:00\",\"mainEntityOfPage\":{\"@id\":\"https:\/\/welovecinema.be\/fr\/huit-films-belges-dont-trois-en-premiere-mondiale-a-montreal\/\"},\"wordCount\":750,\"publisher\":{\"@id\":\"https:\/\/welovecinema.be\/nl\/#organization\"},\"articleSection\":[\"Evenements\"],\"inLanguage\":\"fr-FR\"},{\"@type\":\"WebPage\",\"@id\":\"https:\/\/welovecinema.be\/fr\/huit-films-belges-dont-trois-en-premiere-mondiale-a-montreal\/\",\"url\":\"https:\/\/welovecinema.be\/fr\/huit-films-belges-dont-trois-en-premiere-mondiale-a-montreal\/\",\"name\":\"Huit films belges dont trois en Premi\u00e8re Mondiale \u00e0 Montr\u00e9al - We Love Cinema\",\"isPartOf\":{\"@id\":\"https:\/\/welovecinema.be\/nl\/#website\"},\"datePublished\":\"2015-08-14T06:00:30+00:00\",\"dateModified\":\"2015-08-13T20:25:11+00:00\",\"breadcrumb\":{\"@id\":\"https:\/\/welovecinema.be\/fr\/huit-films-belges-dont-trois-en-premiere-mondiale-a-montreal\/#breadcrumb\"},\"inLanguage\":\"fr-FR\",\"potentialAction\":[{\"@type\":\"ReadAction\",\"target\":[\"https:\/\/welovecinema.be\/fr\/huit-films-belges-dont-trois-en-premiere-mondiale-a-montreal\/\"]}]},{\"@type\":\"BreadcrumbList\",\"@id\":\"https:\/\/welovecinema.be\/fr\/huit-films-belges-dont-trois-en-premiere-mondiale-a-montreal\/#breadcrumb\",\"itemListElement\":[{\"@type\":\"ListItem\",\"position\":1,\"name\":\"Accueil\",\"item\":\"https:\/\/welovecinema.be\/fr\/\"},{\"@type\":\"ListItem\",\"position\":2,\"name\":\"Huit films belges dont trois en Premi\u00e8re Mondiale \u00e0 Montr\u00e9al\"}]},{\"@type\":\"WebSite\",\"@id\":\"https:\/\/welovecinema.be\/nl\/#website\",\"url\":\"https:\/\/welovecinema.be\/nl\/\",\"name\":\"We Love Cinema\",\"description\":\"Toute l\u2019information du cin\u00e9ma en Belgique\",\"publisher\":{\"@id\":\"https:\/\/welovecinema.be\/nl\/#organization\"},\"potentialAction\":[{\"@type\":\"SearchAction\",\"target\":{\"@type\":\"EntryPoint\",\"urlTemplate\":\"https:\/\/welovecinema.be\/nl\/?s={search_term_string}\"},\"query-input\":\"required name=search_term_string\"}],\"inLanguage\":\"fr-FR\"},{\"@type\":\"Organization\",\"@id\":\"https:\/\/welovecinema.be\/nl\/#organization\",\"name\":\"We Love Cinema\",\"url\":\"https:\/\/welovecinema.be\/nl\/\",\"logo\":{\"@type\":\"ImageObject\",\"inLanguage\":\"fr-FR\",\"@id\":\"https:\/\/welovecinema.be\/nl\/#\/schema\/logo\/image\/\",\"url\":\"https:\/\/welovecinema.be\/wp-content\/uploads\/sites\/2\/2023\/03\/Logo-We-Love-Cinema305x128.jpg\",\"contentUrl\":\"https:\/\/welovecinema.be\/wp-content\/uploads\/sites\/2\/2023\/03\/Logo-We-Love-Cinema305x128.jpg\",\"width\":305,\"height\":128,\"caption\":\"We Love Cinema\"},\"image\":{\"@id\":\"https:\/\/welovecinema.be\/nl\/#\/schema\/logo\/image\/\"},\"sameAs\":[\"https:\/\/www.facebook.com\/welovecinema.be\",\"https:\/\/www.youtube.com\/channel\/UCX5LYGVhnKvYauW4Nta4HJA\",\"https:\/\/www.instagram.com\/welovecinema.be\/\"]},{\"@type\":\"Person\",\"@id\":\"https:\/\/welovecinema.be\/nl\/#\/schema\/person\/4b9b1d857f0943453a38a7c2859ef756\",\"name\":\"Philippe.Pierquin\",\"url\":\"https:\/\/welovecinema.be\/fr\/author\/philippe-pierquin\/\"}]}<\/script>\n<!-- \/ Yoast SEO plugin. -->","yoast_head_json":{"title":"Huit films belges dont trois en Premi\u00e8re Mondiale \u00e0 Montr\u00e9al - We Love Cinema","robots":{"index":"index","follow":"follow","max-snippet":"max-snippet:-1","max-image-preview":"max-image-preview:large","max-video-preview":"max-video-preview:-1"},"canonical":"https:\/\/welovecinema.be\/fr\/huit-films-belges-dont-trois-en-premiere-mondiale-a-montreal\/","og_locale":"fr_FR","og_type":"article","og_title":"Huit films belges dont trois en Premi\u00e8re Mondiale \u00e0 Montr\u00e9al - We Love Cinema","og_description":"Le festival des Films du Monde de Montr\u00e9al se d\u00e9roulera du 27 ao\u00fbt au 7 septembre. Strat\u00e9giquement plac\u00e9 juste avant le TIFF de Toronto, il devient une manifestation tr\u00e8s en vue en Am\u00e9rique du Nord qui permet aux autochtones de d\u00e9couvrir des \u0153uvres mises en chantier dans les contr\u00e9es les plus diverses, ce qui n&rsquo;est &hellip;","og_url":"https:\/\/welovecinema.be\/fr\/huit-films-belges-dont-trois-en-premiere-mondiale-a-montreal\/","og_site_name":"We Love Cinema","article_publisher":"https:\/\/www.facebook.com\/welovecinema.be","article_published_time":"2015-08-14T06:00:30+00:00","article_modified_time":"2015-08-13T20:25:11+00:00","og_image":[{"width":2048,"height":1365,"url":"https:\/\/welovecinema.be\/wp-content\/uploads\/sites\/2\/2010\/08\/10951424_411120909055593_8573389585757339217_o.jpg","type":"image\/jpeg"}],"author":"Philippe.Pierquin","twitter_card":"summary_large_image","twitter_misc":{"\u00c9crit par":"Philippe.Pierquin","Dur\u00e9e de lecture estim\u00e9e":"4 minutes"},"schema":{"@context":"https:\/\/schema.org","@graph":[{"@type":"Article","@id":"https:\/\/welovecinema.be\/fr\/huit-films-belges-dont-trois-en-premiere-mondiale-a-montreal\/#article","isPartOf":{"@id":"https:\/\/welovecinema.be\/fr\/huit-films-belges-dont-trois-en-premiere-mondiale-a-montreal\/"},"author":{"name":"Philippe.Pierquin","@id":"https:\/\/welovecinema.be\/nl\/#\/schema\/person\/4b9b1d857f0943453a38a7c2859ef756"},"headline":"Huit films belges dont trois en Premi\u00e8re Mondiale \u00e0 Montr\u00e9al","datePublished":"2015-08-14T06:00:30+00:00","dateModified":"2015-08-13T20:25:11+00:00","mainEntityOfPage":{"@id":"https:\/\/welovecinema.be\/fr\/huit-films-belges-dont-trois-en-premiere-mondiale-a-montreal\/"},"wordCount":750,"publisher":{"@id":"https:\/\/welovecinema.be\/nl\/#organization"},"articleSection":["Evenements"],"inLanguage":"fr-FR"},{"@type":"WebPage","@id":"https:\/\/welovecinema.be\/fr\/huit-films-belges-dont-trois-en-premiere-mondiale-a-montreal\/","url":"https:\/\/welovecinema.be\/fr\/huit-films-belges-dont-trois-en-premiere-mondiale-a-montreal\/","name":"Huit films belges dont trois en Premi\u00e8re Mondiale \u00e0 Montr\u00e9al - We Love Cinema","isPartOf":{"@id":"https:\/\/welovecinema.be\/nl\/#website"},"datePublished":"2015-08-14T06:00:30+00:00","dateModified":"2015-08-13T20:25:11+00:00","breadcrumb":{"@id":"https:\/\/welovecinema.be\/fr\/huit-films-belges-dont-trois-en-premiere-mondiale-a-montreal\/#breadcrumb"},"inLanguage":"fr-FR","potentialAction":[{"@type":"ReadAction","target":["https:\/\/welovecinema.be\/fr\/huit-films-belges-dont-trois-en-premiere-mondiale-a-montreal\/"]}]},{"@type":"BreadcrumbList","@id":"https:\/\/welovecinema.be\/fr\/huit-films-belges-dont-trois-en-premiere-mondiale-a-montreal\/#breadcrumb","itemListElement":[{"@type":"ListItem","position":1,"name":"Accueil","item":"https:\/\/welovecinema.be\/fr\/"},{"@type":"ListItem","position":2,"name":"Huit films belges dont trois en Premi\u00e8re Mondiale \u00e0 Montr\u00e9al"}]},{"@type":"WebSite","@id":"https:\/\/welovecinema.be\/nl\/#website","url":"https:\/\/welovecinema.be\/nl\/","name":"We Love Cinema","description":"Toute l\u2019information du cin\u00e9ma en Belgique","publisher":{"@id":"https:\/\/welovecinema.be\/nl\/#organization"},"potentialAction":[{"@type":"SearchAction","target":{"@type":"EntryPoint","urlTemplate":"https:\/\/welovecinema.be\/nl\/?s={search_term_string}"},"query-input":"required name=search_term_string"}],"inLanguage":"fr-FR"},{"@type":"Organization","@id":"https:\/\/welovecinema.be\/nl\/#organization","name":"We Love Cinema","url":"https:\/\/welovecinema.be\/nl\/","logo":{"@type":"ImageObject","inLanguage":"fr-FR","@id":"https:\/\/welovecinema.be\/nl\/#\/schema\/logo\/image\/","url":"https:\/\/welovecinema.be\/wp-content\/uploads\/sites\/2\/2023\/03\/Logo-We-Love-Cinema305x128.jpg","contentUrl":"https:\/\/welovecinema.be\/wp-content\/uploads\/sites\/2\/2023\/03\/Logo-We-Love-Cinema305x128.jpg","width":305,"height":128,"caption":"We Love Cinema"},"image":{"@id":"https:\/\/welovecinema.be\/nl\/#\/schema\/logo\/image\/"},"sameAs":["https:\/\/www.facebook.com\/welovecinema.be","https:\/\/www.youtube.com\/channel\/UCX5LYGVhnKvYauW4Nta4HJA","https:\/\/www.instagram.com\/welovecinema.be\/"]},{"@type":"Person","@id":"https:\/\/welovecinema.be\/nl\/#\/schema\/person\/4b9b1d857f0943453a38a7c2859ef756","name":"Philippe.Pierquin","url":"https:\/\/welovecinema.be\/fr\/author\/philippe-pierquin\/"}]}},"_links":{"self":[{"href":"https:\/\/welovecinema.be\/fr\/wp-json\/wp\/v2\/posts\/76795","targetHints":{"allow":["GET"]}}],"collection":[{"href":"https:\/\/welovecinema.be\/fr\/wp-json\/wp\/v2\/posts"}],"about":[{"href":"https:\/\/welovecinema.be\/fr\/wp-json\/wp\/v2\/types\/post"}],"author":[{"embeddable":true,"href":"https:\/\/welovecinema.be\/fr\/wp-json\/wp\/v2\/users\/7"}],"replies":[{"embeddable":true,"href":"https:\/\/welovecinema.be\/fr\/wp-json\/wp\/v2\/comments?post=76795"}],"version-history":[{"count":0,"href":"https:\/\/welovecinema.be\/fr\/wp-json\/wp\/v2\/posts\/76795\/revisions"}],"wp:featuredmedia":[{"embeddable":true,"href":"https:\/\/welovecinema.be\/fr\/wp-json\/wp\/v2\/media\/76799"}],"wp:attachment":[{"href":"https:\/\/welovecinema.be\/fr\/wp-json\/wp\/v2\/media?parent=76795"}],"wp:term":[{"taxonomy":"category","embeddable":true,"href":"https:\/\/welovecinema.be\/fr\/wp-json\/wp\/v2\/categories?post=76795"},{"taxonomy":"post_tag","embeddable":true,"href":"https:\/\/welovecinema.be\/fr\/wp-json\/wp\/v2\/tags?post=76795"}],"curies":[{"name":"wp","href":"https:\/\/api.w.org\/{rel}","templated":true}]}}