{"id":76551,"date":"2015-08-05T09:35:24","date_gmt":"2015-08-05T07:35:24","guid":{"rendered":"http:\/\/www.cinevox.be\/?p=76551"},"modified":"2015-08-05T09:48:11","modified_gmt":"2015-08-05T07:48:11","slug":"la-dame-dans-lauto-avec-des-lunettes-et-un-fusil-bande-annonce","status":"publish","type":"post","link":"https:\/\/welovecinema.be\/fr\/la-dame-dans-lauto-avec-des-lunettes-et-un-fusil-bande-annonce\/","title":{"rendered":"La dame dans l&rsquo;auto avec des lunettes et un fusil &#8211; Bande-annonce"},"content":{"rendered":"<p>Elle est la plus rousse, la plus myope, la plus sentimentale, la plus menteuse, la plus vraie, la plus d\u00e9routante, la plus obstin\u00e9e, la plus inqui\u00e9tante des h\u00e9ro\u00efnes. La dame dans l\u2019auto n\u2019a jamais vu la mer, elle fuit la police et se r\u00e9p\u00e8te sans cesse qu\u2019elle n\u2019est pas folle\u2026 Pourtant\u2026<!--more--><\/p>\n<p>&nbsp;<\/p>\n<p>R\u00e9alis\u00e9 par Joann Sfar<\/p>\n<p>Avec Freya Mavor, Benjamin Biolay, Elio Germano\u2026<\/p>\n<p>Coproduction Versus Production<\/p>\n<p>&nbsp;<\/p>\n<p>Sortie en France le 5 ao\u00fbt 2015<\/p>\n<p>Sortie belge non encore d\u00e9termin\u00e9e<\/p>\n<p>&nbsp;<\/p>\n<p><a href=\"http:\/\/www.cinevox.be\/wp-content\/uploads\/sites\/2\/2015\/08\/10403092_894641240598964_8970891949039345144_n.jpg\"><img loading=\"lazy\" decoding=\"async\" class=\"aligncenter size-large wp-image-76554\" src=\"http:\/\/www.cinevox.be\/wp-content\/uploads\/sites\/2\/2015\/08\/10403092_894641240598964_8970891949039345144_n-441x600.jpg\" alt=\"\" width=\"441\" height=\"600\" srcset=\"https:\/\/welovecinema.be\/wp-content\/uploads\/sites\/2\/2015\/08\/10403092_894641240598964_8970891949039345144_n-441x600.jpg 441w, https:\/\/welovecinema.be\/wp-content\/uploads\/sites\/2\/2015\/08\/10403092_894641240598964_8970891949039345144_n-198x270.jpg 198w, https:\/\/welovecinema.be\/wp-content\/uploads\/sites\/2\/2015\/08\/10403092_894641240598964_8970891949039345144_n.jpg 706w\" sizes=\"auto, (max-width: 441px) 100vw, 441px\" \/><\/a><\/p>\n","protected":false},"excerpt":{"rendered":"<p>Elle est la plus rousse, la plus myope, la plus sentimentale, la plus menteuse, la plus vraie, la plus d\u00e9routante, la plus obstin\u00e9e, la plus inqui\u00e9tante des h\u00e9ro\u00efnes. La dame dans l\u2019auto n\u2019a jamais vu la mer, elle fuit la police et se r\u00e9p\u00e8te sans cesse qu\u2019elle n\u2019est pas folle\u2026 Pourtant\u2026<\/p>\n","protected":false},"author":7,"featured_media":76552,"comment_status":"closed","ping_status":"closed","sticky":false,"template":"","format":"standard","meta":{"ngg_post_thumbnail":0,"footnotes":""},"categories":[53],"tags":[],"class_list":["post-76551","post","type-post","status-publish","format-standard","has-post-thumbnail","","category-coming-soon"],"yoast_head":"<!-- This site is optimized with the Yoast SEO plugin v20.4 - https:\/\/yoast.com\/wordpress\/plugins\/seo\/ -->\n<title>La dame dans l&#039;auto avec des lunettes et un fusil - Bande-annonce - We Love Cinema<\/title>\n<meta name=\"robots\" content=\"index, follow, max-snippet:-1, max-image-preview:large, max-video-preview:-1\" \/>\n<link rel=\"canonical\" href=\"https:\/\/welovecinema.be\/fr\/la-dame-dans-lauto-avec-des-lunettes-et-un-fusil-bande-annonce\/\" \/>\n<meta property=\"og:locale\" content=\"fr_FR\" \/>\n<meta property=\"og:type\" content=\"article\" \/>\n<meta property=\"og:title\" content=\"La dame dans l&#039;auto avec des lunettes et un fusil - Bande-annonce - We Love Cinema\" \/>\n<meta property=\"og:description\" content=\"Elle est la plus rousse, la plus myope, la plus sentimentale, la plus menteuse, la plus vraie, la plus d\u00e9routante, la plus obstin\u00e9e, la plus inqui\u00e9tante des h\u00e9ro\u00efnes. La dame dans l\u2019auto n\u2019a jamais vu la mer, elle fuit la police et se r\u00e9p\u00e8te sans cesse qu\u2019elle n\u2019est pas folle\u2026 Pourtant\u2026\" \/>\n<meta property=\"og:url\" content=\"https:\/\/welovecinema.be\/fr\/la-dame-dans-lauto-avec-des-lunettes-et-un-fusil-bande-annonce\/\" \/>\n<meta property=\"og:site_name\" content=\"We Love Cinema\" \/>\n<meta property=\"article:publisher\" content=\"https:\/\/www.facebook.com\/welovecinema.be\" \/>\n<meta property=\"article:published_time\" content=\"2015-08-05T07:35:24+00:00\" \/>\n<meta property=\"article:modified_time\" content=\"2015-08-05T07:48:11+00:00\" \/>\n<meta property=\"og:image\" content=\"https:\/\/welovecinema.be\/wp-content\/uploads\/sites\/2\/2015\/08\/468334.jpg-r_640_600-b_1_D6D6D6-f_jpg-q_x-xxyxx.jpg\" \/>\n\t<meta property=\"og:image:width\" content=\"640\" \/>\n\t<meta property=\"og:image:height\" content=\"439\" \/>\n\t<meta property=\"og:image:type\" content=\"image\/jpeg\" \/>\n<meta name=\"author\" content=\"Philippe.Pierquin\" \/>\n<meta name=\"twitter:card\" content=\"summary_large_image\" \/>\n<meta name=\"twitter:label1\" content=\"\u00c9crit par\" \/>\n\t<meta name=\"twitter:data1\" content=\"Philippe.Pierquin\" \/>\n<script type=\"application\/ld+json\" class=\"yoast-schema-graph\">{\"@context\":\"https:\/\/schema.org\",\"@graph\":[{\"@type\":\"Article\",\"@id\":\"https:\/\/welovecinema.be\/fr\/la-dame-dans-lauto-avec-des-lunettes-et-un-fusil-bande-annonce\/#article\",\"isPartOf\":{\"@id\":\"https:\/\/welovecinema.be\/fr\/la-dame-dans-lauto-avec-des-lunettes-et-un-fusil-bande-annonce\/\"},\"author\":{\"name\":\"Philippe.Pierquin\",\"@id\":\"https:\/\/welovecinema.be\/nl\/#\/schema\/person\/4b9b1d857f0943453a38a7c2859ef756\"},\"headline\":\"La dame dans l&rsquo;auto avec des lunettes et un fusil &#8211; Bande-annonce\",\"datePublished\":\"2015-08-05T07:35:24+00:00\",\"dateModified\":\"2015-08-05T07:48:11+00:00\",\"mainEntityOfPage\":{\"@id\":\"https:\/\/welovecinema.be\/fr\/la-dame-dans-lauto-avec-des-lunettes-et-un-fusil-bande-annonce\/\"},\"wordCount\":106,\"publisher\":{\"@id\":\"https:\/\/welovecinema.be\/nl\/#organization\"},\"articleSection\":[\"Coming soon\"],\"inLanguage\":\"fr-FR\"},{\"@type\":\"WebPage\",\"@id\":\"https:\/\/welovecinema.be\/fr\/la-dame-dans-lauto-avec-des-lunettes-et-un-fusil-bande-annonce\/\",\"url\":\"https:\/\/welovecinema.be\/fr\/la-dame-dans-lauto-avec-des-lunettes-et-un-fusil-bande-annonce\/\",\"name\":\"La dame dans l'auto avec des lunettes et un fusil - Bande-annonce - We Love Cinema\",\"isPartOf\":{\"@id\":\"https:\/\/welovecinema.be\/nl\/#website\"},\"datePublished\":\"2015-08-05T07:35:24+00:00\",\"dateModified\":\"2015-08-05T07:48:11+00:00\",\"breadcrumb\":{\"@id\":\"https:\/\/welovecinema.be\/fr\/la-dame-dans-lauto-avec-des-lunettes-et-un-fusil-bande-annonce\/#breadcrumb\"},\"inLanguage\":\"fr-FR\",\"potentialAction\":[{\"@type\":\"ReadAction\",\"target\":[\"https:\/\/welovecinema.be\/fr\/la-dame-dans-lauto-avec-des-lunettes-et-un-fusil-bande-annonce\/\"]}]},{\"@type\":\"BreadcrumbList\",\"@id\":\"https:\/\/welovecinema.be\/fr\/la-dame-dans-lauto-avec-des-lunettes-et-un-fusil-bande-annonce\/#breadcrumb\",\"itemListElement\":[{\"@type\":\"ListItem\",\"position\":1,\"name\":\"Accueil\",\"item\":\"https:\/\/welovecinema.be\/fr\/\"},{\"@type\":\"ListItem\",\"position\":2,\"name\":\"La dame dans l&rsquo;auto avec des lunettes et un fusil &#8211; Bande-annonce\"}]},{\"@type\":\"WebSite\",\"@id\":\"https:\/\/welovecinema.be\/nl\/#website\",\"url\":\"https:\/\/welovecinema.be\/nl\/\",\"name\":\"We Love Cinema\",\"description\":\"Toute l\u2019information du cin\u00e9ma en Belgique\",\"publisher\":{\"@id\":\"https:\/\/welovecinema.be\/nl\/#organization\"},\"potentialAction\":[{\"@type\":\"SearchAction\",\"target\":{\"@type\":\"EntryPoint\",\"urlTemplate\":\"https:\/\/welovecinema.be\/nl\/?s={search_term_string}\"},\"query-input\":\"required name=search_term_string\"}],\"inLanguage\":\"fr-FR\"},{\"@type\":\"Organization\",\"@id\":\"https:\/\/welovecinema.be\/nl\/#organization\",\"name\":\"We Love Cinema\",\"url\":\"https:\/\/welovecinema.be\/nl\/\",\"logo\":{\"@type\":\"ImageObject\",\"inLanguage\":\"fr-FR\",\"@id\":\"https:\/\/welovecinema.be\/nl\/#\/schema\/logo\/image\/\",\"url\":\"https:\/\/welovecinema.be\/wp-content\/uploads\/sites\/2\/2023\/03\/Logo-We-Love-Cinema305x128.jpg\",\"contentUrl\":\"https:\/\/welovecinema.be\/wp-content\/uploads\/sites\/2\/2023\/03\/Logo-We-Love-Cinema305x128.jpg\",\"width\":305,\"height\":128,\"caption\":\"We Love Cinema\"},\"image\":{\"@id\":\"https:\/\/welovecinema.be\/nl\/#\/schema\/logo\/image\/\"},\"sameAs\":[\"https:\/\/www.facebook.com\/welovecinema.be\",\"https:\/\/www.youtube.com\/channel\/UCX5LYGVhnKvYauW4Nta4HJA\",\"https:\/\/www.instagram.com\/welovecinema.be\/\"]},{\"@type\":\"Person\",\"@id\":\"https:\/\/welovecinema.be\/nl\/#\/schema\/person\/4b9b1d857f0943453a38a7c2859ef756\",\"name\":\"Philippe.Pierquin\",\"url\":\"https:\/\/welovecinema.be\/fr\/author\/philippe-pierquin\/\"}]}<\/script>\n<!-- \/ Yoast SEO plugin. -->","yoast_head_json":{"title":"La dame dans l'auto avec des lunettes et un fusil - Bande-annonce - We Love Cinema","robots":{"index":"index","follow":"follow","max-snippet":"max-snippet:-1","max-image-preview":"max-image-preview:large","max-video-preview":"max-video-preview:-1"},"canonical":"https:\/\/welovecinema.be\/fr\/la-dame-dans-lauto-avec-des-lunettes-et-un-fusil-bande-annonce\/","og_locale":"fr_FR","og_type":"article","og_title":"La dame dans l'auto avec des lunettes et un fusil - Bande-annonce - We Love Cinema","og_description":"Elle est la plus rousse, la plus myope, la plus sentimentale, la plus menteuse, la plus vraie, la plus d\u00e9routante, la plus obstin\u00e9e, la plus inqui\u00e9tante des h\u00e9ro\u00efnes. La dame dans l\u2019auto n\u2019a jamais vu la mer, elle fuit la police et se r\u00e9p\u00e8te sans cesse qu\u2019elle n\u2019est pas folle\u2026 Pourtant\u2026","og_url":"https:\/\/welovecinema.be\/fr\/la-dame-dans-lauto-avec-des-lunettes-et-un-fusil-bande-annonce\/","og_site_name":"We Love Cinema","article_publisher":"https:\/\/www.facebook.com\/welovecinema.be","article_published_time":"2015-08-05T07:35:24+00:00","article_modified_time":"2015-08-05T07:48:11+00:00","og_image":[{"width":640,"height":439,"url":"https:\/\/welovecinema.be\/wp-content\/uploads\/sites\/2\/2015\/08\/468334.jpg-r_640_600-b_1_D6D6D6-f_jpg-q_x-xxyxx.jpg","type":"image\/jpeg"}],"author":"Philippe.Pierquin","twitter_card":"summary_large_image","twitter_misc":{"\u00c9crit par":"Philippe.Pierquin"},"schema":{"@context":"https:\/\/schema.org","@graph":[{"@type":"Article","@id":"https:\/\/welovecinema.be\/fr\/la-dame-dans-lauto-avec-des-lunettes-et-un-fusil-bande-annonce\/#article","isPartOf":{"@id":"https:\/\/welovecinema.be\/fr\/la-dame-dans-lauto-avec-des-lunettes-et-un-fusil-bande-annonce\/"},"author":{"name":"Philippe.Pierquin","@id":"https:\/\/welovecinema.be\/nl\/#\/schema\/person\/4b9b1d857f0943453a38a7c2859ef756"},"headline":"La dame dans l&rsquo;auto avec des lunettes et un fusil &#8211; Bande-annonce","datePublished":"2015-08-05T07:35:24+00:00","dateModified":"2015-08-05T07:48:11+00:00","mainEntityOfPage":{"@id":"https:\/\/welovecinema.be\/fr\/la-dame-dans-lauto-avec-des-lunettes-et-un-fusil-bande-annonce\/"},"wordCount":106,"publisher":{"@id":"https:\/\/welovecinema.be\/nl\/#organization"},"articleSection":["Coming soon"],"inLanguage":"fr-FR"},{"@type":"WebPage","@id":"https:\/\/welovecinema.be\/fr\/la-dame-dans-lauto-avec-des-lunettes-et-un-fusil-bande-annonce\/","url":"https:\/\/welovecinema.be\/fr\/la-dame-dans-lauto-avec-des-lunettes-et-un-fusil-bande-annonce\/","name":"La dame dans l'auto avec des lunettes et un fusil - Bande-annonce - We Love Cinema","isPartOf":{"@id":"https:\/\/welovecinema.be\/nl\/#website"},"datePublished":"2015-08-05T07:35:24+00:00","dateModified":"2015-08-05T07:48:11+00:00","breadcrumb":{"@id":"https:\/\/welovecinema.be\/fr\/la-dame-dans-lauto-avec-des-lunettes-et-un-fusil-bande-annonce\/#breadcrumb"},"inLanguage":"fr-FR","potentialAction":[{"@type":"ReadAction","target":["https:\/\/welovecinema.be\/fr\/la-dame-dans-lauto-avec-des-lunettes-et-un-fusil-bande-annonce\/"]}]},{"@type":"BreadcrumbList","@id":"https:\/\/welovecinema.be\/fr\/la-dame-dans-lauto-avec-des-lunettes-et-un-fusil-bande-annonce\/#breadcrumb","itemListElement":[{"@type":"ListItem","position":1,"name":"Accueil","item":"https:\/\/welovecinema.be\/fr\/"},{"@type":"ListItem","position":2,"name":"La dame dans l&rsquo;auto avec des lunettes et un fusil &#8211; Bande-annonce"}]},{"@type":"WebSite","@id":"https:\/\/welovecinema.be\/nl\/#website","url":"https:\/\/welovecinema.be\/nl\/","name":"We Love Cinema","description":"Toute l\u2019information du cin\u00e9ma en Belgique","publisher":{"@id":"https:\/\/welovecinema.be\/nl\/#organization"},"potentialAction":[{"@type":"SearchAction","target":{"@type":"EntryPoint","urlTemplate":"https:\/\/welovecinema.be\/nl\/?s={search_term_string}"},"query-input":"required name=search_term_string"}],"inLanguage":"fr-FR"},{"@type":"Organization","@id":"https:\/\/welovecinema.be\/nl\/#organization","name":"We Love Cinema","url":"https:\/\/welovecinema.be\/nl\/","logo":{"@type":"ImageObject","inLanguage":"fr-FR","@id":"https:\/\/welovecinema.be\/nl\/#\/schema\/logo\/image\/","url":"https:\/\/welovecinema.be\/wp-content\/uploads\/sites\/2\/2023\/03\/Logo-We-Love-Cinema305x128.jpg","contentUrl":"https:\/\/welovecinema.be\/wp-content\/uploads\/sites\/2\/2023\/03\/Logo-We-Love-Cinema305x128.jpg","width":305,"height":128,"caption":"We Love Cinema"},"image":{"@id":"https:\/\/welovecinema.be\/nl\/#\/schema\/logo\/image\/"},"sameAs":["https:\/\/www.facebook.com\/welovecinema.be","https:\/\/www.youtube.com\/channel\/UCX5LYGVhnKvYauW4Nta4HJA","https:\/\/www.instagram.com\/welovecinema.be\/"]},{"@type":"Person","@id":"https:\/\/welovecinema.be\/nl\/#\/schema\/person\/4b9b1d857f0943453a38a7c2859ef756","name":"Philippe.Pierquin","url":"https:\/\/welovecinema.be\/fr\/author\/philippe-pierquin\/"}]}},"_links":{"self":[{"href":"https:\/\/welovecinema.be\/fr\/wp-json\/wp\/v2\/posts\/76551","targetHints":{"allow":["GET"]}}],"collection":[{"href":"https:\/\/welovecinema.be\/fr\/wp-json\/wp\/v2\/posts"}],"about":[{"href":"https:\/\/welovecinema.be\/fr\/wp-json\/wp\/v2\/types\/post"}],"author":[{"embeddable":true,"href":"https:\/\/welovecinema.be\/fr\/wp-json\/wp\/v2\/users\/7"}],"replies":[{"embeddable":true,"href":"https:\/\/welovecinema.be\/fr\/wp-json\/wp\/v2\/comments?post=76551"}],"version-history":[{"count":0,"href":"https:\/\/welovecinema.be\/fr\/wp-json\/wp\/v2\/posts\/76551\/revisions"}],"wp:featuredmedia":[{"embeddable":true,"href":"https:\/\/welovecinema.be\/fr\/wp-json\/wp\/v2\/media\/76552"}],"wp:attachment":[{"href":"https:\/\/welovecinema.be\/fr\/wp-json\/wp\/v2\/media?parent=76551"}],"wp:term":[{"taxonomy":"category","embeddable":true,"href":"https:\/\/welovecinema.be\/fr\/wp-json\/wp\/v2\/categories?post=76551"},{"taxonomy":"post_tag","embeddable":true,"href":"https:\/\/welovecinema.be\/fr\/wp-json\/wp\/v2\/tags?post=76551"}],"curies":[{"name":"wp","href":"https:\/\/api.w.org\/{rel}","templated":true}]}}