{"id":7561,"date":"2011-09-10T22:13:52","date_gmt":"2011-09-10T22:13:52","guid":{"rendered":"http:\/\/www.cinevox.be\/?p=7561"},"modified":"2011-09-11T07:42:56","modified_gmt":"2011-09-11T07:42:56","slug":"pas-de-pitie-pour-les-vegetariens","status":"publish","type":"post","link":"https:\/\/welovecinema.be\/fr\/pas-de-pitie-pour-les-vegetariens\/","title":{"rendered":"Vlaamse Filmprijzen <br> Pas de piti\u00e9 pour les v\u00e9g\u00e9tariens"},"content":{"rendered":"<p>Ceux qui n&rsquo;aiment pas le steak saignant en sont pour leurs frais : <em>Rundskop<\/em> a outrageusement domin\u00e9 les Vlaamse Filmprijzen remis ce soir \u00e0 Ostende, empochant six troph\u00e9es : meilleur film, meilleur premier film (logique), meilleur r\u00e9alisateur (<strong>Michael Roskam<\/strong>), meilleur acteur (<strong>Matthias Schoenaerts<\/strong>, tu m&rsquo;\u00e9tonnes), meilleure photographie (<strong>Nicolas Karakatsanis<\/strong>) et meilleur acteur dans un second r\u00f4le (<strong>Jeroen Perceval<\/strong>).<!--more--><\/p>\n<p>&nbsp;<\/p>\n<p>Thriller psychologique sur fond de trafic d&rsquo;hormones,\u00a0<em>Rundskop\/T\u00eate de Boeuf<\/em> est une nouvelle preuve du talent flamand qui capte l&rsquo;attention de son public avec un sujet (tr\u00e8s) glauque,\u00a0trait\u00e9\u00a0sans aucune facilit\u00e9. Beaucoup de journalistes ont vu du Scorcese (grande \u00e9poque) dans le jeune Michael R.Roskam et on ne peut pas leur donner tort. \u00a0D&rsquo;autant que le r\u00e9alisateur s&rsquo;est trouv\u00e9 d&#8217;embl\u00e9e son De Niro, le d\u00e9lirant Matthias Schoenaerts qui d\u00e9gage ici un charisme animal flamboyant. Qu&rsquo;il se m\u00e9tamorphose ainsi pour ce r\u00f4le historique ne fait que renforcer la comparaison avec le grand Bob (<em>Raging Bull<\/em>). Tous les autres prix qu&rsquo;il a re\u00e7us sont \u00e9minemment m\u00e9rit\u00e9s. Le seul qui lui \u00e9chappe peut-\u00eatre injustement est celui de la meilleure musique&#8230; pour lequel il n&rsquo;\u00e9tait m\u00eame pas nomm\u00e9. Bizarre autant qu&rsquo;\u00e9trange pour la partition de <strong>Ref Keunen<\/strong> pourtant assez exceptionnelle.<\/p>\n<p>&nbsp;<\/p>\n<p><a rel=\"attachment wp-att-7562\" href=\"http:\/\/www.cinevox.be\/pas-de-pitie-pour-les-vegetariens\/rk15-2\/\"><img loading=\"lazy\" decoding=\"async\" class=\"aligncenter size-full wp-image-7562\" title=\"rk15\" src=\"http:\/\/www.cinevox.be\/wp-content\/uploads\/sites\/2\/2011\/09\/rk15.jpg\" alt=\"\" width=\"2906\" height=\"1114\" srcset=\"https:\/\/welovecinema.be\/wp-content\/uploads\/sites\/2\/2011\/09\/rk15.jpg 2906w, https:\/\/welovecinema.be\/wp-content\/uploads\/sites\/2\/2011\/09\/rk15-480x184.jpg 480w, https:\/\/welovecinema.be\/wp-content\/uploads\/sites\/2\/2011\/09\/rk15-800x306.jpg 800w\" sizes=\"auto, (max-width: 2906px) 100vw, 2906px\" \/><\/a><\/p>\n<p>&nbsp;<\/p>\n<p>Apr\u00e8s les nominations, le formidable thriller limbourgeois qui a attir\u00e9 pr\u00e8s de 500.000 spectateurs belges dans les salles, \u00e9tait au coude \u00e0 coude avec <em>Adem <\/em>qui doit se contenter du Vlaamse Prijs du meilleur sc\u00e9nario et de la meilleure actrice dans un second r\u00f4le (<strong>Anemone Valcke<\/strong>).<\/p>\n<p>&nbsp;<\/p>\n<p><a rel=\"attachment wp-att-7572\" href=\"http:\/\/www.cinevox.be\/pas-de-pitie-pour-les-vegetariens\/adem-gall1\/\"><img loading=\"lazy\" decoding=\"async\" class=\"aligncenter size-full wp-image-7572\" title=\"Adem-gall1\" src=\"http:\/\/www.cinevox.be\/wp-content\/uploads\/sites\/2\/2011\/09\/Adem-gall1.jpg\" alt=\"\" width=\"1224\" height=\"832\" srcset=\"https:\/\/welovecinema.be\/wp-content\/uploads\/sites\/2\/2011\/09\/Adem-gall1.jpg 1224w, https:\/\/welovecinema.be\/wp-content\/uploads\/sites\/2\/2011\/09\/Adem-gall1-397x270.jpg 397w, https:\/\/welovecinema.be\/wp-content\/uploads\/sites\/2\/2011\/09\/Adem-gall1-800x543.jpg 800w\" sizes=\"auto, (max-width: 1224px) 100vw, 1224px\" \/><\/a><\/p>\n<p>&nbsp;<\/p>\n<p>La meilleure actrice de l&rsquo;ann\u00e9e est <strong>Agnieszka Grochowska<\/strong> dans le film <em>Beyond the Steppes<\/em> tandis que <strong>Bert Ostyn<\/strong> emporte le prix de la meilleure musique pour <em>Turquaze<\/em>.<\/p>\n<p>Les deux derniers troph\u00e9es \u00a0sont revenus \u00e0 l&rsquo;\u00e9tonnant projet <em>Schellebelle 1919<\/em> (bijzondere prestatie) et \u00e0 <strong>Gus Van den Berghe<\/strong> pour <em>Blue Bird <\/em>(prix de la culture flamande).<\/p>\n<p>&nbsp;<\/p>\n<p><a rel=\"attachment wp-att-7566\" href=\"http:\/\/www.cinevox.be\/pas-de-pitie-pour-les-vegetariens\/bluebird02-small\/\"><img loading=\"lazy\" decoding=\"async\" class=\"aligncenter size-full wp-image-7566\" title=\"BlueBird02 small\" src=\"http:\/\/www.cinevox.be\/wp-content\/uploads\/sites\/2\/2011\/09\/BlueBird02-small.jpg\" alt=\"\" width=\"1300\" height=\"390\" srcset=\"https:\/\/welovecinema.be\/wp-content\/uploads\/sites\/2\/2011\/09\/BlueBird02-small.jpg 1300w, https:\/\/welovecinema.be\/wp-content\/uploads\/sites\/2\/2011\/09\/BlueBird02-small-480x144.jpg 480w, https:\/\/welovecinema.be\/wp-content\/uploads\/sites\/2\/2011\/09\/BlueBird02-small-800x240.jpg 800w\" sizes=\"auto, (max-width: 1300px) 100vw, 1300px\" \/><\/a><\/p>\n<p>&nbsp;<\/p>\n<p>Les Vlaamse Prijzen ne sont pas le r\u00e9sultat d&rsquo;un vote global de tous les membres de la profession, mais des laur\u00e9ats d\u00e9sign\u00e9s par un jury. Pour cette 3<sup>e<\/sup>\u00e9dition, <strong>Peter Van den Begin<\/strong>, pr\u00e9sident et par ailleurs acteur principal de Fritz en Freddy, nomm\u00e9 plusieurs fois, a choisi de r\u00e9unir des jur\u00e9s pas forc\u00e9ment li\u00e9s au milieu du cin\u00e9ma: la photographe <strong>Lieve Blancquaert<\/strong> (compagne de Nic Balthazar), <strong>Hans Boulon<\/strong>, patron de Studio-100, <strong>Phara de Aguirre<\/strong>, journaliste TV, <strong>Els Dottermans<\/strong> actrice, <strong>Piet Gossaer<\/strong> chanteuse, <strong>Jan Mulder<\/strong>, \u00e9ditorialiste n\u00e9erlandais et ex-footballeur et <strong>Christophe Van Rompaey<\/strong>, r\u00e9alisateur. La m\u00e9thode rappelle celle des festivals et se distingue donc radicalement des formules classiques de mise dans des comp\u00e9titions comme les Oscars, les C\u00e9sar ou les Magritte o\u00f9 tous les professionnels peuvent s&rsquo;exprimer.<\/p>\n<p>Apr\u00e8s <em>De Helaasheid der dingen <\/em>en 2010, Rundskop est un nouveau laur\u00e9at attendu. Et incontestable? Oui, on peut oser le mot : incontestable ! Proficiat !<\/p>\n<p>&nbsp;<\/p>\n","protected":false},"excerpt":{"rendered":"<p>Ceux qui n&rsquo;aiment pas le steak saignant en sont pour leurs frais : Rundskop a outrageusement domin\u00e9 les Vlaamse Filmprijzen remis ce soir \u00e0 Ostende, empochant six troph\u00e9es : meilleur film, meilleur premier film (logique), meilleur r\u00e9alisateur (Michael Roskam), meilleur acteur (Matthias Schoenaerts, tu m&rsquo;\u00e9tonnes), meilleure photographie (Nicolas Karakatsanis) et meilleur acteur dans un second &hellip;<\/p>\n","protected":false},"author":7,"featured_media":7568,"comment_status":"closed","ping_status":"closed","sticky":false,"template":"","format":"standard","meta":{"ngg_post_thumbnail":0,"footnotes":""},"categories":[12,7],"tags":[],"class_list":["post-7561","post","type-post","status-publish","format-standard","has-post-thumbnail","","category-awards","category-actualites"],"yoast_head":"<!-- This site is optimized with the Yoast SEO plugin v20.4 - https:\/\/yoast.com\/wordpress\/plugins\/seo\/ -->\n<title>Vlaamse Filmprijzen  Pas de piti\u00e9 pour les v\u00e9g\u00e9tariens - We Love Cinema<\/title>\n<meta name=\"robots\" content=\"index, follow, max-snippet:-1, max-image-preview:large, max-video-preview:-1\" \/>\n<link rel=\"canonical\" href=\"https:\/\/welovecinema.be\/fr\/pas-de-pitie-pour-les-vegetariens\/\" \/>\n<meta property=\"og:locale\" content=\"fr_FR\" \/>\n<meta property=\"og:type\" content=\"article\" \/>\n<meta property=\"og:title\" content=\"Vlaamse Filmprijzen  Pas de piti\u00e9 pour les v\u00e9g\u00e9tariens - We Love Cinema\" \/>\n<meta property=\"og:description\" content=\"Ceux qui n&rsquo;aiment pas le steak saignant en sont pour leurs frais : Rundskop a outrageusement domin\u00e9 les Vlaamse Filmprijzen remis ce soir \u00e0 Ostende, empochant six troph\u00e9es : meilleur film, meilleur premier film (logique), meilleur r\u00e9alisateur (Michael Roskam), meilleur acteur (Matthias Schoenaerts, tu m&rsquo;\u00e9tonnes), meilleure photographie (Nicolas Karakatsanis) et meilleur acteur dans un second &hellip;\" \/>\n<meta property=\"og:url\" content=\"https:\/\/welovecinema.be\/fr\/pas-de-pitie-pour-les-vegetariens\/\" \/>\n<meta property=\"og:site_name\" content=\"We Love Cinema\" \/>\n<meta property=\"article:publisher\" content=\"https:\/\/www.facebook.com\/welovecinema.be\" \/>\n<meta property=\"article:published_time\" content=\"2011-09-10T22:13:52+00:00\" \/>\n<meta property=\"article:modified_time\" content=\"2011-09-11T07:42:56+00:00\" \/>\n<meta property=\"og:image\" content=\"https:\/\/welovecinema.be\/wp-content\/uploads\/sites\/2\/2011\/09\/rk5.jpg\" \/>\n\t<meta property=\"og:image:width\" content=\"600\" \/>\n\t<meta property=\"og:image:height\" content=\"450\" \/>\n\t<meta property=\"og:image:type\" content=\"image\/jpeg\" \/>\n<meta name=\"author\" content=\"Philippe.Pierquin\" \/>\n<meta name=\"twitter:card\" content=\"summary_large_image\" \/>\n<meta name=\"twitter:label1\" content=\"\u00c9crit par\" \/>\n\t<meta name=\"twitter:data1\" content=\"Philippe.Pierquin\" \/>\n\t<meta name=\"twitter:label2\" content=\"Dur\u00e9e de lecture estim\u00e9e\" \/>\n\t<meta name=\"twitter:data2\" content=\"2 minutes\" \/>\n<script type=\"application\/ld+json\" class=\"yoast-schema-graph\">{\"@context\":\"https:\/\/schema.org\",\"@graph\":[{\"@type\":\"Article\",\"@id\":\"https:\/\/welovecinema.be\/fr\/pas-de-pitie-pour-les-vegetariens\/#article\",\"isPartOf\":{\"@id\":\"https:\/\/welovecinema.be\/fr\/pas-de-pitie-pour-les-vegetariens\/\"},\"author\":{\"name\":\"Philippe.Pierquin\",\"@id\":\"https:\/\/welovecinema.be\/nl\/#\/schema\/person\/4b9b1d857f0943453a38a7c2859ef756\"},\"headline\":\"Vlaamse Filmprijzen Pas de piti\u00e9 pour les v\u00e9g\u00e9tariens\",\"datePublished\":\"2011-09-10T22:13:52+00:00\",\"dateModified\":\"2011-09-11T07:42:56+00:00\",\"mainEntityOfPage\":{\"@id\":\"https:\/\/welovecinema.be\/fr\/pas-de-pitie-pour-les-vegetariens\/\"},\"wordCount\":510,\"publisher\":{\"@id\":\"https:\/\/welovecinema.be\/nl\/#organization\"},\"articleSection\":[\"Evenements\",\"News\"],\"inLanguage\":\"fr-FR\"},{\"@type\":\"WebPage\",\"@id\":\"https:\/\/welovecinema.be\/fr\/pas-de-pitie-pour-les-vegetariens\/\",\"url\":\"https:\/\/welovecinema.be\/fr\/pas-de-pitie-pour-les-vegetariens\/\",\"name\":\"Vlaamse Filmprijzen Pas de piti\u00e9 pour les v\u00e9g\u00e9tariens - We Love Cinema\",\"isPartOf\":{\"@id\":\"https:\/\/welovecinema.be\/nl\/#website\"},\"datePublished\":\"2011-09-10T22:13:52+00:00\",\"dateModified\":\"2011-09-11T07:42:56+00:00\",\"breadcrumb\":{\"@id\":\"https:\/\/welovecinema.be\/fr\/pas-de-pitie-pour-les-vegetariens\/#breadcrumb\"},\"inLanguage\":\"fr-FR\",\"potentialAction\":[{\"@type\":\"ReadAction\",\"target\":[\"https:\/\/welovecinema.be\/fr\/pas-de-pitie-pour-les-vegetariens\/\"]}]},{\"@type\":\"BreadcrumbList\",\"@id\":\"https:\/\/welovecinema.be\/fr\/pas-de-pitie-pour-les-vegetariens\/#breadcrumb\",\"itemListElement\":[{\"@type\":\"ListItem\",\"position\":1,\"name\":\"Accueil\",\"item\":\"https:\/\/welovecinema.be\/fr\/\"},{\"@type\":\"ListItem\",\"position\":2,\"name\":\"Vlaamse Filmprijzen Pas de piti\u00e9 pour les v\u00e9g\u00e9tariens\"}]},{\"@type\":\"WebSite\",\"@id\":\"https:\/\/welovecinema.be\/nl\/#website\",\"url\":\"https:\/\/welovecinema.be\/nl\/\",\"name\":\"We Love Cinema\",\"description\":\"Toute l\u2019information du cin\u00e9ma en Belgique\",\"publisher\":{\"@id\":\"https:\/\/welovecinema.be\/nl\/#organization\"},\"potentialAction\":[{\"@type\":\"SearchAction\",\"target\":{\"@type\":\"EntryPoint\",\"urlTemplate\":\"https:\/\/welovecinema.be\/nl\/?s={search_term_string}\"},\"query-input\":\"required name=search_term_string\"}],\"inLanguage\":\"fr-FR\"},{\"@type\":\"Organization\",\"@id\":\"https:\/\/welovecinema.be\/nl\/#organization\",\"name\":\"We Love Cinema\",\"url\":\"https:\/\/welovecinema.be\/nl\/\",\"logo\":{\"@type\":\"ImageObject\",\"inLanguage\":\"fr-FR\",\"@id\":\"https:\/\/welovecinema.be\/nl\/#\/schema\/logo\/image\/\",\"url\":\"https:\/\/welovecinema.be\/wp-content\/uploads\/sites\/2\/2023\/03\/Logo-We-Love-Cinema305x128.jpg\",\"contentUrl\":\"https:\/\/welovecinema.be\/wp-content\/uploads\/sites\/2\/2023\/03\/Logo-We-Love-Cinema305x128.jpg\",\"width\":305,\"height\":128,\"caption\":\"We Love Cinema\"},\"image\":{\"@id\":\"https:\/\/welovecinema.be\/nl\/#\/schema\/logo\/image\/\"},\"sameAs\":[\"https:\/\/www.facebook.com\/welovecinema.be\",\"https:\/\/www.youtube.com\/channel\/UCX5LYGVhnKvYauW4Nta4HJA\",\"https:\/\/www.instagram.com\/welovecinema.be\/\"]},{\"@type\":\"Person\",\"@id\":\"https:\/\/welovecinema.be\/nl\/#\/schema\/person\/4b9b1d857f0943453a38a7c2859ef756\",\"name\":\"Philippe.Pierquin\",\"url\":\"https:\/\/welovecinema.be\/fr\/author\/philippe-pierquin\/\"}]}<\/script>\n<!-- \/ Yoast SEO plugin. -->","yoast_head_json":{"title":"Vlaamse Filmprijzen  Pas de piti\u00e9 pour les v\u00e9g\u00e9tariens - We Love Cinema","robots":{"index":"index","follow":"follow","max-snippet":"max-snippet:-1","max-image-preview":"max-image-preview:large","max-video-preview":"max-video-preview:-1"},"canonical":"https:\/\/welovecinema.be\/fr\/pas-de-pitie-pour-les-vegetariens\/","og_locale":"fr_FR","og_type":"article","og_title":"Vlaamse Filmprijzen  Pas de piti\u00e9 pour les v\u00e9g\u00e9tariens - We Love Cinema","og_description":"Ceux qui n&rsquo;aiment pas le steak saignant en sont pour leurs frais : Rundskop a outrageusement domin\u00e9 les Vlaamse Filmprijzen remis ce soir \u00e0 Ostende, empochant six troph\u00e9es : meilleur film, meilleur premier film (logique), meilleur r\u00e9alisateur (Michael Roskam), meilleur acteur (Matthias Schoenaerts, tu m&rsquo;\u00e9tonnes), meilleure photographie (Nicolas Karakatsanis) et meilleur acteur dans un second &hellip;","og_url":"https:\/\/welovecinema.be\/fr\/pas-de-pitie-pour-les-vegetariens\/","og_site_name":"We Love Cinema","article_publisher":"https:\/\/www.facebook.com\/welovecinema.be","article_published_time":"2011-09-10T22:13:52+00:00","article_modified_time":"2011-09-11T07:42:56+00:00","og_image":[{"width":"600","height":"450","url":"https:\/\/welovecinema.be\/wp-content\/uploads\/sites\/2\/2011\/09\/rk5.jpg","type":"image\/jpeg"}],"author":"Philippe.Pierquin","twitter_card":"summary_large_image","twitter_misc":{"\u00c9crit par":"Philippe.Pierquin","Dur\u00e9e de lecture estim\u00e9e":"2 minutes"},"schema":{"@context":"https:\/\/schema.org","@graph":[{"@type":"Article","@id":"https:\/\/welovecinema.be\/fr\/pas-de-pitie-pour-les-vegetariens\/#article","isPartOf":{"@id":"https:\/\/welovecinema.be\/fr\/pas-de-pitie-pour-les-vegetariens\/"},"author":{"name":"Philippe.Pierquin","@id":"https:\/\/welovecinema.be\/nl\/#\/schema\/person\/4b9b1d857f0943453a38a7c2859ef756"},"headline":"Vlaamse Filmprijzen Pas de piti\u00e9 pour les v\u00e9g\u00e9tariens","datePublished":"2011-09-10T22:13:52+00:00","dateModified":"2011-09-11T07:42:56+00:00","mainEntityOfPage":{"@id":"https:\/\/welovecinema.be\/fr\/pas-de-pitie-pour-les-vegetariens\/"},"wordCount":510,"publisher":{"@id":"https:\/\/welovecinema.be\/nl\/#organization"},"articleSection":["Evenements","News"],"inLanguage":"fr-FR"},{"@type":"WebPage","@id":"https:\/\/welovecinema.be\/fr\/pas-de-pitie-pour-les-vegetariens\/","url":"https:\/\/welovecinema.be\/fr\/pas-de-pitie-pour-les-vegetariens\/","name":"Vlaamse Filmprijzen Pas de piti\u00e9 pour les v\u00e9g\u00e9tariens - We Love Cinema","isPartOf":{"@id":"https:\/\/welovecinema.be\/nl\/#website"},"datePublished":"2011-09-10T22:13:52+00:00","dateModified":"2011-09-11T07:42:56+00:00","breadcrumb":{"@id":"https:\/\/welovecinema.be\/fr\/pas-de-pitie-pour-les-vegetariens\/#breadcrumb"},"inLanguage":"fr-FR","potentialAction":[{"@type":"ReadAction","target":["https:\/\/welovecinema.be\/fr\/pas-de-pitie-pour-les-vegetariens\/"]}]},{"@type":"BreadcrumbList","@id":"https:\/\/welovecinema.be\/fr\/pas-de-pitie-pour-les-vegetariens\/#breadcrumb","itemListElement":[{"@type":"ListItem","position":1,"name":"Accueil","item":"https:\/\/welovecinema.be\/fr\/"},{"@type":"ListItem","position":2,"name":"Vlaamse Filmprijzen Pas de piti\u00e9 pour les v\u00e9g\u00e9tariens"}]},{"@type":"WebSite","@id":"https:\/\/welovecinema.be\/nl\/#website","url":"https:\/\/welovecinema.be\/nl\/","name":"We Love Cinema","description":"Toute l\u2019information du cin\u00e9ma en Belgique","publisher":{"@id":"https:\/\/welovecinema.be\/nl\/#organization"},"potentialAction":[{"@type":"SearchAction","target":{"@type":"EntryPoint","urlTemplate":"https:\/\/welovecinema.be\/nl\/?s={search_term_string}"},"query-input":"required name=search_term_string"}],"inLanguage":"fr-FR"},{"@type":"Organization","@id":"https:\/\/welovecinema.be\/nl\/#organization","name":"We Love Cinema","url":"https:\/\/welovecinema.be\/nl\/","logo":{"@type":"ImageObject","inLanguage":"fr-FR","@id":"https:\/\/welovecinema.be\/nl\/#\/schema\/logo\/image\/","url":"https:\/\/welovecinema.be\/wp-content\/uploads\/sites\/2\/2023\/03\/Logo-We-Love-Cinema305x128.jpg","contentUrl":"https:\/\/welovecinema.be\/wp-content\/uploads\/sites\/2\/2023\/03\/Logo-We-Love-Cinema305x128.jpg","width":305,"height":128,"caption":"We Love Cinema"},"image":{"@id":"https:\/\/welovecinema.be\/nl\/#\/schema\/logo\/image\/"},"sameAs":["https:\/\/www.facebook.com\/welovecinema.be","https:\/\/www.youtube.com\/channel\/UCX5LYGVhnKvYauW4Nta4HJA","https:\/\/www.instagram.com\/welovecinema.be\/"]},{"@type":"Person","@id":"https:\/\/welovecinema.be\/nl\/#\/schema\/person\/4b9b1d857f0943453a38a7c2859ef756","name":"Philippe.Pierquin","url":"https:\/\/welovecinema.be\/fr\/author\/philippe-pierquin\/"}]}},"_links":{"self":[{"href":"https:\/\/welovecinema.be\/fr\/wp-json\/wp\/v2\/posts\/7561","targetHints":{"allow":["GET"]}}],"collection":[{"href":"https:\/\/welovecinema.be\/fr\/wp-json\/wp\/v2\/posts"}],"about":[{"href":"https:\/\/welovecinema.be\/fr\/wp-json\/wp\/v2\/types\/post"}],"author":[{"embeddable":true,"href":"https:\/\/welovecinema.be\/fr\/wp-json\/wp\/v2\/users\/7"}],"replies":[{"embeddable":true,"href":"https:\/\/welovecinema.be\/fr\/wp-json\/wp\/v2\/comments?post=7561"}],"version-history":[{"count":0,"href":"https:\/\/welovecinema.be\/fr\/wp-json\/wp\/v2\/posts\/7561\/revisions"}],"wp:featuredmedia":[{"embeddable":true,"href":"https:\/\/welovecinema.be\/fr\/wp-json\/wp\/v2\/media\/7568"}],"wp:attachment":[{"href":"https:\/\/welovecinema.be\/fr\/wp-json\/wp\/v2\/media?parent=7561"}],"wp:term":[{"taxonomy":"category","embeddable":true,"href":"https:\/\/welovecinema.be\/fr\/wp-json\/wp\/v2\/categories?post=7561"},{"taxonomy":"post_tag","embeddable":true,"href":"https:\/\/welovecinema.be\/fr\/wp-json\/wp\/v2\/tags?post=7561"}],"curies":[{"name":"wp","href":"https:\/\/api.w.org\/{rel}","templated":true}]}}