{"id":75454,"date":"2015-07-03T08:28:51","date_gmt":"2015-07-03T06:28:51","guid":{"rendered":"http:\/\/www.cinevox.be\/?p=75454"},"modified":"2015-07-01T12:31:46","modified_gmt":"2015-07-01T10:31:46","slug":"home-sweet-home","status":"publish","type":"post","link":"https:\/\/welovecinema.be\/fr\/home-sweet-home\/","title":{"rendered":"Home sweet home"},"content":{"rendered":"<p>L&rsquo;excellent film <em>Home <\/em>d&rsquo;Ursula Meier ouvre un cycle cin\u00e9ma estival sur La Trois.<\/p>\n<p>Chaque samedi de l&rsquo;\u00e9t\u00e9, les t\u00e9l\u00e9spectateurs ont l&rsquo;occasion de voir ou de revoir des films de r\u00e9alisateurs belges ou \u00e9trangers coproduits par la RTBF.<!--more--><\/p>\n<p>&nbsp;<\/p>\n<p>Au milieu d&rsquo;une campagne calme et d\u00e9sertique s&rsquo;\u00e9tend \u00e0 perte de vue une autoroute inactive, laiss\u00e9e \u00e0 l&rsquo;abandon depuis sa construction. Au bord du bitume, \u00e0 quelques m\u00e8tres seulement des barri\u00e8res de s\u00e9curit\u00e9, se trouve une maison isol\u00e9e dans laquelle vit une famille. Les travaux vont reprendre et on annonce l&rsquo;ouverture prochaine de l&rsquo;autoroute \u00e0 la circulation&#8230;<\/p>\n<p>&nbsp;<\/p>\n<p><a href=\"http:\/\/www.cinevox.be\/wp-content\/uploads\/sites\/2\/2015\/07\/20081117_home04.jpg\"><img loading=\"lazy\" decoding=\"async\" class=\"aligncenter size-large wp-image-75455\" src=\"http:\/\/www.cinevox.be\/wp-content\/uploads\/sites\/2\/2015\/07\/20081117_home04-800x532.jpg\" alt=\"\" width=\"640\" height=\"425\" srcset=\"https:\/\/welovecinema.be\/wp-content\/uploads\/sites\/2\/2015\/07\/20081117_home04-800x532.jpg 800w, https:\/\/welovecinema.be\/wp-content\/uploads\/sites\/2\/2015\/07\/20081117_home04-405x270.jpg 405w, https:\/\/welovecinema.be\/wp-content\/uploads\/sites\/2\/2015\/07\/20081117_home04.jpg 1024w\" sizes=\"auto, (max-width: 640px) 100vw, 640px\" \/><\/a><\/p>\n<p>&nbsp;<\/p>\n<p>Ce film a \u00e9t\u00e9 r\u00e9compens\u00e9 dans plusieurs festivals notamment en Suisse et en Espagne. La r\u00e9alisatrice belgo-suisse Ursula Meier a encore re\u00e7u le Prix du Jury du Brussels Film Festival en juin dernier pour son court m\u00e9trage <em>Tissina Mujo.<\/em><\/p>\n<p>&nbsp;<\/p>\n<p>Le film qui r\u00e9unit<strong> Isabelle Huppert<\/strong> et <strong>Olivier Gourmet<\/strong> sera diffus\u00e9 sur la Trois, ce \u00a0samedi 4 juillet \u00e0 21H<\/p>\n<p>&nbsp;<\/p>\n<p><a href=\"http:\/\/www.cinevox.be\/wp-content\/uploads\/sites\/2\/2015\/07\/home3.jpg\"><img loading=\"lazy\" decoding=\"async\" class=\"aligncenter size-large wp-image-75456\" src=\"http:\/\/www.cinevox.be\/wp-content\/uploads\/sites\/2\/2015\/07\/home3-800x533.jpg\" alt=\"\" width=\"640\" height=\"426\" srcset=\"https:\/\/welovecinema.be\/wp-content\/uploads\/sites\/2\/2015\/07\/home3-800x533.jpg 800w, https:\/\/welovecinema.be\/wp-content\/uploads\/sites\/2\/2015\/07\/home3-405x270.jpg 405w\" sizes=\"auto, (max-width: 640px) 100vw, 640px\" \/><\/a><\/p>\n<p>&nbsp;<\/p>\n<p>&nbsp;<\/p>\n<p>&nbsp;<\/p>\n<p>&nbsp;<\/p>\n","protected":false},"excerpt":{"rendered":"<p>L&rsquo;excellent film Home d&rsquo;Ursula Meier ouvre un cycle cin\u00e9ma estival sur La Trois. Chaque samedi de l&rsquo;\u00e9t\u00e9, les t\u00e9l\u00e9spectateurs ont l&rsquo;occasion de voir ou de revoir des films de r\u00e9alisateurs belges ou \u00e9trangers coproduits par la RTBF.<\/p>\n","protected":false},"author":7,"featured_media":75458,"comment_status":"closed","ping_status":"closed","sticky":false,"template":"","format":"standard","meta":{"ngg_post_thumbnail":0,"footnotes":""},"categories":[14],"tags":[],"class_list":["post-75454","post","type-post","status-publish","format-standard","has-post-thumbnail","","category-home-cinema"],"yoast_head":"<!-- This site is optimized with the Yoast SEO plugin v20.4 - https:\/\/yoast.com\/wordpress\/plugins\/seo\/ -->\n<title>Home sweet home - We Love Cinema<\/title>\n<meta name=\"robots\" content=\"index, follow, max-snippet:-1, max-image-preview:large, max-video-preview:-1\" \/>\n<link rel=\"canonical\" href=\"https:\/\/welovecinema.be\/fr\/home-sweet-home\/\" \/>\n<meta property=\"og:locale\" content=\"fr_FR\" \/>\n<meta property=\"og:type\" content=\"article\" \/>\n<meta property=\"og:title\" content=\"Home sweet home - We Love Cinema\" \/>\n<meta property=\"og:description\" content=\"L&rsquo;excellent film Home d&rsquo;Ursula Meier ouvre un cycle cin\u00e9ma estival sur La Trois. Chaque samedi de l&rsquo;\u00e9t\u00e9, les t\u00e9l\u00e9spectateurs ont l&rsquo;occasion de voir ou de revoir des films de r\u00e9alisateurs belges ou \u00e9trangers coproduits par la RTBF.\" \/>\n<meta property=\"og:url\" content=\"https:\/\/welovecinema.be\/fr\/home-sweet-home\/\" \/>\n<meta property=\"og:site_name\" content=\"We Love Cinema\" \/>\n<meta property=\"article:publisher\" content=\"https:\/\/www.facebook.com\/welovecinema.be\" \/>\n<meta property=\"article:published_time\" content=\"2015-07-03T06:28:51+00:00\" \/>\n<meta property=\"article:modified_time\" content=\"2015-07-01T10:31:46+00:00\" \/>\n<meta property=\"og:image\" content=\"https:\/\/welovecinema.be\/wp-content\/uploads\/sites\/2\/2015\/07\/home01.jpg\" \/>\n\t<meta property=\"og:image:width\" content=\"1400\" \/>\n\t<meta property=\"og:image:height\" content=\"910\" \/>\n\t<meta property=\"og:image:type\" content=\"image\/jpeg\" \/>\n<meta name=\"author\" content=\"Philippe.Pierquin\" \/>\n<meta name=\"twitter:card\" content=\"summary_large_image\" \/>\n<meta name=\"twitter:label1\" content=\"\u00c9crit par\" \/>\n\t<meta name=\"twitter:data1\" content=\"Philippe.Pierquin\" \/>\n\t<meta name=\"twitter:label2\" content=\"Dur\u00e9e de lecture estim\u00e9e\" \/>\n\t<meta name=\"twitter:data2\" content=\"1 minute\" \/>\n<script type=\"application\/ld+json\" class=\"yoast-schema-graph\">{\"@context\":\"https:\/\/schema.org\",\"@graph\":[{\"@type\":\"Article\",\"@id\":\"https:\/\/welovecinema.be\/fr\/home-sweet-home\/#article\",\"isPartOf\":{\"@id\":\"https:\/\/welovecinema.be\/fr\/home-sweet-home\/\"},\"author\":{\"name\":\"Philippe.Pierquin\",\"@id\":\"https:\/\/welovecinema.be\/nl\/#\/schema\/person\/4b9b1d857f0943453a38a7c2859ef756\"},\"headline\":\"Home sweet home\",\"datePublished\":\"2015-07-03T06:28:51+00:00\",\"dateModified\":\"2015-07-01T10:31:46+00:00\",\"mainEntityOfPage\":{\"@id\":\"https:\/\/welovecinema.be\/fr\/home-sweet-home\/\"},\"wordCount\":183,\"publisher\":{\"@id\":\"https:\/\/welovecinema.be\/nl\/#organization\"},\"articleSection\":[\"Plateau t\u00e9l\u00e9\"],\"inLanguage\":\"fr-FR\"},{\"@type\":\"WebPage\",\"@id\":\"https:\/\/welovecinema.be\/fr\/home-sweet-home\/\",\"url\":\"https:\/\/welovecinema.be\/fr\/home-sweet-home\/\",\"name\":\"Home sweet home - We Love Cinema\",\"isPartOf\":{\"@id\":\"https:\/\/welovecinema.be\/nl\/#website\"},\"datePublished\":\"2015-07-03T06:28:51+00:00\",\"dateModified\":\"2015-07-01T10:31:46+00:00\",\"breadcrumb\":{\"@id\":\"https:\/\/welovecinema.be\/fr\/home-sweet-home\/#breadcrumb\"},\"inLanguage\":\"fr-FR\",\"potentialAction\":[{\"@type\":\"ReadAction\",\"target\":[\"https:\/\/welovecinema.be\/fr\/home-sweet-home\/\"]}]},{\"@type\":\"BreadcrumbList\",\"@id\":\"https:\/\/welovecinema.be\/fr\/home-sweet-home\/#breadcrumb\",\"itemListElement\":[{\"@type\":\"ListItem\",\"position\":1,\"name\":\"Accueil\",\"item\":\"https:\/\/welovecinema.be\/fr\/\"},{\"@type\":\"ListItem\",\"position\":2,\"name\":\"Home sweet home\"}]},{\"@type\":\"WebSite\",\"@id\":\"https:\/\/welovecinema.be\/nl\/#website\",\"url\":\"https:\/\/welovecinema.be\/nl\/\",\"name\":\"We Love Cinema\",\"description\":\"Toute l\u2019information du cin\u00e9ma en Belgique\",\"publisher\":{\"@id\":\"https:\/\/welovecinema.be\/nl\/#organization\"},\"potentialAction\":[{\"@type\":\"SearchAction\",\"target\":{\"@type\":\"EntryPoint\",\"urlTemplate\":\"https:\/\/welovecinema.be\/nl\/?s={search_term_string}\"},\"query-input\":\"required name=search_term_string\"}],\"inLanguage\":\"fr-FR\"},{\"@type\":\"Organization\",\"@id\":\"https:\/\/welovecinema.be\/nl\/#organization\",\"name\":\"We Love Cinema\",\"url\":\"https:\/\/welovecinema.be\/nl\/\",\"logo\":{\"@type\":\"ImageObject\",\"inLanguage\":\"fr-FR\",\"@id\":\"https:\/\/welovecinema.be\/nl\/#\/schema\/logo\/image\/\",\"url\":\"https:\/\/welovecinema.be\/wp-content\/uploads\/sites\/2\/2023\/03\/Logo-We-Love-Cinema305x128.jpg\",\"contentUrl\":\"https:\/\/welovecinema.be\/wp-content\/uploads\/sites\/2\/2023\/03\/Logo-We-Love-Cinema305x128.jpg\",\"width\":305,\"height\":128,\"caption\":\"We Love Cinema\"},\"image\":{\"@id\":\"https:\/\/welovecinema.be\/nl\/#\/schema\/logo\/image\/\"},\"sameAs\":[\"https:\/\/www.facebook.com\/welovecinema.be\",\"https:\/\/www.youtube.com\/channel\/UCX5LYGVhnKvYauW4Nta4HJA\",\"https:\/\/www.instagram.com\/welovecinema.be\/\"]},{\"@type\":\"Person\",\"@id\":\"https:\/\/welovecinema.be\/nl\/#\/schema\/person\/4b9b1d857f0943453a38a7c2859ef756\",\"name\":\"Philippe.Pierquin\",\"url\":\"https:\/\/welovecinema.be\/fr\/author\/philippe-pierquin\/\"}]}<\/script>\n<!-- \/ Yoast SEO plugin. -->","yoast_head_json":{"title":"Home sweet home - We Love Cinema","robots":{"index":"index","follow":"follow","max-snippet":"max-snippet:-1","max-image-preview":"max-image-preview:large","max-video-preview":"max-video-preview:-1"},"canonical":"https:\/\/welovecinema.be\/fr\/home-sweet-home\/","og_locale":"fr_FR","og_type":"article","og_title":"Home sweet home - We Love Cinema","og_description":"L&rsquo;excellent film Home d&rsquo;Ursula Meier ouvre un cycle cin\u00e9ma estival sur La Trois. Chaque samedi de l&rsquo;\u00e9t\u00e9, les t\u00e9l\u00e9spectateurs ont l&rsquo;occasion de voir ou de revoir des films de r\u00e9alisateurs belges ou \u00e9trangers coproduits par la RTBF.","og_url":"https:\/\/welovecinema.be\/fr\/home-sweet-home\/","og_site_name":"We Love Cinema","article_publisher":"https:\/\/www.facebook.com\/welovecinema.be","article_published_time":"2015-07-03T06:28:51+00:00","article_modified_time":"2015-07-01T10:31:46+00:00","og_image":[{"width":1400,"height":910,"url":"https:\/\/welovecinema.be\/wp-content\/uploads\/sites\/2\/2015\/07\/home01.jpg","type":"image\/jpeg"}],"author":"Philippe.Pierquin","twitter_card":"summary_large_image","twitter_misc":{"\u00c9crit par":"Philippe.Pierquin","Dur\u00e9e de lecture estim\u00e9e":"1 minute"},"schema":{"@context":"https:\/\/schema.org","@graph":[{"@type":"Article","@id":"https:\/\/welovecinema.be\/fr\/home-sweet-home\/#article","isPartOf":{"@id":"https:\/\/welovecinema.be\/fr\/home-sweet-home\/"},"author":{"name":"Philippe.Pierquin","@id":"https:\/\/welovecinema.be\/nl\/#\/schema\/person\/4b9b1d857f0943453a38a7c2859ef756"},"headline":"Home sweet home","datePublished":"2015-07-03T06:28:51+00:00","dateModified":"2015-07-01T10:31:46+00:00","mainEntityOfPage":{"@id":"https:\/\/welovecinema.be\/fr\/home-sweet-home\/"},"wordCount":183,"publisher":{"@id":"https:\/\/welovecinema.be\/nl\/#organization"},"articleSection":["Plateau t\u00e9l\u00e9"],"inLanguage":"fr-FR"},{"@type":"WebPage","@id":"https:\/\/welovecinema.be\/fr\/home-sweet-home\/","url":"https:\/\/welovecinema.be\/fr\/home-sweet-home\/","name":"Home sweet home - We Love Cinema","isPartOf":{"@id":"https:\/\/welovecinema.be\/nl\/#website"},"datePublished":"2015-07-03T06:28:51+00:00","dateModified":"2015-07-01T10:31:46+00:00","breadcrumb":{"@id":"https:\/\/welovecinema.be\/fr\/home-sweet-home\/#breadcrumb"},"inLanguage":"fr-FR","potentialAction":[{"@type":"ReadAction","target":["https:\/\/welovecinema.be\/fr\/home-sweet-home\/"]}]},{"@type":"BreadcrumbList","@id":"https:\/\/welovecinema.be\/fr\/home-sweet-home\/#breadcrumb","itemListElement":[{"@type":"ListItem","position":1,"name":"Accueil","item":"https:\/\/welovecinema.be\/fr\/"},{"@type":"ListItem","position":2,"name":"Home sweet home"}]},{"@type":"WebSite","@id":"https:\/\/welovecinema.be\/nl\/#website","url":"https:\/\/welovecinema.be\/nl\/","name":"We Love Cinema","description":"Toute l\u2019information du cin\u00e9ma en Belgique","publisher":{"@id":"https:\/\/welovecinema.be\/nl\/#organization"},"potentialAction":[{"@type":"SearchAction","target":{"@type":"EntryPoint","urlTemplate":"https:\/\/welovecinema.be\/nl\/?s={search_term_string}"},"query-input":"required name=search_term_string"}],"inLanguage":"fr-FR"},{"@type":"Organization","@id":"https:\/\/welovecinema.be\/nl\/#organization","name":"We Love Cinema","url":"https:\/\/welovecinema.be\/nl\/","logo":{"@type":"ImageObject","inLanguage":"fr-FR","@id":"https:\/\/welovecinema.be\/nl\/#\/schema\/logo\/image\/","url":"https:\/\/welovecinema.be\/wp-content\/uploads\/sites\/2\/2023\/03\/Logo-We-Love-Cinema305x128.jpg","contentUrl":"https:\/\/welovecinema.be\/wp-content\/uploads\/sites\/2\/2023\/03\/Logo-We-Love-Cinema305x128.jpg","width":305,"height":128,"caption":"We Love Cinema"},"image":{"@id":"https:\/\/welovecinema.be\/nl\/#\/schema\/logo\/image\/"},"sameAs":["https:\/\/www.facebook.com\/welovecinema.be","https:\/\/www.youtube.com\/channel\/UCX5LYGVhnKvYauW4Nta4HJA","https:\/\/www.instagram.com\/welovecinema.be\/"]},{"@type":"Person","@id":"https:\/\/welovecinema.be\/nl\/#\/schema\/person\/4b9b1d857f0943453a38a7c2859ef756","name":"Philippe.Pierquin","url":"https:\/\/welovecinema.be\/fr\/author\/philippe-pierquin\/"}]}},"_links":{"self":[{"href":"https:\/\/welovecinema.be\/fr\/wp-json\/wp\/v2\/posts\/75454","targetHints":{"allow":["GET"]}}],"collection":[{"href":"https:\/\/welovecinema.be\/fr\/wp-json\/wp\/v2\/posts"}],"about":[{"href":"https:\/\/welovecinema.be\/fr\/wp-json\/wp\/v2\/types\/post"}],"author":[{"embeddable":true,"href":"https:\/\/welovecinema.be\/fr\/wp-json\/wp\/v2\/users\/7"}],"replies":[{"embeddable":true,"href":"https:\/\/welovecinema.be\/fr\/wp-json\/wp\/v2\/comments?post=75454"}],"version-history":[{"count":0,"href":"https:\/\/welovecinema.be\/fr\/wp-json\/wp\/v2\/posts\/75454\/revisions"}],"wp:featuredmedia":[{"embeddable":true,"href":"https:\/\/welovecinema.be\/fr\/wp-json\/wp\/v2\/media\/75458"}],"wp:attachment":[{"href":"https:\/\/welovecinema.be\/fr\/wp-json\/wp\/v2\/media?parent=75454"}],"wp:term":[{"taxonomy":"category","embeddable":true,"href":"https:\/\/welovecinema.be\/fr\/wp-json\/wp\/v2\/categories?post=75454"},{"taxonomy":"post_tag","embeddable":true,"href":"https:\/\/welovecinema.be\/fr\/wp-json\/wp\/v2\/tags?post=75454"}],"curies":[{"name":"wp","href":"https:\/\/api.w.org\/{rel}","templated":true}]}}