{"id":75378,"date":"2015-07-14T07:58:16","date_gmt":"2015-07-14T05:58:16","guid":{"rendered":"http:\/\/www.cinevox.be\/?p=75378"},"modified":"2015-06-30T12:14:18","modified_gmt":"2015-06-30T10:14:18","slug":"dans-la-main-de-dieu-un-docu-inedit-sur-la-trois","status":"publish","type":"post","link":"https:\/\/welovecinema.be\/fr\/dans-la-main-de-dieu-un-docu-inedit-sur-la-trois\/","title":{"rendered":"\u00ab\u00a0Dans la main de Dieu\u00a0\u00bb : un docu in\u00e9dit sur la Trois"},"content":{"rendered":"<p>Cette semaine \u00ab Fen\u00eatre sur doc \u00bb propose un documentaire d\u2019introspection sur une question de soci\u00e9t\u00e9 : la foi et la place de l\u2019\u00c9glise.<\/p>\n<p>Le r\u00e9alisateur, Peter Woditsch, s\u2019interroge ici sur sa propre foi et nous questionne sur la n\u00f4tre en la confrontant aux confessions intimes de trois anciens pr\u00eatres : un Flamand, un Autrichien et un Allemand.<\/p>\n<p><em>Dans la main de Dieu<\/em>, un documentaire in\u00e9dit coproduit par la RTBF est \u00e0 d\u00e9couvrir le jeudi 16 juillet \u00e0 21h00 sur La Trois.<!--more--><\/p>\n<p>&nbsp;<\/p>\n<p>&nbsp;<\/p>\n<p>Le film s\u2019ouvre par les r\u00e9flexions du r\u00e9alisateur sur sa foi et son rapport \u00e0 l\u2019\u00c9glise. Il \u00e9voque l\u2019\u00e9poque o\u00f9 petit gar\u00e7on il allait chaque semaine \u00e0 l\u2019\u00e9glise. Les \u00e9glises \u00e9taient encore bien remplies, et on ne parlait pas des affaires de p\u00e9dophilie. Il raconte comment il a voulu ensuite arr\u00eater de fr\u00e9quenter la messe, mais s\u2019est confront\u00e9 au refus de son p\u00e8re. Il a finalement obtenu gain de cause \u00e0 l\u2019adolescence.<\/p>\n<p>&nbsp;<\/p>\n<p><a href=\"http:\/\/www.cinevox.be\/wp-content\/uploads\/sites\/2\/2015\/06\/dans-les-mains-de-dieu_2767_232131f18027_3.jpg\"><img loading=\"lazy\" decoding=\"async\" class=\"aligncenter  wp-image-75381\" src=\"http:\/\/www.cinevox.be\/wp-content\/uploads\/sites\/2\/2015\/06\/dans-les-mains-de-dieu_2767_232131f18027_3.jpg\" alt=\"\" width=\"620\" height=\"334\" \/><\/a><\/p>\n<p>&nbsp;<\/p>\n<p>Ce n\u2019est donc pas un hasard si bien des ann\u00e9es plus tard, il a rencontr\u00e9 trois personnes qui ont suivi le m\u00eame chemin, sauf qu\u2019eux ils \u00e9taient pr\u00eatres. Apr\u00e8s avoir servi pendant des dizaines d\u2019ann\u00e9es l\u2019institution de l\u2019\u00c9glise, ces trois pr\u00eatres ont \u00e9t\u00e9 exclus de l\u2019\u00c9glise pour avoir os\u00e9 critiquer l\u2019institution ou aller \u00e0 l\u2019encontre du courant dominant. Et le r\u00e9alisateur de souligner l\u2019\u00e9trange diff\u00e9rence de traitement entre la critique lourdement sanctionn\u00e9e et les nombreuses affaires de p\u00e9dophilie au sein de l\u2019\u00c9glise qui ont \u00e9t\u00e9 \u00e9touff\u00e9es.<\/p>\n<p>&nbsp;<\/p>\n<p><a href=\"http:\/\/www.cinevox.be\/wp-content\/uploads\/sites\/2\/2015\/06\/dans-les-mains-de-dieu_2767_232129f18027_1.jpg\"><img loading=\"lazy\" decoding=\"async\" class=\"aligncenter  wp-image-75379\" src=\"http:\/\/www.cinevox.be\/wp-content\/uploads\/sites\/2\/2015\/06\/dans-les-mains-de-dieu_2767_232129f18027_1.jpg\" alt=\"\" width=\"621\" height=\"334\" \/><\/a><\/p>\n<p>&nbsp;<\/p>\n<p>Le premier pr\u00eatre, Adolf Holl est n\u00e9 \u00e0 Vienne en 1930 et est docteur et professeur en th\u00e9ologie ainsi qu\u2019en philosophie \u00e0 l\u2019Universit\u00e9 de Vienne. Il a os\u00e9 rompre son v\u0153u de c\u00e9libat apr\u00e8s 10 ans dans les ordres. Suite \u00e0 la publication de son best-seller international \u00a0\u00bb J\u00e9sus en mauvaise compagnie \u00ab\u00a0, il a \u00e9t\u00e9 d\u00e9mis de ses fonctions d\u2019aum\u00f4nier. Il reste un auteur provocateur.<\/p>\n<p>&nbsp;<\/p>\n<p>Le deuxi\u00e8me, Horst Herrmann, ancien pr\u00eatre allemand n\u00e9 en 1940 a \u00e9t\u00e9 chass\u00e9 et porte son excommunication comme une m\u00e9daille d\u2019honneur. Il avait pourtant \u00e9t\u00e9 promis \u00e0 une belle carri\u00e8re de Cardinal. Il a \u00e9t\u00e9 exclu de sa fonction de pr\u00eatre suite \u00e0 ses critiques envers l\u2019\u00c9glise. Auteur engag\u00e9, il a plus de 70 livres publi\u00e9s \u00e0 son actif, tels que \u00a0\u00bb Les Papes Saints et leurs enfants \u00a0\u00bb et \u00a0\u00bb La torture dans l\u2019\u00c9glise \u00ab\u00a0.<\/p>\n<p>&nbsp;<\/p>\n<p><a href=\"http:\/\/www.cinevox.be\/wp-content\/uploads\/sites\/2\/2015\/06\/dans-la-main-de-dieu-2.jpg\"><img loading=\"lazy\" decoding=\"async\" class=\"aligncenter size-full wp-image-75380\" src=\"http:\/\/www.cinevox.be\/wp-content\/uploads\/sites\/2\/2015\/06\/dans-la-main-de-dieu-2.jpg\" alt=\"\" width=\"624\" height=\"351\" srcset=\"https:\/\/welovecinema.be\/wp-content\/uploads\/sites\/2\/2015\/06\/dans-la-main-de-dieu-2.jpg 624w, https:\/\/welovecinema.be\/wp-content\/uploads\/sites\/2\/2015\/06\/dans-la-main-de-dieu-2-200x113.jpg 200w, https:\/\/welovecinema.be\/wp-content\/uploads\/sites\/2\/2015\/06\/dans-la-main-de-dieu-2-480x270.jpg 480w, https:\/\/welovecinema.be\/wp-content\/uploads\/sites\/2\/2015\/06\/dans-la-main-de-dieu-2-300x169.jpg 300w, https:\/\/welovecinema.be\/wp-content\/uploads\/sites\/2\/2015\/06\/dans-la-main-de-dieu-2-620x350.jpg 620w\" sizes=\"auto, (max-width: 624px) 100vw, 624px\" \/><\/a><\/p>\n<p>&nbsp;<\/p>\n<p>Enfin Luc Hessel est n\u00e9 en 1938 \u00e0 Roeselare en Belgique. Dans les ann\u00e9es 80, il transforme un vieux monast\u00e8re abandonn\u00e9 en un lieu spirituel unique et novateur appel\u00e9 \u00a0\u00bb La Harpe \u00ab\u00a0. Ce fut d\u2019abord une maison pour des patients Alzheimer, puis une maison de r\u00e9insertion sociale pour jeunes exclus. Mais l\u2019\u00c9glise a fini par juger son centre non conforme aux principes chr\u00e9tiens et eccl\u00e9siastiques. En 2006, Luc quitte l\u2019\u00c9glise apr\u00e8s avoir \u00e9t\u00e9 pr\u00eatre durant 37 ans.<\/p>\n<p>&nbsp;<\/p>\n<p>Tous les trois nous offrent leur r\u00e9flexion sur l\u2019\u00c9glise et sur les difficult\u00e9s de changer l\u2019institution de l\u2019int\u00e9rieur. Leurs histoires sont diff\u00e9rentes, mais ont des points communs. Aujourd\u2019hui ils sont tous les trois mari\u00e9s. Ils ne sont jamais remis \u00e0 genoux devant l\u2019\u00c9glise autoritaire pour demander pardon. Et pour garder leur foi, ils ont d\u00fb la quitter. Tous les trois ne peuvent pas s\u2019emp\u00eacher de commenter ou critiquer l\u2019\u00e9glise actuelle. Ils restent des chercheurs provocateurs qui continuent \u00e0 sonder les profondeurs de la foi.<\/p>\n<p>&nbsp;<\/p>\n<p>Production : Sophimages \/ La RTBF \/ Artisan Film<\/p>\n<p>&nbsp;<\/p>\n","protected":false},"excerpt":{"rendered":"<p>Cette semaine \u00ab Fen\u00eatre sur doc \u00bb propose un documentaire d\u2019introspection sur une question de soci\u00e9t\u00e9 : la foi et la place de l\u2019\u00c9glise. Le r\u00e9alisateur, Peter Woditsch, s\u2019interroge ici sur sa propre foi et nous questionne sur la n\u00f4tre en la confrontant aux confessions intimes de trois anciens pr\u00eatres : un Flamand, un Autrichien &hellip;<\/p>\n","protected":false},"author":7,"featured_media":75383,"comment_status":"closed","ping_status":"closed","sticky":false,"template":"","format":"standard","meta":{"ngg_post_thumbnail":0,"footnotes":""},"categories":[14],"tags":[],"class_list":["post-75378","post","type-post","status-publish","format-standard","has-post-thumbnail","","category-home-cinema"],"yoast_head":"<!-- This site is optimized with the Yoast SEO plugin v20.4 - https:\/\/yoast.com\/wordpress\/plugins\/seo\/ -->\n<title>&quot;Dans la main de Dieu&quot; : un docu in\u00e9dit sur la Trois - We Love Cinema<\/title>\n<meta name=\"robots\" content=\"index, follow, max-snippet:-1, max-image-preview:large, max-video-preview:-1\" \/>\n<link rel=\"canonical\" href=\"https:\/\/welovecinema.be\/fr\/dans-la-main-de-dieu-un-docu-inedit-sur-la-trois\/\" \/>\n<meta property=\"og:locale\" content=\"fr_FR\" \/>\n<meta property=\"og:type\" content=\"article\" \/>\n<meta property=\"og:title\" content=\"&quot;Dans la main de Dieu&quot; : un docu in\u00e9dit sur la Trois - We Love Cinema\" \/>\n<meta property=\"og:description\" content=\"Cette semaine \u00ab Fen\u00eatre sur doc \u00bb propose un documentaire d\u2019introspection sur une question de soci\u00e9t\u00e9 : la foi et la place de l\u2019\u00c9glise. Le r\u00e9alisateur, Peter Woditsch, s\u2019interroge ici sur sa propre foi et nous questionne sur la n\u00f4tre en la confrontant aux confessions intimes de trois anciens pr\u00eatres : un Flamand, un Autrichien &hellip;\" \/>\n<meta property=\"og:url\" content=\"https:\/\/welovecinema.be\/fr\/dans-la-main-de-dieu-un-docu-inedit-sur-la-trois\/\" \/>\n<meta property=\"og:site_name\" content=\"We Love Cinema\" \/>\n<meta property=\"article:publisher\" content=\"https:\/\/www.facebook.com\/welovecinema.be\" \/>\n<meta property=\"article:published_time\" content=\"2015-07-14T05:58:16+00:00\" \/>\n<meta property=\"article:modified_time\" content=\"2015-06-30T10:14:18+00:00\" \/>\n<meta property=\"og:image\" content=\"https:\/\/welovecinema.be\/wp-content\/uploads\/sites\/2\/2015\/07\/dans-les-mains-de-dieu_2767_232134f18027_6.jpg\" \/>\n\t<meta property=\"og:image:width\" content=\"390\" \/>\n\t<meta property=\"og:image:height\" content=\"210\" \/>\n\t<meta property=\"og:image:type\" content=\"image\/jpeg\" \/>\n<meta name=\"author\" content=\"Philippe.Pierquin\" \/>\n<meta name=\"twitter:card\" content=\"summary_large_image\" \/>\n<meta name=\"twitter:label1\" content=\"\u00c9crit par\" \/>\n\t<meta name=\"twitter:data1\" content=\"Philippe.Pierquin\" \/>\n\t<meta name=\"twitter:label2\" content=\"Dur\u00e9e de lecture estim\u00e9e\" \/>\n\t<meta name=\"twitter:data2\" content=\"3 minutes\" \/>\n<script type=\"application\/ld+json\" class=\"yoast-schema-graph\">{\"@context\":\"https:\/\/schema.org\",\"@graph\":[{\"@type\":\"Article\",\"@id\":\"https:\/\/welovecinema.be\/fr\/dans-la-main-de-dieu-un-docu-inedit-sur-la-trois\/#article\",\"isPartOf\":{\"@id\":\"https:\/\/welovecinema.be\/fr\/dans-la-main-de-dieu-un-docu-inedit-sur-la-trois\/\"},\"author\":{\"name\":\"Philippe.Pierquin\",\"@id\":\"https:\/\/welovecinema.be\/nl\/#\/schema\/person\/4b9b1d857f0943453a38a7c2859ef756\"},\"headline\":\"\u00ab\u00a0Dans la main de Dieu\u00a0\u00bb : un docu in\u00e9dit sur la Trois\",\"datePublished\":\"2015-07-14T05:58:16+00:00\",\"dateModified\":\"2015-06-30T10:14:18+00:00\",\"mainEntityOfPage\":{\"@id\":\"https:\/\/welovecinema.be\/fr\/dans-la-main-de-dieu-un-docu-inedit-sur-la-trois\/\"},\"wordCount\":625,\"publisher\":{\"@id\":\"https:\/\/welovecinema.be\/nl\/#organization\"},\"articleSection\":[\"Plateau t\u00e9l\u00e9\"],\"inLanguage\":\"fr-FR\"},{\"@type\":\"WebPage\",\"@id\":\"https:\/\/welovecinema.be\/fr\/dans-la-main-de-dieu-un-docu-inedit-sur-la-trois\/\",\"url\":\"https:\/\/welovecinema.be\/fr\/dans-la-main-de-dieu-un-docu-inedit-sur-la-trois\/\",\"name\":\"\\\"Dans la main de Dieu\\\" : un docu in\u00e9dit sur la Trois - We Love Cinema\",\"isPartOf\":{\"@id\":\"https:\/\/welovecinema.be\/nl\/#website\"},\"datePublished\":\"2015-07-14T05:58:16+00:00\",\"dateModified\":\"2015-06-30T10:14:18+00:00\",\"breadcrumb\":{\"@id\":\"https:\/\/welovecinema.be\/fr\/dans-la-main-de-dieu-un-docu-inedit-sur-la-trois\/#breadcrumb\"},\"inLanguage\":\"fr-FR\",\"potentialAction\":[{\"@type\":\"ReadAction\",\"target\":[\"https:\/\/welovecinema.be\/fr\/dans-la-main-de-dieu-un-docu-inedit-sur-la-trois\/\"]}]},{\"@type\":\"BreadcrumbList\",\"@id\":\"https:\/\/welovecinema.be\/fr\/dans-la-main-de-dieu-un-docu-inedit-sur-la-trois\/#breadcrumb\",\"itemListElement\":[{\"@type\":\"ListItem\",\"position\":1,\"name\":\"Accueil\",\"item\":\"https:\/\/welovecinema.be\/fr\/\"},{\"@type\":\"ListItem\",\"position\":2,\"name\":\"\u00ab\u00a0Dans la main de Dieu\u00a0\u00bb : un docu in\u00e9dit sur la Trois\"}]},{\"@type\":\"WebSite\",\"@id\":\"https:\/\/welovecinema.be\/nl\/#website\",\"url\":\"https:\/\/welovecinema.be\/nl\/\",\"name\":\"We Love Cinema\",\"description\":\"Toute l\u2019information du cin\u00e9ma en Belgique\",\"publisher\":{\"@id\":\"https:\/\/welovecinema.be\/nl\/#organization\"},\"potentialAction\":[{\"@type\":\"SearchAction\",\"target\":{\"@type\":\"EntryPoint\",\"urlTemplate\":\"https:\/\/welovecinema.be\/nl\/?s={search_term_string}\"},\"query-input\":\"required name=search_term_string\"}],\"inLanguage\":\"fr-FR\"},{\"@type\":\"Organization\",\"@id\":\"https:\/\/welovecinema.be\/nl\/#organization\",\"name\":\"We Love Cinema\",\"url\":\"https:\/\/welovecinema.be\/nl\/\",\"logo\":{\"@type\":\"ImageObject\",\"inLanguage\":\"fr-FR\",\"@id\":\"https:\/\/welovecinema.be\/nl\/#\/schema\/logo\/image\/\",\"url\":\"https:\/\/welovecinema.be\/wp-content\/uploads\/sites\/2\/2023\/03\/Logo-We-Love-Cinema305x128.jpg\",\"contentUrl\":\"https:\/\/welovecinema.be\/wp-content\/uploads\/sites\/2\/2023\/03\/Logo-We-Love-Cinema305x128.jpg\",\"width\":305,\"height\":128,\"caption\":\"We Love Cinema\"},\"image\":{\"@id\":\"https:\/\/welovecinema.be\/nl\/#\/schema\/logo\/image\/\"},\"sameAs\":[\"https:\/\/www.facebook.com\/welovecinema.be\",\"https:\/\/www.youtube.com\/channel\/UCX5LYGVhnKvYauW4Nta4HJA\",\"https:\/\/www.instagram.com\/welovecinema.be\/\"]},{\"@type\":\"Person\",\"@id\":\"https:\/\/welovecinema.be\/nl\/#\/schema\/person\/4b9b1d857f0943453a38a7c2859ef756\",\"name\":\"Philippe.Pierquin\",\"url\":\"https:\/\/welovecinema.be\/fr\/author\/philippe-pierquin\/\"}]}<\/script>\n<!-- \/ Yoast SEO plugin. -->","yoast_head_json":{"title":"\"Dans la main de Dieu\" : un docu in\u00e9dit sur la Trois - We Love Cinema","robots":{"index":"index","follow":"follow","max-snippet":"max-snippet:-1","max-image-preview":"max-image-preview:large","max-video-preview":"max-video-preview:-1"},"canonical":"https:\/\/welovecinema.be\/fr\/dans-la-main-de-dieu-un-docu-inedit-sur-la-trois\/","og_locale":"fr_FR","og_type":"article","og_title":"\"Dans la main de Dieu\" : un docu in\u00e9dit sur la Trois - We Love Cinema","og_description":"Cette semaine \u00ab Fen\u00eatre sur doc \u00bb propose un documentaire d\u2019introspection sur une question de soci\u00e9t\u00e9 : la foi et la place de l\u2019\u00c9glise. Le r\u00e9alisateur, Peter Woditsch, s\u2019interroge ici sur sa propre foi et nous questionne sur la n\u00f4tre en la confrontant aux confessions intimes de trois anciens pr\u00eatres : un Flamand, un Autrichien &hellip;","og_url":"https:\/\/welovecinema.be\/fr\/dans-la-main-de-dieu-un-docu-inedit-sur-la-trois\/","og_site_name":"We Love Cinema","article_publisher":"https:\/\/www.facebook.com\/welovecinema.be","article_published_time":"2015-07-14T05:58:16+00:00","article_modified_time":"2015-06-30T10:14:18+00:00","og_image":[{"width":390,"height":210,"url":"https:\/\/welovecinema.be\/wp-content\/uploads\/sites\/2\/2015\/07\/dans-les-mains-de-dieu_2767_232134f18027_6.jpg","type":"image\/jpeg"}],"author":"Philippe.Pierquin","twitter_card":"summary_large_image","twitter_misc":{"\u00c9crit par":"Philippe.Pierquin","Dur\u00e9e de lecture estim\u00e9e":"3 minutes"},"schema":{"@context":"https:\/\/schema.org","@graph":[{"@type":"Article","@id":"https:\/\/welovecinema.be\/fr\/dans-la-main-de-dieu-un-docu-inedit-sur-la-trois\/#article","isPartOf":{"@id":"https:\/\/welovecinema.be\/fr\/dans-la-main-de-dieu-un-docu-inedit-sur-la-trois\/"},"author":{"name":"Philippe.Pierquin","@id":"https:\/\/welovecinema.be\/nl\/#\/schema\/person\/4b9b1d857f0943453a38a7c2859ef756"},"headline":"\u00ab\u00a0Dans la main de Dieu\u00a0\u00bb : un docu in\u00e9dit sur la Trois","datePublished":"2015-07-14T05:58:16+00:00","dateModified":"2015-06-30T10:14:18+00:00","mainEntityOfPage":{"@id":"https:\/\/welovecinema.be\/fr\/dans-la-main-de-dieu-un-docu-inedit-sur-la-trois\/"},"wordCount":625,"publisher":{"@id":"https:\/\/welovecinema.be\/nl\/#organization"},"articleSection":["Plateau t\u00e9l\u00e9"],"inLanguage":"fr-FR"},{"@type":"WebPage","@id":"https:\/\/welovecinema.be\/fr\/dans-la-main-de-dieu-un-docu-inedit-sur-la-trois\/","url":"https:\/\/welovecinema.be\/fr\/dans-la-main-de-dieu-un-docu-inedit-sur-la-trois\/","name":"\"Dans la main de Dieu\" : un docu in\u00e9dit sur la Trois - We Love Cinema","isPartOf":{"@id":"https:\/\/welovecinema.be\/nl\/#website"},"datePublished":"2015-07-14T05:58:16+00:00","dateModified":"2015-06-30T10:14:18+00:00","breadcrumb":{"@id":"https:\/\/welovecinema.be\/fr\/dans-la-main-de-dieu-un-docu-inedit-sur-la-trois\/#breadcrumb"},"inLanguage":"fr-FR","potentialAction":[{"@type":"ReadAction","target":["https:\/\/welovecinema.be\/fr\/dans-la-main-de-dieu-un-docu-inedit-sur-la-trois\/"]}]},{"@type":"BreadcrumbList","@id":"https:\/\/welovecinema.be\/fr\/dans-la-main-de-dieu-un-docu-inedit-sur-la-trois\/#breadcrumb","itemListElement":[{"@type":"ListItem","position":1,"name":"Accueil","item":"https:\/\/welovecinema.be\/fr\/"},{"@type":"ListItem","position":2,"name":"\u00ab\u00a0Dans la main de Dieu\u00a0\u00bb : un docu in\u00e9dit sur la Trois"}]},{"@type":"WebSite","@id":"https:\/\/welovecinema.be\/nl\/#website","url":"https:\/\/welovecinema.be\/nl\/","name":"We Love Cinema","description":"Toute l\u2019information du cin\u00e9ma en Belgique","publisher":{"@id":"https:\/\/welovecinema.be\/nl\/#organization"},"potentialAction":[{"@type":"SearchAction","target":{"@type":"EntryPoint","urlTemplate":"https:\/\/welovecinema.be\/nl\/?s={search_term_string}"},"query-input":"required name=search_term_string"}],"inLanguage":"fr-FR"},{"@type":"Organization","@id":"https:\/\/welovecinema.be\/nl\/#organization","name":"We Love Cinema","url":"https:\/\/welovecinema.be\/nl\/","logo":{"@type":"ImageObject","inLanguage":"fr-FR","@id":"https:\/\/welovecinema.be\/nl\/#\/schema\/logo\/image\/","url":"https:\/\/welovecinema.be\/wp-content\/uploads\/sites\/2\/2023\/03\/Logo-We-Love-Cinema305x128.jpg","contentUrl":"https:\/\/welovecinema.be\/wp-content\/uploads\/sites\/2\/2023\/03\/Logo-We-Love-Cinema305x128.jpg","width":305,"height":128,"caption":"We Love Cinema"},"image":{"@id":"https:\/\/welovecinema.be\/nl\/#\/schema\/logo\/image\/"},"sameAs":["https:\/\/www.facebook.com\/welovecinema.be","https:\/\/www.youtube.com\/channel\/UCX5LYGVhnKvYauW4Nta4HJA","https:\/\/www.instagram.com\/welovecinema.be\/"]},{"@type":"Person","@id":"https:\/\/welovecinema.be\/nl\/#\/schema\/person\/4b9b1d857f0943453a38a7c2859ef756","name":"Philippe.Pierquin","url":"https:\/\/welovecinema.be\/fr\/author\/philippe-pierquin\/"}]}},"_links":{"self":[{"href":"https:\/\/welovecinema.be\/fr\/wp-json\/wp\/v2\/posts\/75378","targetHints":{"allow":["GET"]}}],"collection":[{"href":"https:\/\/welovecinema.be\/fr\/wp-json\/wp\/v2\/posts"}],"about":[{"href":"https:\/\/welovecinema.be\/fr\/wp-json\/wp\/v2\/types\/post"}],"author":[{"embeddable":true,"href":"https:\/\/welovecinema.be\/fr\/wp-json\/wp\/v2\/users\/7"}],"replies":[{"embeddable":true,"href":"https:\/\/welovecinema.be\/fr\/wp-json\/wp\/v2\/comments?post=75378"}],"version-history":[{"count":0,"href":"https:\/\/welovecinema.be\/fr\/wp-json\/wp\/v2\/posts\/75378\/revisions"}],"wp:featuredmedia":[{"embeddable":true,"href":"https:\/\/welovecinema.be\/fr\/wp-json\/wp\/v2\/media\/75383"}],"wp:attachment":[{"href":"https:\/\/welovecinema.be\/fr\/wp-json\/wp\/v2\/media?parent=75378"}],"wp:term":[{"taxonomy":"category","embeddable":true,"href":"https:\/\/welovecinema.be\/fr\/wp-json\/wp\/v2\/categories?post=75378"},{"taxonomy":"post_tag","embeddable":true,"href":"https:\/\/welovecinema.be\/fr\/wp-json\/wp\/v2\/tags?post=75378"}],"curies":[{"name":"wp","href":"https:\/\/api.w.org\/{rel}","templated":true}]}}