{"id":75364,"date":"2015-06-29T09:44:01","date_gmt":"2015-06-29T07:44:01","guid":{"rendered":"http:\/\/www.cinevox.be\/?p=75364"},"modified":"2015-06-29T09:44:01","modified_gmt":"2015-06-29T07:44:01","slug":"nico-leunen-rejoint-lacademie-des-oscars","status":"publish","type":"post","link":"https:\/\/welovecinema.be\/fr\/nico-leunen-rejoint-lacademie-des-oscars\/","title":{"rendered":"Nico Leunen rejoint l\u2019Acad\u00e9mie des Oscars"},"content":{"rendered":"<p><strong>Nico Leunen<\/strong>, le monteur belge de longs m\u00e9trages tels que <em>The Broken Circle Breakdown (Alabama Monroe), Kid, 22 mai<\/em> et <em>Lost River<\/em> fait partie des 322 professionnels de l\u2019industrie qui sont invit\u00e9s \u00e0 rejoindre l\u2019Academy of Motion Picture Arts &amp; Sciences (AMPAS) cette ann\u00e9e.<!--more--><\/p>\n<p>&nbsp;<\/p>\n<p>Les nouveaux membres seront accueillis officiellement au sein de l\u2019Acad\u00e9mie lors d\u2019un \u00e9v\u00e9nement priv\u00e9 qui aura lieu en septembre \u00e0 la suite duquel ils pourront voter pour les Oscar.<\/p>\n<p>&nbsp;<\/p>\n<p>\u201cC\u2019est fantastique de pouvoir offrir une reconnaissance \u00e0 un groupe de talents divers aussi extraordinaire,\u201d a expliqu\u00e9 la Pr\u00e9sidente de l\u2019Acad\u00e9mie Cheryl Boone Isaacs. \u201cPlus que jamais, nos diff\u00e9rents d\u00e9partements ont assembl\u00e9 une liste extr\u00eamement \u00e9clectique de techniciens et artistes et nous sommes particuli\u00e8rement contents de pouvoir accueillir leur cr\u00e9ativit\u00e9, leurs id\u00e9es et leurs exp\u00e9riences au sein de notre organisation.\u201d<\/p>\n<p>&nbsp;<\/p>\n<p>Parmi les autres invit\u00e9s, on retrouve \u00e9galement des visages connus tels qu&rsquo;<strong>Elizabeth Banks, Benedict Cumberbatch, Heather Graham, Tom Hardy, Im Kwon-taek, Fran\u00e7ois Ozon <\/strong>et <strong>Sergio Mendes<\/strong>.<\/p>\n<p>&nbsp;<\/p>\n<p>Depuis 2003, le nombre de membres de l\u2019Acad\u00e9mie habilit\u00e9s \u00e0 voter est limit\u00e9 \u00e0 6.000. Ces 322 professionnels seront donc les seuls \u00e0 recevoir une invitation de l\u2019AMPAS cette ann\u00e9e.<\/p>\n","protected":false},"excerpt":{"rendered":"<p>Nico Leunen, le monteur belge de longs m\u00e9trages tels que The Broken Circle Breakdown (Alabama Monroe), Kid, 22 mai et Lost River fait partie des 322 professionnels de l\u2019industrie qui sont invit\u00e9s \u00e0 rejoindre l\u2019Academy of Motion Picture Arts &amp; Sciences (AMPAS) cette ann\u00e9e.<\/p>\n","protected":false},"author":7,"featured_media":75366,"comment_status":"closed","ping_status":"closed","sticky":false,"template":"","format":"standard","meta":{"ngg_post_thumbnail":0,"footnotes":""},"categories":[12],"tags":[],"class_list":["post-75364","post","type-post","status-publish","format-standard","has-post-thumbnail","","category-awards"],"yoast_head":"<!-- This site is optimized with the Yoast SEO plugin v20.4 - https:\/\/yoast.com\/wordpress\/plugins\/seo\/ -->\n<title>Nico Leunen rejoint l\u2019Acad\u00e9mie des Oscars - We Love Cinema<\/title>\n<meta name=\"robots\" content=\"index, follow, max-snippet:-1, max-image-preview:large, max-video-preview:-1\" \/>\n<link rel=\"canonical\" href=\"https:\/\/welovecinema.be\/fr\/nico-leunen-rejoint-lacademie-des-oscars\/\" \/>\n<meta property=\"og:locale\" content=\"fr_FR\" \/>\n<meta property=\"og:type\" content=\"article\" \/>\n<meta property=\"og:title\" content=\"Nico Leunen rejoint l\u2019Acad\u00e9mie des Oscars - We Love Cinema\" \/>\n<meta property=\"og:description\" content=\"Nico Leunen, le monteur belge de longs m\u00e9trages tels que The Broken Circle Breakdown (Alabama Monroe), Kid, 22 mai et Lost River fait partie des 322 professionnels de l\u2019industrie qui sont invit\u00e9s \u00e0 rejoindre l\u2019Academy of Motion Picture Arts &amp; Sciences (AMPAS) cette ann\u00e9e.\" \/>\n<meta property=\"og:url\" content=\"https:\/\/welovecinema.be\/fr\/nico-leunen-rejoint-lacademie-des-oscars\/\" \/>\n<meta property=\"og:site_name\" content=\"We Love Cinema\" \/>\n<meta property=\"article:publisher\" content=\"https:\/\/www.facebook.com\/welovecinema.be\" \/>\n<meta property=\"article:published_time\" content=\"2015-06-29T07:44:01+00:00\" \/>\n<meta property=\"og:image\" content=\"https:\/\/welovecinema.be\/wp-content\/uploads\/sites\/2\/2015\/06\/IMG_0189-800x533.jpg\" \/>\n\t<meta property=\"og:image:width\" content=\"800\" \/>\n\t<meta property=\"og:image:height\" content=\"533\" \/>\n\t<meta property=\"og:image:type\" content=\"image\/jpeg\" \/>\n<meta name=\"author\" content=\"Philippe.Pierquin\" \/>\n<meta name=\"twitter:card\" content=\"summary_large_image\" \/>\n<meta name=\"twitter:label1\" content=\"\u00c9crit par\" \/>\n\t<meta name=\"twitter:data1\" content=\"Philippe.Pierquin\" \/>\n\t<meta name=\"twitter:label2\" content=\"Dur\u00e9e de lecture estim\u00e9e\" \/>\n\t<meta name=\"twitter:data2\" content=\"1 minute\" \/>\n<script type=\"application\/ld+json\" class=\"yoast-schema-graph\">{\"@context\":\"https:\/\/schema.org\",\"@graph\":[{\"@type\":\"Article\",\"@id\":\"https:\/\/welovecinema.be\/fr\/nico-leunen-rejoint-lacademie-des-oscars\/#article\",\"isPartOf\":{\"@id\":\"https:\/\/welovecinema.be\/fr\/nico-leunen-rejoint-lacademie-des-oscars\/\"},\"author\":{\"name\":\"Philippe.Pierquin\",\"@id\":\"https:\/\/welovecinema.be\/nl\/#\/schema\/person\/4b9b1d857f0943453a38a7c2859ef756\"},\"headline\":\"Nico Leunen rejoint l\u2019Acad\u00e9mie des Oscars\",\"datePublished\":\"2015-06-29T07:44:01+00:00\",\"dateModified\":\"2015-06-29T07:44:01+00:00\",\"mainEntityOfPage\":{\"@id\":\"https:\/\/welovecinema.be\/fr\/nico-leunen-rejoint-lacademie-des-oscars\/\"},\"wordCount\":218,\"publisher\":{\"@id\":\"https:\/\/welovecinema.be\/nl\/#organization\"},\"articleSection\":[\"Evenements\"],\"inLanguage\":\"fr-FR\"},{\"@type\":\"WebPage\",\"@id\":\"https:\/\/welovecinema.be\/fr\/nico-leunen-rejoint-lacademie-des-oscars\/\",\"url\":\"https:\/\/welovecinema.be\/fr\/nico-leunen-rejoint-lacademie-des-oscars\/\",\"name\":\"Nico Leunen rejoint l\u2019Acad\u00e9mie des Oscars - We Love Cinema\",\"isPartOf\":{\"@id\":\"https:\/\/welovecinema.be\/nl\/#website\"},\"datePublished\":\"2015-06-29T07:44:01+00:00\",\"dateModified\":\"2015-06-29T07:44:01+00:00\",\"breadcrumb\":{\"@id\":\"https:\/\/welovecinema.be\/fr\/nico-leunen-rejoint-lacademie-des-oscars\/#breadcrumb\"},\"inLanguage\":\"fr-FR\",\"potentialAction\":[{\"@type\":\"ReadAction\",\"target\":[\"https:\/\/welovecinema.be\/fr\/nico-leunen-rejoint-lacademie-des-oscars\/\"]}]},{\"@type\":\"BreadcrumbList\",\"@id\":\"https:\/\/welovecinema.be\/fr\/nico-leunen-rejoint-lacademie-des-oscars\/#breadcrumb\",\"itemListElement\":[{\"@type\":\"ListItem\",\"position\":1,\"name\":\"Accueil\",\"item\":\"https:\/\/welovecinema.be\/fr\/\"},{\"@type\":\"ListItem\",\"position\":2,\"name\":\"Nico Leunen rejoint l\u2019Acad\u00e9mie des Oscars\"}]},{\"@type\":\"WebSite\",\"@id\":\"https:\/\/welovecinema.be\/nl\/#website\",\"url\":\"https:\/\/welovecinema.be\/nl\/\",\"name\":\"We Love Cinema\",\"description\":\"Toute l\u2019information du cin\u00e9ma en Belgique\",\"publisher\":{\"@id\":\"https:\/\/welovecinema.be\/nl\/#organization\"},\"potentialAction\":[{\"@type\":\"SearchAction\",\"target\":{\"@type\":\"EntryPoint\",\"urlTemplate\":\"https:\/\/welovecinema.be\/nl\/?s={search_term_string}\"},\"query-input\":\"required name=search_term_string\"}],\"inLanguage\":\"fr-FR\"},{\"@type\":\"Organization\",\"@id\":\"https:\/\/welovecinema.be\/nl\/#organization\",\"name\":\"We Love Cinema\",\"url\":\"https:\/\/welovecinema.be\/nl\/\",\"logo\":{\"@type\":\"ImageObject\",\"inLanguage\":\"fr-FR\",\"@id\":\"https:\/\/welovecinema.be\/nl\/#\/schema\/logo\/image\/\",\"url\":\"https:\/\/welovecinema.be\/wp-content\/uploads\/sites\/2\/2023\/03\/Logo-We-Love-Cinema305x128.jpg\",\"contentUrl\":\"https:\/\/welovecinema.be\/wp-content\/uploads\/sites\/2\/2023\/03\/Logo-We-Love-Cinema305x128.jpg\",\"width\":305,\"height\":128,\"caption\":\"We Love Cinema\"},\"image\":{\"@id\":\"https:\/\/welovecinema.be\/nl\/#\/schema\/logo\/image\/\"},\"sameAs\":[\"https:\/\/www.facebook.com\/welovecinema.be\",\"https:\/\/www.youtube.com\/channel\/UCX5LYGVhnKvYauW4Nta4HJA\",\"https:\/\/www.instagram.com\/welovecinema.be\/\"]},{\"@type\":\"Person\",\"@id\":\"https:\/\/welovecinema.be\/nl\/#\/schema\/person\/4b9b1d857f0943453a38a7c2859ef756\",\"name\":\"Philippe.Pierquin\",\"url\":\"https:\/\/welovecinema.be\/fr\/author\/philippe-pierquin\/\"}]}<\/script>\n<!-- \/ Yoast SEO plugin. -->","yoast_head_json":{"title":"Nico Leunen rejoint l\u2019Acad\u00e9mie des Oscars - We Love Cinema","robots":{"index":"index","follow":"follow","max-snippet":"max-snippet:-1","max-image-preview":"max-image-preview:large","max-video-preview":"max-video-preview:-1"},"canonical":"https:\/\/welovecinema.be\/fr\/nico-leunen-rejoint-lacademie-des-oscars\/","og_locale":"fr_FR","og_type":"article","og_title":"Nico Leunen rejoint l\u2019Acad\u00e9mie des Oscars - We Love Cinema","og_description":"Nico Leunen, le monteur belge de longs m\u00e9trages tels que The Broken Circle Breakdown (Alabama Monroe), Kid, 22 mai et Lost River fait partie des 322 professionnels de l\u2019industrie qui sont invit\u00e9s \u00e0 rejoindre l\u2019Academy of Motion Picture Arts &amp; Sciences (AMPAS) cette ann\u00e9e.","og_url":"https:\/\/welovecinema.be\/fr\/nico-leunen-rejoint-lacademie-des-oscars\/","og_site_name":"We Love Cinema","article_publisher":"https:\/\/www.facebook.com\/welovecinema.be","article_published_time":"2015-06-29T07:44:01+00:00","og_image":[{"width":800,"height":533,"url":"https:\/\/welovecinema.be\/wp-content\/uploads\/sites\/2\/2015\/06\/IMG_0189-800x533.jpg","type":"image\/jpeg"}],"author":"Philippe.Pierquin","twitter_card":"summary_large_image","twitter_misc":{"\u00c9crit par":"Philippe.Pierquin","Dur\u00e9e de lecture estim\u00e9e":"1 minute"},"schema":{"@context":"https:\/\/schema.org","@graph":[{"@type":"Article","@id":"https:\/\/welovecinema.be\/fr\/nico-leunen-rejoint-lacademie-des-oscars\/#article","isPartOf":{"@id":"https:\/\/welovecinema.be\/fr\/nico-leunen-rejoint-lacademie-des-oscars\/"},"author":{"name":"Philippe.Pierquin","@id":"https:\/\/welovecinema.be\/nl\/#\/schema\/person\/4b9b1d857f0943453a38a7c2859ef756"},"headline":"Nico Leunen rejoint l\u2019Acad\u00e9mie des Oscars","datePublished":"2015-06-29T07:44:01+00:00","dateModified":"2015-06-29T07:44:01+00:00","mainEntityOfPage":{"@id":"https:\/\/welovecinema.be\/fr\/nico-leunen-rejoint-lacademie-des-oscars\/"},"wordCount":218,"publisher":{"@id":"https:\/\/welovecinema.be\/nl\/#organization"},"articleSection":["Evenements"],"inLanguage":"fr-FR"},{"@type":"WebPage","@id":"https:\/\/welovecinema.be\/fr\/nico-leunen-rejoint-lacademie-des-oscars\/","url":"https:\/\/welovecinema.be\/fr\/nico-leunen-rejoint-lacademie-des-oscars\/","name":"Nico Leunen rejoint l\u2019Acad\u00e9mie des Oscars - We Love Cinema","isPartOf":{"@id":"https:\/\/welovecinema.be\/nl\/#website"},"datePublished":"2015-06-29T07:44:01+00:00","dateModified":"2015-06-29T07:44:01+00:00","breadcrumb":{"@id":"https:\/\/welovecinema.be\/fr\/nico-leunen-rejoint-lacademie-des-oscars\/#breadcrumb"},"inLanguage":"fr-FR","potentialAction":[{"@type":"ReadAction","target":["https:\/\/welovecinema.be\/fr\/nico-leunen-rejoint-lacademie-des-oscars\/"]}]},{"@type":"BreadcrumbList","@id":"https:\/\/welovecinema.be\/fr\/nico-leunen-rejoint-lacademie-des-oscars\/#breadcrumb","itemListElement":[{"@type":"ListItem","position":1,"name":"Accueil","item":"https:\/\/welovecinema.be\/fr\/"},{"@type":"ListItem","position":2,"name":"Nico Leunen rejoint l\u2019Acad\u00e9mie des Oscars"}]},{"@type":"WebSite","@id":"https:\/\/welovecinema.be\/nl\/#website","url":"https:\/\/welovecinema.be\/nl\/","name":"We Love Cinema","description":"Toute l\u2019information du cin\u00e9ma en Belgique","publisher":{"@id":"https:\/\/welovecinema.be\/nl\/#organization"},"potentialAction":[{"@type":"SearchAction","target":{"@type":"EntryPoint","urlTemplate":"https:\/\/welovecinema.be\/nl\/?s={search_term_string}"},"query-input":"required name=search_term_string"}],"inLanguage":"fr-FR"},{"@type":"Organization","@id":"https:\/\/welovecinema.be\/nl\/#organization","name":"We Love Cinema","url":"https:\/\/welovecinema.be\/nl\/","logo":{"@type":"ImageObject","inLanguage":"fr-FR","@id":"https:\/\/welovecinema.be\/nl\/#\/schema\/logo\/image\/","url":"https:\/\/welovecinema.be\/wp-content\/uploads\/sites\/2\/2023\/03\/Logo-We-Love-Cinema305x128.jpg","contentUrl":"https:\/\/welovecinema.be\/wp-content\/uploads\/sites\/2\/2023\/03\/Logo-We-Love-Cinema305x128.jpg","width":305,"height":128,"caption":"We Love Cinema"},"image":{"@id":"https:\/\/welovecinema.be\/nl\/#\/schema\/logo\/image\/"},"sameAs":["https:\/\/www.facebook.com\/welovecinema.be","https:\/\/www.youtube.com\/channel\/UCX5LYGVhnKvYauW4Nta4HJA","https:\/\/www.instagram.com\/welovecinema.be\/"]},{"@type":"Person","@id":"https:\/\/welovecinema.be\/nl\/#\/schema\/person\/4b9b1d857f0943453a38a7c2859ef756","name":"Philippe.Pierquin","url":"https:\/\/welovecinema.be\/fr\/author\/philippe-pierquin\/"}]}},"_links":{"self":[{"href":"https:\/\/welovecinema.be\/fr\/wp-json\/wp\/v2\/posts\/75364","targetHints":{"allow":["GET"]}}],"collection":[{"href":"https:\/\/welovecinema.be\/fr\/wp-json\/wp\/v2\/posts"}],"about":[{"href":"https:\/\/welovecinema.be\/fr\/wp-json\/wp\/v2\/types\/post"}],"author":[{"embeddable":true,"href":"https:\/\/welovecinema.be\/fr\/wp-json\/wp\/v2\/users\/7"}],"replies":[{"embeddable":true,"href":"https:\/\/welovecinema.be\/fr\/wp-json\/wp\/v2\/comments?post=75364"}],"version-history":[{"count":0,"href":"https:\/\/welovecinema.be\/fr\/wp-json\/wp\/v2\/posts\/75364\/revisions"}],"wp:featuredmedia":[{"embeddable":true,"href":"https:\/\/welovecinema.be\/fr\/wp-json\/wp\/v2\/media\/75366"}],"wp:attachment":[{"href":"https:\/\/welovecinema.be\/fr\/wp-json\/wp\/v2\/media?parent=75364"}],"wp:term":[{"taxonomy":"category","embeddable":true,"href":"https:\/\/welovecinema.be\/fr\/wp-json\/wp\/v2\/categories?post=75364"},{"taxonomy":"post_tag","embeddable":true,"href":"https:\/\/welovecinema.be\/fr\/wp-json\/wp\/v2\/tags?post=75364"}],"curies":[{"name":"wp","href":"https:\/\/api.w.org\/{rel}","templated":true}]}}