{"id":7525,"date":"2011-09-12T06:02:53","date_gmt":"2011-09-12T06:02:53","guid":{"rendered":"http:\/\/www.cinevox.be\/?p=7525"},"modified":"2011-09-12T07:31:50","modified_gmt":"2011-09-12T07:31:50","slug":"telex-la-compile-en-belgovision-vol-11-12092011","status":"publish","type":"post","link":"https:\/\/welovecinema.be\/fr\/telex-la-compile-en-belgovision-vol-11-12092011\/","title":{"rendered":"[Telex] <br> La compile en Belgovision<br> Vol.11 : 12\/09\/2011"},"content":{"rendered":"<p>Tous les jours, nous vous proposons nos [Telex], des infos disponibles en primeur sur\u00a0<a href=\"http:\/\/www.facebook.com\/cinevoxetvous\" target=\"_blank\">notre page Facebook<\/a> ! Pour ne rien louper de l&rsquo;actu du cin\u00e9ma belge, n&rsquo;oubliez donc pas de nous y rejoindre.<\/p>\n<p>Une fois par semaine, nous composons un best of sur le site. En Belgovision.<img decoding=\"async\" title=\"More...\" src=\"http:\/\/www.cinevox.be\/wp-includes\/js\/tinymce\/plugins\/wordpress\/img\/trans.gif\" alt=\"\" \/><\/p>\n<p>Et, d\u00e9sormais, en mode extended. C&rsquo;est nouveau, c&rsquo;est plus riche, plus calorique, bifluor\u00e9 et enrichi au calcium. Tr\u00e8s\u00a0nourrissant, donc. Et excellent pour la sant\u00e9.<\/p>\n<p>La page Facebook vous a mis l&rsquo;eau \u00e0 la bouche, le site vous tend la fourchette&#8230;.<img decoding=\"async\" title=\"More...\" src=\"http:\/\/www.cinevox.be\/wp-includes\/js\/tinymce\/plugins\/wordpress\/img\/trans.gif\" alt=\"\" \/><\/p>\n<p><!--more--><\/p>\n<p>&nbsp;<\/p>\n<p><a rel=\"attachment wp-att-7528\" href=\"http:\/\/www.cinevox.be\/telex-la-compile-en-belgovision-vol-11-12092011\/rk3-3\/\"><img loading=\"lazy\" decoding=\"async\" class=\"alignright size-medium wp-image-7528\" title=\"rk3\" src=\"http:\/\/www.cinevox.be\/wp-content\/uploads\/sites\/2\/2011\/09\/rk3-480x249.jpg\" alt=\"\" width=\"480\" height=\"249\" srcset=\"https:\/\/welovecinema.be\/wp-content\/uploads\/sites\/2\/2011\/09\/rk3-480x249.jpg 480w, https:\/\/welovecinema.be\/wp-content\/uploads\/sites\/2\/2011\/09\/rk3.jpg 781w\" sizes=\"auto, (max-width: 480px) 100vw, 480px\" \/><\/a>[Telex] \u2013 Le steak saignant a la cote \u00e0 la c\u00f4te &#8211; 448.000 spectateurs belges, \u00e7a valait bien un troph\u00e9e. <em>Rundskop<\/em> a re\u00e7u ce week-end \u00e0 Ostende un Award de diamant pour cette performance surnaturelle. Surnaturelle, car le film n&rsquo;\u00e9tait pas vraiment calibr\u00e9 pour f\u00e9d\u00e9rer un public aussi large: \u00e0 la base c&rsquo;est un polar rural, violent, en marge, et \u00e9minemment psychologique. Mais le bouche \u00e0 oreille a fait la diff\u00e9rence. La mise en sc\u00e8ne de <strong>Michael Roskam <\/strong>et la prestation \u00e9tourdissante de <strong>Matthias Schoenaert <\/strong>ont emport\u00e9 l&rsquo;adh\u00e9sion.\u00a0 Quelques jours plus tard, <em>Rundskop<\/em> allait se frotter \u00e0 Adem dans une lutte sans merci pour d\u00e9crocher un maximum de Vlaamse Filmprijzen notamment arbitr\u00e9e par <em>Frits &amp; Freddy<\/em> et <em>Beyond the Steppes. <\/em>Un affrontement dont vous pouvez lire le d\u00e9nouement <a href=\"http:\/\/www.cinevox.be\/pas-de-pitie-pour-les-vegetariens\/\" target=\"_blank\">ICI<\/a><\/p>\n<p>&nbsp;<\/p>\n<p>&nbsp;<\/p>\n<p><a rel=\"attachment wp-att-7529\" href=\"http:\/\/www.cinevox.be\/telex-la-compile-en-belgovision-vol-11-12092011\/314565_10150273690516557_83025311556_8243216_3501076_n\/\"><img loading=\"lazy\" decoding=\"async\" class=\"alignleft size-medium wp-image-7529\" title=\"314565_10150273690516557_83025311556_8243216_3501076_n\" src=\"http:\/\/www.cinevox.be\/wp-content\/uploads\/sites\/2\/2011\/09\/314565_10150273690516557_83025311556_8243216_3501076_n-405x270.jpg\" alt=\"\" width=\"405\" height=\"270\" srcset=\"https:\/\/welovecinema.be\/wp-content\/uploads\/sites\/2\/2011\/09\/314565_10150273690516557_83025311556_8243216_3501076_n-405x270.jpg 405w, https:\/\/welovecinema.be\/wp-content\/uploads\/sites\/2\/2011\/09\/314565_10150273690516557_83025311556_8243216_3501076_n.jpg 720w\" sizes=\"auto, (max-width: 405px) 100vw, 405px\" \/><\/a>[Telex] \u2013 \u00ab\u00a0Les Wallons \u00e0 la mer\u00a0\u00bb \u2013 Toute cette semaine, le Festival d&rsquo;Ostende a battu son plein et mardi 6 septembre est indiscutablement LE jour de l&rsquo;ouverture vers le Sud du pays avec \u200equatre films programm\u00e9 en rafale : <em>Elle ne pleure pas elle chante<\/em> de <strong>Philippe de Pierpont<\/strong>, <em>De leur vivant<\/em> de <strong>G\u00e9raldine Doignon<\/strong> et <em>Au Cul du Loup<\/em> (<strong>Pierre Duculot<\/strong>) pr\u00e9c\u00e9d\u00e9 de <em>Pour toi je ferai bataille<\/em>, un court m\u00e9trage de <strong>Rachel Lang<\/strong>. Le tout au Kinepolis et pr\u00e9sent\u00e9 par monsieur Kurt Vandemaele, par ailleurs r\u00e9dacteur en chef de la version flamande de Cinevox.<\/p>\n<p>&nbsp;<\/p>\n<p>&nbsp;<\/p>\n<p><strong><a rel=\"attachment wp-att-7530\" href=\"http:\/\/www.cinevox.be\/telex-la-compile-en-belgovision-vol-11-12092011\/341266_10150307329137745_742602744_8080296_1786813393_o\/\"><img loading=\"lazy\" decoding=\"async\" class=\"alignright size-large wp-image-7530\" title=\"341266_10150307329137745_742602744_8080296_1786813393_o\" src=\"http:\/\/www.cinevox.be\/wp-content\/uploads\/sites\/2\/2011\/09\/341266_10150307329137745_742602744_8080296_1786813393_o-399x600.jpg\" alt=\"\" width=\"399\" height=\"600\" srcset=\"https:\/\/welovecinema.be\/wp-content\/uploads\/sites\/2\/2011\/09\/341266_10150307329137745_742602744_8080296_1786813393_o-399x600.jpg 399w, https:\/\/welovecinema.be\/wp-content\/uploads\/sites\/2\/2011\/09\/341266_10150307329137745_742602744_8080296_1786813393_o-179x270.jpg 179w, https:\/\/welovecinema.be\/wp-content\/uploads\/sites\/2\/2011\/09\/341266_10150307329137745_742602744_8080296_1786813393_o.jpg 1365w\" sizes=\"auto, (max-width: 399px) 100vw, 399px\" \/><\/a>[Telex] <\/strong><strong>Les amoureux qui se b\u00e9cotent\u2026<\/strong><strong> &#8211; <\/strong>Deux bancs dans un parc. Une jolie femme. Un homme attirant. Elle se pr\u00e9tend danseuse. En attendant, comme lui, elle est dans une maison de sant\u00e9. Lui est clairement bipolaire, obsessionnel, addictif alcoolique et pervers narcissique \u00e0 tendance suicidaire. Elle aussi.<\/p>\n<p>Nicolas Bedos a \u00e9crit \u00ab\u00a0Promenade de sant\u00e9\u00a0\u00bb pour M\u00e9lanie Laurent qui l&rsquo;a jou\u00e9 sur sc\u00e8ne \u00e0 Paris avec J\u00e9rome Kircher. Excellente nouvelle: ce spectacle qui a charm\u00e9 toute la presse parisienne se jouera \u00e0 partir du 25 octobre au th\u00e9\u00e2tre Mercelis avec un couple d&rsquo;enfer sur sc\u00e8ne.<\/p>\n<p>Le moins qu&rsquo;on puisse \u00e9crire est qu&rsquo;ils sont beaux (tr\u00e8s). En plus, ils sont c\u00e9l\u00e8bres (de plus en plus) et amoureux dans la vraie vie (depuis 10 ans). <strong>Tania Garbarski <\/strong>et <strong>Charlie Dupont<\/strong> sont deux des acteurs les plus en vue du cin\u00e9ma belge et comme tous les jeunes gens d\u00e9lur\u00e9s ils sont ouverts \u00e0 toutes les exp\u00e9riences qu&rsquo;on peut leur proposer. Comme de monter ensemble sur sc\u00e8ne.<\/p>\n<p>On ne voulait pas rater l&rsquo;occasion d&rsquo;\u00eatre les tout premiers \u00e0 vous l&rsquo;annoncer (sur notre page Facebook, donc). Ni de vous conseiller de r\u00e9server le plus vite possible : <a href=\"http:\/\/www.netevents.be\/fr\/theatre\/194743\/Promenade-de-sante\/\" target=\"_blank\">ICI<\/a>, par exemple<\/p>\n<p>&nbsp;<\/p>\n<p>&nbsp;<\/p>\n<p><strong> <\/strong><\/p>\n<p><a rel=\"attachment wp-att-7531\" href=\"http:\/\/www.cinevox.be\/telex-la-compile-en-belgovision-vol-11-12092011\/l_hiver_dernier-79-2\/\"><img loading=\"lazy\" decoding=\"async\" class=\"aligncenter size-full wp-image-7531\" title=\"l_hiver_dernier-79\" src=\"http:\/\/www.cinevox.be\/wp-content\/uploads\/sites\/2\/2011\/09\/l_hiver_dernier-79.jpg\" alt=\"\" width=\"1175\" height=\"500\" srcset=\"https:\/\/welovecinema.be\/wp-content\/uploads\/sites\/2\/2011\/09\/l_hiver_dernier-79.jpg 1175w, https:\/\/welovecinema.be\/wp-content\/uploads\/sites\/2\/2011\/09\/l_hiver_dernier-79-480x204.jpg 480w, https:\/\/welovecinema.be\/wp-content\/uploads\/sites\/2\/2011\/09\/l_hiver_dernier-79-800x340.jpg 800w\" sizes=\"auto, (max-width: 1175px) 100vw, 1175px\" \/><\/a><\/p>\n<p>&nbsp;<\/p>\n<p>&nbsp;<\/p>\n[Telex] \u2013 Cette ann\u00e9e, il y aura carr\u00e9ment trois films belges en comp\u00e9tition au festival du film de Gand. <em>Blue Bird<\/em> de <strong>Gust Van den Berghe<\/strong> a \u00e9t\u00e9 pr\u00e9sent\u00e9 \u00e0 la quinzaine des r\u00e9alisateurs \u00e0 Cannes.\u00a0 Les deux autres longs m\u00e9trages sont francophones et actuellement en comp\u00e9tition au festival de Venise: il s&rsquo;agit de <em>L&rsquo;Envahisseur<\/em> de <strong>Nicolas Provost<\/strong> et de l&rsquo;Hiver Dernier de <strong>John Shanks<\/strong>. Le Festival de Gand se d\u00e9roule du 11 au 22 octobre, juste apr\u00e8s celui de Namur, donc. Et c&rsquo;est bien s\u00fbr le grand \u00e9v\u00e9nement cin\u00e9matographique de l&rsquo;automne au Nord du pays.<\/p>\n<p>&nbsp;<\/p>\n","protected":false},"excerpt":{"rendered":"<p>Tous les jours, nous vous proposons nos [Telex], des infos disponibles en primeur sur\u00a0notre page Facebook ! Pour ne rien louper de l&rsquo;actu du cin\u00e9ma belge, n&rsquo;oubliez donc pas de nous y rejoindre. Une fois par semaine, nous composons un best of sur le site. En Belgovision. Et, d\u00e9sormais, en mode extended. C&rsquo;est nouveau, c&rsquo;est &hellip;<\/p>\n","protected":false},"author":7,"featured_media":7533,"comment_status":"closed","ping_status":"closed","sticky":false,"template":"","format":"standard","meta":{"ngg_post_thumbnail":0,"footnotes":""},"categories":[1923,7],"tags":[],"class_list":["post-7525","post","type-post","status-publish","format-standard","has-post-thumbnail","","category-en-bref","category-actualites"],"yoast_head":"<!-- This site is optimized with the Yoast SEO plugin v20.4 - https:\/\/yoast.com\/wordpress\/plugins\/seo\/ -->\n<title>[Telex]  La compile en Belgovision Vol.11 : 12\/09\/2011 - We Love Cinema<\/title>\n<meta name=\"robots\" content=\"index, follow, max-snippet:-1, max-image-preview:large, max-video-preview:-1\" \/>\n<link rel=\"canonical\" href=\"https:\/\/welovecinema.be\/fr\/telex-la-compile-en-belgovision-vol-11-12092011\/\" \/>\n<meta property=\"og:locale\" content=\"fr_FR\" \/>\n<meta property=\"og:type\" content=\"article\" \/>\n<meta property=\"og:title\" content=\"[Telex]  La compile en Belgovision Vol.11 : 12\/09\/2011 - We Love Cinema\" \/>\n<meta property=\"og:description\" content=\"Tous les jours, nous vous proposons nos [Telex], des infos disponibles en primeur sur\u00a0notre page Facebook ! Pour ne rien louper de l&rsquo;actu du cin\u00e9ma belge, n&rsquo;oubliez donc pas de nous y rejoindre. Une fois par semaine, nous composons un best of sur le site. En Belgovision. Et, d\u00e9sormais, en mode extended. C&rsquo;est nouveau, c&rsquo;est &hellip;\" \/>\n<meta property=\"og:url\" content=\"https:\/\/welovecinema.be\/fr\/telex-la-compile-en-belgovision-vol-11-12092011\/\" \/>\n<meta property=\"og:site_name\" content=\"We Love Cinema\" \/>\n<meta property=\"article:publisher\" content=\"https:\/\/www.facebook.com\/welovecinema.be\" \/>\n<meta property=\"article:published_time\" content=\"2011-09-12T06:02:53+00:00\" \/>\n<meta property=\"article:modified_time\" content=\"2011-09-12T07:31:50+00:00\" \/>\n<meta property=\"og:image\" content=\"https:\/\/welovecinema.be\/wp-content\/uploads\/sites\/2\/2011\/09\/telex-belgovision1.jpg\" \/>\n\t<meta property=\"og:image:width\" content=\"2834\" \/>\n\t<meta property=\"og:image:height\" content=\"1657\" \/>\n\t<meta property=\"og:image:type\" content=\"image\/jpeg\" \/>\n<meta name=\"author\" content=\"Philippe.Pierquin\" \/>\n<meta name=\"twitter:card\" content=\"summary_large_image\" \/>\n<meta name=\"twitter:label1\" content=\"\u00c9crit par\" \/>\n\t<meta name=\"twitter:data1\" content=\"Philippe.Pierquin\" \/>\n\t<meta name=\"twitter:label2\" content=\"Dur\u00e9e de lecture estim\u00e9e\" \/>\n\t<meta name=\"twitter:data2\" content=\"3 minutes\" \/>\n<script type=\"application\/ld+json\" class=\"yoast-schema-graph\">{\"@context\":\"https:\/\/schema.org\",\"@graph\":[{\"@type\":\"Article\",\"@id\":\"https:\/\/welovecinema.be\/fr\/telex-la-compile-en-belgovision-vol-11-12092011\/#article\",\"isPartOf\":{\"@id\":\"https:\/\/welovecinema.be\/fr\/telex-la-compile-en-belgovision-vol-11-12092011\/\"},\"author\":{\"name\":\"Philippe.Pierquin\",\"@id\":\"https:\/\/welovecinema.be\/nl\/#\/schema\/person\/4b9b1d857f0943453a38a7c2859ef756\"},\"headline\":\"[Telex] La compile en Belgovision Vol.11 : 12\/09\/2011\",\"datePublished\":\"2011-09-12T06:02:53+00:00\",\"dateModified\":\"2011-09-12T07:31:50+00:00\",\"mainEntityOfPage\":{\"@id\":\"https:\/\/welovecinema.be\/fr\/telex-la-compile-en-belgovision-vol-11-12092011\/\"},\"wordCount\":666,\"publisher\":{\"@id\":\"https:\/\/welovecinema.be\/nl\/#organization\"},\"articleSection\":[\"En bref\",\"News\"],\"inLanguage\":\"fr-FR\"},{\"@type\":\"WebPage\",\"@id\":\"https:\/\/welovecinema.be\/fr\/telex-la-compile-en-belgovision-vol-11-12092011\/\",\"url\":\"https:\/\/welovecinema.be\/fr\/telex-la-compile-en-belgovision-vol-11-12092011\/\",\"name\":\"[Telex] La compile en Belgovision Vol.11 : 12\/09\/2011 - We Love Cinema\",\"isPartOf\":{\"@id\":\"https:\/\/welovecinema.be\/nl\/#website\"},\"datePublished\":\"2011-09-12T06:02:53+00:00\",\"dateModified\":\"2011-09-12T07:31:50+00:00\",\"breadcrumb\":{\"@id\":\"https:\/\/welovecinema.be\/fr\/telex-la-compile-en-belgovision-vol-11-12092011\/#breadcrumb\"},\"inLanguage\":\"fr-FR\",\"potentialAction\":[{\"@type\":\"ReadAction\",\"target\":[\"https:\/\/welovecinema.be\/fr\/telex-la-compile-en-belgovision-vol-11-12092011\/\"]}]},{\"@type\":\"BreadcrumbList\",\"@id\":\"https:\/\/welovecinema.be\/fr\/telex-la-compile-en-belgovision-vol-11-12092011\/#breadcrumb\",\"itemListElement\":[{\"@type\":\"ListItem\",\"position\":1,\"name\":\"Accueil\",\"item\":\"https:\/\/welovecinema.be\/fr\/\"},{\"@type\":\"ListItem\",\"position\":2,\"name\":\"[Telex] La compile en Belgovision Vol.11 : 12\/09\/2011\"}]},{\"@type\":\"WebSite\",\"@id\":\"https:\/\/welovecinema.be\/nl\/#website\",\"url\":\"https:\/\/welovecinema.be\/nl\/\",\"name\":\"We Love Cinema\",\"description\":\"Toute l\u2019information du cin\u00e9ma en Belgique\",\"publisher\":{\"@id\":\"https:\/\/welovecinema.be\/nl\/#organization\"},\"potentialAction\":[{\"@type\":\"SearchAction\",\"target\":{\"@type\":\"EntryPoint\",\"urlTemplate\":\"https:\/\/welovecinema.be\/nl\/?s={search_term_string}\"},\"query-input\":\"required name=search_term_string\"}],\"inLanguage\":\"fr-FR\"},{\"@type\":\"Organization\",\"@id\":\"https:\/\/welovecinema.be\/nl\/#organization\",\"name\":\"We Love Cinema\",\"url\":\"https:\/\/welovecinema.be\/nl\/\",\"logo\":{\"@type\":\"ImageObject\",\"inLanguage\":\"fr-FR\",\"@id\":\"https:\/\/welovecinema.be\/nl\/#\/schema\/logo\/image\/\",\"url\":\"https:\/\/welovecinema.be\/wp-content\/uploads\/sites\/2\/2023\/03\/Logo-We-Love-Cinema305x128.jpg\",\"contentUrl\":\"https:\/\/welovecinema.be\/wp-content\/uploads\/sites\/2\/2023\/03\/Logo-We-Love-Cinema305x128.jpg\",\"width\":305,\"height\":128,\"caption\":\"We Love Cinema\"},\"image\":{\"@id\":\"https:\/\/welovecinema.be\/nl\/#\/schema\/logo\/image\/\"},\"sameAs\":[\"https:\/\/www.facebook.com\/welovecinema.be\",\"https:\/\/www.youtube.com\/channel\/UCX5LYGVhnKvYauW4Nta4HJA\",\"https:\/\/www.instagram.com\/welovecinema.be\/\"]},{\"@type\":\"Person\",\"@id\":\"https:\/\/welovecinema.be\/nl\/#\/schema\/person\/4b9b1d857f0943453a38a7c2859ef756\",\"name\":\"Philippe.Pierquin\",\"url\":\"https:\/\/welovecinema.be\/fr\/author\/philippe-pierquin\/\"}]}<\/script>\n<!-- \/ Yoast SEO plugin. -->","yoast_head_json":{"title":"[Telex]  La compile en Belgovision Vol.11 : 12\/09\/2011 - We Love Cinema","robots":{"index":"index","follow":"follow","max-snippet":"max-snippet:-1","max-image-preview":"max-image-preview:large","max-video-preview":"max-video-preview:-1"},"canonical":"https:\/\/welovecinema.be\/fr\/telex-la-compile-en-belgovision-vol-11-12092011\/","og_locale":"fr_FR","og_type":"article","og_title":"[Telex]  La compile en Belgovision Vol.11 : 12\/09\/2011 - We Love Cinema","og_description":"Tous les jours, nous vous proposons nos [Telex], des infos disponibles en primeur sur\u00a0notre page Facebook ! Pour ne rien louper de l&rsquo;actu du cin\u00e9ma belge, n&rsquo;oubliez donc pas de nous y rejoindre. Une fois par semaine, nous composons un best of sur le site. En Belgovision. Et, d\u00e9sormais, en mode extended. C&rsquo;est nouveau, c&rsquo;est &hellip;","og_url":"https:\/\/welovecinema.be\/fr\/telex-la-compile-en-belgovision-vol-11-12092011\/","og_site_name":"We Love Cinema","article_publisher":"https:\/\/www.facebook.com\/welovecinema.be","article_published_time":"2011-09-12T06:02:53+00:00","article_modified_time":"2011-09-12T07:31:50+00:00","og_image":[{"width":"2834","height":"1657","url":"https:\/\/welovecinema.be\/wp-content\/uploads\/sites\/2\/2011\/09\/telex-belgovision1.jpg","type":"image\/jpeg"}],"author":"Philippe.Pierquin","twitter_card":"summary_large_image","twitter_misc":{"\u00c9crit par":"Philippe.Pierquin","Dur\u00e9e de lecture estim\u00e9e":"3 minutes"},"schema":{"@context":"https:\/\/schema.org","@graph":[{"@type":"Article","@id":"https:\/\/welovecinema.be\/fr\/telex-la-compile-en-belgovision-vol-11-12092011\/#article","isPartOf":{"@id":"https:\/\/welovecinema.be\/fr\/telex-la-compile-en-belgovision-vol-11-12092011\/"},"author":{"name":"Philippe.Pierquin","@id":"https:\/\/welovecinema.be\/nl\/#\/schema\/person\/4b9b1d857f0943453a38a7c2859ef756"},"headline":"[Telex] La compile en Belgovision Vol.11 : 12\/09\/2011","datePublished":"2011-09-12T06:02:53+00:00","dateModified":"2011-09-12T07:31:50+00:00","mainEntityOfPage":{"@id":"https:\/\/welovecinema.be\/fr\/telex-la-compile-en-belgovision-vol-11-12092011\/"},"wordCount":666,"publisher":{"@id":"https:\/\/welovecinema.be\/nl\/#organization"},"articleSection":["En bref","News"],"inLanguage":"fr-FR"},{"@type":"WebPage","@id":"https:\/\/welovecinema.be\/fr\/telex-la-compile-en-belgovision-vol-11-12092011\/","url":"https:\/\/welovecinema.be\/fr\/telex-la-compile-en-belgovision-vol-11-12092011\/","name":"[Telex] La compile en Belgovision Vol.11 : 12\/09\/2011 - We Love Cinema","isPartOf":{"@id":"https:\/\/welovecinema.be\/nl\/#website"},"datePublished":"2011-09-12T06:02:53+00:00","dateModified":"2011-09-12T07:31:50+00:00","breadcrumb":{"@id":"https:\/\/welovecinema.be\/fr\/telex-la-compile-en-belgovision-vol-11-12092011\/#breadcrumb"},"inLanguage":"fr-FR","potentialAction":[{"@type":"ReadAction","target":["https:\/\/welovecinema.be\/fr\/telex-la-compile-en-belgovision-vol-11-12092011\/"]}]},{"@type":"BreadcrumbList","@id":"https:\/\/welovecinema.be\/fr\/telex-la-compile-en-belgovision-vol-11-12092011\/#breadcrumb","itemListElement":[{"@type":"ListItem","position":1,"name":"Accueil","item":"https:\/\/welovecinema.be\/fr\/"},{"@type":"ListItem","position":2,"name":"[Telex] La compile en Belgovision Vol.11 : 12\/09\/2011"}]},{"@type":"WebSite","@id":"https:\/\/welovecinema.be\/nl\/#website","url":"https:\/\/welovecinema.be\/nl\/","name":"We Love Cinema","description":"Toute l\u2019information du cin\u00e9ma en Belgique","publisher":{"@id":"https:\/\/welovecinema.be\/nl\/#organization"},"potentialAction":[{"@type":"SearchAction","target":{"@type":"EntryPoint","urlTemplate":"https:\/\/welovecinema.be\/nl\/?s={search_term_string}"},"query-input":"required name=search_term_string"}],"inLanguage":"fr-FR"},{"@type":"Organization","@id":"https:\/\/welovecinema.be\/nl\/#organization","name":"We Love Cinema","url":"https:\/\/welovecinema.be\/nl\/","logo":{"@type":"ImageObject","inLanguage":"fr-FR","@id":"https:\/\/welovecinema.be\/nl\/#\/schema\/logo\/image\/","url":"https:\/\/welovecinema.be\/wp-content\/uploads\/sites\/2\/2023\/03\/Logo-We-Love-Cinema305x128.jpg","contentUrl":"https:\/\/welovecinema.be\/wp-content\/uploads\/sites\/2\/2023\/03\/Logo-We-Love-Cinema305x128.jpg","width":305,"height":128,"caption":"We Love Cinema"},"image":{"@id":"https:\/\/welovecinema.be\/nl\/#\/schema\/logo\/image\/"},"sameAs":["https:\/\/www.facebook.com\/welovecinema.be","https:\/\/www.youtube.com\/channel\/UCX5LYGVhnKvYauW4Nta4HJA","https:\/\/www.instagram.com\/welovecinema.be\/"]},{"@type":"Person","@id":"https:\/\/welovecinema.be\/nl\/#\/schema\/person\/4b9b1d857f0943453a38a7c2859ef756","name":"Philippe.Pierquin","url":"https:\/\/welovecinema.be\/fr\/author\/philippe-pierquin\/"}]}},"_links":{"self":[{"href":"https:\/\/welovecinema.be\/fr\/wp-json\/wp\/v2\/posts\/7525","targetHints":{"allow":["GET"]}}],"collection":[{"href":"https:\/\/welovecinema.be\/fr\/wp-json\/wp\/v2\/posts"}],"about":[{"href":"https:\/\/welovecinema.be\/fr\/wp-json\/wp\/v2\/types\/post"}],"author":[{"embeddable":true,"href":"https:\/\/welovecinema.be\/fr\/wp-json\/wp\/v2\/users\/7"}],"replies":[{"embeddable":true,"href":"https:\/\/welovecinema.be\/fr\/wp-json\/wp\/v2\/comments?post=7525"}],"version-history":[{"count":0,"href":"https:\/\/welovecinema.be\/fr\/wp-json\/wp\/v2\/posts\/7525\/revisions"}],"wp:featuredmedia":[{"embeddable":true,"href":"https:\/\/welovecinema.be\/fr\/wp-json\/wp\/v2\/media\/7533"}],"wp:attachment":[{"href":"https:\/\/welovecinema.be\/fr\/wp-json\/wp\/v2\/media?parent=7525"}],"wp:term":[{"taxonomy":"category","embeddable":true,"href":"https:\/\/welovecinema.be\/fr\/wp-json\/wp\/v2\/categories?post=7525"},{"taxonomy":"post_tag","embeddable":true,"href":"https:\/\/welovecinema.be\/fr\/wp-json\/wp\/v2\/tags?post=7525"}],"curies":[{"name":"wp","href":"https:\/\/api.w.org\/{rel}","templated":true}]}}