{"id":75200,"date":"2015-07-07T07:54:11","date_gmt":"2015-07-07T05:54:11","guid":{"rendered":"http:\/\/www.cinevox.be\/?p=75200"},"modified":"2015-06-22T13:03:05","modified_gmt":"2015-06-22T11:03:05","slug":"le-reve-de-lelephant","status":"publish","type":"post","link":"https:\/\/welovecinema.be\/fr\/le-reve-de-lelephant\/","title":{"rendered":"Le r\u00eave de l&rsquo;\u00e9l\u00e9phant"},"content":{"rendered":"<p>Cette semaine \u00ab Fen\u00eatre sur doc \u00bb nous emm\u00e8ne au Congo, \u00e0 la rencontre de trois personnages travaillant dans trois institutions publiques: la gare de chemins de fer, la poste et la caserne du service Incendie.<\/p>\n<p>&nbsp;<\/p>\n<p>Loin de l\u2019actualit\u00e9 souvent violente qui secoue la R\u00e9publique d\u00e9mocratique du Congo, ce film nous offre une vision empathique de ce pays en pleine mutation.<\/p>\n<p><em>Elephant\u2019s dream,<\/em> un documentaire de Kristof Bilsen \u00e0 voir <strong>le jeudi 9 juillet \u00e0 21h00 sur La Trois<\/strong>.<!--more--><\/p>\n<p>&nbsp;<\/p>\n<p>Une gare ferroviaire o\u00f9 les trains qui passent se font rares, un bureau de poste sans facteur ni courrier et une caserne de pompiers \u00e0 peine \u00e9quip\u00e9e pour \u00e9teindre un incendie : c\u2019est le triple d\u00e9cor de ce documentaire qui dresse le portrait de trois instituions du service public au Congo et de leurs employ\u00e9s. Trois histoires s\u2019entrecroisent : celle de Henriette, une posti\u00e8re dans son bureau d\u00e9glingu\u00e9, celle de Simon et son coll\u00e8gue Nzai dans une gare perdue et enfin celle du Lieutenant Kasunga, sapeur-pompier dans\u00a0la seule caserne de la ville. \u00c0 travers leur quotidien, nous d\u00e9couvrons des citoyens dans leur combat de survie \u00e0 Kinshasa, la troisi\u00e8me plus grande ville d\u2019Afrique. Tant la gare que le bureau de poste que la caserne de pompiers datent la de la colonisation belge et en faisaient partie int\u00e9grante jusqu\u2019aux ann\u00e9es 60\u2019. Il n\u2019en reste que des vestiges.<\/p>\n<p>Le film d\u00e9marre au bureau de poste principal de Kinshasa. Un \u00e9norme b\u00e2timent, presque vide. Henriette derri\u00e8re son guichet semble tuer le temps, au point qu\u2019on se demande si la poste existe vraiment.<\/p>\n<p>Sur le quai de la gare, on fait la connaissance de Simon, agent de la s\u00e9curit\u00e9. Il n\u2019y a presque pas de trains qui passent. La gare est devenue un lieu o\u00f9 on vient pour \u00e9tudier ou se reposer.<\/p>\n<p>&nbsp;<\/p>\n<p><iframe loading=\"lazy\" src=\"https:\/\/www.youtube.com\/embed\/vqt46BOIyiQ\" width=\"620\" height=\"347\" frameborder=\"0\" allowfullscreen=\"allowfullscreen\"><\/iframe><\/p>\n<p>&nbsp;<\/p>\n<p><strong>\u00a0<\/strong>Au quartier g\u00e9n\u00e9ral des pompiers de la ville, le lieutenant Kasunga explique qu\u2019il faudrait 5 ou 6 casernes en plus de la caserne principale \u00e0 Kinshasa mais il n\u2019y en a qu\u2019une seule. \u00a0\u00bb Ce n\u2019est pas notre faute, on sera toujours en retard \u00ab\u00a0.<\/p>\n<p>Avec humour, ces trois personnages nous partagent leurs incertitudes, leur combat et leur espoir en un avenir meilleur. Avec eux, on peut se demander comment (sur)vivre dans un pays en crise.<\/p>\n<p><strong>Production:<\/strong>\u00a0Associate Directors \/ Man\u2019s Films \/ Roast Beef Production \/ Limerick Films \/ La RTBF<\/p>\n<p>&nbsp;<\/p>\n<p>&nbsp;<\/p>\n<p><strong>Ce film a d\u00e9j\u00e0 \u00e9t\u00e9 s\u00e9lectionn\u00e9 dans de nombreux festivals :<\/strong><\/p>\n<p>&nbsp;<\/p>\n<ul>\n<li>DOK Leipzig \u2013 Young Cinema Competition \u2013 Octobre 2014<\/li>\n<li>IDFA, International Documentary Film Festival Amsterdam \u2013 Novembre 2014<\/li>\n<li>Doc Point Film Festival, Helsinki \u2013 Janvier 2015<\/li>\n<li>Planete+ Documentary Film Festival, Varsovie \u2013 Mai 2015<\/li>\n<\/ul>\n<p>&nbsp;<\/p>\n","protected":false},"excerpt":{"rendered":"<p>Cette semaine \u00ab Fen\u00eatre sur doc \u00bb nous emm\u00e8ne au Congo, \u00e0 la rencontre de trois personnages travaillant dans trois institutions publiques: la gare de chemins de fer, la poste et la caserne du service Incendie. &nbsp; Loin de l\u2019actualit\u00e9 souvent violente qui secoue la R\u00e9publique d\u00e9mocratique du Congo, ce film nous offre une vision &hellip;<\/p>\n","protected":false},"author":7,"featured_media":75202,"comment_status":"closed","ping_status":"closed","sticky":false,"template":"","format":"standard","meta":{"ngg_post_thumbnail":0,"footnotes":""},"categories":[14],"tags":[],"class_list":["post-75200","post","type-post","status-publish","format-standard","has-post-thumbnail","","category-home-cinema"],"yoast_head":"<!-- This site is optimized with the Yoast SEO plugin v20.4 - https:\/\/yoast.com\/wordpress\/plugins\/seo\/ -->\n<title>Le r\u00eave de l&#039;\u00e9l\u00e9phant - We Love Cinema<\/title>\n<meta name=\"robots\" content=\"index, follow, max-snippet:-1, max-image-preview:large, max-video-preview:-1\" \/>\n<link rel=\"canonical\" href=\"https:\/\/welovecinema.be\/fr\/le-reve-de-lelephant\/\" \/>\n<meta property=\"og:locale\" content=\"fr_FR\" \/>\n<meta property=\"og:type\" content=\"article\" \/>\n<meta property=\"og:title\" content=\"Le r\u00eave de l&#039;\u00e9l\u00e9phant - We Love Cinema\" \/>\n<meta property=\"og:description\" content=\"Cette semaine \u00ab Fen\u00eatre sur doc \u00bb nous emm\u00e8ne au Congo, \u00e0 la rencontre de trois personnages travaillant dans trois institutions publiques: la gare de chemins de fer, la poste et la caserne du service Incendie. &nbsp; Loin de l\u2019actualit\u00e9 souvent violente qui secoue la R\u00e9publique d\u00e9mocratique du Congo, ce film nous offre une vision &hellip;\" \/>\n<meta property=\"og:url\" content=\"https:\/\/welovecinema.be\/fr\/le-reve-de-lelephant\/\" \/>\n<meta property=\"og:site_name\" content=\"We Love Cinema\" \/>\n<meta property=\"article:publisher\" content=\"https:\/\/www.facebook.com\/welovecinema.be\" \/>\n<meta property=\"article:published_time\" content=\"2015-07-07T05:54:11+00:00\" \/>\n<meta property=\"article:modified_time\" content=\"2015-06-22T11:03:05+00:00\" \/>\n<meta property=\"og:image\" content=\"https:\/\/welovecinema.be\/wp-content\/uploads\/sites\/2\/2015\/07\/elephant.jpg\" \/>\n\t<meta property=\"og:image:width\" content=\"624\" \/>\n\t<meta property=\"og:image:height\" content=\"351\" \/>\n\t<meta property=\"og:image:type\" content=\"image\/jpeg\" \/>\n<meta name=\"author\" content=\"Philippe.Pierquin\" \/>\n<meta name=\"twitter:card\" content=\"summary_large_image\" \/>\n<meta name=\"twitter:label1\" content=\"\u00c9crit par\" \/>\n\t<meta name=\"twitter:data1\" content=\"Philippe.Pierquin\" \/>\n\t<meta name=\"twitter:label2\" content=\"Dur\u00e9e de lecture estim\u00e9e\" \/>\n\t<meta name=\"twitter:data2\" content=\"2 minutes\" \/>\n<script type=\"application\/ld+json\" class=\"yoast-schema-graph\">{\"@context\":\"https:\/\/schema.org\",\"@graph\":[{\"@type\":\"Article\",\"@id\":\"https:\/\/welovecinema.be\/fr\/le-reve-de-lelephant\/#article\",\"isPartOf\":{\"@id\":\"https:\/\/welovecinema.be\/fr\/le-reve-de-lelephant\/\"},\"author\":{\"name\":\"Philippe.Pierquin\",\"@id\":\"https:\/\/welovecinema.be\/nl\/#\/schema\/person\/4b9b1d857f0943453a38a7c2859ef756\"},\"headline\":\"Le r\u00eave de l&rsquo;\u00e9l\u00e9phant\",\"datePublished\":\"2015-07-07T05:54:11+00:00\",\"dateModified\":\"2015-06-22T11:03:05+00:00\",\"mainEntityOfPage\":{\"@id\":\"https:\/\/welovecinema.be\/fr\/le-reve-de-lelephant\/\"},\"wordCount\":456,\"publisher\":{\"@id\":\"https:\/\/welovecinema.be\/nl\/#organization\"},\"articleSection\":[\"Plateau t\u00e9l\u00e9\"],\"inLanguage\":\"fr-FR\"},{\"@type\":\"WebPage\",\"@id\":\"https:\/\/welovecinema.be\/fr\/le-reve-de-lelephant\/\",\"url\":\"https:\/\/welovecinema.be\/fr\/le-reve-de-lelephant\/\",\"name\":\"Le r\u00eave de l'\u00e9l\u00e9phant - We Love Cinema\",\"isPartOf\":{\"@id\":\"https:\/\/welovecinema.be\/nl\/#website\"},\"datePublished\":\"2015-07-07T05:54:11+00:00\",\"dateModified\":\"2015-06-22T11:03:05+00:00\",\"breadcrumb\":{\"@id\":\"https:\/\/welovecinema.be\/fr\/le-reve-de-lelephant\/#breadcrumb\"},\"inLanguage\":\"fr-FR\",\"potentialAction\":[{\"@type\":\"ReadAction\",\"target\":[\"https:\/\/welovecinema.be\/fr\/le-reve-de-lelephant\/\"]}]},{\"@type\":\"BreadcrumbList\",\"@id\":\"https:\/\/welovecinema.be\/fr\/le-reve-de-lelephant\/#breadcrumb\",\"itemListElement\":[{\"@type\":\"ListItem\",\"position\":1,\"name\":\"Accueil\",\"item\":\"https:\/\/welovecinema.be\/fr\/\"},{\"@type\":\"ListItem\",\"position\":2,\"name\":\"Le r\u00eave de l&rsquo;\u00e9l\u00e9phant\"}]},{\"@type\":\"WebSite\",\"@id\":\"https:\/\/welovecinema.be\/nl\/#website\",\"url\":\"https:\/\/welovecinema.be\/nl\/\",\"name\":\"We Love Cinema\",\"description\":\"Toute l\u2019information du cin\u00e9ma en Belgique\",\"publisher\":{\"@id\":\"https:\/\/welovecinema.be\/nl\/#organization\"},\"potentialAction\":[{\"@type\":\"SearchAction\",\"target\":{\"@type\":\"EntryPoint\",\"urlTemplate\":\"https:\/\/welovecinema.be\/nl\/?s={search_term_string}\"},\"query-input\":\"required name=search_term_string\"}],\"inLanguage\":\"fr-FR\"},{\"@type\":\"Organization\",\"@id\":\"https:\/\/welovecinema.be\/nl\/#organization\",\"name\":\"We Love Cinema\",\"url\":\"https:\/\/welovecinema.be\/nl\/\",\"logo\":{\"@type\":\"ImageObject\",\"inLanguage\":\"fr-FR\",\"@id\":\"https:\/\/welovecinema.be\/nl\/#\/schema\/logo\/image\/\",\"url\":\"https:\/\/welovecinema.be\/wp-content\/uploads\/sites\/2\/2023\/03\/Logo-We-Love-Cinema305x128.jpg\",\"contentUrl\":\"https:\/\/welovecinema.be\/wp-content\/uploads\/sites\/2\/2023\/03\/Logo-We-Love-Cinema305x128.jpg\",\"width\":305,\"height\":128,\"caption\":\"We Love Cinema\"},\"image\":{\"@id\":\"https:\/\/welovecinema.be\/nl\/#\/schema\/logo\/image\/\"},\"sameAs\":[\"https:\/\/www.facebook.com\/welovecinema.be\",\"https:\/\/www.youtube.com\/channel\/UCX5LYGVhnKvYauW4Nta4HJA\",\"https:\/\/www.instagram.com\/welovecinema.be\/\"]},{\"@type\":\"Person\",\"@id\":\"https:\/\/welovecinema.be\/nl\/#\/schema\/person\/4b9b1d857f0943453a38a7c2859ef756\",\"name\":\"Philippe.Pierquin\",\"url\":\"https:\/\/welovecinema.be\/fr\/author\/philippe-pierquin\/\"}]}<\/script>\n<!-- \/ Yoast SEO plugin. -->","yoast_head_json":{"title":"Le r\u00eave de l'\u00e9l\u00e9phant - We Love Cinema","robots":{"index":"index","follow":"follow","max-snippet":"max-snippet:-1","max-image-preview":"max-image-preview:large","max-video-preview":"max-video-preview:-1"},"canonical":"https:\/\/welovecinema.be\/fr\/le-reve-de-lelephant\/","og_locale":"fr_FR","og_type":"article","og_title":"Le r\u00eave de l'\u00e9l\u00e9phant - We Love Cinema","og_description":"Cette semaine \u00ab Fen\u00eatre sur doc \u00bb nous emm\u00e8ne au Congo, \u00e0 la rencontre de trois personnages travaillant dans trois institutions publiques: la gare de chemins de fer, la poste et la caserne du service Incendie. &nbsp; Loin de l\u2019actualit\u00e9 souvent violente qui secoue la R\u00e9publique d\u00e9mocratique du Congo, ce film nous offre une vision &hellip;","og_url":"https:\/\/welovecinema.be\/fr\/le-reve-de-lelephant\/","og_site_name":"We Love Cinema","article_publisher":"https:\/\/www.facebook.com\/welovecinema.be","article_published_time":"2015-07-07T05:54:11+00:00","article_modified_time":"2015-06-22T11:03:05+00:00","og_image":[{"width":624,"height":351,"url":"https:\/\/welovecinema.be\/wp-content\/uploads\/sites\/2\/2015\/07\/elephant.jpg","type":"image\/jpeg"}],"author":"Philippe.Pierquin","twitter_card":"summary_large_image","twitter_misc":{"\u00c9crit par":"Philippe.Pierquin","Dur\u00e9e de lecture estim\u00e9e":"2 minutes"},"schema":{"@context":"https:\/\/schema.org","@graph":[{"@type":"Article","@id":"https:\/\/welovecinema.be\/fr\/le-reve-de-lelephant\/#article","isPartOf":{"@id":"https:\/\/welovecinema.be\/fr\/le-reve-de-lelephant\/"},"author":{"name":"Philippe.Pierquin","@id":"https:\/\/welovecinema.be\/nl\/#\/schema\/person\/4b9b1d857f0943453a38a7c2859ef756"},"headline":"Le r\u00eave de l&rsquo;\u00e9l\u00e9phant","datePublished":"2015-07-07T05:54:11+00:00","dateModified":"2015-06-22T11:03:05+00:00","mainEntityOfPage":{"@id":"https:\/\/welovecinema.be\/fr\/le-reve-de-lelephant\/"},"wordCount":456,"publisher":{"@id":"https:\/\/welovecinema.be\/nl\/#organization"},"articleSection":["Plateau t\u00e9l\u00e9"],"inLanguage":"fr-FR"},{"@type":"WebPage","@id":"https:\/\/welovecinema.be\/fr\/le-reve-de-lelephant\/","url":"https:\/\/welovecinema.be\/fr\/le-reve-de-lelephant\/","name":"Le r\u00eave de l'\u00e9l\u00e9phant - We Love Cinema","isPartOf":{"@id":"https:\/\/welovecinema.be\/nl\/#website"},"datePublished":"2015-07-07T05:54:11+00:00","dateModified":"2015-06-22T11:03:05+00:00","breadcrumb":{"@id":"https:\/\/welovecinema.be\/fr\/le-reve-de-lelephant\/#breadcrumb"},"inLanguage":"fr-FR","potentialAction":[{"@type":"ReadAction","target":["https:\/\/welovecinema.be\/fr\/le-reve-de-lelephant\/"]}]},{"@type":"BreadcrumbList","@id":"https:\/\/welovecinema.be\/fr\/le-reve-de-lelephant\/#breadcrumb","itemListElement":[{"@type":"ListItem","position":1,"name":"Accueil","item":"https:\/\/welovecinema.be\/fr\/"},{"@type":"ListItem","position":2,"name":"Le r\u00eave de l&rsquo;\u00e9l\u00e9phant"}]},{"@type":"WebSite","@id":"https:\/\/welovecinema.be\/nl\/#website","url":"https:\/\/welovecinema.be\/nl\/","name":"We Love Cinema","description":"Toute l\u2019information du cin\u00e9ma en Belgique","publisher":{"@id":"https:\/\/welovecinema.be\/nl\/#organization"},"potentialAction":[{"@type":"SearchAction","target":{"@type":"EntryPoint","urlTemplate":"https:\/\/welovecinema.be\/nl\/?s={search_term_string}"},"query-input":"required name=search_term_string"}],"inLanguage":"fr-FR"},{"@type":"Organization","@id":"https:\/\/welovecinema.be\/nl\/#organization","name":"We Love Cinema","url":"https:\/\/welovecinema.be\/nl\/","logo":{"@type":"ImageObject","inLanguage":"fr-FR","@id":"https:\/\/welovecinema.be\/nl\/#\/schema\/logo\/image\/","url":"https:\/\/welovecinema.be\/wp-content\/uploads\/sites\/2\/2023\/03\/Logo-We-Love-Cinema305x128.jpg","contentUrl":"https:\/\/welovecinema.be\/wp-content\/uploads\/sites\/2\/2023\/03\/Logo-We-Love-Cinema305x128.jpg","width":305,"height":128,"caption":"We Love Cinema"},"image":{"@id":"https:\/\/welovecinema.be\/nl\/#\/schema\/logo\/image\/"},"sameAs":["https:\/\/www.facebook.com\/welovecinema.be","https:\/\/www.youtube.com\/channel\/UCX5LYGVhnKvYauW4Nta4HJA","https:\/\/www.instagram.com\/welovecinema.be\/"]},{"@type":"Person","@id":"https:\/\/welovecinema.be\/nl\/#\/schema\/person\/4b9b1d857f0943453a38a7c2859ef756","name":"Philippe.Pierquin","url":"https:\/\/welovecinema.be\/fr\/author\/philippe-pierquin\/"}]}},"_links":{"self":[{"href":"https:\/\/welovecinema.be\/fr\/wp-json\/wp\/v2\/posts\/75200","targetHints":{"allow":["GET"]}}],"collection":[{"href":"https:\/\/welovecinema.be\/fr\/wp-json\/wp\/v2\/posts"}],"about":[{"href":"https:\/\/welovecinema.be\/fr\/wp-json\/wp\/v2\/types\/post"}],"author":[{"embeddable":true,"href":"https:\/\/welovecinema.be\/fr\/wp-json\/wp\/v2\/users\/7"}],"replies":[{"embeddable":true,"href":"https:\/\/welovecinema.be\/fr\/wp-json\/wp\/v2\/comments?post=75200"}],"version-history":[{"count":0,"href":"https:\/\/welovecinema.be\/fr\/wp-json\/wp\/v2\/posts\/75200\/revisions"}],"wp:featuredmedia":[{"embeddable":true,"href":"https:\/\/welovecinema.be\/fr\/wp-json\/wp\/v2\/media\/75202"}],"wp:attachment":[{"href":"https:\/\/welovecinema.be\/fr\/wp-json\/wp\/v2\/media?parent=75200"}],"wp:term":[{"taxonomy":"category","embeddable":true,"href":"https:\/\/welovecinema.be\/fr\/wp-json\/wp\/v2\/categories?post=75200"},{"taxonomy":"post_tag","embeddable":true,"href":"https:\/\/welovecinema.be\/fr\/wp-json\/wp\/v2\/tags?post=75200"}],"curies":[{"name":"wp","href":"https:\/\/api.w.org\/{rel}","templated":true}]}}