{"id":7432,"date":"2012-02-20T07:43:34","date_gmt":"2012-02-20T07:43:34","guid":{"rendered":"http:\/\/www.cinevox.be\/?p=7432"},"modified":"2012-02-20T09:58:30","modified_gmt":"2012-02-20T09:58:30","slug":"fils-unique-ungoutdemiel","status":"publish","type":"post","link":"https:\/\/welovecinema.be\/fr\/fils-unique-ungoutdemiel\/","title":{"rendered":"Fils Unique <br> Un go\u00fbt de Miel"},"content":{"rendered":"<p>Apr\u00e8s un impressionnant parcours qui l&rsquo;a conduit des Film Days (Cinevox Happenings) \u00a0au FIFF namurois, puis dans divers festivals dont celui d&rsquo;Arras, o\u00f9 il a d\u00e9croch\u00e9 le\u00a0Prix du Jury jeune Cin\u00e9ma, <em>Fils Unique<\/em> est enfin arriv\u00e9 dans nos salles le 15 f\u00e9vrier. \u00a0Une sortie un peu trop confidentielle pour un film qui m\u00e9rite mieux, comme nous vous le disions <a href=\"http:\/\/www.cinevox.be\/fils-unique-lhomme-qui-parlait-aux-mouches\/\" target=\"_blank\">ICI<\/a>.<\/p>\n<p>Son r\u00e9alisateur,\u00a0<strong>Miel Van Hoogenbemt, <\/strong>est un homme passionn\u00e9,\u00a0un personnage atypique, aussi fermement ancr\u00e9 dans le paysage audiovisuel du sud que du nord du pays. Un \u00e9tonnant self made man.<\/p>\n<p>&nbsp;<\/p>\n<p><!--more--><\/p>\n<p style=\"text-align: right;\">&nbsp;<\/p>\n<p style=\"text-align: right;\">&nbsp;<\/p>\n<p style=\"text-align: right;\"><a rel=\"attachment wp-att-15546\" href=\"http:\/\/www.cinevox.be\/fils-unique-ungoutdemiel\/miel-festival\/\"><img loading=\"lazy\" decoding=\"async\" class=\"aligncenter size-full wp-image-15546\" title=\"Miel festival\" src=\"http:\/\/www.cinevox.be\/wp-content\/uploads\/sites\/2\/2012\/02\/Miel-festival.jpg\" alt=\"\" width=\"960\" height=\"540\" srcset=\"https:\/\/welovecinema.be\/wp-content\/uploads\/sites\/2\/2012\/02\/Miel-festival.jpg 960w, https:\/\/welovecinema.be\/wp-content\/uploads\/sites\/2\/2012\/02\/Miel-festival-200x113.jpg 200w, https:\/\/welovecinema.be\/wp-content\/uploads\/sites\/2\/2012\/02\/Miel-festival-480x270.jpg 480w, https:\/\/welovecinema.be\/wp-content\/uploads\/sites\/2\/2012\/02\/Miel-festival-800x450.jpg 800w, https:\/\/welovecinema.be\/wp-content\/uploads\/sites\/2\/2012\/02\/Miel-festival-300x169.jpg 300w, https:\/\/welovecinema.be\/wp-content\/uploads\/sites\/2\/2012\/02\/Miel-festival-620x350.jpg 620w\" sizes=\"auto, (max-width: 960px) 100vw, 960px\" \/><\/a><em>[Miel avec le jeune jury qui l&rsquo;a r\u00e9compens\u00e9 \u00e0 Arras]<\/em><\/p>\n<p>&nbsp;<\/p>\n<p>Contrairement \u00e0 beaucoup de ses confr\u00e8res, Miel n&rsquo;a jamais suivi de cursus scolaire dans une \u00e9cole sp\u00e9cialis\u00e9e dans le cin\u00e9ma\u2026 par contre il y enseigne depuis de longues ann\u00e9es. Surprenant, non?<\/p>\n<p>Bruxellois et parfait bilingue, notre homme tourne trois courts m\u00e9trages avant de devenir, \u00e0 la t\u00e9l\u00e9vision, le r\u00e9alisateur de <em>Cijfers en Letters. <\/em>L&rsquo;adaptation flamande du fameux jeu de France t\u00e9l\u00e9vision est anim\u00e9e par Zaki, une star au nord du pays, par ailleurs papa des frangins Dewaele (Soulwax, 2 many DJ&rsquo;s).<\/p>\n<p>&nbsp;<\/p>\n<p>Apr\u00e8s cette p\u00e9riode o\u00f9 il voyait r\u00e9guli\u00e8rement les deux futures stars de la musique d\u00e9bouler en short dans le studio, Miel a particip\u00e9 au soap \u2018<em>Wittekerke<\/em>\u2019. C&rsquo;est l\u00e0, reconna\u00eet-il, qu&rsquo;il a fa\u00e7onn\u00e9 son style et sa rigueur, en travaillant avec des acteurs et en tournant sur une base quotidienne. Plus tard, il a collabor\u00e9 \u00e0 &lsquo;<em>Het Huis Anubis\u2019<\/em>, une s\u00e9rie pour la jeunesse et \u00e0 la s\u00e9rie polici\u00e8re &lsquo;Aspe&rsquo; (du nom du c\u00e9l\u00e8bre \u00e9crivain flamand qui a invent\u00e9 l&rsquo;inspecteur Pieter Van In qui aimait trop la Duvel et la magistrate Hannelore Martens)<\/p>\n<p>&nbsp;<\/p>\n<p><a rel=\"attachment wp-att-16470\" href=\"http:\/\/www.cinevox.be\/fils-unique-ungoutdemiel\/miss-montigny-2005-02-g\/\"><img loading=\"lazy\" decoding=\"async\" class=\"aligncenter size-large wp-image-16470\" title=\"miss-montigny-2005-02-g\" src=\"http:\/\/www.cinevox.be\/wp-content\/uploads\/sites\/2\/2012\/02\/miss-montigny-2005-02-g-800x558.jpg\" alt=\"\" width=\"640\" height=\"446\" srcset=\"https:\/\/welovecinema.be\/wp-content\/uploads\/sites\/2\/2012\/02\/miss-montigny-2005-02-g-800x558.jpg 800w, https:\/\/welovecinema.be\/wp-content\/uploads\/sites\/2\/2012\/02\/miss-montigny-2005-02-g-386x270.jpg 386w, https:\/\/welovecinema.be\/wp-content\/uploads\/sites\/2\/2012\/02\/miss-montigny-2005-02-g.jpg 1200w\" sizes=\"auto, (max-width: 640px) 100vw, 640px\" \/><\/a><\/p>\n<p>&nbsp;<\/p>\n<p>C&rsquo;est en Wallonie que Miel Van Hoogenbemt entamera pourtant sa carri\u00e8re filmographique avec <em>Miss Montigny<\/em> (photo ci-dessus) qui r\u00e9v\u00e9la <strong>Sophie Quinton<\/strong>. Sophie y incarnait\u00a0Sandrine, une jeunette qui r\u00eave d&rsquo;ouvrir son salon d&rsquo;esth\u00e9tique.<\/p>\n<p><a rel=\"attachment wp-att-16469\" href=\"http:\/\/www.cinevox.be\/fils-unique-ungoutdemiel\/man-zoekt-vrouw\/\"><img loading=\"lazy\" decoding=\"async\" class=\"alignright size-large wp-image-16469\" title=\"man zoekt vrouw\" src=\"http:\/\/www.cinevox.be\/wp-content\/uploads\/sites\/2\/2012\/02\/man-zoekt-vrouw-427x600.jpg\" alt=\"\" width=\"342\" height=\"480\" srcset=\"https:\/\/welovecinema.be\/wp-content\/uploads\/sites\/2\/2012\/02\/man-zoekt-vrouw-427x600.jpg 427w, https:\/\/welovecinema.be\/wp-content\/uploads\/sites\/2\/2012\/02\/man-zoekt-vrouw-192x270.jpg 192w, https:\/\/welovecinema.be\/wp-content\/uploads\/sites\/2\/2012\/02\/man-zoekt-vrouw.jpg 803w\" sizes=\"auto, (max-width: 342px) 100vw, 342px\" \/><\/a>Persuad\u00e9e que si elle est un peu plus connue, l&rsquo;acc\u00e8s \u00e0 la vie professionnelle sera plus simple, elle\u00a0d\u00e9cide de participer \u00e0 un concours de Miss.\u00a0Car pour percer, il faut se battre et Miel Van Hoogenbemt le sait mieux que personne: avant de passer l&rsquo;\u00e9preuve du long, il a d\u00e9j\u00e0 r\u00e9alis\u00e9 dix documentaires ( 2 courts, 5 moyens et 3 longs m\u00e9trages). Un bel exemple de stakhanovisme \u00e0 la belge !<\/p>\n<p>&nbsp;<\/p>\n<p>Parce qu&rsquo;il aime sa libert\u00e9, Miel se lance alors dans un projet assez diff\u00e9rent: <em>Man Zoekt Vrouw (Pas s\u00e9rieux s&rsquo;abstenir)<\/em> est une com\u00e9die romantique r\u00e9alis\u00e9e en flamand. Il s&rsquo;agit en fait du premier long m\u00e9trage dont il a eu l&rsquo;id\u00e9e et qui fut \u00e9crit par\u00a0<strong>Pierre De Clercq<\/strong> (<em>Hasta la Vista<\/em>) et <strong>Jean Claude van Rijckegem<\/strong> (<em>Moscow, Belgium<\/em>). On y retrouve notamment <strong>Jan Decleir<\/strong>, la grande star du nord du pays, dans le r\u00f4le d&rsquo;un directeur d\u2019\u00e9cole qui\u00a0termine\u00a0sa carri\u00e8re. Son \u00e9pouse est morte quelques ann\u00e9es et il vient de se faire plaquer par sa ma\u00eetresse. Comme un malheur n&rsquo;arrive jamais seul, sa femme de m\u00e9nage le laisse en plan pour retourner chez elle en Roumanie. Avec l&rsquo;aide d&rsquo;un voisin, il d\u00e9cide alors de chercher une femme pour commencer une nouvelle existence. Savoureux.<\/p>\n<p>&nbsp;<\/p>\n<p>Apr\u00e8s cette exp\u00e9rience couronn\u00e9e d&rsquo;un joli succ\u00e8s public, Miel revient au cin\u00e9ma francophone et retrouve au passage une rayonnante <strong>Sophie Quinton<\/strong> qui a bien grandi. Il \u00e9crit<em> Fils Unique<\/em> avec\u00a0 le sc\u00e9nariste <strong>Dominique Sampiero<\/strong>, connu pour son travail avec Bertrand Tavernier sur des films comme <em>Holy Lola <\/em>ou<em> Ca commence aujourd&rsquo;hui<\/em>. Et naturellement, il le r\u00e9alise.<\/p>\n<p>&nbsp;<\/p>\n<p>Le <em>Fils Unique<\/em>, en question, c&rsquo;est Vincent: il a 40 ans et habite seul avec sa fille Lucie. Il est photographe, mais gagne sa vie en faisant le taxi. Tant bien que mal, il\u00a0va de l&rsquo;avant, mais les circonstances l&rsquo;am\u00e8nent \u00e0 revoir son p\u00e8re avec qui il n&rsquo;a plus de contacts depuis dix ans et qu&rsquo;il supporte mal. Une rencontre qui, inexorablement, le replonge au c\u0153ur de son enfance tortur\u00e9e.<\/p>\n<p>&nbsp;<\/p>\n<p><a rel=\"attachment wp-att-16475\" href=\"http:\/\/www.cinevox.be\/fils-unique-ungoutdemiel\/f-u_itsik-elbaz-et-amir-ben-abdelmoumen_-%c2%ae-ricardo-vaz-palma\/\"><img loading=\"lazy\" decoding=\"async\" class=\"aligncenter size-full wp-image-16475\" title=\"F U_Itsik Elbaz et Amir Ben Abdelmoumen_-\u00ae Ricardo Vaz Palma\" src=\"http:\/\/www.cinevox.be\/wp-content\/uploads\/sites\/2\/2012\/02\/F-U_Itsik-Elbaz-et-Amir-Ben-Abdelmoumen_-\u00ae-Ricardo-Vaz-Palma.jpg\" alt=\"\" width=\"4423\" height=\"2949\" srcset=\"https:\/\/welovecinema.be\/wp-content\/uploads\/sites\/2\/2012\/02\/F-U_Itsik-Elbaz-et-Amir-Ben-Abdelmoumen_-\u00ae-Ricardo-Vaz-Palma.jpg 4423w, https:\/\/welovecinema.be\/wp-content\/uploads\/sites\/2\/2012\/02\/F-U_Itsik-Elbaz-et-Amir-Ben-Abdelmoumen_-\u00ae-Ricardo-Vaz-Palma-404x270.jpg 404w, https:\/\/welovecinema.be\/wp-content\/uploads\/sites\/2\/2012\/02\/F-U_Itsik-Elbaz-et-Amir-Ben-Abdelmoumen_-\u00ae-Ricardo-Vaz-Palma-800x533.jpg 800w\" sizes=\"auto, (max-width: 4423px) 100vw, 4423px\" \/><\/a><\/p>\n<p>&nbsp;<\/p>\n<p>Produit par<em> Entre chien et Loup <\/em>avec le soutien de la f\u00e9d\u00e9ration Wallonie\/Bruxelles de Belgique,\u00a0<em>Fils Unique<\/em> a \u00e9t\u00e9 essentiellement tourn\u00e9 dans la r\u00e9gion lilloise avec un casting percutant:\u00a0<strong>Patrick Chesnais<\/strong>, com\u00e9dien omnipr\u00e9sent devenu \u00ab\u00a0culte\u00a0\u00bb avec l&rsquo;indispensable\u00a0<em>Je ne suis pas l\u00e0 pour \u00eatre aim\u00e9<\/em>,\u00a0<strong>Itsik Elbaz <\/strong>qui incarne le m\u00eame personnage une\u00a0trentaine\u00a0d&rsquo;ann\u00e9es plus t\u00f4t,\u00a0<strong>Amir Ben Abdelmoumen <\/strong>(photo ci-dessus)<strong>, <\/strong>qui campe Vincent, le fils donc, quand il est encore enfant.\u00a0Un enfant qui prendra ensuite les traits de\u00a0<strong>Laurent Capelluto <\/strong>(les deux sont r\u00e9unis ci-dessous). L&rsquo;acteur bruxellois marque \u00a0les esprits par une prestation tout en retenue, sobre et forte. Bouleversante.<\/p>\n<p>&nbsp;<\/p>\n<p style=\"text-align: right;\"><a rel=\"attachment wp-att-16477\" href=\"http:\/\/www.cinevox.be\/fils-unique-ungoutdemiel\/fils-unique-5\/\"><img loading=\"lazy\" decoding=\"async\" class=\"aligncenter size-full wp-image-16477\" title=\"fils unique\" src=\"http:\/\/www.cinevox.be\/wp-content\/uploads\/sites\/2\/2012\/02\/fils-unique1.jpg\" alt=\"\" width=\"960\" height=\"640\" srcset=\"https:\/\/welovecinema.be\/wp-content\/uploads\/sites\/2\/2012\/02\/fils-unique1.jpg 960w, https:\/\/welovecinema.be\/wp-content\/uploads\/sites\/2\/2012\/02\/fils-unique1-405x270.jpg 405w, https:\/\/welovecinema.be\/wp-content\/uploads\/sites\/2\/2012\/02\/fils-unique1-800x533.jpg 800w\" sizes=\"auto, (max-width: 960px) 100vw, 960px\" \/><\/a><em>[\u00a9 EDGN photo]<\/em><\/p>\n<p>&nbsp;<\/p>\n<p>Le line-up f\u00e9minin est tout aussi croustillant puisque, outre\u00a0<strong>Sophie Quinton, Miel<\/strong> a convi\u00e9 \u00e0 sa f\u00eate\u00a0<strong>Anna Galiena, D\u00e9sir\u00e9e Nozbush, Fanny Valette<\/strong> et <strong>Tania Garbarski<\/strong>.<\/p>\n<p>&nbsp;<\/p>\n<p><a rel=\"attachment wp-att-15549\" href=\"http:\/\/www.cinevox.be\/fils-unique-ungoutdemiel\/fils-unique-2-2\/\"><img loading=\"lazy\" decoding=\"async\" class=\"aligncenter size-full wp-image-15549\" title=\"fils unique 2\" src=\"http:\/\/www.cinevox.be\/wp-content\/uploads\/sites\/2\/2012\/02\/fils-unique-2.jpg\" alt=\"\" width=\"960\" height=\"640\" srcset=\"https:\/\/welovecinema.be\/wp-content\/uploads\/sites\/2\/2012\/02\/fils-unique-2.jpg 960w, https:\/\/welovecinema.be\/wp-content\/uploads\/sites\/2\/2012\/02\/fils-unique-2-405x270.jpg 405w, https:\/\/welovecinema.be\/wp-content\/uploads\/sites\/2\/2012\/02\/fils-unique-2-800x533.jpg 800w\" sizes=\"auto, (max-width: 960px) 100vw, 960px\" \/><\/a><\/p>\n<p style=\"text-align: right;\">[\u00a9 EDGN photo]\n<p style=\"text-align: right;\">&nbsp;<\/p>\n<p>Un peu avant sa sortie,\u00a0<em>Fils Unique <\/em>a eu droit \u00e0 une nouvelle avant-premi\u00e8re passionn\u00e9e au Vend\u00f4me bruxellois (les deux derni\u00e8res photos) : invit\u00e9s en pagaille, spectateurs ravis. Cette ultime soir\u00e9e de gala avant la grande sortie tant attendue a \u00e9t\u00e9 une franche r\u00e9ussite.<\/p>\n<p>Depuis le 15 f\u00e9vrier, le film vit dor\u00e9navant sa propre existence en salles et cherche \u00e0 se faire une petite place au soleil au sein de cet hiver glacial. Une ambition que vous \u00eates les seuls \u00e0 pouvoir transformer en succ\u00e8s. Allez-y ! Le film risque bien de vous remuer les tripes, mais il vous laissera surtout des souvenirs poignants&#8230;<\/p>\n<p>&nbsp;<\/p>\n<p>&nbsp;<\/p>\n<p>La bande-annonce de <em>Fils Unique<\/em> est visible <a href=\"http:\/\/www.cinevox.be\/videos\/fils-unique-la-bande-annonce\/\" target=\"_blank\">ici <\/a><\/p>\n<p>Trois extraits sont \u00e0 d\u00e9couvrir <a href=\"http:\/\/www.cinevox.be\/videos\/fils-unique-extrait-1-2\/\" target=\"_blank\">ici<\/a>, <a href=\"http:\/\/www.cinevox.be\/videos\/fils-unique-extrait-4\/\" target=\"_blank\">ici<\/a> et <a href=\"http:\/\/www.cinevox.be\/videos\/fils-unique-extrait-n%C2%B01\/\" target=\"_blank\">ici<\/a>.<\/p>\n","protected":false},"excerpt":{"rendered":"<p>Apr\u00e8s un impressionnant parcours qui l&rsquo;a conduit des Film Days (Cinevox Happenings) \u00a0au FIFF namurois, puis dans divers festivals dont celui d&rsquo;Arras, o\u00f9 il a d\u00e9croch\u00e9 le\u00a0Prix du Jury jeune Cin\u00e9ma, Fils Unique est enfin arriv\u00e9 dans nos salles le 15 f\u00e9vrier. \u00a0Une sortie un peu trop confidentielle pour un film qui m\u00e9rite mieux, comme &hellip;<\/p>\n","protected":false},"author":7,"featured_media":15542,"comment_status":"closed","ping_status":"closed","sticky":false,"template":"","format":"standard","meta":{"ngg_post_thumbnail":0,"footnotes":""},"categories":[1978],"tags":[],"class_list":["post-7432","post","type-post","status-publish","format-standard","has-post-thumbnail","","category-interviews"],"yoast_head":"<!-- This site is optimized with the Yoast SEO plugin v20.4 - https:\/\/yoast.com\/wordpress\/plugins\/seo\/ -->\n<title>Fils Unique  Un go\u00fbt de Miel - We Love Cinema<\/title>\n<meta name=\"robots\" content=\"index, follow, max-snippet:-1, max-image-preview:large, max-video-preview:-1\" \/>\n<link rel=\"canonical\" href=\"https:\/\/welovecinema.be\/fr\/fils-unique-ungoutdemiel\/\" \/>\n<meta property=\"og:locale\" content=\"fr_FR\" \/>\n<meta property=\"og:type\" content=\"article\" \/>\n<meta property=\"og:title\" content=\"Fils Unique  Un go\u00fbt de Miel - We Love Cinema\" \/>\n<meta property=\"og:description\" content=\"Apr\u00e8s un impressionnant parcours qui l&rsquo;a conduit des Film Days (Cinevox Happenings) \u00a0au FIFF namurois, puis dans divers festivals dont celui d&rsquo;Arras, o\u00f9 il a d\u00e9croch\u00e9 le\u00a0Prix du Jury jeune Cin\u00e9ma, Fils Unique est enfin arriv\u00e9 dans nos salles le 15 f\u00e9vrier. \u00a0Une sortie un peu trop confidentielle pour un film qui m\u00e9rite mieux, comme &hellip;\" \/>\n<meta property=\"og:url\" content=\"https:\/\/welovecinema.be\/fr\/fils-unique-ungoutdemiel\/\" \/>\n<meta property=\"og:site_name\" content=\"We Love Cinema\" \/>\n<meta property=\"article:publisher\" content=\"https:\/\/www.facebook.com\/welovecinema.be\" \/>\n<meta property=\"article:published_time\" content=\"2012-02-20T07:43:34+00:00\" \/>\n<meta property=\"article:modified_time\" content=\"2012-02-20T09:58:30+00:00\" \/>\n<meta property=\"og:image\" content=\"https:\/\/welovecinema.be\/wp-content\/uploads\/sites\/2\/2012\/02\/IMG_4220-800x533.jpg\" \/>\n\t<meta property=\"og:image:width\" content=\"800\" \/>\n\t<meta property=\"og:image:height\" content=\"533\" \/>\n\t<meta property=\"og:image:type\" content=\"image\/jpeg\" \/>\n<meta name=\"author\" content=\"Philippe.Pierquin\" \/>\n<meta name=\"twitter:card\" content=\"summary_large_image\" \/>\n<meta name=\"twitter:label1\" content=\"\u00c9crit par\" \/>\n\t<meta name=\"twitter:data1\" content=\"Philippe.Pierquin\" \/>\n\t<meta name=\"twitter:label2\" content=\"Dur\u00e9e de lecture estim\u00e9e\" \/>\n\t<meta name=\"twitter:data2\" content=\"5 minutes\" \/>\n<script type=\"application\/ld+json\" class=\"yoast-schema-graph\">{\"@context\":\"https:\/\/schema.org\",\"@graph\":[{\"@type\":\"Article\",\"@id\":\"https:\/\/welovecinema.be\/fr\/fils-unique-ungoutdemiel\/#article\",\"isPartOf\":{\"@id\":\"https:\/\/welovecinema.be\/fr\/fils-unique-ungoutdemiel\/\"},\"author\":{\"name\":\"Philippe.Pierquin\",\"@id\":\"https:\/\/welovecinema.be\/nl\/#\/schema\/person\/4b9b1d857f0943453a38a7c2859ef756\"},\"headline\":\"Fils Unique Un go\u00fbt de Miel\",\"datePublished\":\"2012-02-20T07:43:34+00:00\",\"dateModified\":\"2012-02-20T09:58:30+00:00\",\"mainEntityOfPage\":{\"@id\":\"https:\/\/welovecinema.be\/fr\/fils-unique-ungoutdemiel\/\"},\"wordCount\":1019,\"publisher\":{\"@id\":\"https:\/\/welovecinema.be\/nl\/#organization\"},\"articleSection\":[\"Rencontres\"],\"inLanguage\":\"fr-FR\"},{\"@type\":\"WebPage\",\"@id\":\"https:\/\/welovecinema.be\/fr\/fils-unique-ungoutdemiel\/\",\"url\":\"https:\/\/welovecinema.be\/fr\/fils-unique-ungoutdemiel\/\",\"name\":\"Fils Unique Un go\u00fbt de Miel - We Love Cinema\",\"isPartOf\":{\"@id\":\"https:\/\/welovecinema.be\/nl\/#website\"},\"datePublished\":\"2012-02-20T07:43:34+00:00\",\"dateModified\":\"2012-02-20T09:58:30+00:00\",\"breadcrumb\":{\"@id\":\"https:\/\/welovecinema.be\/fr\/fils-unique-ungoutdemiel\/#breadcrumb\"},\"inLanguage\":\"fr-FR\",\"potentialAction\":[{\"@type\":\"ReadAction\",\"target\":[\"https:\/\/welovecinema.be\/fr\/fils-unique-ungoutdemiel\/\"]}]},{\"@type\":\"BreadcrumbList\",\"@id\":\"https:\/\/welovecinema.be\/fr\/fils-unique-ungoutdemiel\/#breadcrumb\",\"itemListElement\":[{\"@type\":\"ListItem\",\"position\":1,\"name\":\"Accueil\",\"item\":\"https:\/\/welovecinema.be\/fr\/\"},{\"@type\":\"ListItem\",\"position\":2,\"name\":\"Fils Unique Un go\u00fbt de Miel\"}]},{\"@type\":\"WebSite\",\"@id\":\"https:\/\/welovecinema.be\/nl\/#website\",\"url\":\"https:\/\/welovecinema.be\/nl\/\",\"name\":\"We Love Cinema\",\"description\":\"Toute l\u2019information du cin\u00e9ma en Belgique\",\"publisher\":{\"@id\":\"https:\/\/welovecinema.be\/nl\/#organization\"},\"potentialAction\":[{\"@type\":\"SearchAction\",\"target\":{\"@type\":\"EntryPoint\",\"urlTemplate\":\"https:\/\/welovecinema.be\/nl\/?s={search_term_string}\"},\"query-input\":\"required name=search_term_string\"}],\"inLanguage\":\"fr-FR\"},{\"@type\":\"Organization\",\"@id\":\"https:\/\/welovecinema.be\/nl\/#organization\",\"name\":\"We Love Cinema\",\"url\":\"https:\/\/welovecinema.be\/nl\/\",\"logo\":{\"@type\":\"ImageObject\",\"inLanguage\":\"fr-FR\",\"@id\":\"https:\/\/welovecinema.be\/nl\/#\/schema\/logo\/image\/\",\"url\":\"https:\/\/welovecinema.be\/wp-content\/uploads\/sites\/2\/2023\/03\/Logo-We-Love-Cinema305x128.jpg\",\"contentUrl\":\"https:\/\/welovecinema.be\/wp-content\/uploads\/sites\/2\/2023\/03\/Logo-We-Love-Cinema305x128.jpg\",\"width\":305,\"height\":128,\"caption\":\"We Love Cinema\"},\"image\":{\"@id\":\"https:\/\/welovecinema.be\/nl\/#\/schema\/logo\/image\/\"},\"sameAs\":[\"https:\/\/www.facebook.com\/welovecinema.be\",\"https:\/\/www.youtube.com\/channel\/UCX5LYGVhnKvYauW4Nta4HJA\",\"https:\/\/www.instagram.com\/welovecinema.be\/\"]},{\"@type\":\"Person\",\"@id\":\"https:\/\/welovecinema.be\/nl\/#\/schema\/person\/4b9b1d857f0943453a38a7c2859ef756\",\"name\":\"Philippe.Pierquin\",\"url\":\"https:\/\/welovecinema.be\/fr\/author\/philippe-pierquin\/\"}]}<\/script>\n<!-- \/ Yoast SEO plugin. -->","yoast_head_json":{"title":"Fils Unique  Un go\u00fbt de Miel - We Love Cinema","robots":{"index":"index","follow":"follow","max-snippet":"max-snippet:-1","max-image-preview":"max-image-preview:large","max-video-preview":"max-video-preview:-1"},"canonical":"https:\/\/welovecinema.be\/fr\/fils-unique-ungoutdemiel\/","og_locale":"fr_FR","og_type":"article","og_title":"Fils Unique  Un go\u00fbt de Miel - We Love Cinema","og_description":"Apr\u00e8s un impressionnant parcours qui l&rsquo;a conduit des Film Days (Cinevox Happenings) \u00a0au FIFF namurois, puis dans divers festivals dont celui d&rsquo;Arras, o\u00f9 il a d\u00e9croch\u00e9 le\u00a0Prix du Jury jeune Cin\u00e9ma, Fils Unique est enfin arriv\u00e9 dans nos salles le 15 f\u00e9vrier. \u00a0Une sortie un peu trop confidentielle pour un film qui m\u00e9rite mieux, comme &hellip;","og_url":"https:\/\/welovecinema.be\/fr\/fils-unique-ungoutdemiel\/","og_site_name":"We Love Cinema","article_publisher":"https:\/\/www.facebook.com\/welovecinema.be","article_published_time":"2012-02-20T07:43:34+00:00","article_modified_time":"2012-02-20T09:58:30+00:00","og_image":[{"width":"800","height":"533","url":"https:\/\/welovecinema.be\/wp-content\/uploads\/sites\/2\/2012\/02\/IMG_4220-800x533.jpg","type":"image\/jpeg"}],"author":"Philippe.Pierquin","twitter_card":"summary_large_image","twitter_misc":{"\u00c9crit par":"Philippe.Pierquin","Dur\u00e9e de lecture estim\u00e9e":"5 minutes"},"schema":{"@context":"https:\/\/schema.org","@graph":[{"@type":"Article","@id":"https:\/\/welovecinema.be\/fr\/fils-unique-ungoutdemiel\/#article","isPartOf":{"@id":"https:\/\/welovecinema.be\/fr\/fils-unique-ungoutdemiel\/"},"author":{"name":"Philippe.Pierquin","@id":"https:\/\/welovecinema.be\/nl\/#\/schema\/person\/4b9b1d857f0943453a38a7c2859ef756"},"headline":"Fils Unique Un go\u00fbt de Miel","datePublished":"2012-02-20T07:43:34+00:00","dateModified":"2012-02-20T09:58:30+00:00","mainEntityOfPage":{"@id":"https:\/\/welovecinema.be\/fr\/fils-unique-ungoutdemiel\/"},"wordCount":1019,"publisher":{"@id":"https:\/\/welovecinema.be\/nl\/#organization"},"articleSection":["Rencontres"],"inLanguage":"fr-FR"},{"@type":"WebPage","@id":"https:\/\/welovecinema.be\/fr\/fils-unique-ungoutdemiel\/","url":"https:\/\/welovecinema.be\/fr\/fils-unique-ungoutdemiel\/","name":"Fils Unique Un go\u00fbt de Miel - We Love Cinema","isPartOf":{"@id":"https:\/\/welovecinema.be\/nl\/#website"},"datePublished":"2012-02-20T07:43:34+00:00","dateModified":"2012-02-20T09:58:30+00:00","breadcrumb":{"@id":"https:\/\/welovecinema.be\/fr\/fils-unique-ungoutdemiel\/#breadcrumb"},"inLanguage":"fr-FR","potentialAction":[{"@type":"ReadAction","target":["https:\/\/welovecinema.be\/fr\/fils-unique-ungoutdemiel\/"]}]},{"@type":"BreadcrumbList","@id":"https:\/\/welovecinema.be\/fr\/fils-unique-ungoutdemiel\/#breadcrumb","itemListElement":[{"@type":"ListItem","position":1,"name":"Accueil","item":"https:\/\/welovecinema.be\/fr\/"},{"@type":"ListItem","position":2,"name":"Fils Unique Un go\u00fbt de Miel"}]},{"@type":"WebSite","@id":"https:\/\/welovecinema.be\/nl\/#website","url":"https:\/\/welovecinema.be\/nl\/","name":"We Love Cinema","description":"Toute l\u2019information du cin\u00e9ma en Belgique","publisher":{"@id":"https:\/\/welovecinema.be\/nl\/#organization"},"potentialAction":[{"@type":"SearchAction","target":{"@type":"EntryPoint","urlTemplate":"https:\/\/welovecinema.be\/nl\/?s={search_term_string}"},"query-input":"required name=search_term_string"}],"inLanguage":"fr-FR"},{"@type":"Organization","@id":"https:\/\/welovecinema.be\/nl\/#organization","name":"We Love Cinema","url":"https:\/\/welovecinema.be\/nl\/","logo":{"@type":"ImageObject","inLanguage":"fr-FR","@id":"https:\/\/welovecinema.be\/nl\/#\/schema\/logo\/image\/","url":"https:\/\/welovecinema.be\/wp-content\/uploads\/sites\/2\/2023\/03\/Logo-We-Love-Cinema305x128.jpg","contentUrl":"https:\/\/welovecinema.be\/wp-content\/uploads\/sites\/2\/2023\/03\/Logo-We-Love-Cinema305x128.jpg","width":305,"height":128,"caption":"We Love Cinema"},"image":{"@id":"https:\/\/welovecinema.be\/nl\/#\/schema\/logo\/image\/"},"sameAs":["https:\/\/www.facebook.com\/welovecinema.be","https:\/\/www.youtube.com\/channel\/UCX5LYGVhnKvYauW4Nta4HJA","https:\/\/www.instagram.com\/welovecinema.be\/"]},{"@type":"Person","@id":"https:\/\/welovecinema.be\/nl\/#\/schema\/person\/4b9b1d857f0943453a38a7c2859ef756","name":"Philippe.Pierquin","url":"https:\/\/welovecinema.be\/fr\/author\/philippe-pierquin\/"}]}},"_links":{"self":[{"href":"https:\/\/welovecinema.be\/fr\/wp-json\/wp\/v2\/posts\/7432","targetHints":{"allow":["GET"]}}],"collection":[{"href":"https:\/\/welovecinema.be\/fr\/wp-json\/wp\/v2\/posts"}],"about":[{"href":"https:\/\/welovecinema.be\/fr\/wp-json\/wp\/v2\/types\/post"}],"author":[{"embeddable":true,"href":"https:\/\/welovecinema.be\/fr\/wp-json\/wp\/v2\/users\/7"}],"replies":[{"embeddable":true,"href":"https:\/\/welovecinema.be\/fr\/wp-json\/wp\/v2\/comments?post=7432"}],"version-history":[{"count":0,"href":"https:\/\/welovecinema.be\/fr\/wp-json\/wp\/v2\/posts\/7432\/revisions"}],"wp:featuredmedia":[{"embeddable":true,"href":"https:\/\/welovecinema.be\/fr\/wp-json\/wp\/v2\/media\/15542"}],"wp:attachment":[{"href":"https:\/\/welovecinema.be\/fr\/wp-json\/wp\/v2\/media?parent=7432"}],"wp:term":[{"taxonomy":"category","embeddable":true,"href":"https:\/\/welovecinema.be\/fr\/wp-json\/wp\/v2\/categories?post=7432"},{"taxonomy":"post_tag","embeddable":true,"href":"https:\/\/welovecinema.be\/fr\/wp-json\/wp\/v2\/tags?post=7432"}],"curies":[{"name":"wp","href":"https:\/\/api.w.org\/{rel}","templated":true}]}}