{"id":7385,"date":"2011-09-08T10:04:53","date_gmt":"2011-09-08T10:04:53","guid":{"rendered":"http:\/\/www.cinevox.be\/?p=7385"},"modified":"2011-09-08T11:18:10","modified_gmt":"2011-09-08T11:18:10","slug":"carre-blanc-le-meilleur-des-mondes","status":"publish","type":"post","link":"https:\/\/welovecinema.be\/fr\/carre-blanc-le-meilleur-des-mondes\/","title":{"rendered":"Carr\u00e9 Blanc <br> Le meilleur des mondes"},"content":{"rendered":"<p>Lors des BNP Paribas Fortis Film Days (voir <a href=\"http:\/\/www.filmdays.be\/fr\/films.php?module=fv&amp;fid=12\" target=\"_blank\">ICI<\/a>), vous pourrez d\u00e9couvrir en avant-premi\u00e8re pour la Belgique, un film de \u00a0SF assez brutal, froid, inqui\u00e9tant, passionnant. Il s&rsquo;appelle <a href=\"http:\/\/www.youtube.com\/watch?v=cVFqcBBxyAk&amp;feature=related\" target=\"_blank\">Carr\u00e9 Blanc<\/a> et c&rsquo;est le premier long m\u00e9trage\u00a0 (assez court en fait, puisqu&rsquo;il ne d\u00e9passe pas les 75 minutes) \u00a0de <strong>Jean-Baptiste Leonetti.<\/strong><\/p>\n<p>&nbsp;<\/p>\n<p><strong><!--more--><\/strong><\/p>\n<p>&nbsp;<\/p>\n<p>Ce film est ce qu&rsquo;il est convenu de nommer une coproduction minoritaire. Le projet n&rsquo;est pas belge mais il a \u00e9t\u00e9 cofinanc\u00e9 par une soci\u00e9t\u00e9 belge, Tarantula Belgique en l&rsquo;occurrence. D&rsquo;apr\u00e8s des chiffres tout frais que nous avons recueillis hier, il semblerait ainsi que sur les 12 derniers mois, 15 films majoritairement produits \u00e0 Bruxelles et en Wallonie sont sortis dans nos cin\u00e9mas et que dans le m\u00eame temps, le nombre de ces coproductions minoritaires \u00e9tait de 25. Voil\u00e0 pour l&rsquo;ordre de grandeur.<\/p>\n<p>&nbsp;<\/p>\n<p><a rel=\"attachment wp-att-7386\" href=\"http:\/\/www.cinevox.be\/carre-blanc-le-meilleur-des-mondes\/cb-6\/\"><img loading=\"lazy\" decoding=\"async\" class=\"aligncenter size-full wp-image-7386\" title=\"cb 6\" src=\"http:\/\/www.cinevox.be\/wp-content\/uploads\/sites\/2\/2011\/09\/cb-6.jpg\" alt=\"\" width=\"1024\" height=\"554\" srcset=\"https:\/\/welovecinema.be\/wp-content\/uploads\/sites\/2\/2011\/09\/cb-6.jpg 1024w, https:\/\/welovecinema.be\/wp-content\/uploads\/sites\/2\/2011\/09\/cb-6-480x259.jpg 480w, https:\/\/welovecinema.be\/wp-content\/uploads\/sites\/2\/2011\/09\/cb-6-800x432.jpg 800w\" sizes=\"auto, (max-width: 1024px) 100vw, 1024px\" \/><\/a><\/p>\n<p>&nbsp;<\/p>\n<p>Dans <em>Carr\u00e9 Blanc<\/em>, outre de l&rsquo;argent qui a permis au film de se monter et d&rsquo;obtenir le support \u00e9conomique de diff\u00e9rents m\u00e9canismes financiers, il y a par exemple des d\u00e9cors wallons (Cointe notamment), des com\u00e9diens de chez nous (comme Val\u00e9rie Bodson) et surtout le savoir-faire de <em>Digital Graphics,<\/em> formidable soci\u00e9t\u00e9 sp\u00e9cialis\u00e9e dans le composing et les effets sp\u00e9ciaux, bas\u00e9e \u00e0 Angleur.<\/p>\n<p>&nbsp;<\/p>\n<p>Ce film qui raconte la tentative de r\u00e9bellion d&rsquo;un couple dans une horrible soci\u00e9t\u00e9 totalitaire qui n&rsquo;a de d\u00e9mocratiques que les apparences sera projet\u00e9 aux Festivals de Toronto et de Sitg\u00e8s, avant et apr\u00e8s les BNP Paribas Fortis Film Days, donc. \u00a0Ce mercredi, il est sorti en France et au Luxembourg et a b\u00e9n\u00e9fici\u00e9 d&rsquo;un accueil tr\u00e8s int\u00e9ress\u00e9 de la presse qui souligne son originalit\u00e9, son int\u00e9grit\u00e9 et son jusqu&rsquo;au-boutisme. Ainsi que les performances remarquables de ses acteurs. Extraits.<\/p>\n<p>&nbsp;<\/p>\n<p><a rel=\"attachment wp-att-7387\" href=\"http:\/\/www.cinevox.be\/carre-blanc-le-meilleur-des-mondes\/cb-7\/\"><img loading=\"lazy\" decoding=\"async\" class=\"aligncenter size-full wp-image-7387\" title=\"cb 7\" src=\"http:\/\/www.cinevox.be\/wp-content\/uploads\/sites\/2\/2011\/09\/cb-7.jpg\" alt=\"\" width=\"1200\" height=\"649\" srcset=\"https:\/\/welovecinema.be\/wp-content\/uploads\/sites\/2\/2011\/09\/cb-7.jpg 1200w, https:\/\/welovecinema.be\/wp-content\/uploads\/sites\/2\/2011\/09\/cb-7-480x259.jpg 480w, https:\/\/welovecinema.be\/wp-content\/uploads\/sites\/2\/2011\/09\/cb-7-800x432.jpg 800w\" sizes=\"auto, (max-width: 1200px) 100vw, 1200px\" \/><\/a><\/p>\n<p>&nbsp;<\/p>\n<p>Sous le titre, <em>\u00ab\u00a0<a href=\"http:\/\/www.lepoint.fr\/cinema\/carre-blanc-une-fable-paranoiaque-06-09-2011-1370420_35.php\">Carr\u00e9 blanc\u00a0\u00bb &#8211; Une fable parano\u00efaque<\/a><\/em>, <strong>Olivier De Bruyn<\/strong> analyse dans le Point les temps fort de ce film court et frappant :\u00a0\u00bb Visiblement influenc\u00e9 par le Kubrick d&rsquo;Orange m\u00e9canique et le Godard d&rsquo;Alphaville, le cin\u00e9aste instaure un climat inqui\u00e9tant et parano\u00efaque qui ne ressemble \u00e0 aucun autre dans le cin\u00e9ma fran\u00e7ais actuel. .. \u00c0 noter \u00e9galement la prestation impressionnante de Sami Bouajila. Une confirmation, quelques mois apr\u00e8s Omar m&rsquo;a tuer, du talent d\u00e9cid\u00e9ment pluriel de l&rsquo;acteur.\u00a0\u00bb<\/p>\n<p>&nbsp;<\/p>\n<p>M\u00eame ton enthousiaste chez <strong>Flavia Gu\u00e9h\u00e9neuc<\/strong> sur <em><a href=\"http:\/\/www.toutlecine.com\/cinema\/l-actu-cinema\/0002\/00020562-carre-blanc-leonetti-sans-compromis.html\" target=\"_blank\">Tout le Cin\u00e9 <\/a><\/em> qui souligne que \u00ab\u00a0La construction des images est absolument g\u00e9om\u00e9trique, faite d&rsquo;angles et de lignes. Le jeu des acteurs est aussi remarquable, si expressif dans son impassibilit\u00e9. Nul doute que\u00a0<strong>Jean-Baptiste L\u00e9onetti<\/strong><strong> <\/strong>saura continuer \u00e0 nous proposer des choses int\u00e9ressantes et dignes d&rsquo;int\u00e9r\u00eat.\u00a0\u00bb Ou dans <em><a href=\"http:\/\/www.telerama.fr\/cinema\/films\/carre-blanc,429161,critique.php\">T\u00e9l\u00e9rama<\/a>,<\/em> sous la plume de\u00a0 C\u00e9cile Mury : \u00ab\u00a0\u2026 ce qui capte l&rsquo;attention, c&rsquo;est le style. En particulier dans l&rsquo;extraordinaire prologue du film, o\u00f9 chaque image \u00e9paissit le myst\u00e8re. Un homme assis derri\u00e8re une vitre, comme catatonique, un rideau qui ondule pr\u00e8s d&rsquo;une fen\u00eatre : dans des cadrages inqui\u00e9tants, le cin\u00e9aste joue du silence et de la tension, invente son propre langage, herm\u00e9tique et excitant.\u00a0\u00bb<\/p>\n<p>&nbsp;<\/p>\n<p><a rel=\"attachment wp-att-7388\" href=\"http:\/\/www.cinevox.be\/carre-blanc-le-meilleur-des-mondes\/carre-blanc-de-jean-baptiste-leonetti-10499210iyhog\/\"><img loading=\"lazy\" decoding=\"async\" class=\"aligncenter size-full wp-image-7388\" title=\"carre-blanc-de-jean-baptiste-leonetti-10499210iyhog\" src=\"http:\/\/www.cinevox.be\/wp-content\/uploads\/sites\/2\/2011\/09\/carre-blanc-de-jean-baptiste-leonetti-10499210iyhog.jpg\" alt=\"\" width=\"1024\" height=\"554\" srcset=\"https:\/\/welovecinema.be\/wp-content\/uploads\/sites\/2\/2011\/09\/carre-blanc-de-jean-baptiste-leonetti-10499210iyhog.jpg 1024w, https:\/\/welovecinema.be\/wp-content\/uploads\/sites\/2\/2011\/09\/carre-blanc-de-jean-baptiste-leonetti-10499210iyhog-480x259.jpg 480w, https:\/\/welovecinema.be\/wp-content\/uploads\/sites\/2\/2011\/09\/carre-blanc-de-jean-baptiste-leonetti-10499210iyhog-800x432.jpg 800w\" sizes=\"auto, (max-width: 1024px) 100vw, 1024px\" \/><\/a><\/p>\n<p>&nbsp;<\/p>\n<p>Sur le site <em><a href=\"http:\/\/www.ecranlarge.com\/movie_review-read-24856-134181.php\">Ecran Large<\/a><\/em>, c&rsquo;est <strong>Simon Riaux<\/strong> qui insiste sur l&rsquo;\u00e9conomie de moyens qui, selon lui, d\u00e9termine aussi l&rsquo;essence du film: \u00a0\u00bb Comme en t\u00e9moignent son \u00e9conomie g\u00e9n\u00e9rale, son nombre de personnages resserr\u00e9, sa tendance \u00e0 l&rsquo;abstraction, ainsi que sa dur\u00e9e, le (pas si)long-m\u00e9trage de Jean-Baptiste Leonetti est un film r\u00e9solument modeste. Une humilit\u00e9 et des limites qui auront sans doute permis au r\u00e9alisateur de tirer le meilleur parti de son histoire, de l&rsquo;univers qu&rsquo;elle d\u00e9ploie, ainsi que de Sami Bouajila et Julie Gayet, tous deux excellents dans des r\u00f4les sur le fil du rasoir\u00a0\u00bb<\/p>\n<p>&nbsp;<\/p>\n<p><a rel=\"attachment wp-att-7389\" href=\"http:\/\/www.cinevox.be\/carre-blanc-le-meilleur-des-mondes\/cb-2\/\"><img loading=\"lazy\" decoding=\"async\" class=\"aligncenter size-full wp-image-7389\" title=\"cb 2\" src=\"http:\/\/www.cinevox.be\/wp-content\/uploads\/sites\/2\/2011\/09\/cb-2.jpg\" alt=\"\" width=\"1024\" height=\"554\" srcset=\"https:\/\/welovecinema.be\/wp-content\/uploads\/sites\/2\/2011\/09\/cb-2.jpg 1024w, https:\/\/welovecinema.be\/wp-content\/uploads\/sites\/2\/2011\/09\/cb-2-480x259.jpg 480w, https:\/\/welovecinema.be\/wp-content\/uploads\/sites\/2\/2011\/09\/cb-2-800x432.jpg 800w\" sizes=\"auto, (max-width: 1024px) 100vw, 1024px\" \/><\/a><\/p>\n<p>&nbsp;<\/p>\n<p>On ne peut r\u00e9sister \u00e0 la tentation de conclure avec un long extrait de la critique de <strong>Nicolas Gilli<\/strong> parue sur le <a href=\"http:\/\/www.excessif.com\/cinema\/critique-carre-blanc-6659811-760.html\">site Excessif,<\/a> qui est certes le plus enthousiastes que nous avons trouv\u00e9s, mais qui justifie point par point et avec brio les raisons de cet \u00e9lan :\u00a0\u00bb Dans sa repr\u00e9sentation d&rsquo;un futur proche ou d&rsquo;une r\u00e9alit\u00e9 parall\u00e8le tout d&rsquo;abord, avec cette soci\u00e9t\u00e9 qui ressemble tant \u00e0 la n\u00f4tre mais dont les pires aspects sont soulign\u00e9s, accentu\u00e9s, chang\u00e9s en vertus. Dans son r\u00e9cit ensuite. Sec, violent, amoral, dans lequel la notion de personnalit\u00e9 se voit bafou\u00e9e, o\u00f9 la m\u00e9canique du quotidien \u00e9crase tout, o\u00f9 les rapports physiques ne sont que brutalit\u00e9. Dans l&rsquo;opposition de ses personnages \u00e9galement, d\u00e9shumanis\u00e9s un peu plus \u00e0 chaque s\u00e9quence. Carr\u00e9 Blanc puise son c\u0153ur dans le cin\u00e9ma de genre des ann\u00e9es 70, de l&rsquo;anticipation fa\u00e7on Soleil Vert au n\u00e9o-film noir, et son corps dans la construction g\u00e9om\u00e9trique des cadres de Stanley Kubrick. Mais il s&rsquo;affranchit de ces prestigieux a\u00een\u00e9s pour cr\u00e9er sa propre mythologie, une histoire d&rsquo;amour tragique et le plus vicieux des m\u00e9canismes de vengeance, un drame social d\u00e9routant et un hymne \u00e0 la r\u00e9volution. De son \u00e9pure totale dans la mise en sc\u00e8ne immacul\u00e9e, sublimant des d\u00e9cors lourds en symboles, il se d\u00e9gage un hymne \u00e0 la vie malgr\u00e9 ses tonalit\u00e9s glaciales. C&rsquo;est un premier essai d&rsquo;une ma\u00eetrise insolente port\u00e9 par des acteurs remarquables.\u00a0\u00bb<\/p>\n<p>&nbsp;<\/p>\n<p>\u00c7a donne envie, non?<\/p>\n<p>&nbsp;<\/p>\n","protected":false},"excerpt":{"rendered":"<p>Lors des BNP Paribas Fortis Film Days (voir ICI), vous pourrez d\u00e9couvrir en avant-premi\u00e8re pour la Belgique, un film de \u00a0SF assez brutal, froid, inqui\u00e9tant, passionnant. Il s&rsquo;appelle Carr\u00e9 Blanc et c&rsquo;est le premier long m\u00e9trage\u00a0 (assez court en fait, puisqu&rsquo;il ne d\u00e9passe pas les 75 minutes) \u00a0de Jean-Baptiste Leonetti. &nbsp;<\/p>\n","protected":false},"author":7,"featured_media":7391,"comment_status":"closed","ping_status":"closed","sticky":false,"template":"","format":"standard","meta":{"ngg_post_thumbnail":0,"footnotes":""},"categories":[53,7],"tags":[],"class_list":["post-7385","post","type-post","status-publish","format-standard","has-post-thumbnail","","category-coming-soon","category-actualites"],"yoast_head":"<!-- This site is optimized with the Yoast SEO plugin v20.4 - https:\/\/yoast.com\/wordpress\/plugins\/seo\/ -->\n<title>Carr\u00e9 Blanc  Le meilleur des mondes - We Love Cinema<\/title>\n<meta name=\"robots\" content=\"index, follow, max-snippet:-1, max-image-preview:large, max-video-preview:-1\" \/>\n<link rel=\"canonical\" href=\"https:\/\/welovecinema.be\/fr\/carre-blanc-le-meilleur-des-mondes\/\" \/>\n<meta property=\"og:locale\" content=\"fr_FR\" \/>\n<meta property=\"og:type\" content=\"article\" \/>\n<meta property=\"og:title\" content=\"Carr\u00e9 Blanc  Le meilleur des mondes - We Love Cinema\" \/>\n<meta property=\"og:description\" content=\"Lors des BNP Paribas Fortis Film Days (voir ICI), vous pourrez d\u00e9couvrir en avant-premi\u00e8re pour la Belgique, un film de \u00a0SF assez brutal, froid, inqui\u00e9tant, passionnant. Il s&rsquo;appelle Carr\u00e9 Blanc et c&rsquo;est le premier long m\u00e9trage\u00a0 (assez court en fait, puisqu&rsquo;il ne d\u00e9passe pas les 75 minutes) \u00a0de Jean-Baptiste Leonetti. &nbsp;\" \/>\n<meta property=\"og:url\" content=\"https:\/\/welovecinema.be\/fr\/carre-blanc-le-meilleur-des-mondes\/\" \/>\n<meta property=\"og:site_name\" content=\"We Love Cinema\" \/>\n<meta property=\"article:publisher\" content=\"https:\/\/www.facebook.com\/welovecinema.be\" \/>\n<meta property=\"article:published_time\" content=\"2011-09-08T10:04:53+00:00\" \/>\n<meta property=\"article:modified_time\" content=\"2011-09-08T11:18:10+00:00\" \/>\n<meta property=\"og:image\" content=\"https:\/\/welovecinema.be\/wp-content\/uploads\/sites\/2\/2011\/09\/cb-4.jpg\" \/>\n\t<meta property=\"og:image:width\" content=\"2048\" \/>\n\t<meta property=\"og:image:height\" content=\"1108\" \/>\n\t<meta property=\"og:image:type\" content=\"image\/jpeg\" \/>\n<meta name=\"author\" content=\"Philippe.Pierquin\" \/>\n<meta name=\"twitter:card\" content=\"summary_large_image\" \/>\n<meta name=\"twitter:label1\" content=\"\u00c9crit par\" \/>\n\t<meta name=\"twitter:data1\" content=\"Philippe.Pierquin\" \/>\n\t<meta name=\"twitter:label2\" content=\"Dur\u00e9e de lecture estim\u00e9e\" \/>\n\t<meta name=\"twitter:data2\" content=\"5 minutes\" \/>\n<script type=\"application\/ld+json\" class=\"yoast-schema-graph\">{\"@context\":\"https:\/\/schema.org\",\"@graph\":[{\"@type\":\"Article\",\"@id\":\"https:\/\/welovecinema.be\/fr\/carre-blanc-le-meilleur-des-mondes\/#article\",\"isPartOf\":{\"@id\":\"https:\/\/welovecinema.be\/fr\/carre-blanc-le-meilleur-des-mondes\/\"},\"author\":{\"name\":\"Philippe.Pierquin\",\"@id\":\"https:\/\/welovecinema.be\/nl\/#\/schema\/person\/4b9b1d857f0943453a38a7c2859ef756\"},\"headline\":\"Carr\u00e9 Blanc Le meilleur des mondes\",\"datePublished\":\"2011-09-08T10:04:53+00:00\",\"dateModified\":\"2011-09-08T11:18:10+00:00\",\"mainEntityOfPage\":{\"@id\":\"https:\/\/welovecinema.be\/fr\/carre-blanc-le-meilleur-des-mondes\/\"},\"wordCount\":945,\"publisher\":{\"@id\":\"https:\/\/welovecinema.be\/nl\/#organization\"},\"articleSection\":[\"Coming soon\",\"News\"],\"inLanguage\":\"fr-FR\"},{\"@type\":\"WebPage\",\"@id\":\"https:\/\/welovecinema.be\/fr\/carre-blanc-le-meilleur-des-mondes\/\",\"url\":\"https:\/\/welovecinema.be\/fr\/carre-blanc-le-meilleur-des-mondes\/\",\"name\":\"Carr\u00e9 Blanc Le meilleur des mondes - We Love Cinema\",\"isPartOf\":{\"@id\":\"https:\/\/welovecinema.be\/nl\/#website\"},\"datePublished\":\"2011-09-08T10:04:53+00:00\",\"dateModified\":\"2011-09-08T11:18:10+00:00\",\"breadcrumb\":{\"@id\":\"https:\/\/welovecinema.be\/fr\/carre-blanc-le-meilleur-des-mondes\/#breadcrumb\"},\"inLanguage\":\"fr-FR\",\"potentialAction\":[{\"@type\":\"ReadAction\",\"target\":[\"https:\/\/welovecinema.be\/fr\/carre-blanc-le-meilleur-des-mondes\/\"]}]},{\"@type\":\"BreadcrumbList\",\"@id\":\"https:\/\/welovecinema.be\/fr\/carre-blanc-le-meilleur-des-mondes\/#breadcrumb\",\"itemListElement\":[{\"@type\":\"ListItem\",\"position\":1,\"name\":\"Accueil\",\"item\":\"https:\/\/welovecinema.be\/fr\/\"},{\"@type\":\"ListItem\",\"position\":2,\"name\":\"Carr\u00e9 Blanc Le meilleur des mondes\"}]},{\"@type\":\"WebSite\",\"@id\":\"https:\/\/welovecinema.be\/nl\/#website\",\"url\":\"https:\/\/welovecinema.be\/nl\/\",\"name\":\"We Love Cinema\",\"description\":\"Toute l\u2019information du cin\u00e9ma en Belgique\",\"publisher\":{\"@id\":\"https:\/\/welovecinema.be\/nl\/#organization\"},\"potentialAction\":[{\"@type\":\"SearchAction\",\"target\":{\"@type\":\"EntryPoint\",\"urlTemplate\":\"https:\/\/welovecinema.be\/nl\/?s={search_term_string}\"},\"query-input\":\"required name=search_term_string\"}],\"inLanguage\":\"fr-FR\"},{\"@type\":\"Organization\",\"@id\":\"https:\/\/welovecinema.be\/nl\/#organization\",\"name\":\"We Love Cinema\",\"url\":\"https:\/\/welovecinema.be\/nl\/\",\"logo\":{\"@type\":\"ImageObject\",\"inLanguage\":\"fr-FR\",\"@id\":\"https:\/\/welovecinema.be\/nl\/#\/schema\/logo\/image\/\",\"url\":\"https:\/\/welovecinema.be\/wp-content\/uploads\/sites\/2\/2023\/03\/Logo-We-Love-Cinema305x128.jpg\",\"contentUrl\":\"https:\/\/welovecinema.be\/wp-content\/uploads\/sites\/2\/2023\/03\/Logo-We-Love-Cinema305x128.jpg\",\"width\":305,\"height\":128,\"caption\":\"We Love Cinema\"},\"image\":{\"@id\":\"https:\/\/welovecinema.be\/nl\/#\/schema\/logo\/image\/\"},\"sameAs\":[\"https:\/\/www.facebook.com\/welovecinema.be\",\"https:\/\/www.youtube.com\/channel\/UCX5LYGVhnKvYauW4Nta4HJA\",\"https:\/\/www.instagram.com\/welovecinema.be\/\"]},{\"@type\":\"Person\",\"@id\":\"https:\/\/welovecinema.be\/nl\/#\/schema\/person\/4b9b1d857f0943453a38a7c2859ef756\",\"name\":\"Philippe.Pierquin\",\"url\":\"https:\/\/welovecinema.be\/fr\/author\/philippe-pierquin\/\"}]}<\/script>\n<!-- \/ Yoast SEO plugin. -->","yoast_head_json":{"title":"Carr\u00e9 Blanc  Le meilleur des mondes - We Love Cinema","robots":{"index":"index","follow":"follow","max-snippet":"max-snippet:-1","max-image-preview":"max-image-preview:large","max-video-preview":"max-video-preview:-1"},"canonical":"https:\/\/welovecinema.be\/fr\/carre-blanc-le-meilleur-des-mondes\/","og_locale":"fr_FR","og_type":"article","og_title":"Carr\u00e9 Blanc  Le meilleur des mondes - We Love Cinema","og_description":"Lors des BNP Paribas Fortis Film Days (voir ICI), vous pourrez d\u00e9couvrir en avant-premi\u00e8re pour la Belgique, un film de \u00a0SF assez brutal, froid, inqui\u00e9tant, passionnant. Il s&rsquo;appelle Carr\u00e9 Blanc et c&rsquo;est le premier long m\u00e9trage\u00a0 (assez court en fait, puisqu&rsquo;il ne d\u00e9passe pas les 75 minutes) \u00a0de Jean-Baptiste Leonetti. &nbsp;","og_url":"https:\/\/welovecinema.be\/fr\/carre-blanc-le-meilleur-des-mondes\/","og_site_name":"We Love Cinema","article_publisher":"https:\/\/www.facebook.com\/welovecinema.be","article_published_time":"2011-09-08T10:04:53+00:00","article_modified_time":"2011-09-08T11:18:10+00:00","og_image":[{"width":"2048","height":"1108","url":"https:\/\/welovecinema.be\/wp-content\/uploads\/sites\/2\/2011\/09\/cb-4.jpg","type":"image\/jpeg"}],"author":"Philippe.Pierquin","twitter_card":"summary_large_image","twitter_misc":{"\u00c9crit par":"Philippe.Pierquin","Dur\u00e9e de lecture estim\u00e9e":"5 minutes"},"schema":{"@context":"https:\/\/schema.org","@graph":[{"@type":"Article","@id":"https:\/\/welovecinema.be\/fr\/carre-blanc-le-meilleur-des-mondes\/#article","isPartOf":{"@id":"https:\/\/welovecinema.be\/fr\/carre-blanc-le-meilleur-des-mondes\/"},"author":{"name":"Philippe.Pierquin","@id":"https:\/\/welovecinema.be\/nl\/#\/schema\/person\/4b9b1d857f0943453a38a7c2859ef756"},"headline":"Carr\u00e9 Blanc Le meilleur des mondes","datePublished":"2011-09-08T10:04:53+00:00","dateModified":"2011-09-08T11:18:10+00:00","mainEntityOfPage":{"@id":"https:\/\/welovecinema.be\/fr\/carre-blanc-le-meilleur-des-mondes\/"},"wordCount":945,"publisher":{"@id":"https:\/\/welovecinema.be\/nl\/#organization"},"articleSection":["Coming soon","News"],"inLanguage":"fr-FR"},{"@type":"WebPage","@id":"https:\/\/welovecinema.be\/fr\/carre-blanc-le-meilleur-des-mondes\/","url":"https:\/\/welovecinema.be\/fr\/carre-blanc-le-meilleur-des-mondes\/","name":"Carr\u00e9 Blanc Le meilleur des mondes - We Love Cinema","isPartOf":{"@id":"https:\/\/welovecinema.be\/nl\/#website"},"datePublished":"2011-09-08T10:04:53+00:00","dateModified":"2011-09-08T11:18:10+00:00","breadcrumb":{"@id":"https:\/\/welovecinema.be\/fr\/carre-blanc-le-meilleur-des-mondes\/#breadcrumb"},"inLanguage":"fr-FR","potentialAction":[{"@type":"ReadAction","target":["https:\/\/welovecinema.be\/fr\/carre-blanc-le-meilleur-des-mondes\/"]}]},{"@type":"BreadcrumbList","@id":"https:\/\/welovecinema.be\/fr\/carre-blanc-le-meilleur-des-mondes\/#breadcrumb","itemListElement":[{"@type":"ListItem","position":1,"name":"Accueil","item":"https:\/\/welovecinema.be\/fr\/"},{"@type":"ListItem","position":2,"name":"Carr\u00e9 Blanc Le meilleur des mondes"}]},{"@type":"WebSite","@id":"https:\/\/welovecinema.be\/nl\/#website","url":"https:\/\/welovecinema.be\/nl\/","name":"We Love Cinema","description":"Toute l\u2019information du cin\u00e9ma en Belgique","publisher":{"@id":"https:\/\/welovecinema.be\/nl\/#organization"},"potentialAction":[{"@type":"SearchAction","target":{"@type":"EntryPoint","urlTemplate":"https:\/\/welovecinema.be\/nl\/?s={search_term_string}"},"query-input":"required name=search_term_string"}],"inLanguage":"fr-FR"},{"@type":"Organization","@id":"https:\/\/welovecinema.be\/nl\/#organization","name":"We Love Cinema","url":"https:\/\/welovecinema.be\/nl\/","logo":{"@type":"ImageObject","inLanguage":"fr-FR","@id":"https:\/\/welovecinema.be\/nl\/#\/schema\/logo\/image\/","url":"https:\/\/welovecinema.be\/wp-content\/uploads\/sites\/2\/2023\/03\/Logo-We-Love-Cinema305x128.jpg","contentUrl":"https:\/\/welovecinema.be\/wp-content\/uploads\/sites\/2\/2023\/03\/Logo-We-Love-Cinema305x128.jpg","width":305,"height":128,"caption":"We Love Cinema"},"image":{"@id":"https:\/\/welovecinema.be\/nl\/#\/schema\/logo\/image\/"},"sameAs":["https:\/\/www.facebook.com\/welovecinema.be","https:\/\/www.youtube.com\/channel\/UCX5LYGVhnKvYauW4Nta4HJA","https:\/\/www.instagram.com\/welovecinema.be\/"]},{"@type":"Person","@id":"https:\/\/welovecinema.be\/nl\/#\/schema\/person\/4b9b1d857f0943453a38a7c2859ef756","name":"Philippe.Pierquin","url":"https:\/\/welovecinema.be\/fr\/author\/philippe-pierquin\/"}]}},"_links":{"self":[{"href":"https:\/\/welovecinema.be\/fr\/wp-json\/wp\/v2\/posts\/7385","targetHints":{"allow":["GET"]}}],"collection":[{"href":"https:\/\/welovecinema.be\/fr\/wp-json\/wp\/v2\/posts"}],"about":[{"href":"https:\/\/welovecinema.be\/fr\/wp-json\/wp\/v2\/types\/post"}],"author":[{"embeddable":true,"href":"https:\/\/welovecinema.be\/fr\/wp-json\/wp\/v2\/users\/7"}],"replies":[{"embeddable":true,"href":"https:\/\/welovecinema.be\/fr\/wp-json\/wp\/v2\/comments?post=7385"}],"version-history":[{"count":0,"href":"https:\/\/welovecinema.be\/fr\/wp-json\/wp\/v2\/posts\/7385\/revisions"}],"wp:featuredmedia":[{"embeddable":true,"href":"https:\/\/welovecinema.be\/fr\/wp-json\/wp\/v2\/media\/7391"}],"wp:attachment":[{"href":"https:\/\/welovecinema.be\/fr\/wp-json\/wp\/v2\/media?parent=7385"}],"wp:term":[{"taxonomy":"category","embeddable":true,"href":"https:\/\/welovecinema.be\/fr\/wp-json\/wp\/v2\/categories?post=7385"},{"taxonomy":"post_tag","embeddable":true,"href":"https:\/\/welovecinema.be\/fr\/wp-json\/wp\/v2\/tags?post=7385"}],"curies":[{"name":"wp","href":"https:\/\/api.w.org\/{rel}","templated":true}]}}