{"id":73809,"date":"2015-05-14T10:53:35","date_gmt":"2015-05-14T08:53:35","guid":{"rendered":"http:\/\/www.cinevox.be\/?p=73809"},"modified":"2015-05-14T10:53:54","modified_gmt":"2015-05-14T08:53:54","slug":"jeremie-renier-dans-ni-le-ciel-ni-la-terre","status":"publish","type":"post","link":"https:\/\/welovecinema.be\/fr\/jeremie-renier-dans-ni-le-ciel-ni-la-terre\/","title":{"rendered":"J\u00e9r\u00e9mie Renier dans Ni le ciel ni la terre"},"content":{"rendered":"<p>Afghanistan, 2014 .<br \/>\n\u00c0 l\u2019approche du retrait des troupes, le capitaine Antar\u00e8s Bonassieu et sa section sont affect\u00e9s \u00e0 une mission de surveillance dans une vall\u00e9e recul\u00e9e du Wakhan, frontali\u00e8re du Pakistan.<\/p>\n<p>Malgr\u00e9 la d\u00e9termination d\u2019Antar\u00e8s et de ses hommes, le contr\u00f4le de ce secteur suppos\u00e9 calme va progressivement leur \u00e9chapper. Par une nuit de septembre, des soldats se mettent \u00e0 dispara\u00eetre myst\u00e9rieusement dans la vall\u00e9e.<!--more--><\/p>\n<p>&nbsp;<\/p>\n<p>Vous pouvez aussi d\u00e9couvrir un extrait ici:<\/p>\n<p>&nbsp;<\/p>\n<p><iframe loading=\"lazy\" src=\"\/\/www.dailymotion.com\/embed\/video\/x2puca4\" width=\"620\" height=\"347\" frameborder=\"0\" allowfullscreen=\"allowfullscreen\"><\/iframe><br \/>\n<a href=\"http:\/\/www.dailymotion.com\/video\/x2puca4_ni-le-ciel-ni-la-terre-de-clement-cogitore_shortfilms\" target=\"_blank\">Ni le ciel, ni la terre, de Cl\u00e9ment Cogitore <\/a> <i>par <a href=\"http:\/\/www.dailymotion.com\/Telerama_BA\" target=\"_blank\">Telerama_BA<\/a><\/i><\/p>\n<p>&nbsp;<\/p>\n<p>Long m\u00e9trage en comp\u00e9tition \u00e0 la 54e Semaine de la Critique<\/p>\n<p>Un film de\u00a0Cl\u00e9ment Cogitore.<\/p>\n<p>Avec <strong>J\u00e9r\u00e9mie Renier<\/strong>,\u00a0Kevin Aza\u00efs, Swann Arlaud et \u00a0Finnegan Oldfield.<\/p>\n<p>Le film est coproduit chez nous par Tarantula.<\/p>\n<p>Sortie en salle le 20 mai. Projections exceptionnelles lors de <a href=\"https:\/\/www.facebook.com\/pages\/La-Nuit-du-Palmar%C3%A8s\/821746154505459?fref=ts\" target=\"_blank\">La Nuit du Palmar\u00e8s Magnum<\/a><\/p>\n","protected":false},"excerpt":{"rendered":"<p>Afghanistan, 2014 . \u00c0 l\u2019approche du retrait des troupes, le capitaine Antar\u00e8s Bonassieu et sa section sont affect\u00e9s \u00e0 une mission de surveillance dans une vall\u00e9e recul\u00e9e du Wakhan, frontali\u00e8re du Pakistan. Malgr\u00e9 la d\u00e9termination d\u2019Antar\u00e8s et de ses hommes, le contr\u00f4le de ce secteur suppos\u00e9 calme va progressivement leur \u00e9chapper. Par une nuit de &hellip;<\/p>\n","protected":false},"author":7,"featured_media":73810,"comment_status":"closed","ping_status":"closed","sticky":false,"template":"","format":"standard","meta":{"ngg_post_thumbnail":0,"footnotes":""},"categories":[53,1923],"tags":[],"class_list":["post-73809","post","type-post","status-publish","format-standard","has-post-thumbnail","","category-coming-soon","category-en-bref"],"yoast_head":"<!-- This site is optimized with the Yoast SEO plugin v20.4 - https:\/\/yoast.com\/wordpress\/plugins\/seo\/ -->\n<title>J\u00e9r\u00e9mie Renier dans Ni le ciel ni la terre  - We Love Cinema<\/title>\n<meta name=\"robots\" content=\"index, follow, max-snippet:-1, max-image-preview:large, max-video-preview:-1\" \/>\n<link rel=\"canonical\" href=\"https:\/\/welovecinema.be\/fr\/jeremie-renier-dans-ni-le-ciel-ni-la-terre\/\" \/>\n<meta property=\"og:locale\" content=\"fr_FR\" \/>\n<meta property=\"og:type\" content=\"article\" \/>\n<meta property=\"og:title\" content=\"J\u00e9r\u00e9mie Renier dans Ni le ciel ni la terre  - We Love Cinema\" \/>\n<meta property=\"og:description\" content=\"Afghanistan, 2014 . \u00c0 l\u2019approche du retrait des troupes, le capitaine Antar\u00e8s Bonassieu et sa section sont affect\u00e9s \u00e0 une mission de surveillance dans une vall\u00e9e recul\u00e9e du Wakhan, frontali\u00e8re du Pakistan. Malgr\u00e9 la d\u00e9termination d\u2019Antar\u00e8s et de ses hommes, le contr\u00f4le de ce secteur suppos\u00e9 calme va progressivement leur \u00e9chapper. Par une nuit de &hellip;\" \/>\n<meta property=\"og:url\" content=\"https:\/\/welovecinema.be\/fr\/jeremie-renier-dans-ni-le-ciel-ni-la-terre\/\" \/>\n<meta property=\"og:site_name\" content=\"We Love Cinema\" \/>\n<meta property=\"article:publisher\" content=\"https:\/\/www.facebook.com\/welovecinema.be\" \/>\n<meta property=\"article:published_time\" content=\"2015-05-14T08:53:35+00:00\" \/>\n<meta property=\"article:modified_time\" content=\"2015-05-14T08:53:54+00:00\" \/>\n<meta property=\"og:image\" content=\"https:\/\/welovecinema.be\/wp-content\/uploads\/sites\/2\/2015\/05\/2015-05-14_10h50_16.jpg\" \/>\n\t<meta property=\"og:image:width\" content=\"1256\" \/>\n\t<meta property=\"og:image:height\" content=\"694\" \/>\n\t<meta property=\"og:image:type\" content=\"image\/jpeg\" \/>\n<meta name=\"author\" content=\"Philippe.Pierquin\" \/>\n<meta name=\"twitter:card\" content=\"summary_large_image\" \/>\n<meta name=\"twitter:label1\" content=\"\u00c9crit par\" \/>\n\t<meta name=\"twitter:data1\" content=\"Philippe.Pierquin\" \/>\n\t<meta name=\"twitter:label2\" content=\"Dur\u00e9e de lecture estim\u00e9e\" \/>\n\t<meta name=\"twitter:data2\" content=\"1 minute\" \/>\n<script type=\"application\/ld+json\" class=\"yoast-schema-graph\">{\"@context\":\"https:\/\/schema.org\",\"@graph\":[{\"@type\":\"Article\",\"@id\":\"https:\/\/welovecinema.be\/fr\/jeremie-renier-dans-ni-le-ciel-ni-la-terre\/#article\",\"isPartOf\":{\"@id\":\"https:\/\/welovecinema.be\/fr\/jeremie-renier-dans-ni-le-ciel-ni-la-terre\/\"},\"author\":{\"name\":\"Philippe.Pierquin\",\"@id\":\"https:\/\/welovecinema.be\/nl\/#\/schema\/person\/4b9b1d857f0943453a38a7c2859ef756\"},\"headline\":\"J\u00e9r\u00e9mie Renier dans Ni le ciel ni la terre\",\"datePublished\":\"2015-05-14T08:53:35+00:00\",\"dateModified\":\"2015-05-14T08:53:54+00:00\",\"mainEntityOfPage\":{\"@id\":\"https:\/\/welovecinema.be\/fr\/jeremie-renier-dans-ni-le-ciel-ni-la-terre\/\"},\"wordCount\":163,\"publisher\":{\"@id\":\"https:\/\/welovecinema.be\/nl\/#organization\"},\"articleSection\":[\"Coming soon\",\"En bref\"],\"inLanguage\":\"fr-FR\"},{\"@type\":\"WebPage\",\"@id\":\"https:\/\/welovecinema.be\/fr\/jeremie-renier-dans-ni-le-ciel-ni-la-terre\/\",\"url\":\"https:\/\/welovecinema.be\/fr\/jeremie-renier-dans-ni-le-ciel-ni-la-terre\/\",\"name\":\"J\u00e9r\u00e9mie Renier dans Ni le ciel ni la terre - We Love Cinema\",\"isPartOf\":{\"@id\":\"https:\/\/welovecinema.be\/nl\/#website\"},\"datePublished\":\"2015-05-14T08:53:35+00:00\",\"dateModified\":\"2015-05-14T08:53:54+00:00\",\"breadcrumb\":{\"@id\":\"https:\/\/welovecinema.be\/fr\/jeremie-renier-dans-ni-le-ciel-ni-la-terre\/#breadcrumb\"},\"inLanguage\":\"fr-FR\",\"potentialAction\":[{\"@type\":\"ReadAction\",\"target\":[\"https:\/\/welovecinema.be\/fr\/jeremie-renier-dans-ni-le-ciel-ni-la-terre\/\"]}]},{\"@type\":\"BreadcrumbList\",\"@id\":\"https:\/\/welovecinema.be\/fr\/jeremie-renier-dans-ni-le-ciel-ni-la-terre\/#breadcrumb\",\"itemListElement\":[{\"@type\":\"ListItem\",\"position\":1,\"name\":\"Accueil\",\"item\":\"https:\/\/welovecinema.be\/fr\/\"},{\"@type\":\"ListItem\",\"position\":2,\"name\":\"J\u00e9r\u00e9mie Renier dans Ni le ciel ni la terre\"}]},{\"@type\":\"WebSite\",\"@id\":\"https:\/\/welovecinema.be\/nl\/#website\",\"url\":\"https:\/\/welovecinema.be\/nl\/\",\"name\":\"We Love Cinema\",\"description\":\"Toute l\u2019information du cin\u00e9ma en Belgique\",\"publisher\":{\"@id\":\"https:\/\/welovecinema.be\/nl\/#organization\"},\"potentialAction\":[{\"@type\":\"SearchAction\",\"target\":{\"@type\":\"EntryPoint\",\"urlTemplate\":\"https:\/\/welovecinema.be\/nl\/?s={search_term_string}\"},\"query-input\":\"required name=search_term_string\"}],\"inLanguage\":\"fr-FR\"},{\"@type\":\"Organization\",\"@id\":\"https:\/\/welovecinema.be\/nl\/#organization\",\"name\":\"We Love Cinema\",\"url\":\"https:\/\/welovecinema.be\/nl\/\",\"logo\":{\"@type\":\"ImageObject\",\"inLanguage\":\"fr-FR\",\"@id\":\"https:\/\/welovecinema.be\/nl\/#\/schema\/logo\/image\/\",\"url\":\"https:\/\/welovecinema.be\/wp-content\/uploads\/sites\/2\/2023\/03\/Logo-We-Love-Cinema305x128.jpg\",\"contentUrl\":\"https:\/\/welovecinema.be\/wp-content\/uploads\/sites\/2\/2023\/03\/Logo-We-Love-Cinema305x128.jpg\",\"width\":305,\"height\":128,\"caption\":\"We Love Cinema\"},\"image\":{\"@id\":\"https:\/\/welovecinema.be\/nl\/#\/schema\/logo\/image\/\"},\"sameAs\":[\"https:\/\/www.facebook.com\/welovecinema.be\",\"https:\/\/www.youtube.com\/channel\/UCX5LYGVhnKvYauW4Nta4HJA\",\"https:\/\/www.instagram.com\/welovecinema.be\/\"]},{\"@type\":\"Person\",\"@id\":\"https:\/\/welovecinema.be\/nl\/#\/schema\/person\/4b9b1d857f0943453a38a7c2859ef756\",\"name\":\"Philippe.Pierquin\",\"url\":\"https:\/\/welovecinema.be\/fr\/author\/philippe-pierquin\/\"}]}<\/script>\n<!-- \/ Yoast SEO plugin. -->","yoast_head_json":{"title":"J\u00e9r\u00e9mie Renier dans Ni le ciel ni la terre  - We Love Cinema","robots":{"index":"index","follow":"follow","max-snippet":"max-snippet:-1","max-image-preview":"max-image-preview:large","max-video-preview":"max-video-preview:-1"},"canonical":"https:\/\/welovecinema.be\/fr\/jeremie-renier-dans-ni-le-ciel-ni-la-terre\/","og_locale":"fr_FR","og_type":"article","og_title":"J\u00e9r\u00e9mie Renier dans Ni le ciel ni la terre  - We Love Cinema","og_description":"Afghanistan, 2014 . \u00c0 l\u2019approche du retrait des troupes, le capitaine Antar\u00e8s Bonassieu et sa section sont affect\u00e9s \u00e0 une mission de surveillance dans une vall\u00e9e recul\u00e9e du Wakhan, frontali\u00e8re du Pakistan. Malgr\u00e9 la d\u00e9termination d\u2019Antar\u00e8s et de ses hommes, le contr\u00f4le de ce secteur suppos\u00e9 calme va progressivement leur \u00e9chapper. Par une nuit de &hellip;","og_url":"https:\/\/welovecinema.be\/fr\/jeremie-renier-dans-ni-le-ciel-ni-la-terre\/","og_site_name":"We Love Cinema","article_publisher":"https:\/\/www.facebook.com\/welovecinema.be","article_published_time":"2015-05-14T08:53:35+00:00","article_modified_time":"2015-05-14T08:53:54+00:00","og_image":[{"width":1256,"height":694,"url":"https:\/\/welovecinema.be\/wp-content\/uploads\/sites\/2\/2015\/05\/2015-05-14_10h50_16.jpg","type":"image\/jpeg"}],"author":"Philippe.Pierquin","twitter_card":"summary_large_image","twitter_misc":{"\u00c9crit par":"Philippe.Pierquin","Dur\u00e9e de lecture estim\u00e9e":"1 minute"},"schema":{"@context":"https:\/\/schema.org","@graph":[{"@type":"Article","@id":"https:\/\/welovecinema.be\/fr\/jeremie-renier-dans-ni-le-ciel-ni-la-terre\/#article","isPartOf":{"@id":"https:\/\/welovecinema.be\/fr\/jeremie-renier-dans-ni-le-ciel-ni-la-terre\/"},"author":{"name":"Philippe.Pierquin","@id":"https:\/\/welovecinema.be\/nl\/#\/schema\/person\/4b9b1d857f0943453a38a7c2859ef756"},"headline":"J\u00e9r\u00e9mie Renier dans Ni le ciel ni la terre","datePublished":"2015-05-14T08:53:35+00:00","dateModified":"2015-05-14T08:53:54+00:00","mainEntityOfPage":{"@id":"https:\/\/welovecinema.be\/fr\/jeremie-renier-dans-ni-le-ciel-ni-la-terre\/"},"wordCount":163,"publisher":{"@id":"https:\/\/welovecinema.be\/nl\/#organization"},"articleSection":["Coming soon","En bref"],"inLanguage":"fr-FR"},{"@type":"WebPage","@id":"https:\/\/welovecinema.be\/fr\/jeremie-renier-dans-ni-le-ciel-ni-la-terre\/","url":"https:\/\/welovecinema.be\/fr\/jeremie-renier-dans-ni-le-ciel-ni-la-terre\/","name":"J\u00e9r\u00e9mie Renier dans Ni le ciel ni la terre - We Love Cinema","isPartOf":{"@id":"https:\/\/welovecinema.be\/nl\/#website"},"datePublished":"2015-05-14T08:53:35+00:00","dateModified":"2015-05-14T08:53:54+00:00","breadcrumb":{"@id":"https:\/\/welovecinema.be\/fr\/jeremie-renier-dans-ni-le-ciel-ni-la-terre\/#breadcrumb"},"inLanguage":"fr-FR","potentialAction":[{"@type":"ReadAction","target":["https:\/\/welovecinema.be\/fr\/jeremie-renier-dans-ni-le-ciel-ni-la-terre\/"]}]},{"@type":"BreadcrumbList","@id":"https:\/\/welovecinema.be\/fr\/jeremie-renier-dans-ni-le-ciel-ni-la-terre\/#breadcrumb","itemListElement":[{"@type":"ListItem","position":1,"name":"Accueil","item":"https:\/\/welovecinema.be\/fr\/"},{"@type":"ListItem","position":2,"name":"J\u00e9r\u00e9mie Renier dans Ni le ciel ni la terre"}]},{"@type":"WebSite","@id":"https:\/\/welovecinema.be\/nl\/#website","url":"https:\/\/welovecinema.be\/nl\/","name":"We Love Cinema","description":"Toute l\u2019information du cin\u00e9ma en Belgique","publisher":{"@id":"https:\/\/welovecinema.be\/nl\/#organization"},"potentialAction":[{"@type":"SearchAction","target":{"@type":"EntryPoint","urlTemplate":"https:\/\/welovecinema.be\/nl\/?s={search_term_string}"},"query-input":"required name=search_term_string"}],"inLanguage":"fr-FR"},{"@type":"Organization","@id":"https:\/\/welovecinema.be\/nl\/#organization","name":"We Love Cinema","url":"https:\/\/welovecinema.be\/nl\/","logo":{"@type":"ImageObject","inLanguage":"fr-FR","@id":"https:\/\/welovecinema.be\/nl\/#\/schema\/logo\/image\/","url":"https:\/\/welovecinema.be\/wp-content\/uploads\/sites\/2\/2023\/03\/Logo-We-Love-Cinema305x128.jpg","contentUrl":"https:\/\/welovecinema.be\/wp-content\/uploads\/sites\/2\/2023\/03\/Logo-We-Love-Cinema305x128.jpg","width":305,"height":128,"caption":"We Love Cinema"},"image":{"@id":"https:\/\/welovecinema.be\/nl\/#\/schema\/logo\/image\/"},"sameAs":["https:\/\/www.facebook.com\/welovecinema.be","https:\/\/www.youtube.com\/channel\/UCX5LYGVhnKvYauW4Nta4HJA","https:\/\/www.instagram.com\/welovecinema.be\/"]},{"@type":"Person","@id":"https:\/\/welovecinema.be\/nl\/#\/schema\/person\/4b9b1d857f0943453a38a7c2859ef756","name":"Philippe.Pierquin","url":"https:\/\/welovecinema.be\/fr\/author\/philippe-pierquin\/"}]}},"_links":{"self":[{"href":"https:\/\/welovecinema.be\/fr\/wp-json\/wp\/v2\/posts\/73809","targetHints":{"allow":["GET"]}}],"collection":[{"href":"https:\/\/welovecinema.be\/fr\/wp-json\/wp\/v2\/posts"}],"about":[{"href":"https:\/\/welovecinema.be\/fr\/wp-json\/wp\/v2\/types\/post"}],"author":[{"embeddable":true,"href":"https:\/\/welovecinema.be\/fr\/wp-json\/wp\/v2\/users\/7"}],"replies":[{"embeddable":true,"href":"https:\/\/welovecinema.be\/fr\/wp-json\/wp\/v2\/comments?post=73809"}],"version-history":[{"count":0,"href":"https:\/\/welovecinema.be\/fr\/wp-json\/wp\/v2\/posts\/73809\/revisions"}],"wp:featuredmedia":[{"embeddable":true,"href":"https:\/\/welovecinema.be\/fr\/wp-json\/wp\/v2\/media\/73810"}],"wp:attachment":[{"href":"https:\/\/welovecinema.be\/fr\/wp-json\/wp\/v2\/media?parent=73809"}],"wp:term":[{"taxonomy":"category","embeddable":true,"href":"https:\/\/welovecinema.be\/fr\/wp-json\/wp\/v2\/categories?post=73809"},{"taxonomy":"post_tag","embeddable":true,"href":"https:\/\/welovecinema.be\/fr\/wp-json\/wp\/v2\/tags?post=73809"}],"curies":[{"name":"wp","href":"https:\/\/api.w.org\/{rel}","templated":true}]}}