{"id":72308,"date":"2015-03-28T15:15:46","date_gmt":"2015-03-28T14:15:46","guid":{"rendered":"http:\/\/www.cinevox.be\/?p=72308"},"modified":"2015-03-27T09:18:12","modified_gmt":"2015-03-27T08:18:12","slug":"cecile-delberghe-ambassadrice-de-la-nuit-du-palmares-magnum","status":"publish","type":"post","link":"https:\/\/welovecinema.be\/fr\/cecile-delberghe-ambassadrice-de-la-nuit-du-palmares-magnum\/","title":{"rendered":"C\u00e9cile Delberghe, ambassadrice de la Nuit du Palmar\u00e8s Magnum"},"content":{"rendered":"<p>Mais qui est C\u00e9cile Delberghe, choisie pour \u00eatre l&rsquo;ambassadrice de la Nuit du Palmar\u00e8s Magnum 2015?<\/p>\n<p>Une jeune actrice pleine de talents que vous avez d\u00e9j\u00e0 vu dans quelques films fort sympathiques. Et que vous allez donc retrouver sur vos grands \u00e9crans pendant plusieurs semaines.<\/p>\n<p>Glamour? Non, peut-\u00eatre.<\/p>\n","protected":false},"excerpt":{"rendered":"<p>Mais qui est C\u00e9cile Delberghe, choisie pour \u00eatre l&rsquo;ambassadrice de la Nuit du Palmar\u00e8s Magnum 2015? Une jeune actrice pleine de talents que vous avez d\u00e9j\u00e0 vu dans quelques films fort sympathiques. Et que vous allez donc retrouver sur vos grands \u00e9crans pendant plusieurs semaines. Glamour? Non, peut-\u00eatre.<\/p>\n","protected":false},"author":7,"featured_media":72309,"comment_status":"closed","ping_status":"closed","sticky":false,"template":"","format":"standard","meta":{"ngg_post_thumbnail":0,"footnotes":""},"categories":[1923],"tags":[],"class_list":["post-72308","post","type-post","status-publish","format-standard","has-post-thumbnail","","category-en-bref"],"yoast_head":"<!-- This site is optimized with the Yoast SEO plugin v20.4 - https:\/\/yoast.com\/wordpress\/plugins\/seo\/ -->\n<title>C\u00e9cile Delberghe, ambassadrice de la Nuit du Palmar\u00e8s Magnum - We Love Cinema<\/title>\n<meta name=\"robots\" content=\"index, follow, max-snippet:-1, max-image-preview:large, max-video-preview:-1\" \/>\n<link rel=\"canonical\" href=\"https:\/\/welovecinema.be\/fr\/cecile-delberghe-ambassadrice-de-la-nuit-du-palmares-magnum\/\" \/>\n<meta property=\"og:locale\" content=\"fr_FR\" \/>\n<meta property=\"og:type\" content=\"article\" \/>\n<meta property=\"og:title\" content=\"C\u00e9cile Delberghe, ambassadrice de la Nuit du Palmar\u00e8s Magnum - We Love Cinema\" \/>\n<meta property=\"og:description\" content=\"Mais qui est C\u00e9cile Delberghe, choisie pour \u00eatre l&rsquo;ambassadrice de la Nuit du Palmar\u00e8s Magnum 2015? Une jeune actrice pleine de talents que vous avez d\u00e9j\u00e0 vu dans quelques films fort sympathiques. Et que vous allez donc retrouver sur vos grands \u00e9crans pendant plusieurs semaines. Glamour? Non, peut-\u00eatre.\" \/>\n<meta property=\"og:url\" content=\"https:\/\/welovecinema.be\/fr\/cecile-delberghe-ambassadrice-de-la-nuit-du-palmares-magnum\/\" \/>\n<meta property=\"og:site_name\" content=\"We Love Cinema\" \/>\n<meta property=\"article:publisher\" content=\"https:\/\/www.facebook.com\/welovecinema.be\" \/>\n<meta property=\"article:published_time\" content=\"2015-03-28T14:15:46+00:00\" \/>\n<meta property=\"article:modified_time\" content=\"2015-03-27T08:18:12+00:00\" \/>\n<meta property=\"og:image\" content=\"https:\/\/welovecinema.be\/wp-content\/uploads\/sites\/2\/2015\/03\/OP__0247.jpg\" \/>\n\t<meta property=\"og:image:width\" content=\"1800\" \/>\n\t<meta property=\"og:image:height\" content=\"1200\" \/>\n\t<meta property=\"og:image:type\" content=\"image\/jpeg\" \/>\n<meta name=\"author\" content=\"Philippe.Pierquin\" \/>\n<meta name=\"twitter:card\" content=\"summary_large_image\" \/>\n<meta name=\"twitter:label1\" content=\"\u00c9crit par\" \/>\n\t<meta name=\"twitter:data1\" content=\"Philippe.Pierquin\" \/>\n<script type=\"application\/ld+json\" class=\"yoast-schema-graph\">{\"@context\":\"https:\/\/schema.org\",\"@graph\":[{\"@type\":\"Article\",\"@id\":\"https:\/\/welovecinema.be\/fr\/cecile-delberghe-ambassadrice-de-la-nuit-du-palmares-magnum\/#article\",\"isPartOf\":{\"@id\":\"https:\/\/welovecinema.be\/fr\/cecile-delberghe-ambassadrice-de-la-nuit-du-palmares-magnum\/\"},\"author\":{\"name\":\"Philippe.Pierquin\",\"@id\":\"https:\/\/welovecinema.be\/nl\/#\/schema\/person\/4b9b1d857f0943453a38a7c2859ef756\"},\"headline\":\"C\u00e9cile Delberghe, ambassadrice de la Nuit du Palmar\u00e8s Magnum\",\"datePublished\":\"2015-03-28T14:15:46+00:00\",\"dateModified\":\"2015-03-27T08:18:12+00:00\",\"mainEntityOfPage\":{\"@id\":\"https:\/\/welovecinema.be\/fr\/cecile-delberghe-ambassadrice-de-la-nuit-du-palmares-magnum\/\"},\"wordCount\":63,\"publisher\":{\"@id\":\"https:\/\/welovecinema.be\/nl\/#organization\"},\"articleSection\":[\"En bref\"],\"inLanguage\":\"fr-FR\"},{\"@type\":\"WebPage\",\"@id\":\"https:\/\/welovecinema.be\/fr\/cecile-delberghe-ambassadrice-de-la-nuit-du-palmares-magnum\/\",\"url\":\"https:\/\/welovecinema.be\/fr\/cecile-delberghe-ambassadrice-de-la-nuit-du-palmares-magnum\/\",\"name\":\"C\u00e9cile Delberghe, ambassadrice de la Nuit du Palmar\u00e8s Magnum - We Love Cinema\",\"isPartOf\":{\"@id\":\"https:\/\/welovecinema.be\/nl\/#website\"},\"datePublished\":\"2015-03-28T14:15:46+00:00\",\"dateModified\":\"2015-03-27T08:18:12+00:00\",\"breadcrumb\":{\"@id\":\"https:\/\/welovecinema.be\/fr\/cecile-delberghe-ambassadrice-de-la-nuit-du-palmares-magnum\/#breadcrumb\"},\"inLanguage\":\"fr-FR\",\"potentialAction\":[{\"@type\":\"ReadAction\",\"target\":[\"https:\/\/welovecinema.be\/fr\/cecile-delberghe-ambassadrice-de-la-nuit-du-palmares-magnum\/\"]}]},{\"@type\":\"BreadcrumbList\",\"@id\":\"https:\/\/welovecinema.be\/fr\/cecile-delberghe-ambassadrice-de-la-nuit-du-palmares-magnum\/#breadcrumb\",\"itemListElement\":[{\"@type\":\"ListItem\",\"position\":1,\"name\":\"Accueil\",\"item\":\"https:\/\/welovecinema.be\/fr\/\"},{\"@type\":\"ListItem\",\"position\":2,\"name\":\"C\u00e9cile Delberghe, ambassadrice de la Nuit du Palmar\u00e8s Magnum\"}]},{\"@type\":\"WebSite\",\"@id\":\"https:\/\/welovecinema.be\/nl\/#website\",\"url\":\"https:\/\/welovecinema.be\/nl\/\",\"name\":\"We Love Cinema\",\"description\":\"Toute l\u2019information du cin\u00e9ma en Belgique\",\"publisher\":{\"@id\":\"https:\/\/welovecinema.be\/nl\/#organization\"},\"potentialAction\":[{\"@type\":\"SearchAction\",\"target\":{\"@type\":\"EntryPoint\",\"urlTemplate\":\"https:\/\/welovecinema.be\/nl\/?s={search_term_string}\"},\"query-input\":\"required name=search_term_string\"}],\"inLanguage\":\"fr-FR\"},{\"@type\":\"Organization\",\"@id\":\"https:\/\/welovecinema.be\/nl\/#organization\",\"name\":\"We Love Cinema\",\"url\":\"https:\/\/welovecinema.be\/nl\/\",\"logo\":{\"@type\":\"ImageObject\",\"inLanguage\":\"fr-FR\",\"@id\":\"https:\/\/welovecinema.be\/nl\/#\/schema\/logo\/image\/\",\"url\":\"https:\/\/welovecinema.be\/wp-content\/uploads\/sites\/2\/2023\/03\/Logo-We-Love-Cinema305x128.jpg\",\"contentUrl\":\"https:\/\/welovecinema.be\/wp-content\/uploads\/sites\/2\/2023\/03\/Logo-We-Love-Cinema305x128.jpg\",\"width\":305,\"height\":128,\"caption\":\"We Love Cinema\"},\"image\":{\"@id\":\"https:\/\/welovecinema.be\/nl\/#\/schema\/logo\/image\/\"},\"sameAs\":[\"https:\/\/www.facebook.com\/welovecinema.be\",\"https:\/\/www.youtube.com\/channel\/UCX5LYGVhnKvYauW4Nta4HJA\",\"https:\/\/www.instagram.com\/welovecinema.be\/\"]},{\"@type\":\"Person\",\"@id\":\"https:\/\/welovecinema.be\/nl\/#\/schema\/person\/4b9b1d857f0943453a38a7c2859ef756\",\"name\":\"Philippe.Pierquin\",\"url\":\"https:\/\/welovecinema.be\/fr\/author\/philippe-pierquin\/\"}]}<\/script>\n<!-- \/ Yoast SEO plugin. -->","yoast_head_json":{"title":"C\u00e9cile Delberghe, ambassadrice de la Nuit du Palmar\u00e8s Magnum - We Love Cinema","robots":{"index":"index","follow":"follow","max-snippet":"max-snippet:-1","max-image-preview":"max-image-preview:large","max-video-preview":"max-video-preview:-1"},"canonical":"https:\/\/welovecinema.be\/fr\/cecile-delberghe-ambassadrice-de-la-nuit-du-palmares-magnum\/","og_locale":"fr_FR","og_type":"article","og_title":"C\u00e9cile Delberghe, ambassadrice de la Nuit du Palmar\u00e8s Magnum - We Love Cinema","og_description":"Mais qui est C\u00e9cile Delberghe, choisie pour \u00eatre l&rsquo;ambassadrice de la Nuit du Palmar\u00e8s Magnum 2015? Une jeune actrice pleine de talents que vous avez d\u00e9j\u00e0 vu dans quelques films fort sympathiques. Et que vous allez donc retrouver sur vos grands \u00e9crans pendant plusieurs semaines. Glamour? Non, peut-\u00eatre.","og_url":"https:\/\/welovecinema.be\/fr\/cecile-delberghe-ambassadrice-de-la-nuit-du-palmares-magnum\/","og_site_name":"We Love Cinema","article_publisher":"https:\/\/www.facebook.com\/welovecinema.be","article_published_time":"2015-03-28T14:15:46+00:00","article_modified_time":"2015-03-27T08:18:12+00:00","og_image":[{"width":1800,"height":1200,"url":"https:\/\/welovecinema.be\/wp-content\/uploads\/sites\/2\/2015\/03\/OP__0247.jpg","type":"image\/jpeg"}],"author":"Philippe.Pierquin","twitter_card":"summary_large_image","twitter_misc":{"\u00c9crit par":"Philippe.Pierquin"},"schema":{"@context":"https:\/\/schema.org","@graph":[{"@type":"Article","@id":"https:\/\/welovecinema.be\/fr\/cecile-delberghe-ambassadrice-de-la-nuit-du-palmares-magnum\/#article","isPartOf":{"@id":"https:\/\/welovecinema.be\/fr\/cecile-delberghe-ambassadrice-de-la-nuit-du-palmares-magnum\/"},"author":{"name":"Philippe.Pierquin","@id":"https:\/\/welovecinema.be\/nl\/#\/schema\/person\/4b9b1d857f0943453a38a7c2859ef756"},"headline":"C\u00e9cile Delberghe, ambassadrice de la Nuit du Palmar\u00e8s Magnum","datePublished":"2015-03-28T14:15:46+00:00","dateModified":"2015-03-27T08:18:12+00:00","mainEntityOfPage":{"@id":"https:\/\/welovecinema.be\/fr\/cecile-delberghe-ambassadrice-de-la-nuit-du-palmares-magnum\/"},"wordCount":63,"publisher":{"@id":"https:\/\/welovecinema.be\/nl\/#organization"},"articleSection":["En bref"],"inLanguage":"fr-FR"},{"@type":"WebPage","@id":"https:\/\/welovecinema.be\/fr\/cecile-delberghe-ambassadrice-de-la-nuit-du-palmares-magnum\/","url":"https:\/\/welovecinema.be\/fr\/cecile-delberghe-ambassadrice-de-la-nuit-du-palmares-magnum\/","name":"C\u00e9cile Delberghe, ambassadrice de la Nuit du Palmar\u00e8s Magnum - We Love Cinema","isPartOf":{"@id":"https:\/\/welovecinema.be\/nl\/#website"},"datePublished":"2015-03-28T14:15:46+00:00","dateModified":"2015-03-27T08:18:12+00:00","breadcrumb":{"@id":"https:\/\/welovecinema.be\/fr\/cecile-delberghe-ambassadrice-de-la-nuit-du-palmares-magnum\/#breadcrumb"},"inLanguage":"fr-FR","potentialAction":[{"@type":"ReadAction","target":["https:\/\/welovecinema.be\/fr\/cecile-delberghe-ambassadrice-de-la-nuit-du-palmares-magnum\/"]}]},{"@type":"BreadcrumbList","@id":"https:\/\/welovecinema.be\/fr\/cecile-delberghe-ambassadrice-de-la-nuit-du-palmares-magnum\/#breadcrumb","itemListElement":[{"@type":"ListItem","position":1,"name":"Accueil","item":"https:\/\/welovecinema.be\/fr\/"},{"@type":"ListItem","position":2,"name":"C\u00e9cile Delberghe, ambassadrice de la Nuit du Palmar\u00e8s Magnum"}]},{"@type":"WebSite","@id":"https:\/\/welovecinema.be\/nl\/#website","url":"https:\/\/welovecinema.be\/nl\/","name":"We Love Cinema","description":"Toute l\u2019information du cin\u00e9ma en Belgique","publisher":{"@id":"https:\/\/welovecinema.be\/nl\/#organization"},"potentialAction":[{"@type":"SearchAction","target":{"@type":"EntryPoint","urlTemplate":"https:\/\/welovecinema.be\/nl\/?s={search_term_string}"},"query-input":"required name=search_term_string"}],"inLanguage":"fr-FR"},{"@type":"Organization","@id":"https:\/\/welovecinema.be\/nl\/#organization","name":"We Love Cinema","url":"https:\/\/welovecinema.be\/nl\/","logo":{"@type":"ImageObject","inLanguage":"fr-FR","@id":"https:\/\/welovecinema.be\/nl\/#\/schema\/logo\/image\/","url":"https:\/\/welovecinema.be\/wp-content\/uploads\/sites\/2\/2023\/03\/Logo-We-Love-Cinema305x128.jpg","contentUrl":"https:\/\/welovecinema.be\/wp-content\/uploads\/sites\/2\/2023\/03\/Logo-We-Love-Cinema305x128.jpg","width":305,"height":128,"caption":"We Love Cinema"},"image":{"@id":"https:\/\/welovecinema.be\/nl\/#\/schema\/logo\/image\/"},"sameAs":["https:\/\/www.facebook.com\/welovecinema.be","https:\/\/www.youtube.com\/channel\/UCX5LYGVhnKvYauW4Nta4HJA","https:\/\/www.instagram.com\/welovecinema.be\/"]},{"@type":"Person","@id":"https:\/\/welovecinema.be\/nl\/#\/schema\/person\/4b9b1d857f0943453a38a7c2859ef756","name":"Philippe.Pierquin","url":"https:\/\/welovecinema.be\/fr\/author\/philippe-pierquin\/"}]}},"_links":{"self":[{"href":"https:\/\/welovecinema.be\/fr\/wp-json\/wp\/v2\/posts\/72308","targetHints":{"allow":["GET"]}}],"collection":[{"href":"https:\/\/welovecinema.be\/fr\/wp-json\/wp\/v2\/posts"}],"about":[{"href":"https:\/\/welovecinema.be\/fr\/wp-json\/wp\/v2\/types\/post"}],"author":[{"embeddable":true,"href":"https:\/\/welovecinema.be\/fr\/wp-json\/wp\/v2\/users\/7"}],"replies":[{"embeddable":true,"href":"https:\/\/welovecinema.be\/fr\/wp-json\/wp\/v2\/comments?post=72308"}],"version-history":[{"count":0,"href":"https:\/\/welovecinema.be\/fr\/wp-json\/wp\/v2\/posts\/72308\/revisions"}],"wp:featuredmedia":[{"embeddable":true,"href":"https:\/\/welovecinema.be\/fr\/wp-json\/wp\/v2\/media\/72309"}],"wp:attachment":[{"href":"https:\/\/welovecinema.be\/fr\/wp-json\/wp\/v2\/media?parent=72308"}],"wp:term":[{"taxonomy":"category","embeddable":true,"href":"https:\/\/welovecinema.be\/fr\/wp-json\/wp\/v2\/categories?post=72308"},{"taxonomy":"post_tag","embeddable":true,"href":"https:\/\/welovecinema.be\/fr\/wp-json\/wp\/v2\/tags?post=72308"}],"curies":[{"name":"wp","href":"https:\/\/api.w.org\/{rel}","templated":true}]}}