{"id":71999,"date":"2015-03-23T12:45:19","date_gmt":"2015-03-23T11:45:19","guid":{"rendered":"http:\/\/www.cinevox.be\/?p=71999"},"modified":"2015-03-30T17:31:41","modified_gmt":"2015-03-30T15:31:41","slug":"fabrizio-rongione-tete-daffiche-de-la-sapienza","status":"publish","type":"post","link":"https:\/\/welovecinema.be\/fr\/fabrizio-rongione-tete-daffiche-de-la-sapienza\/","title":{"rendered":"Fabrizio Rongione, t\u00eate d&rsquo;affiche de la Sapienza"},"content":{"rendered":"<p>\u00c0 50 ans, Alexandre a derri\u00e8re lui une brillante carri\u00e8re d\u2019architecte. En proie \u00e0 des doutes sur le sens de son travail et sur son mariage, il part en Italie accompagn\u00e9 de sa femme, avec le projet d\u2019\u00e9crire un texte qu\u2019il m\u00e9dite depuis longtemps sur l\u2019architecte baroque Francesco Borromini.<\/p>\n<p>En arrivant \u00e0 Stresa, sur les rives du Lac Majeur, ils font la rencontre de jeunes fr\u00e8re et soeur, qui donneront un tout autre tour \u00e0 cette \u00e9chapp\u00e9e italienne.<\/p>\n<p><!--more--><\/p>\n<p>&nbsp;<\/p>\n<p>R\u00e9alis\u00e9 par Eug\u00e8ne Green<\/p>\n<p>Avec <strong>Fabrizio Rongione,<\/strong> Christelle Prot, Ludovico Succio<\/p>\n<p>&nbsp;<\/p>\n<p>Sortie en France le 25 mars 2015<\/p>\n","protected":false},"excerpt":{"rendered":"<p>\u00c0 50 ans, Alexandre a derri\u00e8re lui une brillante carri\u00e8re d\u2019architecte. En proie \u00e0 des doutes sur le sens de son travail et sur son mariage, il part en Italie accompagn\u00e9 de sa femme, avec le projet d\u2019\u00e9crire un texte qu\u2019il m\u00e9dite depuis longtemps sur l\u2019architecte baroque Francesco Borromini. En arrivant \u00e0 Stresa, sur les &hellip;<\/p>\n","protected":false},"author":7,"featured_media":72000,"comment_status":"closed","ping_status":"closed","sticky":false,"template":"","format":"standard","meta":{"ngg_post_thumbnail":0,"footnotes":""},"categories":[53],"tags":[],"class_list":["post-71999","post","type-post","status-publish","format-standard","has-post-thumbnail","","category-coming-soon"],"yoast_head":"<!-- This site is optimized with the Yoast SEO plugin v20.4 - https:\/\/yoast.com\/wordpress\/plugins\/seo\/ -->\n<title>Fabrizio Rongione, t\u00eate d&#039;affiche de la Sapienza - We Love Cinema<\/title>\n<meta name=\"robots\" content=\"index, follow, max-snippet:-1, max-image-preview:large, max-video-preview:-1\" \/>\n<link rel=\"canonical\" href=\"https:\/\/welovecinema.be\/fr\/fabrizio-rongione-tete-daffiche-de-la-sapienza\/\" \/>\n<meta property=\"og:locale\" content=\"fr_FR\" \/>\n<meta property=\"og:type\" content=\"article\" \/>\n<meta property=\"og:title\" content=\"Fabrizio Rongione, t\u00eate d&#039;affiche de la Sapienza - We Love Cinema\" \/>\n<meta property=\"og:description\" content=\"\u00c0 50 ans, Alexandre a derri\u00e8re lui une brillante carri\u00e8re d\u2019architecte. En proie \u00e0 des doutes sur le sens de son travail et sur son mariage, il part en Italie accompagn\u00e9 de sa femme, avec le projet d\u2019\u00e9crire un texte qu\u2019il m\u00e9dite depuis longtemps sur l\u2019architecte baroque Francesco Borromini. En arrivant \u00e0 Stresa, sur les &hellip;\" \/>\n<meta property=\"og:url\" content=\"https:\/\/welovecinema.be\/fr\/fabrizio-rongione-tete-daffiche-de-la-sapienza\/\" \/>\n<meta property=\"og:site_name\" content=\"We Love Cinema\" \/>\n<meta property=\"article:publisher\" content=\"https:\/\/www.facebook.com\/welovecinema.be\" \/>\n<meta property=\"article:published_time\" content=\"2015-03-23T11:45:19+00:00\" \/>\n<meta property=\"article:modified_time\" content=\"2015-03-30T15:31:41+00:00\" \/>\n<meta property=\"og:image\" content=\"https:\/\/welovecinema.be\/wp-content\/uploads\/sites\/2\/2015\/03\/1380893340898.jpg\" \/>\n\t<meta property=\"og:image:width\" content=\"1920\" \/>\n\t<meta property=\"og:image:height\" content=\"1080\" \/>\n\t<meta property=\"og:image:type\" content=\"image\/jpeg\" \/>\n<meta name=\"author\" content=\"Philippe.Pierquin\" \/>\n<meta name=\"twitter:card\" content=\"summary_large_image\" \/>\n<meta name=\"twitter:label1\" content=\"\u00c9crit par\" \/>\n\t<meta name=\"twitter:data1\" content=\"Philippe.Pierquin\" \/>\n\t<meta name=\"twitter:label2\" content=\"Dur\u00e9e de lecture estim\u00e9e\" \/>\n\t<meta name=\"twitter:data2\" content=\"1 minute\" \/>\n<script type=\"application\/ld+json\" class=\"yoast-schema-graph\">{\"@context\":\"https:\/\/schema.org\",\"@graph\":[{\"@type\":\"Article\",\"@id\":\"https:\/\/welovecinema.be\/fr\/fabrizio-rongione-tete-daffiche-de-la-sapienza\/#article\",\"isPartOf\":{\"@id\":\"https:\/\/welovecinema.be\/fr\/fabrizio-rongione-tete-daffiche-de-la-sapienza\/\"},\"author\":{\"name\":\"Philippe.Pierquin\",\"@id\":\"https:\/\/welovecinema.be\/nl\/#\/schema\/person\/4b9b1d857f0943453a38a7c2859ef756\"},\"headline\":\"Fabrizio Rongione, t\u00eate d&rsquo;affiche de la Sapienza\",\"datePublished\":\"2015-03-23T11:45:19+00:00\",\"dateModified\":\"2015-03-30T15:31:41+00:00\",\"mainEntityOfPage\":{\"@id\":\"https:\/\/welovecinema.be\/fr\/fabrizio-rongione-tete-daffiche-de-la-sapienza\/\"},\"wordCount\":111,\"publisher\":{\"@id\":\"https:\/\/welovecinema.be\/nl\/#organization\"},\"articleSection\":[\"Coming soon\"],\"inLanguage\":\"fr-FR\"},{\"@type\":\"WebPage\",\"@id\":\"https:\/\/welovecinema.be\/fr\/fabrizio-rongione-tete-daffiche-de-la-sapienza\/\",\"url\":\"https:\/\/welovecinema.be\/fr\/fabrizio-rongione-tete-daffiche-de-la-sapienza\/\",\"name\":\"Fabrizio Rongione, t\u00eate d'affiche de la Sapienza - We Love Cinema\",\"isPartOf\":{\"@id\":\"https:\/\/welovecinema.be\/nl\/#website\"},\"datePublished\":\"2015-03-23T11:45:19+00:00\",\"dateModified\":\"2015-03-30T15:31:41+00:00\",\"breadcrumb\":{\"@id\":\"https:\/\/welovecinema.be\/fr\/fabrizio-rongione-tete-daffiche-de-la-sapienza\/#breadcrumb\"},\"inLanguage\":\"fr-FR\",\"potentialAction\":[{\"@type\":\"ReadAction\",\"target\":[\"https:\/\/welovecinema.be\/fr\/fabrizio-rongione-tete-daffiche-de-la-sapienza\/\"]}]},{\"@type\":\"BreadcrumbList\",\"@id\":\"https:\/\/welovecinema.be\/fr\/fabrizio-rongione-tete-daffiche-de-la-sapienza\/#breadcrumb\",\"itemListElement\":[{\"@type\":\"ListItem\",\"position\":1,\"name\":\"Accueil\",\"item\":\"https:\/\/welovecinema.be\/fr\/\"},{\"@type\":\"ListItem\",\"position\":2,\"name\":\"Fabrizio Rongione, t\u00eate d&rsquo;affiche de la Sapienza\"}]},{\"@type\":\"WebSite\",\"@id\":\"https:\/\/welovecinema.be\/nl\/#website\",\"url\":\"https:\/\/welovecinema.be\/nl\/\",\"name\":\"We Love Cinema\",\"description\":\"Toute l\u2019information du cin\u00e9ma en Belgique\",\"publisher\":{\"@id\":\"https:\/\/welovecinema.be\/nl\/#organization\"},\"potentialAction\":[{\"@type\":\"SearchAction\",\"target\":{\"@type\":\"EntryPoint\",\"urlTemplate\":\"https:\/\/welovecinema.be\/nl\/?s={search_term_string}\"},\"query-input\":\"required name=search_term_string\"}],\"inLanguage\":\"fr-FR\"},{\"@type\":\"Organization\",\"@id\":\"https:\/\/welovecinema.be\/nl\/#organization\",\"name\":\"We Love Cinema\",\"url\":\"https:\/\/welovecinema.be\/nl\/\",\"logo\":{\"@type\":\"ImageObject\",\"inLanguage\":\"fr-FR\",\"@id\":\"https:\/\/welovecinema.be\/nl\/#\/schema\/logo\/image\/\",\"url\":\"https:\/\/welovecinema.be\/wp-content\/uploads\/sites\/2\/2023\/03\/Logo-We-Love-Cinema305x128.jpg\",\"contentUrl\":\"https:\/\/welovecinema.be\/wp-content\/uploads\/sites\/2\/2023\/03\/Logo-We-Love-Cinema305x128.jpg\",\"width\":305,\"height\":128,\"caption\":\"We Love Cinema\"},\"image\":{\"@id\":\"https:\/\/welovecinema.be\/nl\/#\/schema\/logo\/image\/\"},\"sameAs\":[\"https:\/\/www.facebook.com\/welovecinema.be\",\"https:\/\/www.youtube.com\/channel\/UCX5LYGVhnKvYauW4Nta4HJA\",\"https:\/\/www.instagram.com\/welovecinema.be\/\"]},{\"@type\":\"Person\",\"@id\":\"https:\/\/welovecinema.be\/nl\/#\/schema\/person\/4b9b1d857f0943453a38a7c2859ef756\",\"name\":\"Philippe.Pierquin\",\"url\":\"https:\/\/welovecinema.be\/fr\/author\/philippe-pierquin\/\"}]}<\/script>\n<!-- \/ Yoast SEO plugin. -->","yoast_head_json":{"title":"Fabrizio Rongione, t\u00eate d'affiche de la Sapienza - We Love Cinema","robots":{"index":"index","follow":"follow","max-snippet":"max-snippet:-1","max-image-preview":"max-image-preview:large","max-video-preview":"max-video-preview:-1"},"canonical":"https:\/\/welovecinema.be\/fr\/fabrizio-rongione-tete-daffiche-de-la-sapienza\/","og_locale":"fr_FR","og_type":"article","og_title":"Fabrizio Rongione, t\u00eate d'affiche de la Sapienza - We Love Cinema","og_description":"\u00c0 50 ans, Alexandre a derri\u00e8re lui une brillante carri\u00e8re d\u2019architecte. En proie \u00e0 des doutes sur le sens de son travail et sur son mariage, il part en Italie accompagn\u00e9 de sa femme, avec le projet d\u2019\u00e9crire un texte qu\u2019il m\u00e9dite depuis longtemps sur l\u2019architecte baroque Francesco Borromini. En arrivant \u00e0 Stresa, sur les &hellip;","og_url":"https:\/\/welovecinema.be\/fr\/fabrizio-rongione-tete-daffiche-de-la-sapienza\/","og_site_name":"We Love Cinema","article_publisher":"https:\/\/www.facebook.com\/welovecinema.be","article_published_time":"2015-03-23T11:45:19+00:00","article_modified_time":"2015-03-30T15:31:41+00:00","og_image":[{"width":1920,"height":1080,"url":"https:\/\/welovecinema.be\/wp-content\/uploads\/sites\/2\/2015\/03\/1380893340898.jpg","type":"image\/jpeg"}],"author":"Philippe.Pierquin","twitter_card":"summary_large_image","twitter_misc":{"\u00c9crit par":"Philippe.Pierquin","Dur\u00e9e de lecture estim\u00e9e":"1 minute"},"schema":{"@context":"https:\/\/schema.org","@graph":[{"@type":"Article","@id":"https:\/\/welovecinema.be\/fr\/fabrizio-rongione-tete-daffiche-de-la-sapienza\/#article","isPartOf":{"@id":"https:\/\/welovecinema.be\/fr\/fabrizio-rongione-tete-daffiche-de-la-sapienza\/"},"author":{"name":"Philippe.Pierquin","@id":"https:\/\/welovecinema.be\/nl\/#\/schema\/person\/4b9b1d857f0943453a38a7c2859ef756"},"headline":"Fabrizio Rongione, t\u00eate d&rsquo;affiche de la Sapienza","datePublished":"2015-03-23T11:45:19+00:00","dateModified":"2015-03-30T15:31:41+00:00","mainEntityOfPage":{"@id":"https:\/\/welovecinema.be\/fr\/fabrizio-rongione-tete-daffiche-de-la-sapienza\/"},"wordCount":111,"publisher":{"@id":"https:\/\/welovecinema.be\/nl\/#organization"},"articleSection":["Coming soon"],"inLanguage":"fr-FR"},{"@type":"WebPage","@id":"https:\/\/welovecinema.be\/fr\/fabrizio-rongione-tete-daffiche-de-la-sapienza\/","url":"https:\/\/welovecinema.be\/fr\/fabrizio-rongione-tete-daffiche-de-la-sapienza\/","name":"Fabrizio Rongione, t\u00eate d'affiche de la Sapienza - We Love Cinema","isPartOf":{"@id":"https:\/\/welovecinema.be\/nl\/#website"},"datePublished":"2015-03-23T11:45:19+00:00","dateModified":"2015-03-30T15:31:41+00:00","breadcrumb":{"@id":"https:\/\/welovecinema.be\/fr\/fabrizio-rongione-tete-daffiche-de-la-sapienza\/#breadcrumb"},"inLanguage":"fr-FR","potentialAction":[{"@type":"ReadAction","target":["https:\/\/welovecinema.be\/fr\/fabrizio-rongione-tete-daffiche-de-la-sapienza\/"]}]},{"@type":"BreadcrumbList","@id":"https:\/\/welovecinema.be\/fr\/fabrizio-rongione-tete-daffiche-de-la-sapienza\/#breadcrumb","itemListElement":[{"@type":"ListItem","position":1,"name":"Accueil","item":"https:\/\/welovecinema.be\/fr\/"},{"@type":"ListItem","position":2,"name":"Fabrizio Rongione, t\u00eate d&rsquo;affiche de la Sapienza"}]},{"@type":"WebSite","@id":"https:\/\/welovecinema.be\/nl\/#website","url":"https:\/\/welovecinema.be\/nl\/","name":"We Love Cinema","description":"Toute l\u2019information du cin\u00e9ma en Belgique","publisher":{"@id":"https:\/\/welovecinema.be\/nl\/#organization"},"potentialAction":[{"@type":"SearchAction","target":{"@type":"EntryPoint","urlTemplate":"https:\/\/welovecinema.be\/nl\/?s={search_term_string}"},"query-input":"required name=search_term_string"}],"inLanguage":"fr-FR"},{"@type":"Organization","@id":"https:\/\/welovecinema.be\/nl\/#organization","name":"We Love Cinema","url":"https:\/\/welovecinema.be\/nl\/","logo":{"@type":"ImageObject","inLanguage":"fr-FR","@id":"https:\/\/welovecinema.be\/nl\/#\/schema\/logo\/image\/","url":"https:\/\/welovecinema.be\/wp-content\/uploads\/sites\/2\/2023\/03\/Logo-We-Love-Cinema305x128.jpg","contentUrl":"https:\/\/welovecinema.be\/wp-content\/uploads\/sites\/2\/2023\/03\/Logo-We-Love-Cinema305x128.jpg","width":305,"height":128,"caption":"We Love Cinema"},"image":{"@id":"https:\/\/welovecinema.be\/nl\/#\/schema\/logo\/image\/"},"sameAs":["https:\/\/www.facebook.com\/welovecinema.be","https:\/\/www.youtube.com\/channel\/UCX5LYGVhnKvYauW4Nta4HJA","https:\/\/www.instagram.com\/welovecinema.be\/"]},{"@type":"Person","@id":"https:\/\/welovecinema.be\/nl\/#\/schema\/person\/4b9b1d857f0943453a38a7c2859ef756","name":"Philippe.Pierquin","url":"https:\/\/welovecinema.be\/fr\/author\/philippe-pierquin\/"}]}},"_links":{"self":[{"href":"https:\/\/welovecinema.be\/fr\/wp-json\/wp\/v2\/posts\/71999","targetHints":{"allow":["GET"]}}],"collection":[{"href":"https:\/\/welovecinema.be\/fr\/wp-json\/wp\/v2\/posts"}],"about":[{"href":"https:\/\/welovecinema.be\/fr\/wp-json\/wp\/v2\/types\/post"}],"author":[{"embeddable":true,"href":"https:\/\/welovecinema.be\/fr\/wp-json\/wp\/v2\/users\/7"}],"replies":[{"embeddable":true,"href":"https:\/\/welovecinema.be\/fr\/wp-json\/wp\/v2\/comments?post=71999"}],"version-history":[{"count":0,"href":"https:\/\/welovecinema.be\/fr\/wp-json\/wp\/v2\/posts\/71999\/revisions"}],"wp:featuredmedia":[{"embeddable":true,"href":"https:\/\/welovecinema.be\/fr\/wp-json\/wp\/v2\/media\/72000"}],"wp:attachment":[{"href":"https:\/\/welovecinema.be\/fr\/wp-json\/wp\/v2\/media?parent=71999"}],"wp:term":[{"taxonomy":"category","embeddable":true,"href":"https:\/\/welovecinema.be\/fr\/wp-json\/wp\/v2\/categories?post=71999"},{"taxonomy":"post_tag","embeddable":true,"href":"https:\/\/welovecinema.be\/fr\/wp-json\/wp\/v2\/tags?post=71999"}],"curies":[{"name":"wp","href":"https:\/\/api.w.org\/{rel}","templated":true}]}}